{"id":14922,"date":"2024-07-22T18:02:49","date_gmt":"2024-07-22T23:02:49","guid":{"rendered":"https:\/\/carmelites.net\/?p=14922"},"modified":"2026-04-13T19:08:40","modified_gmt":"2026-04-14T00:08:40","slug":"priorato-casa-san-elias-miraflores","status":"publish","type":"post","link":"https:\/\/carmelites.net\/zh\/communities\/priorato-casa-san-elias-miraflores\/","title":{"rendered":"\u79d8\u9c81\u7c73\u62c9\u5f17\u6d1b\u96f7\u65af\u5723\u57c3\u5229\u4e9a\u65af\u4e4b\u5bb6 Priorato Casa San El\u00edas"},"content":{"rendered":"<div data-elementor-type=\"wp-post\" data-elementor-id=\"14922\" class=\"elementor elementor-14922\" data-elementor-post-type=\"post\">\n\t\t\t\t\t\t<section data-particle_enable=\"false\" data-particle-mobile-disabled=\"false\" class=\"elementor-section elementor-top-section elementor-element elementor-element-0c3b0cf elementor-section-stretched elementor-section-boxed elementor-section-height-default elementor-section-height-default\" data-id=\"0c3b0cf\" data-element_type=\"section\" data-e-type=\"section\" data-settings=\"{&quot;stretch_section&quot;:&quot;section-stretched&quot;}\">\n\t\t\t\t\t\t<div class=\"elementor-container elementor-column-gap-default\">\n\t\t\t\t\t<div class=\"elementor-column elementor-col-25 elementor-top-column elementor-element elementor-element-dfbf1f2\" data-id=\"dfbf1f2\" data-element_type=\"column\" data-e-type=\"column\">\n\t\t\t<div class=\"elementor-widget-wrap elementor-element-populated\">\n\t\t\t\t\t\t<div class=\"elementor-element elementor-element-45059d2 elementor-widget__width-initial elementor-widget elementor-widget-image\" data-id=\"45059d2\" data-element_type=\"widget\" data-e-type=\"widget\" data-widget_type=\"image.default\">\n\t\t\t\t<div class=\"elementor-widget-container\">\n\t\t\t\t\t\t\t\t\t\t\t\t<figure class=\"wp-caption\">\n\t\t\t\t\t\t\t\t\t\t\t<a href=\"http:\/\/carmelites.net\/zh\/friars\/maravi-c-o-carm-raul\/\">\n\t\t\t\t\t\t\t<img loading=\"lazy\" decoding=\"async\" width=\"600\" height=\"600\" src=\"https:\/\/carmelites.net\/wp-content\/uploads\/2024\/01\/Maravi_Raul.jpg\" class=\"attachment-large size-large wp-image-5213\" alt=\"\" srcset=\"https:\/\/carmelites.net\/wp-content\/uploads\/2024\/01\/Maravi_Raul.jpg 600w, https:\/\/carmelites.net\/wp-content\/uploads\/2024\/01\/Maravi_Raul-300x300.jpg 300w, https:\/\/carmelites.net\/wp-content\/uploads\/2024\/01\/Maravi_Raul-150x150.jpg 150w\" sizes=\"auto, (max-width: 600px) 100vw, 600px\" \/>\t\t\t\t\t\t\t\t<\/a>\n\t\t\t\t\t\t\t\t\t\t\t<figcaption class=\"widget-image-caption wp-caption-text\">\u52b3\u5c14-\u9a6c\u62c9\u7ef4-\u5361\u5e03\u96f7\u62c9<br>\u4f18\u5148\u6743<\/figcaption>\n\t\t\t\t\t\t\t\t\t\t<\/figure>\n\t\t\t\t\t\t\t\t\t<\/div>\n\t\t\t\t<\/div>\n\t\t\t\t\t<\/div>\n\t\t<\/div>\n\t\t\t\t<div class=\"elementor-column elementor-col-25 elementor-top-column elementor-element elementor-element-edb7a8e\" data-id=\"edb7a8e\" data-element_type=\"column\" data-e-type=\"column\">\n\t\t\t<div class=\"elementor-widget-wrap elementor-element-populated\">\n\t\t\t\t\t\t<div class=\"elementor-element elementor-element-09e28a2 elementor-widget__width-initial elementor-widget elementor-widget-image\" data-id=\"09e28a2\" data-element_type=\"widget\" data-e-type=\"widget\" data-widget_type=\"image.default\">\n\t\t\t\t<div class=\"elementor-widget-container\">\n\t\t\t\t\t\t\t\t\t\t\t\t<figure class=\"wp-caption\">\n\t\t\t\t\t\t\t\t\t\t\t<a href=\"http:\/\/carmelites.net\/zh\/friars\/diaz-e-o-carm-eduardo-antonia\/\">\n\t\t\t\t\t\t\t<img loading=\"lazy\" decoding=\"async\" width=\"600\" height=\"600\" src=\"https:\/\/carmelites.net\/wp-content\/uploads\/2024\/03\/Espinoza_Eduardo-600.jpg\" class=\"attachment-large size-large wp-image-20177\" alt=\"\" srcset=\"https:\/\/carmelites.net\/wp-content\/uploads\/2024\/03\/Espinoza_Eduardo-600.jpg 600w, https:\/\/carmelites.net\/wp-content\/uploads\/2024\/03\/Espinoza_Eduardo-600-300x300.jpg 300w, https:\/\/carmelites.net\/wp-content\/uploads\/2024\/03\/Espinoza_Eduardo-600-150x150.jpg 150w, https:\/\/carmelites.net\/wp-content\/uploads\/2024\/03\/Espinoza_Eduardo-600-12x12.jpg 12w\" sizes=\"auto, (max-width: 600px) 100vw, 600px\" \/>\t\t\t\t\t\t\t\t<\/a>\n\t\t\t\t\t\t\t\t\t\t\t<figcaption class=\"widget-image-caption wp-caption-text\">\u7231\u5fb7\u534e\u591a-\u5b89\u4e1c\u5c3c\u5965-\u8fea\u4e9a\u65af-\u57c3\u65af\u76ae\u8bfa\u8428<\/figcaption>\n\t\t\t\t\t\t\t\t\t\t<\/figure>\n\t\t\t\t\t\t\t\t\t<\/div>\n\t\t\t\t<\/div>\n\t\t\t\t\t<\/div>\n\t\t<\/div>\n\t\t\t\t<div class=\"elementor-column elementor-col-25 elementor-top-column elementor-element elementor-element-69fd321\" data-id=\"69fd321\" data-element_type=\"column\" data-e-type=\"column\">\n\t\t\t<div class=\"elementor-widget-wrap elementor-element-populated\">\n\t\t\t\t\t\t<div class=\"elementor-element elementor-element-794c0c4 elementor-widget__width-initial elementor-widget elementor-widget-image\" data-id=\"794c0c4\" data-element_type=\"widget\" data-e-type=\"widget\" data-widget_type=\"image.default\">\n\t\t\t\t<div class=\"elementor-widget-container\">\n\t\t\t\t\t\t\t\t\t\t\t\t<figure class=\"wp-caption\">\n\t\t\t\t\t\t\t\t\t\t\t<a href=\"http:\/\/carmelites.net\/zh\/friars\/guerrero-c-o-carm-floristan\/\">\n\t\t\t\t\t\t\t<img loading=\"lazy\" decoding=\"async\" width=\"600\" height=\"600\" src=\"https:\/\/carmelites.net\/wp-content\/uploads\/2024\/03\/guerrero-floristan-600.jpg\" class=\"attachment-large size-large wp-image-5839\" alt=\"\" srcset=\"https:\/\/carmelites.net\/wp-content\/uploads\/2024\/03\/guerrero-floristan-600.jpg 600w, https:\/\/carmelites.net\/wp-content\/uploads\/2024\/03\/guerrero-floristan-600-300x300.jpg 300w, https:\/\/carmelites.net\/wp-content\/uploads\/2024\/03\/guerrero-floristan-600-150x150.jpg 150w\" sizes=\"auto, (max-width: 600px) 100vw, 600px\" \/>\t\t\t\t\t\t\t\t<\/a>\n\t\t\t\t\t\t\t\t\t\t\t<figcaption class=\"widget-image-caption wp-caption-text\">Florist\u00e1n Guerrero Cruz<\/figcaption>\n\t\t\t\t\t\t\t\t\t\t<\/figure>\n\t\t\t\t\t\t\t\t\t<\/div>\n\t\t\t\t<\/div>\n\t\t\t\t\t<\/div>\n\t\t<\/div>\n\t\t\t\t<div class=\"elementor-column elementor-col-25 elementor-top-column elementor-element elementor-element-06dfe91\" data-id=\"06dfe91\" data-element_type=\"column\" data-e-type=\"column\">\n\t\t\t<div class=\"elementor-widget-wrap elementor-element-populated\">\n\t\t\t\t\t\t<div class=\"elementor-element elementor-element-94f69e3 elementor-widget elementor-widget-image\" data-id=\"94f69e3\" data-element_type=\"widget\" data-e-type=\"widget\" data-widget_type=\"image.default\">\n\t\t\t\t<div class=\"elementor-widget-container\">\n\t\t\t\t\t\t\t\t\t\t\t\t<figure class=\"wp-caption\">\n\t\t\t\t\t\t\t\t\t\t\t<a href=\"http:\/\/carmelites.net\/zh\/ministries\/mexico\/lineros-villarreal-ricardo-alejandro\/\">\n\t\t\t\t\t\t\t<img loading=\"lazy\" decoding=\"async\" width=\"600\" height=\"600\" src=\"https:\/\/carmelites.net\/wp-content\/uploads\/2024\/07\/Lineros600.jpg\" class=\"attachment-large size-large wp-image-21399\" alt=\"\" srcset=\"https:\/\/carmelites.net\/wp-content\/uploads\/2024\/07\/Lineros600.jpg 600w, https:\/\/carmelites.net\/wp-content\/uploads\/2024\/07\/Lineros600-300x300.jpg 300w, https:\/\/carmelites.net\/wp-content\/uploads\/2024\/07\/Lineros600-150x150.jpg 150w, https:\/\/carmelites.net\/wp-content\/uploads\/2024\/07\/Lineros600-12x12.jpg 12w\" sizes=\"auto, (max-width: 600px) 100vw, 600px\" \/>\t\t\t\t\t\t\t\t<\/a>\n\t\t\t\t\t\t\t\t\t\t\t<figcaption class=\"widget-image-caption wp-caption-text\">\u91cc\u5361\u591a-\u4e9a\u5386\u676d\u5fb7\u7f57<br>\u5229\u5185\u7f57\u65af-\u6bd4\u5229\u4e9a\u96f7\u4e9a\u5c14<\/figcaption>\n\t\t\t\t\t\t\t\t\t\t<\/figure>\n\t\t\t\t\t\t\t\t\t<\/div>\n\t\t\t\t<\/div>\n\t\t\t\t\t<\/div>\n\t\t<\/div>\n\t\t\t\t\t<\/div>\n\t\t<\/section>\n\t\t\t\t<section data-particle_enable=\"false\" data-particle-mobile-disabled=\"false\" class=\"elementor-section elementor-top-section elementor-element elementor-element-e74fb22 elementor-section-stretched elementor-section-boxed elementor-section-height-default elementor-section-height-default\" data-id=\"e74fb22\" data-element_type=\"section\" data-e-type=\"section\" data-settings=\"{&quot;stretch_section&quot;:&quot;section-stretched&quot;}\">\n\t\t\t\t\t\t<div class=\"elementor-container elementor-column-gap-default\">\n\t\t\t\t\t<div class=\"elementor-column elementor-col-25 elementor-top-column elementor-element elementor-element-ef5e05d\" data-id=\"ef5e05d\" data-element_type=\"column\" data-e-type=\"column\">\n\t\t\t<div class=\"elementor-widget-wrap elementor-element-populated\">\n\t\t\t\t\t\t<div class=\"elementor-element elementor-element-d03ca07 elementor-widget__width-initial elementor-widget elementor-widget-image\" data-id=\"d03ca07\" data-element_type=\"widget\" data-e-type=\"widget\" data-widget_type=\"image.default\">\n\t\t\t\t<div class=\"elementor-widget-container\">\n\t\t\t\t\t\t\t\t\t\t\t\t<figure class=\"wp-caption\">\n\t\t\t\t\t\t\t\t\t\t\t<a href=\"http:\/\/carmelites.net\/zh\/friars\/montes-r-o-carm-bertoliny-alexander\/\">\n\t\t\t\t\t\t\t<img loading=\"lazy\" decoding=\"async\" width=\"602\" height=\"602\" src=\"https:\/\/carmelites.net\/wp-content\/uploads\/2024\/05\/bertoliny-montes-600.png\" class=\"attachment-large size-large wp-image-23227\" alt=\"\" srcset=\"https:\/\/carmelites.net\/wp-content\/uploads\/2024\/05\/bertoliny-montes-600.png 602w, https:\/\/carmelites.net\/wp-content\/uploads\/2024\/05\/bertoliny-montes-600-300x300.png 300w, https:\/\/carmelites.net\/wp-content\/uploads\/2024\/05\/bertoliny-montes-600-150x150.png 150w, https:\/\/carmelites.net\/wp-content\/uploads\/2024\/05\/bertoliny-montes-600-12x12.png 12w\" sizes=\"auto, (max-width: 602px) 100vw, 602px\" \/>\t\t\t\t\t\t\t\t<\/a>\n\t\t\t\t\t\t\t\t\t\t\t<figcaption class=\"widget-image-caption wp-caption-text\">\u8d1d\u5c14\u6258\u5229\u5c3c-\u4e9a\u5386\u5c71\u5927<br>\u8499\u7279\u65af-\u62c9\u83ab\u65af<\/figcaption>\n\t\t\t\t\t\t\t\t\t\t<\/figure>\n\t\t\t\t\t\t\t\t\t<\/div>\n\t\t\t\t<\/div>\n\t\t\t\t\t<\/div>\n\t\t<\/div>\n\t\t\t\t<div class=\"elementor-column elementor-col-25 elementor-top-column elementor-element elementor-element-d70befe\" data-id=\"d70befe\" data-element_type=\"column\" data-e-type=\"column\">\n\t\t\t<div class=\"elementor-widget-wrap elementor-element-populated\">\n\t\t\t\t\t\t<div class=\"elementor-element elementor-element-977f53f elementor-widget elementor-widget-image\" data-id=\"977f53f\" data-element_type=\"widget\" data-e-type=\"widget\" data-widget_type=\"image.default\">\n\t\t\t\t<div class=\"elementor-widget-container\">\n\t\t\t\t\t\t\t\t\t\t\t\t<figure class=\"wp-caption\">\n\t\t\t\t\t\t\t\t\t\t\t<a href=\"http:\/\/carmelites.net\/zh\/ministries\/mexico\/munoz-oliden-juan-diego\/\">\n\t\t\t\t\t\t\t<img loading=\"lazy\" decoding=\"async\" width=\"600\" height=\"600\" src=\"https:\/\/carmelites.net\/wp-content\/uploads\/2024\/07\/Juan-Diego-Munoz-Oliden.png\" class=\"attachment-large size-large wp-image-15982\" alt=\"\" srcset=\"https:\/\/carmelites.net\/wp-content\/uploads\/2024\/07\/Juan-Diego-Munoz-Oliden.png 600w, https:\/\/carmelites.net\/wp-content\/uploads\/2024\/07\/Juan-Diego-Munoz-Oliden-300x300.png 300w, https:\/\/carmelites.net\/wp-content\/uploads\/2024\/07\/Juan-Diego-Munoz-Oliden-150x150.png 150w, https:\/\/carmelites.net\/wp-content\/uploads\/2024\/07\/Juan-Diego-Munoz-Oliden-12x12.png 12w\" sizes=\"auto, (max-width: 600px) 100vw, 600px\" \/>\t\t\t\t\t\t\t\t<\/a>\n\t\t\t\t\t\t\t\t\t\t\t<figcaption class=\"widget-image-caption wp-caption-text\">\u80e1\u5b89-\u8fed\u6208-\"\u80e1\u5b89-\u8fea\"-\u7a46\u5c3c\u5965\u65af-\u5965\u5229\u767b<\/figcaption>\n\t\t\t\t\t\t\t\t\t\t<\/figure>\n\t\t\t\t\t\t\t\t\t<\/div>\n\t\t\t\t<\/div>\n\t\t\t\t\t<\/div>\n\t\t<\/div>\n\t\t\t\t<div class=\"elementor-column elementor-col-25 elementor-top-column elementor-element elementor-element-ba8c26c\" data-id=\"ba8c26c\" data-element_type=\"column\" data-e-type=\"column\">\n\t\t\t<div class=\"elementor-widget-wrap elementor-element-populated\">\n\t\t\t\t\t\t<div class=\"elementor-element elementor-element-46ed6e9 elementor-widget__width-initial elementor-widget elementor-widget-image\" data-id=\"46ed6e9\" data-element_type=\"widget\" data-e-type=\"widget\" data-widget_type=\"image.default\">\n\t\t\t\t<div class=\"elementor-widget-container\">\n\t\t\t\t\t\t\t\t\t\t\t\t<figure class=\"wp-caption\">\n\t\t\t\t\t\t\t\t\t\t\t<a href=\"http:\/\/carmelites.net\/zh\/friars\/payea-o-carm-gerald\/\">\n\t\t\t\t\t\t\t<img loading=\"lazy\" decoding=\"async\" width=\"600\" height=\"600\" src=\"https:\/\/carmelites.net\/wp-content\/uploads\/2024\/03\/jerry-payea-600.jpg\" class=\"attachment-large size-large wp-image-6019\" alt=\"\" srcset=\"https:\/\/carmelites.net\/wp-content\/uploads\/2024\/03\/jerry-payea-600.jpg 600w, https:\/\/carmelites.net\/wp-content\/uploads\/2024\/03\/jerry-payea-600-300x300.jpg 300w, https:\/\/carmelites.net\/wp-content\/uploads\/2024\/03\/jerry-payea-600-150x150.jpg 150w\" sizes=\"auto, (max-width: 600px) 100vw, 600px\" \/>\t\t\t\t\t\t\t\t<\/a>\n\t\t\t\t\t\t\t\t\t\t\t<figcaption class=\"widget-image-caption wp-caption-text\">\u6770\u62c9\u5c14\u5fb7-\"\u6770\u745e\"-\u5e15\u8036<\/figcaption>\n\t\t\t\t\t\t\t\t\t\t<\/figure>\n\t\t\t\t\t\t\t\t\t<\/div>\n\t\t\t\t<\/div>\n\t\t\t\t\t<\/div>\n\t\t<\/div>\n\t\t\t\t<div class=\"elementor-column elementor-col-25 elementor-top-column elementor-element elementor-element-3eb6af1\" data-id=\"3eb6af1\" data-element_type=\"column\" data-e-type=\"column\">\n\t\t\t<div class=\"elementor-widget-wrap elementor-element-populated\">\n\t\t\t\t\t\t<div class=\"elementor-element elementor-element-9641103 elementor-widget__width-initial elementor-widget elementor-widget-image\" data-id=\"9641103\" data-element_type=\"widget\" data-e-type=\"widget\" data-widget_type=\"image.default\">\n\t\t\t\t<div class=\"elementor-widget-container\">\n\t\t\t\t\t\t\t\t\t\t\t\t<figure class=\"wp-caption\">\n\t\t\t\t\t\t\t\t\t\t\t<a href=\"http:\/\/carmelites.net\/zh\/friars\/tejerina-valdez-o-carm-roberto-isidro\/\">\n\t\t\t\t\t\t\t<img loading=\"lazy\" decoding=\"async\" width=\"600\" height=\"601\" src=\"https:\/\/carmelites.net\/wp-content\/uploads\/2024\/05\/roberto-from-bolivia-600.png\" class=\"attachment-large size-large wp-image-23232\" alt=\"\" srcset=\"https:\/\/carmelites.net\/wp-content\/uploads\/2024\/05\/roberto-from-bolivia-600.png 600w, https:\/\/carmelites.net\/wp-content\/uploads\/2024\/05\/roberto-from-bolivia-600-300x300.png 300w, https:\/\/carmelites.net\/wp-content\/uploads\/2024\/05\/roberto-from-bolivia-600-150x150.png 150w, https:\/\/carmelites.net\/wp-content\/uploads\/2024\/05\/roberto-from-bolivia-600-12x12.png 12w\" sizes=\"auto, (max-width: 600px) 100vw, 600px\" \/>\t\t\t\t\t\t\t\t<\/a>\n\t\t\t\t\t\t\t\t\t\t\t<figcaption class=\"widget-image-caption wp-caption-text\">\u7f57\u4f2f\u6258-\u4f0a\u897f\u5fb7\u7f57-\u7279\u8d6b\u91cc\u7eb3-\u5df4\u5c14\u5fb7\u65af<\/figcaption>\n\t\t\t\t\t\t\t\t\t\t<\/figure>\n\t\t\t\t\t\t\t\t\t<\/div>\n\t\t\t\t<\/div>\n\t\t\t\t\t<\/div>\n\t\t<\/div>\n\t\t\t\t\t<\/div>\n\t\t<\/section>\n\t\t\t\t<section data-particle_enable=\"false\" data-particle-mobile-disabled=\"false\" class=\"elementor-section elementor-top-section elementor-element elementor-element-d6d7fad elementor-section-stretched elementor-section-boxed elementor-section-height-default elementor-section-height-default\" data-id=\"d6d7fad\" data-element_type=\"section\" data-e-type=\"section\" data-settings=\"{&quot;stretch_section&quot;:&quot;section-stretched&quot;}\">\n\t\t\t\t\t\t<div class=\"elementor-container elementor-column-gap-default\">\n\t\t\t\t\t<div class=\"elementor-column elementor-col-25 elementor-top-column elementor-element elementor-element-bd2eaab\" data-id=\"bd2eaab\" data-element_type=\"column\" data-e-type=\"column\">\n\t\t\t<div class=\"elementor-widget-wrap\">\n\t\t\t\t\t\t\t<\/div>\n\t\t<\/div>\n\t\t\t\t<div class=\"elementor-column elementor-col-25 elementor-top-column elementor-element elementor-element-15f727a\" data-id=\"15f727a\" data-element_type=\"column\" data-e-type=\"column\">\n\t\t\t<div class=\"elementor-widget-wrap\">\n\t\t\t\t\t\t\t<\/div>\n\t\t<\/div>\n\t\t\t\t<div class=\"elementor-column elementor-col-25 elementor-top-column elementor-element elementor-element-fdbd374\" data-id=\"fdbd374\" data-element_type=\"column\" data-e-type=\"column\">\n\t\t\t<div class=\"elementor-widget-wrap\">\n\t\t\t\t\t\t\t<\/div>\n\t\t<\/div>\n\t\t\t\t<div class=\"elementor-column elementor-col-25 elementor-top-column elementor-element elementor-element-b08a508\" data-id=\"b08a508\" data-element_type=\"column\" data-e-type=\"column\">\n\t\t\t<div class=\"elementor-widget-wrap\">\n\t\t\t\t\t\t\t<\/div>\n\t\t<\/div>\n\t\t\t\t\t<\/div>\n\t\t<\/section>\n\t\t\t\t<\/div>","protected":false},"excerpt":{"rendered":"<p>Community Info: Priorato Casa San El\u00edas (Formation House) Calle Francisco del Castillo 178 Apartado 18-1036 San Antonio \u2013 Miraflores LIMA, 18 PER\u00da Priory: 51-1-446-0137 Ra\u00fal Marav\u00ed CabreraPrior Eduardo Antonio D\u00edaz [&hellip;]<\/p>\n","protected":false},"author":1,"featured_media":6552,"comment_status":"closed","ping_status":"open","sticky":false,"template":"","format":"standard","meta":{"rs_blank_template":"","rs_page_bg_color":"","slide_template_v7":"","_analytify_skip_tracking":false,"footnotes":""},"categories":[56],"tags":[52],"class_list":["post-14922","post","type-post","status-publish","format-standard","has-post-thumbnail","hentry","category-communities","tag-peru"],"aioseo_notices":[],"_links":{"self":[{"href":"https:\/\/carmelites.net\/zh\/wp-json\/wp\/v2\/posts\/14922","targetHints":{"allow":["GET"]}}],"collection":[{"href":"https:\/\/carmelites.net\/zh\/wp-json\/wp\/v2\/posts"}],"about":[{"href":"https:\/\/carmelites.net\/zh\/wp-json\/wp\/v2\/types\/post"}],"author":[{"embeddable":true,"href":"https:\/\/carmelites.net\/zh\/wp-json\/wp\/v2\/users\/1"}],"replies":[{"embeddable":true,"href":"https:\/\/carmelites.net\/zh\/wp-json\/wp\/v2\/comments?post=14922"}],"version-history":[{"count":118,"href":"https:\/\/carmelites.net\/zh\/wp-json\/wp\/v2\/posts\/14922\/revisions"}],"predecessor-version":[{"id":24096,"href":"https:\/\/carmelites.net\/zh\/wp-json\/wp\/v2\/posts\/14922\/revisions\/24096"}],"wp:featuredmedia":[{"embeddable":true,"href":"https:\/\/carmelites.net\/zh\/wp-json\/wp\/v2\/media\/6552"}],"wp:attachment":[{"href":"https:\/\/carmelites.net\/zh\/wp-json\/wp\/v2\/media?parent=14922"}],"wp:term":[{"taxonomy":"category","embeddable":true,"href":"https:\/\/carmelites.net\/zh\/wp-json\/wp\/v2\/categories?post=14922"},{"taxonomy":"post_tag","embeddable":true,"href":"https:\/\/carmelites.net\/zh\/wp-json\/wp\/v2\/tags?post=14922"}],"curies":[{"name":"wp","href":"https:\/\/api.w.org\/{rel}","templated":true}]}}