{"id":14769,"date":"2024-07-20T13:00:53","date_gmt":"2024-07-20T18:00:53","guid":{"rendered":"https:\/\/carmelites.net\/?p=14769"},"modified":"2026-04-13T09:43:17","modified_gmt":"2026-04-13T14:43:17","slug":"nuestra-senora-de-lourdes-priorato-ciudad-delgado","status":"publish","type":"post","link":"https:\/\/carmelites.net\/zh\/communities\/nuestra-senora-de-lourdes-priorato-ciudad-delgado\/","title":{"rendered":"\u8428\u5c14\u74e6\u591a\u5fb7\u5c14\u52a0\u591a\u5e02\u5362\u5c14\u5fb7\u5723\u6bcd\u4fee\u9053\u9662"},"content":{"rendered":"<div data-elementor-type=\"wp-post\" data-elementor-id=\"14769\" class=\"elementor elementor-14769\" data-elementor-post-type=\"post\">\n\t\t\t\t\t\t<\/div>","protected":false},"excerpt":{"rendered":"<p>\u793e\u533a\u4fe1\u606f\uff1aPriorato Nuestra Se\u00f1ora de LourdesCarretera Troncal Del Norte, Km 8.5Ciudad DelgadoC.P. 06005San Salvador, El Salvador Priory\uff1a503-6054-6544 Santos Cecilio Hern\u00e1ndez Carranza Benjam\u00edn Salas Achahuanco Jos\u00e9 Ar\u00edstides Menjivar Larios<\/p>","protected":false},"author":1,"featured_media":6552,"comment_status":"closed","ping_status":"open","sticky":false,"template":"","format":"standard","meta":{"rs_blank_template":"","rs_page_bg_color":"","slide_template_v7":"","_analytify_skip_tracking":false,"footnotes":""},"categories":[56],"tags":[66],"class_list":["post-14769","post","type-post","status-publish","format-standard","has-post-thumbnail","hentry","category-communities","tag-el-salvador"],"aioseo_notices":[],"_links":{"self":[{"href":"https:\/\/carmelites.net\/zh\/wp-json\/wp\/v2\/posts\/14769","targetHints":{"allow":["GET"]}}],"collection":[{"href":"https:\/\/carmelites.net\/zh\/wp-json\/wp\/v2\/posts"}],"about":[{"href":"https:\/\/carmelites.net\/zh\/wp-json\/wp\/v2\/types\/post"}],"author":[{"embeddable":true,"href":"https:\/\/carmelites.net\/zh\/wp-json\/wp\/v2\/users\/1"}],"replies":[{"embeddable":true,"href":"https:\/\/carmelites.net\/zh\/wp-json\/wp\/v2\/comments?post=14769"}],"version-history":[{"count":67,"href":"https:\/\/carmelites.net\/zh\/wp-json\/wp\/v2\/posts\/14769\/revisions"}],"predecessor-version":[{"id":24081,"href":"https:\/\/carmelites.net\/zh\/wp-json\/wp\/v2\/posts\/14769\/revisions\/24081"}],"wp:featuredmedia":[{"embeddable":true,"href":"https:\/\/carmelites.net\/zh\/wp-json\/wp\/v2\/media\/6552"}],"wp:attachment":[{"href":"https:\/\/carmelites.net\/zh\/wp-json\/wp\/v2\/media?parent=14769"}],"wp:term":[{"taxonomy":"category","embeddable":true,"href":"https:\/\/carmelites.net\/zh\/wp-json\/wp\/v2\/categories?post=14769"},{"taxonomy":"post_tag","embeddable":true,"href":"https:\/\/carmelites.net\/zh\/wp-json\/wp\/v2\/tags?post=14769"}],"curies":[{"name":"wp","href":"https:\/\/api.w.org\/{rel}","templated":true}]}}