{"id":6496,"date":"2024-03-23T16:51:47","date_gmt":"2024-03-23T21:51:47","guid":{"rendered":"https:\/\/carmelites.net\/?p=6496"},"modified":"2026-02-11T19:15:58","modified_gmt":"2026-02-12T01:15:58","slug":"padilla-paredes-o-carm-augusto-isaias","status":"publish","type":"post","link":"https:\/\/carmelites.net\/ru\/friars\/padilla-paredes-o-carm-augusto-isaias\/","title":{"rendered":"\u041f\u0410\u0414\u0418\u041b\u042c\u042f \u041f\u0410\u0420\u0415\u0414\u0415\u0421, \u041e.\u041a\u0430\u0440\u043c, \u0410\u0443\u0433\u0443\u0441\u0442\u043e \u0418\u0441\u0430\u0438\u0430\u0441"},"content":{"rendered":"<div data-elementor-type=\"wp-post\" data-elementor-id=\"6496\" class=\"elementor elementor-6496\" data-elementor-post-type=\"post\">\n\t\t\t\t\t\t<section data-particle_enable=\"false\" data-particle-mobile-disabled=\"false\" class=\"elementor-section elementor-top-section elementor-element elementor-element-a159e23 elementor-section-boxed elementor-section-height-default elementor-section-height-default\" data-id=\"a159e23\" data-element_type=\"section\" data-e-type=\"section\">\n\t\t\t\t\t\t<div class=\"elementor-container elementor-column-gap-default\">\n\t\t\t\t\t<div class=\"elementor-column elementor-col-100 elementor-top-column elementor-element elementor-element-52197be\" data-id=\"52197be\" data-element_type=\"column\" data-e-type=\"column\">\n\t\t\t<div class=\"elementor-widget-wrap elementor-element-populated\">\n\t\t\t\t\t\t<div class=\"elementor-element elementor-element-847af1f elementor-widget elementor-widget-text-editor\" data-id=\"847af1f\" data-element_type=\"widget\" data-e-type=\"widget\" data-widget_type=\"text-editor.default\">\n\t\t\t\t<div class=\"elementor-widget-container\">\n\t\t\t\t\t\t\t\t\t<h4><strong>\u0418\u043d\u0444\u043e\u0440\u043c\u0430\u0446\u0438\u044f \u043e \u043c\u0438\u043d\u0438\u0441\u0442\u0435\u0440\u0441\u0442\u0432\u0435:<\/strong><\/h4><p><strong>\u0421\u0442\u0430\u0436\u0435\u0440<br \/><a href=\"https:\/\/carmelites.net\/ru\/ministries\/honduras\/parroquia-santa-lucia-martir-yamaranguila\/\">\u041f\u0440\u0438\u0445\u043e\u0434 \u0421\u0430\u043d\u0442\u0430-\u041b\u044e\u0441\u0438\u044f-\u041c\u0430\u0440\u0442\u0438\u0440, \u042f\u043c\u0430\u0440\u0430\u043d\u0433\u0438\u043b\u0430, \u0418\u043d\u0442\u0438\u0431\u0443\u043a\u0430, \u0413\u043e\u043d\u0434\u0443\u0440\u0430\u0441<\/a><br \/><\/strong><\/p><p>\u042d\u043b\u0435\u043a\u0442\u0440\u043e\u043d\u043d\u0430\u044f \u043f\u043e\u0447\u0442\u0430: <a href=\"mailto:aparedes@carmelites.net\" target=\"_blank\" rel=\"noopener\">aparedes@carmelites.net<\/a><\/p>\t\t\t\t\t\t\t\t<\/div>\n\t\t\t\t<\/div>\n\t\t\t\t\t<\/div>\n\t\t<\/div>\n\t\t\t\t\t<\/div>\n\t\t<\/section>\n\t\t\t\t<section data-particle_enable=\"false\" data-particle-mobile-disabled=\"false\" class=\"elementor-section elementor-top-section elementor-element elementor-element-b5e07e8 elementor-section-boxed elementor-section-height-default elementor-section-height-default\" data-id=\"b5e07e8\" data-element_type=\"section\" data-e-type=\"section\">\n\t\t\t\t\t\t<div class=\"elementor-container elementor-column-gap-default\">\n\t\t\t\t\t<div class=\"elementor-column elementor-col-50 elementor-top-column elementor-element elementor-element-4be9f15\" data-id=\"4be9f15\" data-element_type=\"column\" data-e-type=\"column\">\n\t\t\t<div class=\"elementor-widget-wrap elementor-element-populated\">\n\t\t\t\t\t\t<div class=\"elementor-element elementor-element-a16880b elementor-align-center elementor-widget elementor-widget-button\" data-id=\"a16880b\" data-element_type=\"widget\" data-e-type=\"widget\" data-widget_type=\"button.default\">\n\t\t\t\t<div class=\"elementor-widget-container\">\n\t\t\t\t\t\t\t\t\t<div class=\"elementor-button-wrapper\">\n\t\t\t\t\t<a class=\"elementor-button elementor-button-link elementor-size-sm\" href=\"http:\/\/carmelites.net\/ru\/friars-of-pcm\/\">\n\t\t\t\t\t\t<span class=\"elementor-button-content-wrapper\">\n\t\t\t\t\t\t\t\t\t<span class=\"elementor-button-text\">\u0412\u0435\u0440\u043d\u0443\u0442\u044c\u0441\u044f \u043a\u043e \u0432\u0441\u0435\u043c \u043c\u043e\u043d\u0430\u0445\u0430\u043c<\/span>\n\t\t\t\t\t<\/span>\n\t\t\t\t\t<\/a>\n\t\t\t\t<\/div>\n\t\t\t\t\t\t\t\t<\/div>\n\t\t\t\t<\/div>\n\t\t\t\t\t<\/div>\n\t\t<\/div>\n\t\t\t\t<div class=\"elementor-column elementor-col-50 elementor-top-column elementor-element elementor-element-3670ffb\" data-id=\"3670ffb\" data-element_type=\"column\" data-e-type=\"column\">\n\t\t\t<div class=\"elementor-widget-wrap elementor-element-populated\">\n\t\t\t\t\t\t\t<\/div>\n\t\t<\/div>\n\t\t\t\t\t<\/div>\n\t\t<\/section>\n\t\t\t\t<\/div>","protected":false},"excerpt":{"rendered":"<p>Ministry Info: InternParroquia Santa Luc\u00eda M\u00e1rtir, Yamaranguila, Intibuc\u00e1, Honduras Email: aparedes@carmelites.net Private Info: Cell: 976-596-141 Priorato Beato Juan Soreth, Yamaranguila, Intibuc\u00e1, Honduras POB: Ucayali, Per\u00fa DOB: Jun 14, 1996 First [&hellip;]<\/p>\n","protected":false},"author":1,"featured_media":23226,"comment_status":"closed","ping_status":"open","sticky":false,"template":"","format":"standard","meta":{"rs_blank_template":"","rs_page_bg_color":"","slide_template_v7":"","_analytify_skip_tracking":false,"footnotes":""},"categories":[27],"tags":[36],"class_list":["post-6496","post","type-post","status-publish","format-standard","has-post-thumbnail","hentry","category-friars","tag-p"],"aioseo_notices":[],"_links":{"self":[{"href":"https:\/\/carmelites.net\/ru\/wp-json\/wp\/v2\/posts\/6496","targetHints":{"allow":["GET"]}}],"collection":[{"href":"https:\/\/carmelites.net\/ru\/wp-json\/wp\/v2\/posts"}],"about":[{"href":"https:\/\/carmelites.net\/ru\/wp-json\/wp\/v2\/types\/post"}],"author":[{"embeddable":true,"href":"https:\/\/carmelites.net\/ru\/wp-json\/wp\/v2\/users\/1"}],"replies":[{"embeddable":true,"href":"https:\/\/carmelites.net\/ru\/wp-json\/wp\/v2\/comments?post=6496"}],"version-history":[{"count":55,"href":"https:\/\/carmelites.net\/ru\/wp-json\/wp\/v2\/posts\/6496\/revisions"}],"predecessor-version":[{"id":23245,"href":"https:\/\/carmelites.net\/ru\/wp-json\/wp\/v2\/posts\/6496\/revisions\/23245"}],"wp:featuredmedia":[{"embeddable":true,"href":"https:\/\/carmelites.net\/ru\/wp-json\/wp\/v2\/media\/23226"}],"wp:attachment":[{"href":"https:\/\/carmelites.net\/ru\/wp-json\/wp\/v2\/media?parent=6496"}],"wp:term":[{"taxonomy":"category","embeddable":true,"href":"https:\/\/carmelites.net\/ru\/wp-json\/wp\/v2\/categories?post=6496"},{"taxonomy":"post_tag","embeddable":true,"href":"https:\/\/carmelites.net\/ru\/wp-json\/wp\/v2\/tags?post=6496"}],"curies":[{"name":"wp","href":"https:\/\/api.w.org\/{rel}","templated":true}]}}