{"id":5845,"date":"2024-03-04T18:46:51","date_gmt":"2024-03-05T00:46:51","guid":{"rendered":"https:\/\/carmelites.net\/?p=5845"},"modified":"2025-10-09T12:53:15","modified_gmt":"2025-10-09T17:53:15","slug":"guillen-sandoval-o-carm-alfredo","status":"publish","type":"post","link":"https:\/\/carmelites.net\/ru\/friars\/guillen-sandoval-o-carm-alfredo\/","title":{"rendered":"\u0413\u0438\u043b\u044c\u0435\u043d \u0421\u0430\u043d\u0434\u043e\u0432\u0430\u043b\u044c, \u041e.\u041a\u0430\u0440\u043c, \u0410\u043b\u044c\u0444\u0440\u0435\u0434\u043e"},"content":{"rendered":"<div data-elementor-type=\"wp-post\" data-elementor-id=\"5845\" class=\"elementor elementor-5845\" data-elementor-post-type=\"post\">\n\t\t\t\t\t\t<section data-particle_enable=\"false\" data-particle-mobile-disabled=\"false\" class=\"elementor-section elementor-top-section elementor-element elementor-element-a159e23 elementor-section-boxed elementor-section-height-default elementor-section-height-default\" data-id=\"a159e23\" data-element_type=\"section\" data-e-type=\"section\">\n\t\t\t\t\t\t<div class=\"elementor-container elementor-column-gap-default\">\n\t\t\t\t\t<div class=\"elementor-column elementor-col-100 elementor-top-column elementor-element elementor-element-52197be\" data-id=\"52197be\" data-element_type=\"column\" data-e-type=\"column\">\n\t\t\t<div class=\"elementor-widget-wrap elementor-element-populated\">\n\t\t\t\t\t\t<div class=\"elementor-element elementor-element-847af1f elementor-widget elementor-widget-text-editor\" data-id=\"847af1f\" data-element_type=\"widget\" data-e-type=\"widget\" data-widget_type=\"text-editor.default\">\n\t\t\t\t<div class=\"elementor-widget-container\">\n\t\t\t\t\t\t\t\t\t<h4><strong>\u0418\u043d\u0444\u043e\u0440\u043c\u0430\u0446\u0438\u044f \u043e \u043c\u0438\u043d\u0438\u0441\u0442\u0435\u0440\u0441\u0442\u0432\u0435:<\/strong><\/h4><p class=\"p1\"><strong>\u041f\u0430\u0441\u0442\u043e\u0440<\/strong><br \/><a href=\"http:\/\/carmelites.net\/ru\/ministries\/honduras\/parroquia-santa-lucia-martir-yamaranguila\/\">\u041f\u0440\u0438\u0445\u043e\u0434 \u0421\u0430\u043d\u0442\u0430-\u041b\u044e\u0441\u0438\u044f-\u041c\u0430\u0440\u0442\u0438\u0440, \u042f\u043c\u0430\u0440\u0430\u043d\u0433\u0438\u043b\u0430, \u0418\u043d\u0442\u0438\u0431\u0443\u043a\u0430, \u0413\u043e\u043d\u0434\u0443\u0440\u0430\u0441<\/a><\/p><p>\u042d\u043b\u0435\u043a\u0442\u0440\u043e\u043d\u043d\u0430\u044f \u043f\u043e\u0447\u0442\u0430: <a href=\"mailto:aguillen@carmelites.net\" target=\"_blank\" rel=\"noopener\">aguillen@carmelites.net<\/a><\/p>\t\t\t\t\t\t\t\t<\/div>\n\t\t\t\t<\/div>\n\t\t\t\t\t<\/div>\n\t\t<\/div>\n\t\t\t\t\t<\/div>\n\t\t<\/section>\n\t\t\t\t<section data-particle_enable=\"false\" data-particle-mobile-disabled=\"false\" class=\"elementor-section elementor-top-section elementor-element elementor-element-15c53a3 elementor-section-boxed elementor-section-height-default elementor-section-height-default\" data-id=\"15c53a3\" data-element_type=\"section\" data-e-type=\"section\">\n\t\t\t\t\t\t<div class=\"elementor-container elementor-column-gap-default\">\n\t\t\t\t\t<div class=\"elementor-column elementor-col-50 elementor-top-column elementor-element elementor-element-7d51679\" data-id=\"7d51679\" data-element_type=\"column\" data-e-type=\"column\">\n\t\t\t<div class=\"elementor-widget-wrap elementor-element-populated\">\n\t\t\t\t\t\t<div class=\"elementor-element elementor-element-2959908 elementor-align-center elementor-widget elementor-widget-button\" data-id=\"2959908\" data-element_type=\"widget\" data-e-type=\"widget\" data-widget_type=\"button.default\">\n\t\t\t\t<div class=\"elementor-widget-container\">\n\t\t\t\t\t\t\t\t\t<div class=\"elementor-button-wrapper\">\n\t\t\t\t\t<a class=\"elementor-button elementor-button-link elementor-size-sm\" href=\"http:\/\/carmelites.net\/ru\/friars-of-pcm\/\">\n\t\t\t\t\t\t<span class=\"elementor-button-content-wrapper\">\n\t\t\t\t\t\t\t\t\t<span class=\"elementor-button-text\">\u0412\u0435\u0440\u043d\u0443\u0442\u044c\u0441\u044f \u043a\u043e \u0432\u0441\u0435\u043c \u043c\u043e\u043d\u0430\u0445\u0430\u043c<\/span>\n\t\t\t\t\t<\/span>\n\t\t\t\t\t<\/a>\n\t\t\t\t<\/div>\n\t\t\t\t\t\t\t\t<\/div>\n\t\t\t\t<\/div>\n\t\t\t\t\t<\/div>\n\t\t<\/div>\n\t\t\t\t<div class=\"elementor-column elementor-col-50 elementor-top-column elementor-element elementor-element-70f97e4\" data-id=\"70f97e4\" data-element_type=\"column\" data-e-type=\"column\">\n\t\t\t<div class=\"elementor-widget-wrap elementor-element-populated\">\n\t\t\t\t\t\t\t<\/div>\n\t\t<\/div>\n\t\t\t\t\t<\/div>\n\t\t<\/section>\n\t\t\t\t<\/div>","protected":false},"excerpt":{"rendered":"<p>Ministry Info: PastorParroquia Santa Luc\u00eda M\u00e1rtir, Yamaranguila, Intibuc\u00e1, Honduras Email: aguillen@carmelites.net Private Info: Cell: 504-9467-1941 PriorPriorato Beato Juan Soreth, Yamaranguila, Intibuc\u00e1, Honduras POB: Santa Ana, El Salvador DOB: May 17, [&hellip;]<\/p>\n","protected":false},"author":1,"featured_media":5846,"comment_status":"closed","ping_status":"open","sticky":false,"template":"","format":"standard","meta":{"rs_blank_template":"","rs_page_bg_color":"","slide_template_v7":"","_analytify_skip_tracking":false,"footnotes":""},"categories":[27],"tags":[40],"class_list":["post-5845","post","type-post","status-publish","format-standard","has-post-thumbnail","hentry","category-friars","tag-g"],"aioseo_notices":[],"_links":{"self":[{"href":"https:\/\/carmelites.net\/ru\/wp-json\/wp\/v2\/posts\/5845","targetHints":{"allow":["GET"]}}],"collection":[{"href":"https:\/\/carmelites.net\/ru\/wp-json\/wp\/v2\/posts"}],"about":[{"href":"https:\/\/carmelites.net\/ru\/wp-json\/wp\/v2\/types\/post"}],"author":[{"embeddable":true,"href":"https:\/\/carmelites.net\/ru\/wp-json\/wp\/v2\/users\/1"}],"replies":[{"embeddable":true,"href":"https:\/\/carmelites.net\/ru\/wp-json\/wp\/v2\/comments?post=5845"}],"version-history":[{"count":59,"href":"https:\/\/carmelites.net\/ru\/wp-json\/wp\/v2\/posts\/5845\/revisions"}],"predecessor-version":[{"id":21971,"href":"https:\/\/carmelites.net\/ru\/wp-json\/wp\/v2\/posts\/5845\/revisions\/21971"}],"wp:featuredmedia":[{"embeddable":true,"href":"https:\/\/carmelites.net\/ru\/wp-json\/wp\/v2\/media\/5846"}],"wp:attachment":[{"href":"https:\/\/carmelites.net\/ru\/wp-json\/wp\/v2\/media?parent=5845"}],"wp:term":[{"taxonomy":"category","embeddable":true,"href":"https:\/\/carmelites.net\/ru\/wp-json\/wp\/v2\/categories?post=5845"},{"taxonomy":"post_tag","embeddable":true,"href":"https:\/\/carmelites.net\/ru\/wp-json\/wp\/v2\/tags?post=5845"}],"curies":[{"name":"wp","href":"https:\/\/api.w.org\/{rel}","templated":true}]}}