{"id":10355,"date":"2024-05-07T12:11:55","date_gmt":"2024-05-07T17:11:55","guid":{"rendered":"https:\/\/carmelites.net\/?p=10355"},"modified":"2026-03-01T15:38:16","modified_gmt":"2026-03-01T21:38:16","slug":"kristiputro-o-carm-matheus-agung","status":"publish","type":"post","link":"https:\/\/carmelites.net\/ru\/friars\/kristiputro-o-carm-matheus-agung\/","title":{"rendered":"\u041a\u0420\u0418\u0421\u0422\u0418\u041f\u0423\u0422\u0420\u041e, \u041e.\u041a\u0430\u0440\u043c, \u041c\u0430\u0442\u0435\u0443\u0441 \u0410\u0433\u0443\u043d\u0433 (\u0418\u043d\u0434\u043e\u043d\u0435\u0437\u0438\u044f)"},"content":{"rendered":"<div data-elementor-type=\"wp-post\" data-elementor-id=\"10355\" class=\"elementor elementor-10355\" data-elementor-post-type=\"post\">\n\t\t\t\t\t\t<section data-particle_enable=\"false\" data-particle-mobile-disabled=\"false\" class=\"elementor-section elementor-top-section elementor-element elementor-element-a159e23 elementor-section-boxed elementor-section-height-default elementor-section-height-default\" data-id=\"a159e23\" data-element_type=\"section\" data-e-type=\"section\">\n\t\t\t\t\t\t<div class=\"elementor-container elementor-column-gap-default\">\n\t\t\t\t\t<div class=\"elementor-column elementor-col-100 elementor-top-column elementor-element elementor-element-52197be\" data-id=\"52197be\" data-element_type=\"column\" data-e-type=\"column\">\n\t\t\t<div class=\"elementor-widget-wrap elementor-element-populated\">\n\t\t\t\t\t\t<div class=\"elementor-element elementor-element-847af1f elementor-widget elementor-widget-text-editor\" data-id=\"847af1f\" data-element_type=\"widget\" data-e-type=\"widget\" data-widget_type=\"text-editor.default\">\n\t\t\t\t<div class=\"elementor-widget-container\">\n\t\t\t\t\t\t\t\t\t<h4><strong>\u0418\u043d\u0444\u043e\u0440\u043c\u0430\u0446\u0438\u044f \u043e \u043c\u0438\u043d\u0438\u0441\u0442\u0435\u0440\u0441\u0442\u0432\u0435:<\/strong><\/h4><p class=\"p1\"><strong>\u041f\u0440\u0438\u0445\u043e\u0434\u0441\u043a\u043e\u0439 \u0432\u0438\u043a\u0430\u0440\u0438\u0439<\/strong><br \/><a href=\"http:\/\/carmelites.net\/ru\/ministries\/peru\/parroquia-la-inmaculada-concepcion-pucusana\/\">\u041f\u0440\u0438\u0445\u043e\u0434 \u041b\u0430 \u0418\u043d\u043c\u0430\u043a\u0443\u043b\u0430\u0434\u0430 \u041a\u043e\u043d\u0441\u0435\u043f\u0441\u044c\u043e\u043d, \u041f\u0443\u043a\u0443\u0441\u0430\u043d\u0430, \u041f\u0435\u0440\u0443<\/a><\/p><p class=\"p1\">\u042d\u043b\u0435\u043a\u0442\u0440\u043e\u043d\u043d\u0430\u044f \u043f\u043e\u0447\u0442\u0430: <a href=\"mailto:mkristipuro@carmelites.net\" target=\"_blank\" rel=\"noopener\">mkristipuro@carmelites.net<\/a><\/p>\t\t\t\t\t\t\t\t<\/div>\n\t\t\t\t<\/div>\n\t\t\t\t\t<\/div>\n\t\t<\/div>\n\t\t\t\t\t<\/div>\n\t\t<\/section>\n\t\t\t\t<section data-particle_enable=\"false\" data-particle-mobile-disabled=\"false\" class=\"elementor-section elementor-top-section elementor-element elementor-element-9e2ebdf elementor-section-boxed elementor-section-height-default elementor-section-height-default\" data-id=\"9e2ebdf\" data-element_type=\"section\" data-e-type=\"section\">\n\t\t\t\t\t\t<div class=\"elementor-container elementor-column-gap-default\">\n\t\t\t\t\t<div class=\"elementor-column elementor-col-50 elementor-top-column elementor-element elementor-element-1c82a20\" data-id=\"1c82a20\" data-element_type=\"column\" data-e-type=\"column\">\n\t\t\t<div class=\"elementor-widget-wrap elementor-element-populated\">\n\t\t\t\t\t\t<div class=\"elementor-element elementor-element-680435d elementor-align-center elementor-widget elementor-widget-button\" data-id=\"680435d\" data-element_type=\"widget\" data-e-type=\"widget\" data-widget_type=\"button.default\">\n\t\t\t\t<div class=\"elementor-widget-container\">\n\t\t\t\t\t\t\t\t\t<div class=\"elementor-button-wrapper\">\n\t\t\t\t\t<a class=\"elementor-button elementor-button-link elementor-size-sm\" href=\"http:\/\/carmelites.net\/ru\/friars-of-pcm\/\">\n\t\t\t\t\t\t<span class=\"elementor-button-content-wrapper\">\n\t\t\t\t\t\t\t\t\t<span class=\"elementor-button-text\">\u0412\u0435\u0440\u043d\u0443\u0442\u044c\u0441\u044f \u043a\u043e \u0432\u0441\u0435\u043c \u043c\u043e\u043d\u0430\u0445\u0430\u043c<\/span>\n\t\t\t\t\t<\/span>\n\t\t\t\t\t<\/a>\n\t\t\t\t<\/div>\n\t\t\t\t\t\t\t\t<\/div>\n\t\t\t\t<\/div>\n\t\t\t\t\t<\/div>\n\t\t<\/div>\n\t\t\t\t<div class=\"elementor-column elementor-col-50 elementor-top-column elementor-element elementor-element-7c6b541\" data-id=\"7c6b541\" data-element_type=\"column\" data-e-type=\"column\">\n\t\t\t<div class=\"elementor-widget-wrap elementor-element-populated\">\n\t\t\t\t\t\t\t<\/div>\n\t\t<\/div>\n\t\t\t\t\t<\/div>\n\t\t<\/section>\n\t\t\t\t<\/div>","protected":false},"excerpt":{"rendered":"<p>Ministry Info: Parochial VicarParroquia La Inmaculada Concepci\u00f3n, Pucusana, Per\u00fa Email: mkristipuro@carmelites.net Private Info: Priorato La Inmaculada Concepci\u00f3n, Pucusana, Per\u00fa POB: Pati, Jawa Tengah, Indonesia\u00a0\u00a0DOB: Apr 19, 1963Simple Vows: Jul 16, [&hellip;]<\/p>\n","protected":false},"author":1,"featured_media":23657,"comment_status":"closed","ping_status":"open","sticky":false,"template":"","format":"standard","meta":{"rs_blank_template":"","rs_page_bg_color":"","slide_template_v7":"","_analytify_skip_tracking":false,"footnotes":""},"categories":[27],"tags":[44],"class_list":["post-10355","post","type-post","status-publish","format-standard","has-post-thumbnail","hentry","category-friars","tag-k"],"aioseo_notices":[],"_links":{"self":[{"href":"https:\/\/carmelites.net\/ru\/wp-json\/wp\/v2\/posts\/10355","targetHints":{"allow":["GET"]}}],"collection":[{"href":"https:\/\/carmelites.net\/ru\/wp-json\/wp\/v2\/posts"}],"about":[{"href":"https:\/\/carmelites.net\/ru\/wp-json\/wp\/v2\/types\/post"}],"author":[{"embeddable":true,"href":"https:\/\/carmelites.net\/ru\/wp-json\/wp\/v2\/users\/1"}],"replies":[{"embeddable":true,"href":"https:\/\/carmelites.net\/ru\/wp-json\/wp\/v2\/comments?post=10355"}],"version-history":[{"count":22,"href":"https:\/\/carmelites.net\/ru\/wp-json\/wp\/v2\/posts\/10355\/revisions"}],"predecessor-version":[{"id":16280,"href":"https:\/\/carmelites.net\/ru\/wp-json\/wp\/v2\/posts\/10355\/revisions\/16280"}],"wp:featuredmedia":[{"embeddable":true,"href":"https:\/\/carmelites.net\/ru\/wp-json\/wp\/v2\/media\/23657"}],"wp:attachment":[{"href":"https:\/\/carmelites.net\/ru\/wp-json\/wp\/v2\/media?parent=10355"}],"wp:term":[{"taxonomy":"category","embeddable":true,"href":"https:\/\/carmelites.net\/ru\/wp-json\/wp\/v2\/categories?post=10355"},{"taxonomy":"post_tag","embeddable":true,"href":"https:\/\/carmelites.net\/ru\/wp-json\/wp\/v2\/tags?post=10355"}],"curies":[{"name":"wp","href":"https:\/\/api.w.org\/{rel}","templated":true}]}}