{"id":6525,"date":"2024-03-29T17:47:28","date_gmt":"2024-03-29T22:47:28","guid":{"rendered":"https:\/\/carmelites.net\/?p=6525"},"modified":"2026-04-20T16:01:14","modified_gmt":"2026-04-20T21:01:14","slug":"weil-o-carm-frank","status":"publish","type":"post","link":"https:\/\/carmelites.net\/it\/friars\/weil-o-carm-frank\/","title":{"rendered":"WEIL, O.Carm., Frank"},"content":{"rendered":"<div data-elementor-type=\"wp-post\" data-elementor-id=\"6525\" class=\"elementor elementor-6525\" data-elementor-post-type=\"post\">\n\t\t\t\t\t\t<section data-particle_enable=\"false\" data-particle-mobile-disabled=\"false\" class=\"elementor-section elementor-top-section elementor-element elementor-element-a159e23 elementor-section-boxed elementor-section-height-default elementor-section-height-default\" data-id=\"a159e23\" data-element_type=\"section\" data-e-type=\"section\">\n\t\t\t\t\t\t<div class=\"elementor-container elementor-column-gap-default\">\n\t\t\t\t\t<div class=\"elementor-column elementor-col-100 elementor-top-column elementor-element elementor-element-52197be\" data-id=\"52197be\" data-element_type=\"column\" data-e-type=\"column\">\n\t\t\t<div class=\"elementor-widget-wrap elementor-element-populated\">\n\t\t\t\t\t\t<div class=\"elementor-element elementor-element-847af1f elementor-widget elementor-widget-text-editor\" data-id=\"847af1f\" data-element_type=\"widget\" data-e-type=\"widget\" data-widget_type=\"text-editor.default\">\n\t\t\t\t<div class=\"elementor-widget-container\">\n\t\t\t\t\t\t\t\t\t<h4><strong>Informazioni sul necrologio:<\/strong><\/h4><p><strong>Rev. Frank Granger Weil, O.Carm.<br \/><\/strong><strong>10 marzo 1941 - 16 aprile 2026<\/strong><\/p><p><strong>\u00a0<\/strong>Il Rev. Frank Granger Weil, O.Carm., \u00e8 morto il 16 aprile 2026, all'et\u00e0 di 85 anni, presso la Comunit\u00e0 dei Monaci Eremiti di Sion del Monte Carmelo a Bowie, in Arizona.\u00a0<\/p><p>Padre Frank \u00e8 nato il 10 marzo 1941 a Port Huron, Michigan, da Frank Granger Weil e Mary Louise (Karrer) Weil.  \u00c8 stato battezzato il 30 marzo 1941. \u00c8 stato preceduto dai genitori, dal fratello Stephen Weil e dalla sorella Mary Weil Smith.  Gli sopravvivono la sorella Ann Durand di Port Huron Michigan, il cugino p. David Simpson, O.Carm., altri parenti allargati e i fratelli carmelitani.<\/p><p>Padre Frank si \u00e8 diplomato alla St. Stephen High School di Port Huron, Michigan, nel 1958.  Nel settembre successivo \u00e8 entrato al Mount Carmel College di Niagara Falls, Ontario, Canada, iniziando la sua formazione nell'Ordine Carmelitano.  Ha professato i voti semplici come carmelitano il 15 agosto 1961 a New Baltimora, in Pennsylvania, i voti solenni il 10 febbraio 1965 a Washington, ed \u00e8 stato ordinato sacerdote l'11 febbraio 1967 presso il Santuario Nazionale dell'Immacolata Concezione a Washington, DC.<\/p><p>Padre Frank ha conseguito il Bachelor of Arts in Filosofia presso la St. Bonaventure University, Olean, New York, nel 1964, e ha completato gli studi di teologia presso la Whitefriars Hall di Washington, DC.  In seguito ha conseguito un Master of Arts in Educazione religiosa presso la Loyola University di Chicago nel 1973.<\/p><p>Dopo l'ordinazione, p. Frank ha fatto parte della facolt\u00e0 della Salpointe Catholic High School di Tucson, Arizona, dal 1967 al 1973.  Durante questo periodo \u00e8 stato anche impegnato nel ministero vocazionale e ha prestato servizio come primo tenente nella Guardia Nazionale Aerea.<\/p><p>Padre Frank si dedic\u00f2 sempre pi\u00f9 a una vocazione contemplativa ed eremitica.  Ha vissuto per lunghi periodi come eremita, in particolare in Arizona, ed \u00e8 stato associato alla Casa del Deserto di Elias e alle comunit\u00e0 carmelitane di Zion in Kansas, Maine e Arizona.  Dal 1976 al 1978 \u00e8 stato co-amministratore della parrocchia di San Bonifacio a Scipio, in Kansas.<\/p><p>Continuando la sua vita eremitica in Arizona, dal 2003 ha prestato servizio presso i Monaci Eremiti di Zion del Monte Carmelo a Bowie.  La sua vita rifletteva un impegno costante nella preghiera, nella solitudine e nella dimensione contemplativa del carisma carmelitano.  Possa riposare in pace.<\/p><p>I funerali sono privati.<\/p><p>Le donazioni in onore del Rev. Frank Weil, O.Carm. possono essere fatte alla Society of Mount Carmel, 1317 North Frontage Road, Darien, Illinois 60561.<\/p><p>Per ulteriori informazioni sul Rev. Frank Weil, O.Carm. o sull'Ordine dei Carmelitani, si prega di contattare Carmelite Media al numero (630) 971-0724 o di visitare il sito web del Carmelo all'indirizzo <a href=\"https:\/\/carmelites.net\/it\/\">www.carmelites.net<\/a><\/p><p>\u00a0<\/p>\t\t\t\t\t\t\t\t<\/div>\n\t\t\t\t<\/div>\n\t\t\t\t\t<\/div>\n\t\t<\/div>\n\t\t\t\t\t<\/div>\n\t\t<\/section>\n\t\t\t\t<section data-particle_enable=\"false\" data-particle-mobile-disabled=\"false\" class=\"elementor-section elementor-top-section elementor-element elementor-element-4fe1e43 elementor-section-stretched elementor-section-boxed elementor-section-height-default elementor-section-height-default\" data-id=\"4fe1e43\" data-element_type=\"section\" data-e-type=\"section\" data-settings=\"{&quot;stretch_section&quot;:&quot;section-stretched&quot;}\">\n\t\t\t\t\t\t<div class=\"elementor-container elementor-column-gap-default\">\n\t\t\t\t\t<div class=\"elementor-column elementor-col-25 elementor-top-column elementor-element elementor-element-48006f6\" data-id=\"48006f6\" data-element_type=\"column\" data-e-type=\"column\">\n\t\t\t<div class=\"elementor-widget-wrap elementor-element-populated\">\n\t\t\t\t\t\t\t\t\t\n\t\t<img class=\"e-image-base\" \n\t\t\t\t\tdata-interaction-id=\"3c1d7a8\" \n\t\t \n\t\t data-e-type=\"widget\" data-id=\"3c1d7a8\"\n\t\t\t\t\t\t\t\t\tid=\"24340\"\n\t\t\t\t\t\t\t\t\t\t\t\tsrc=\"https:\/\/carmelites.net\/wp-content\/uploads\/2026\/04\/Card-Front.jpg\"\n\t\t\t\t\t\t\t\t\t\t\t\twidth=\"900\"\n\t\t\t\t\t\t\t\t\t\t\t\theight=\"1426\"\n\t\t\t\t\t\t\t\t\t\t\t\tsrcset=\"https:\/\/carmelites.net\/wp-content\/uploads\/2026\/04\/Card-Front.jpg 900w, https:\/\/carmelites.net\/wp-content\/uploads\/2026\/04\/Card-Front-189x300.jpg 189w, https:\/\/carmelites.net\/wp-content\/uploads\/2026\/04\/Card-Front-646x1024.jpg 646w, https:\/\/carmelites.net\/wp-content\/uploads\/2026\/04\/Card-Front-768x1217.jpg 768w, https:\/\/carmelites.net\/wp-content\/uploads\/2026\/04\/Card-Front-8x12.jpg 8w\"\n\t\t\t\t\t\t\t\t\t\t\t\talt=\"Memorial card featuring a portrait of Fr. Frank Weil, O. Carm., with the tribute text and dates March 10, 1941 \u2013 April 16, 2026.\"\n\t\t\t\t\t\t\/>\n\t\t\t\t\t\t<\/div>\n\t\t<\/div>\n\t\t\t\t<div class=\"elementor-column elementor-col-25 elementor-top-column elementor-element elementor-element-3f8428f\" data-id=\"3f8428f\" data-element_type=\"column\" data-e-type=\"column\">\n\t\t\t<div class=\"elementor-widget-wrap elementor-element-populated\">\n\t\t\t\t\t\t\t\t\t\n\t\t<img class=\"e-image-base\" \n\t\t\t\t\tdata-interaction-id=\"58c574e\" \n\t\t \n\t\t data-e-type=\"widget\" data-id=\"58c574e\"\n\t\t\t\t\t\t\t\t\tid=\"24341\"\n\t\t\t\t\t\t\t\t\t\t\t\tsrc=\"https:\/\/carmelites.net\/wp-content\/uploads\/2026\/04\/Back-of-Card.jpg\"\n\t\t\t\t\t\t\t\t\t\t\t\twidth=\"900\"\n\t\t\t\t\t\t\t\t\t\t\t\theight=\"1426\"\n\t\t\t\t\t\t\t\t\t\t\t\tsrcset=\"https:\/\/carmelites.net\/wp-content\/uploads\/2026\/04\/Back-of-Card.jpg 900w, https:\/\/carmelites.net\/wp-content\/uploads\/2026\/04\/Back-of-Card-189x300.jpg 189w, https:\/\/carmelites.net\/wp-content\/uploads\/2026\/04\/Back-of-Card-646x1024.jpg 646w, https:\/\/carmelites.net\/wp-content\/uploads\/2026\/04\/Back-of-Card-768x1217.jpg 768w, https:\/\/carmelites.net\/wp-content\/uploads\/2026\/04\/Back-of-Card-8x12.jpg 8w\"\n\t\t\t\t\t\t\t\t\t\t\t\talt=\"Memorial banner for Fr. Frank Weil, O.Carm., listing birth and death dates, vows and ordination dates, a decorative wave motif with sun icons, the Micah 6:8 verse, and the phrase \u2018MAY HE REST IN PEACE\u2019 at the bottom.\"\n\t\t\t\t\t\t\/>\n\t\t\t\t\t\t<\/div>\n\t\t<\/div>\n\t\t\t\t<div class=\"elementor-column elementor-col-25 elementor-top-column elementor-element elementor-element-d28b2ec\" data-id=\"d28b2ec\" data-element_type=\"column\" data-e-type=\"column\">\n\t\t\t<div class=\"elementor-widget-wrap\">\n\t\t\t\t\t\t\t<\/div>\n\t\t<\/div>\n\t\t\t\t<div class=\"elementor-column elementor-col-25 elementor-top-column elementor-element elementor-element-b3393ba\" data-id=\"b3393ba\" data-element_type=\"column\" data-e-type=\"column\">\n\t\t\t<div class=\"elementor-widget-wrap\">\n\t\t\t\t\t\t\t<\/div>\n\t\t<\/div>\n\t\t\t\t\t<\/div>\n\t\t<\/section>\n\t\t\t\t<section data-particle_enable=\"false\" data-particle-mobile-disabled=\"false\" class=\"elementor-section elementor-top-section elementor-element elementor-element-f96159b elementor-section-boxed elementor-section-height-default elementor-section-height-default\" data-id=\"f96159b\" data-element_type=\"section\" data-e-type=\"section\">\n\t\t\t\t\t\t<div class=\"elementor-container elementor-column-gap-default\">\n\t\t\t\t\t<div class=\"elementor-column elementor-col-50 elementor-top-column elementor-element elementor-element-e709575\" data-id=\"e709575\" data-element_type=\"column\" data-e-type=\"column\">\n\t\t\t<div class=\"elementor-widget-wrap elementor-element-populated\">\n\t\t\t\t\t\t<div class=\"elementor-element elementor-element-9091a11 elementor-align-center elementor-widget elementor-widget-button\" data-id=\"9091a11\" data-element_type=\"widget\" data-e-type=\"widget\" data-widget_type=\"button.default\">\n\t\t\t\t<div class=\"elementor-widget-container\">\n\t\t\t\t\t\t\t\t\t<div class=\"elementor-button-wrapper\">\n\t\t\t\t\t<a class=\"elementor-button elementor-button-link elementor-size-sm\" href=\"http:\/\/carmelites.net\/it\/friars-of-pcm\/\">\n\t\t\t\t\t\t<span class=\"elementor-button-content-wrapper\">\n\t\t\t\t\t\t\t\t\t<span class=\"elementor-button-text\">Ritorno a tutti i frati<\/span>\n\t\t\t\t\t<\/span>\n\t\t\t\t\t<\/a>\n\t\t\t\t<\/div>\n\t\t\t\t\t\t\t\t<\/div>\n\t\t\t\t<\/div>\n\t\t\t\t\t<\/div>\n\t\t<\/div>\n\t\t\t\t<div class=\"elementor-column elementor-col-50 elementor-top-column elementor-element elementor-element-de4d2f5\" data-id=\"de4d2f5\" data-element_type=\"column\" data-e-type=\"column\">\n\t\t\t<div class=\"elementor-widget-wrap elementor-element-populated\">\n\t\t\t\t\t\t\t<\/div>\n\t\t<\/div>\n\t\t\t\t\t<\/div>\n\t\t<\/section>\n\t\t\t\t<\/div>","protected":false},"excerpt":{"rendered":"<p>Obituary Info: Rev. Frank Granger Weil, O.Carm.March 10, 1941 \u2013 April 16, 2026 \u00a0Rev. Frank Granger Weil, O.Carm., died on April 16, 2026, at the age of 85, at the [&hellip;]<\/p>\n","protected":false},"author":1,"featured_media":23231,"comment_status":"closed","ping_status":"open","sticky":false,"template":"","format":"standard","meta":{"rs_blank_template":"","rs_page_bg_color":"","slide_template_v7":"","_analytify_skip_tracking":false,"footnotes":""},"categories":[27,257],"tags":[34],"class_list":["post-6525","post","type-post","status-publish","format-standard","has-post-thumbnail","hentry","category-friars","category-obituary","tag-w"],"aioseo_notices":[],"_links":{"self":[{"href":"https:\/\/carmelites.net\/it\/wp-json\/wp\/v2\/posts\/6525","targetHints":{"allow":["GET"]}}],"collection":[{"href":"https:\/\/carmelites.net\/it\/wp-json\/wp\/v2\/posts"}],"about":[{"href":"https:\/\/carmelites.net\/it\/wp-json\/wp\/v2\/types\/post"}],"author":[{"embeddable":true,"href":"https:\/\/carmelites.net\/it\/wp-json\/wp\/v2\/users\/1"}],"replies":[{"embeddable":true,"href":"https:\/\/carmelites.net\/it\/wp-json\/wp\/v2\/comments?post=6525"}],"version-history":[{"count":37,"href":"https:\/\/carmelites.net\/it\/wp-json\/wp\/v2\/posts\/6525\/revisions"}],"predecessor-version":[{"id":24344,"href":"https:\/\/carmelites.net\/it\/wp-json\/wp\/v2\/posts\/6525\/revisions\/24344"}],"wp:featuredmedia":[{"embeddable":true,"href":"https:\/\/carmelites.net\/it\/wp-json\/wp\/v2\/media\/23231"}],"wp:attachment":[{"href":"https:\/\/carmelites.net\/it\/wp-json\/wp\/v2\/media?parent=6525"}],"wp:term":[{"taxonomy":"category","embeddable":true,"href":"https:\/\/carmelites.net\/it\/wp-json\/wp\/v2\/categories?post=6525"},{"taxonomy":"post_tag","embeddable":true,"href":"https:\/\/carmelites.net\/it\/wp-json\/wp\/v2\/tags?post=6525"}],"curies":[{"name":"wp","href":"https:\/\/api.w.org\/{rel}","templated":true}]}}