{"id":5797,"date":"2024-12-27T18:36:40","date_gmt":"2024-12-28T00:36:40","guid":{"rendered":"https:\/\/carmelites.net\/?p=5797"},"modified":"2025-08-05T12:55:55","modified_gmt":"2025-08-05T17:55:55","slug":"dube-o-carm-marcel","status":"publish","type":"post","link":"https:\/\/carmelites.net\/it\/obituary\/dube-o-carm-marcel\/","title":{"rendered":"DUB\u00c9, O.Carm., Marcel"},"content":{"rendered":"<div data-elementor-type=\"wp-post\" data-elementor-id=\"5797\" class=\"elementor elementor-5797\" data-elementor-post-type=\"post\">\n\t\t\t\t\t\t<section data-particle_enable=\"false\" data-particle-mobile-disabled=\"false\" class=\"elementor-section elementor-top-section elementor-element elementor-element-a159e23 elementor-section-boxed elementor-section-height-default elementor-section-height-default\" data-id=\"a159e23\" data-element_type=\"section\" data-e-type=\"section\">\n\t\t\t\t\t\t<div class=\"elementor-container elementor-column-gap-default\">\n\t\t\t\t\t<div class=\"elementor-column elementor-col-100 elementor-top-column elementor-element elementor-element-52197be\" data-id=\"52197be\" data-element_type=\"column\" data-e-type=\"column\">\n\t\t\t<div class=\"elementor-widget-wrap elementor-element-populated\">\n\t\t\t\t\t\t<div class=\"elementor-element elementor-element-847af1f elementor-widget elementor-widget-text-editor\" data-id=\"847af1f\" data-element_type=\"widget\" data-e-type=\"widget\" data-widget_type=\"text-editor.default\">\n\t\t\t\t<div class=\"elementor-widget-container\">\n\t\t\t\t\t\t\t\t\t<h4><strong>Informazioni sul necrologio\/funerale:<\/strong><\/h4><p><strong>Padre Dube si \u00e8 spento il 27 dicembre 2024.<\/strong><\/p>\t\t\t\t\t\t\t\t<\/div>\n\t\t\t\t<\/div>\n\t\t\t\t<div class=\"elementor-element elementor-element-d85e83b elementor-align-left elementor-widget elementor-widget-button\" data-id=\"d85e83b\" data-element_type=\"widget\" data-e-type=\"widget\" data-widget_type=\"button.default\">\n\t\t\t\t<div class=\"elementor-widget-container\">\n\t\t\t\t\t\t\t\t\t<div class=\"elementor-button-wrapper\">\n\t\t\t\t\t<a class=\"elementor-button elementor-button-link elementor-size-sm\" href=\"https:\/\/carmelites.net\/wp-content\/uploads\/2025\/01\/Marcel-Dube.pdf\" target=\"_blank\">\n\t\t\t\t\t\t<span class=\"elementor-button-content-wrapper\">\n\t\t\t\t\t\t\t\t\t<span class=\"elementor-button-text\">Necrologio \/ Funerale <\/span>\n\t\t\t\t\t<\/span>\n\t\t\t\t\t<\/a>\n\t\t\t\t<\/div>\n\t\t\t\t\t\t\t\t<\/div>\n\t\t\t\t<\/div>\n\t\t\t\t<div class=\"elementor-element elementor-element-02f5387 elementor-widget elementor-widget-image\" data-id=\"02f5387\" data-element_type=\"widget\" data-e-type=\"widget\" data-widget_type=\"image.default\">\n\t\t\t\t<div class=\"elementor-widget-container\">\n\t\t\t\t\t\t\t\t\t\t\t\t\t\t\t<img loading=\"lazy\" decoding=\"async\" width=\"800\" height=\"291\" src=\"https:\/\/carmelites.net\/wp-content\/uploads\/2025\/01\/Dube-Funeral-1024x373.jpg\" class=\"attachment-large size-large wp-image-18442\" alt=\"\" srcset=\"https:\/\/carmelites.net\/wp-content\/uploads\/2025\/01\/Dube-Funeral-1024x373.jpg 1024w, https:\/\/carmelites.net\/wp-content\/uploads\/2025\/01\/Dube-Funeral-300x109.jpg 300w, https:\/\/carmelites.net\/wp-content\/uploads\/2025\/01\/Dube-Funeral-768x279.jpg 768w, https:\/\/carmelites.net\/wp-content\/uploads\/2025\/01\/Dube-Funeral-1536x559.jpg 1536w, https:\/\/carmelites.net\/wp-content\/uploads\/2025\/01\/Dube-Funeral-2048x745.jpg 2048w, https:\/\/carmelites.net\/wp-content\/uploads\/2025\/01\/Dube-Funeral-18x7.jpg 18w\" sizes=\"auto, (max-width: 800px) 100vw, 800px\" \/>\t\t\t\t\t\t\t\t\t\t\t\t\t\t\t<\/div>\n\t\t\t\t<\/div>\n\t\t\t\t<div class=\"elementor-element elementor-element-fba3a1a elementor-widget elementor-widget-text-editor\" data-id=\"fba3a1a\" data-element_type=\"widget\" data-e-type=\"widget\" data-widget_type=\"text-editor.default\">\n\t\t\t\t<div class=\"elementor-widget-container\">\n\t\t\t\t\t\t\t\t\t<p>La Provincia del Purissimo Cuore di Maria, Ordine dei Carmelitani, piange la morte del reverendo Marcel Dub\u00e9, O.Carm., deceduto all'et\u00e0 di 95 anni il 27 dicembre 2024 a Venice, Florida.<\/p><p>Le visite per il Rev. Marcel Dub\u00e9, O.Carm., si terranno presso la Chiesa di Our Lady of Mount Carmel a Osprey, Florida, alle ore 10:00 del 16 gennaio 2025, con la Messa funebre che seguir\u00e0 alle ore 10:30.  La sepoltura avverr\u00e0 in un secondo momento nel cimitero di Our Lady of Peace, a Niagara Falls, Ontario, Canada.<\/p><p>Marcel \u00e8 nato da Joseph e Diane Marie (Fortin) Dub\u00e9 a Detroit, Michigan, il 13 luglio 1929.  I suoi genitori erano immigrati negli Stati Uniti dal Quebec, in Canada.  Fu battezzato Georges Henri Anaclet il giorno successivo alla nascita nella chiesa di St. Joachim, una parrocchia francofona di Detroit.  Preceduto dalla sorella Marie Gabrielle Dub\u00e9, gli sopravvive la sorella Lucille Marie (Dub\u00e9) Nuber.<\/p><p>George Henry ha frequentato la Van Dyke Public School, la St. Charles Borromeo School e la Our Lady of Sorrows School a Detroit, Michigan.  Dopo il diploma di scuola elementare, nel 1943, entr\u00f2 nel seminario preparatorio carmelitano del Mount Carmel College, a Niagara Falls, Ontario, Canada.  Ha dichiarato che i suoi sport preferiti erano il pattinaggio e l'hockey.<\/p><p>Al termine della scuola superiore, nel 1947, \u00e8 entrato nel noviziato carmelitano di New Baltimore, in Pennsylvania.  Professa i voti semplici il 15 agosto 1948, assumendo il nome religioso di Marcel. Dopo il noviziato, Marcel ha studiato filosofia al Mount Carmel College di Niagara Falls, Ontario, per poi proseguire gli studi di teologia alla Whitefriars Hall di Washington, DC, dal 1951 al 1954.  Durante questo periodo, Marcel ha anche proseguito gli studi di francese presso la Catholic University of America.\u00a0<\/p><p>Marcel ha poi conseguito una laurea in Letteratura Americana presso la St. Bonaventure University di Olean, New York, un Master in Educazione Religiosa presso la Loyola University di Chicago, Illinois, e un Master in Francese presso la Laval University di Quebec City, Quebec, Canada.<\/p><p>Marcel ha professato i voti solenni come carmelitano il 15 agosto 1951. \u00c8 stato ordinato sacerdote il 29 maggio 1954, nella chiesa di Santa Clara a Chicago, Illinois.<\/p><p>Il primo incarico di padre Marcel \u00e8 stato quello di insegnare alla Mount Carmel High School di Chicago, Illinois, dal 1955 al 1964.  Ha poi insegnato alla Carmel Catholic High School di Mundelein, Illinois, dal 1964 al 1972. Dal 1972 al 1975 \u00e8 stato parroco associato della parrocchia di Our Lady of Mount Carmel a Darien, Illinois, e dal 1975 al 1984 \u00e8 stato parroco della parrocchia di Our Lady of Peace a Niagara Falls, Ontario, Canada.<\/p><p>Dopo un programma di rinnovamento del clero presso l'Universit\u00e0 di Notre Dame a South Bend, Indiana, padre Marcel \u00e8 stato pastore associato della parrocchia di Our Lady Queen of Peace a Harper Woods, Michigan, nel 1985-1986, per stare pi\u00f9 vicino alla madre anziana, prima della sua morte nel giugno 1986.  Dal 1987 al 2000, padre Marcel \u00e8 stato parroco della parrocchia carmelitana di San Giovanni della Croce a Mississauga, Ontario, Canada.<\/p><p>Dopo un anno sabbatico presso la School of Applied Theology di Berkeley, in California, p. Marcel \u00e8 stato pastore associato della parrocchia di San Francesco d'Assisi a Grove City, in Florida, dal 2001 al 2012.  All'et\u00e0 di 83 anni, p. Marcel si \u00e8 ritirato al Carmel in Mission Valley a Nokomis, in Florida, dove ha risieduto dal 2012 al 2024.  Nel 2024 \u00e8 entrato nel Venice Memory Care del Venice Green Village, a Venice in Florida, dove \u00e8 rimasto fino alla morte.  P. Marcel ha celebrato le 70<sup>th<\/sup> anniversario della sua ordinazione sacerdotale nel maggio 2024.<\/p><p>Che riposi in pace.<\/p><p>Le donazioni in onore del Rev. Marcel Dub\u00e9, O.Carm. possono essere fatte a:<\/p><p>Societ\u00e0 del Monte Carmelo, 1317 North Frontage Road, Darien, Illinois, 60561.<\/p><p>Per ulteriori informazioni su padre Marcel o sull'Ordine dei Carmelitani, contattare Carmelite Media al numero (630) 971-0724.<\/p>\t\t\t\t\t\t\t\t<\/div>\n\t\t\t\t<\/div>\n\t\t\t\t\t<\/div>\n\t\t<\/div>\n\t\t\t\t\t<\/div>\n\t\t<\/section>\n\t\t\t\t<section data-particle_enable=\"false\" data-particle-mobile-disabled=\"false\" class=\"elementor-section elementor-top-section elementor-element elementor-element-65540b6 elementor-section-boxed elementor-section-height-default elementor-section-height-default\" data-id=\"65540b6\" data-element_type=\"section\" data-e-type=\"section\">\n\t\t\t\t\t\t<div class=\"elementor-container elementor-column-gap-default\">\n\t\t\t\t\t<div class=\"elementor-column elementor-col-50 elementor-top-column elementor-element elementor-element-2050a3f\" data-id=\"2050a3f\" data-element_type=\"column\" data-e-type=\"column\">\n\t\t\t<div class=\"elementor-widget-wrap elementor-element-populated\">\n\t\t\t\t\t\t<div class=\"elementor-element elementor-element-eda4f15 elementor-align-center elementor-widget elementor-widget-button\" data-id=\"eda4f15\" data-element_type=\"widget\" data-e-type=\"widget\" data-widget_type=\"button.default\">\n\t\t\t\t<div class=\"elementor-widget-container\">\n\t\t\t\t\t\t\t\t\t<div class=\"elementor-button-wrapper\">\n\t\t\t\t\t<a class=\"elementor-button elementor-button-link elementor-size-sm\" href=\"http:\/\/carmelites.net\/it\/friars-of-pcm\/\">\n\t\t\t\t\t\t<span class=\"elementor-button-content-wrapper\">\n\t\t\t\t\t\t\t\t\t<span class=\"elementor-button-text\">Ritorno a tutti i frati<\/span>\n\t\t\t\t\t<\/span>\n\t\t\t\t\t<\/a>\n\t\t\t\t<\/div>\n\t\t\t\t\t\t\t\t<\/div>\n\t\t\t\t<\/div>\n\t\t\t\t\t<\/div>\n\t\t<\/div>\n\t\t\t\t<div class=\"elementor-column elementor-col-50 elementor-top-column elementor-element elementor-element-410a7f1\" data-id=\"410a7f1\" data-element_type=\"column\" data-e-type=\"column\">\n\t\t\t<div class=\"elementor-widget-wrap elementor-element-populated\">\n\t\t\t\t\t\t\t<\/div>\n\t\t<\/div>\n\t\t\t\t\t<\/div>\n\t\t<\/section>\n\t\t\t\t<\/div>","protected":false},"excerpt":{"rendered":"<p>Obituary\/Funeral Info: Fr. Dube passed away on December 27, 2024. Obituary \/ Funeral The Province of the Most Pure Heart of Mary, Order of Carmelites, mourns the death of the [&hellip;]<\/p>\n","protected":false},"author":1,"featured_media":5798,"comment_status":"closed","ping_status":"open","sticky":false,"template":"","format":"standard","meta":{"rs_blank_template":"","rs_page_bg_color":"","slide_template_v7":"","_analytify_skip_tracking":false,"footnotes":""},"categories":[257],"tags":[29],"class_list":["post-5797","post","type-post","status-publish","format-standard","has-post-thumbnail","hentry","category-obituary","tag-d"],"aioseo_notices":[],"_links":{"self":[{"href":"https:\/\/carmelites.net\/it\/wp-json\/wp\/v2\/posts\/5797","targetHints":{"allow":["GET"]}}],"collection":[{"href":"https:\/\/carmelites.net\/it\/wp-json\/wp\/v2\/posts"}],"about":[{"href":"https:\/\/carmelites.net\/it\/wp-json\/wp\/v2\/types\/post"}],"author":[{"embeddable":true,"href":"https:\/\/carmelites.net\/it\/wp-json\/wp\/v2\/users\/1"}],"replies":[{"embeddable":true,"href":"https:\/\/carmelites.net\/it\/wp-json\/wp\/v2\/comments?post=5797"}],"version-history":[{"count":67,"href":"https:\/\/carmelites.net\/it\/wp-json\/wp\/v2\/posts\/5797\/revisions"}],"predecessor-version":[{"id":21018,"href":"https:\/\/carmelites.net\/it\/wp-json\/wp\/v2\/posts\/5797\/revisions\/21018"}],"wp:featuredmedia":[{"embeddable":true,"href":"https:\/\/carmelites.net\/it\/wp-json\/wp\/v2\/media\/5798"}],"wp:attachment":[{"href":"https:\/\/carmelites.net\/it\/wp-json\/wp\/v2\/media?parent=5797"}],"wp:term":[{"taxonomy":"category","embeddable":true,"href":"https:\/\/carmelites.net\/it\/wp-json\/wp\/v2\/categories?post=5797"},{"taxonomy":"post_tag","embeddable":true,"href":"https:\/\/carmelites.net\/it\/wp-json\/wp\/v2\/tags?post=5797"}],"curies":[{"name":"wp","href":"https:\/\/api.w.org\/{rel}","templated":true}]}}