{"id":27483,"date":"2026-09-01T20:36:02","date_gmt":"2026-09-02T01:36:02","guid":{"rendered":"https:\/\/carmelites.net\/?p=27483"},"modified":"2026-09-01T20:39:44","modified_gmt":"2026-09-02T01:39:44","slug":"newsletter-for-september-2026-no-18","status":"publish","type":"post","link":"https:\/\/carmelites.net\/it\/laudato-si\/newsletter-for-september-2026-no-18\/","title":{"rendered":"Newsletter di settembre 2026, n. 18"},"content":{"rendered":"<div data-elementor-type=\"wp-post\" data-elementor-id=\"27483\" class=\"elementor elementor-27483\" data-elementor-post-type=\"post\">\n\t\t\t\t<div data-particle_enable=\"false\" data-particle-mobile-disabled=\"false\" class=\"elementor-element elementor-element-c1eb727 e-flex e-con-boxed e-con e-parent\" data-id=\"c1eb727\" data-element_type=\"container\" data-e-type=\"container\" data-settings=\"{&quot;background_background&quot;:&quot;classic&quot;}\">\n\t\t\t\t\t<div class=\"e-con-inner\">\n\t\t\t\t<div class=\"elementor-element elementor-element-f477680 elementor-widget elementor-widget-image\" data-id=\"f477680\" data-element_type=\"widget\" data-e-type=\"widget\" data-widget_type=\"image.default\">\n\t\t\t\t<div class=\"elementor-widget-container\">\n\t\t\t\t\t\t\t\t\t\t\t\t\t\t\t<img loading=\"lazy\" decoding=\"async\" width=\"800\" height=\"359\" src=\"https:\/\/carmelites.net\/wp-content\/uploads\/2025\/03\/English1200-1024x460.png\" class=\"attachment-large size-large wp-image-19783\" alt=\"\" srcset=\"https:\/\/carmelites.net\/wp-content\/uploads\/2025\/03\/English1200-1024x460.png 1024w, https:\/\/carmelites.net\/wp-content\/uploads\/2025\/03\/English1200-300x135.png 300w, https:\/\/carmelites.net\/wp-content\/uploads\/2025\/03\/English1200-768x345.png 768w, https:\/\/carmelites.net\/wp-content\/uploads\/2025\/03\/English1200-18x8.png 18w, https:\/\/carmelites.net\/wp-content\/uploads\/2025\/03\/English1200.png 1200w\" sizes=\"auto, (max-width: 800px) 100vw, 800px\" \/>\t\t\t\t\t\t\t\t\t\t\t\t\t\t\t<\/div>\n\t\t\t\t<\/div>\n\t\t\t\t<div class=\"elementor-element elementor-element-5861f7a elementor-widget elementor-widget-text-editor\" data-id=\"5861f7a\" data-element_type=\"widget\" data-e-type=\"widget\" data-widget_type=\"text-editor.default\">\n\t\t\t\t<div class=\"elementor-widget-container\">\n\t\t\t\t\t\t\t\t\t<h3 style=\"text-align: center;\"><strong>Newsletter del Piano d\u2019azione \u2019Laudato Si\u2019\u201d \u2013 Settembre 2026, n. 18<\/strong><\/h3>\t\t\t\t\t\t\t\t<\/div>\n\t\t\t\t<\/div>\n\t\t\t\t<div class=\"elementor-element elementor-element-87ba131 elementor-widget elementor-widget-text-editor\" data-id=\"87ba131\" data-element_type=\"widget\" data-e-type=\"widget\" data-widget_type=\"text-editor.default\">\n\t\t\t\t<div class=\"elementor-widget-container\">\n\t\t\t\t\t\t\t\t\t<p><em>Benvenuti alla diciottesima edizione della newsletter del Piano d\u2019Azione \u2019Laudato Si\u2019\u2019 della Provincia Carmelitana PCM. Questa newsletter elettronica ha lo scopo di informare i membri e i partner di questa provincia sul nostro impegno collettivo a vivere i valori della \u201cLaudato Si\u2019\u201d: ascoltare e rispondere al grido della terra e al grido dei poveri.\u00a0 \u00c8 curata dal coordinatore del Piano d\u2019Azione Laudato Si\u2019, Dennis Kalob.<\/em><\/p>\t\t\t\t\t\t\t\t<\/div>\n\t\t\t\t<\/div>\n\t\t\t\t<div class=\"elementor-element elementor-element-6f236e8 elementor-widget-divider--view-line elementor-widget elementor-widget-divider\" data-id=\"6f236e8\" data-element_type=\"widget\" data-e-type=\"widget\" data-widget_type=\"divider.default\">\n\t\t\t\t<div class=\"elementor-widget-container\">\n\t\t\t\t\t\t\t<div class=\"elementor-divider\">\n\t\t\t<span class=\"elementor-divider-separator\">\n\t\t\t\t\t\t<\/span>\n\t\t<\/div>\n\t\t\t\t\t\t<\/div>\n\t\t\t\t<\/div>\n\t\t\t\t<div class=\"elementor-element elementor-element-aac7b30 elementor-widget elementor-widget-heading\" data-id=\"aac7b30\" data-element_type=\"widget\" data-e-type=\"widget\" data-widget_type=\"heading.default\">\n\t\t\t\t<div class=\"elementor-widget-container\">\n\t\t\t\t\t<h1 class=\"elementor-heading-title elementor-size-default\">UN MESSAGGIO MOLTO IMPORTANTE PER TUTTI VOI:<\/h1>\t\t\t\t<\/div>\n\t\t\t\t<\/div>\n\t\t\t\t<div class=\"elementor-element elementor-element-10f5095 elementor-widget-divider--view-line elementor-widget elementor-widget-divider\" data-id=\"10f5095\" data-element_type=\"widget\" data-e-type=\"widget\" data-widget_type=\"divider.default\">\n\t\t\t\t<div class=\"elementor-widget-container\">\n\t\t\t\t\t\t\t<div class=\"elementor-divider\">\n\t\t\t<span class=\"elementor-divider-separator\">\n\t\t\t\t\t\t<\/span>\n\t\t<\/div>\n\t\t\t\t\t\t<\/div>\n\t\t\t\t<\/div>\n\t\t\t\t<div class=\"elementor-element elementor-element-50b5b8c elementor-widget elementor-widget-text-editor\" data-id=\"50b5b8c\" data-element_type=\"widget\" data-e-type=\"widget\" data-widget_type=\"text-editor.default\">\n\t\t\t\t<div class=\"elementor-widget-container\">\n\t\t\t\t\t\t\t\t\t<p>Se voi o un membro del vostro ministero o della vostra comunit\u00e0 avete presentato un piano che \u00e8 stato inserito nel rapporto della nostra provincia lo scorso anno, vi chiediamo di rivederlo ora e di inviare eventuali aggiornamenti, compresi i progetti portati a termine con successo e quelli promettenti attualmente in corso.\u00a0 <strong><u>Cercheremo aggiornamenti entro il 4 ottobre, festa di San Francesco.<\/u><\/strong>\u00a0<\/p><p>Vi chiediamo inoltre di valutare la possibilit\u00e0 di aggiungere nuovi obiettivi da perseguire nel 2027 e oltre. Ricordate che questi piani d\u2019azione sono concepiti come documenti dinamici, non statici.\u00a0<\/p><p>Se la vostra comunit\u00e0 o il vostro ministero non hanno avuto modo di presentare un piano d\u2019azione lo scorso anno, potete farlo quest\u2019anno e sarete inclusi nel rapporto provinciale aggiornato.\u00a0<\/p><p>\u00c8 possibile trovare l'attuale Piano d'azione della Provincia PCM per la Laudato Si\u2019. <a href=\"https:\/\/carmelites.net\/it\/uncategorized\/laudato-si-action-plan-may-2025\/\">qui<\/a>.  Vi prego di inviare domande e commenti, nonch\u00e9 piani d\u2019azione nuovi o aggiornati, a me, Dennis Kalob, coordinatore del Piano d\u2019azione Laudato Si\u2019: <a href=\"mailto:LSCoordinator@Carmelites.net\">LSCoordinator@Carmelites.net<\/a>.<\/p><p>Grazie di cuore!<\/p>\t\t\t\t\t\t\t\t<\/div>\n\t\t\t\t<\/div>\n\t\t\t\t<div class=\"elementor-element elementor-element-60ef1a1 elementor-widget-divider--view-line elementor-widget elementor-widget-divider\" data-id=\"60ef1a1\" data-element_type=\"widget\" data-e-type=\"widget\" data-widget_type=\"divider.default\">\n\t\t\t\t<div class=\"elementor-widget-container\">\n\t\t\t\t\t\t\t<div class=\"elementor-divider\">\n\t\t\t<span class=\"elementor-divider-separator\">\n\t\t\t\t\t\t<\/span>\n\t\t<\/div>\n\t\t\t\t\t\t<\/div>\n\t\t\t\t<\/div>\n\t\t\t\t<div class=\"elementor-element elementor-element-691fa30 elementor-widget elementor-widget-heading\" data-id=\"691fa30\" data-element_type=\"widget\" data-e-type=\"widget\" data-widget_type=\"heading.default\">\n\t\t\t\t<div class=\"elementor-widget-container\">\n\t\t\t\t\t<h1 class=\"elementor-heading-title elementor-size-default\">SIAMO NEL PERIODO DELLA CREAZIONE!<\/h1>\t\t\t\t<\/div>\n\t\t\t\t<\/div>\n\t\t\t\t<div class=\"elementor-element elementor-element-b436f7b elementor-widget elementor-widget-text-editor\" data-id=\"b436f7b\" data-element_type=\"widget\" data-e-type=\"widget\" data-widget_type=\"text-editor.default\">\n\t\t\t\t<div class=\"elementor-widget-container\">\n\t\t\t\t\t\t\t\t\t<p><strong>Il Tempo del Creato \u00e8 iniziato il 1\u00b0 settembre, Giornata mondiale di preghiera per la cura del creato, e si conclude il 4 ottobre, festa di san Francesco d\u2019Assisi.<\/strong><\/p><p><strong>Il tema della stagione di quest'anno \u00e8 \u201cl'acqua viva\u201d.\u201d<\/strong><\/p><p><strong>Per ulteriori informazioni, tra cui alcune ottime risorse per aiutare te, la tua comunit\u00e0 e la tua opera pastorale a celebrare questo periodo dell\u2019anno, puoi consultare questa pagina web dedicata (in inglese o spagnolo) realizzata dai nostri amici di Catholic Climate Covenant:<\/strong><\/p><p><a href=\"https:\/\/catholicclimatecovenant.org\/resources\/season-of-creation-2026\/\"><strong>https:\/\/catholicclimatecovenant.org\/resources\/season-of-creation-2026\/<\/strong><\/a><\/p>\t\t\t\t\t\t\t\t<\/div>\n\t\t\t\t<\/div>\n\t\t\t\t<div class=\"elementor-element elementor-element-39158a3 elementor-widget-divider--view-line elementor-widget elementor-widget-divider\" data-id=\"39158a3\" data-element_type=\"widget\" data-e-type=\"widget\" data-widget_type=\"divider.default\">\n\t\t\t\t<div class=\"elementor-widget-container\">\n\t\t\t\t\t\t\t<div class=\"elementor-divider\">\n\t\t\t<span class=\"elementor-divider-separator\">\n\t\t\t\t\t\t<\/span>\n\t\t<\/div>\n\t\t\t\t\t\t<\/div>\n\t\t\t\t<\/div>\n\t\t\t\t<div class=\"elementor-element elementor-element-79d85b3 elementor-widget elementor-widget-text-editor\" data-id=\"79d85b3\" data-element_type=\"widget\" data-e-type=\"widget\" data-widget_type=\"text-editor.default\">\n\t\t\t\t<div class=\"elementor-widget-container\">\n\t\t\t\t\t\t\t\t\t<h5><strong>Il modo in cui viviamo i valori della *Laudato Si\u2019* \u00e8, in parte,<br \/>determinato dalle nostre azioni in qualit\u00e0 di consumatori.<\/strong><\/h5>\t\t\t\t\t\t\t\t<\/div>\n\t\t\t\t<\/div>\n\t\t\t\t<div class=\"elementor-element elementor-element-473869d elementor-widget elementor-widget-text-editor\" data-id=\"473869d\" data-element_type=\"widget\" data-e-type=\"widget\" data-widget_type=\"text-editor.default\">\n\t\t\t\t<div class=\"elementor-widget-container\">\n\t\t\t\t\t\t\t\t\t<p>Ci sono molti modi in cui possiamo ascoltare e rispondere alle grida della terra e alle grida dei poveri. Uno di questi consiste nel decidere cosa acquistare.<\/p><p><strong><em>\u00c8 importante che le persone prendano coscienza del fatto che l\u2019acquisto \u00e8 sempre un atto morale \u2013 e non semplicemente economico. Di conseguenza, il consumatore ha una specifica responsabilit\u00e0 sociale, che va di pari passo con la responsabilit\u00e0 sociale dell\u2019impresa.<\/em><\/strong> \u2013 Papa Benedetto XVI (<a href=\"http:\/\/www.vatican.va\/holy_father\/benedict_xvi\/encyclicals\/documents\/hf_ben-xvi_enc_20090629_caritas-in-veritate_en.html\"><em>Caritas in Veritate<\/em><\/a>)<\/p>\t\t\t\t\t\t\t\t<\/div>\n\t\t\t\t<\/div>\n\t\t\t\t<div class=\"elementor-element elementor-element-b103565 elementor-widget-divider--view-line elementor-widget elementor-widget-divider\" data-id=\"b103565\" data-element_type=\"widget\" data-e-type=\"widget\" data-widget_type=\"divider.default\">\n\t\t\t\t<div class=\"elementor-widget-container\">\n\t\t\t\t\t\t\t<div class=\"elementor-divider\">\n\t\t\t<span class=\"elementor-divider-separator\">\n\t\t\t\t\t\t<\/span>\n\t\t<\/div>\n\t\t\t\t\t\t<\/div>\n\t\t\t\t<\/div>\n\t\t<div data-particle_enable=\"false\" data-particle-mobile-disabled=\"false\" class=\"elementor-element elementor-element-9a34baf e-grid e-con-full e-con e-child\" data-id=\"9a34baf\" data-element_type=\"container\" data-e-type=\"container\">\n\t\t\t\t<div class=\"elementor-element elementor-element-de6b809 elementor-widget elementor-widget-image\" data-id=\"de6b809\" data-element_type=\"widget\" data-e-type=\"widget\" data-widget_type=\"image.default\">\n\t\t\t\t<div class=\"elementor-widget-container\">\n\t\t\t\t\t\t\t\t\t\t\t\t\t\t\t<img loading=\"lazy\" decoding=\"async\" width=\"458\" height=\"610\" src=\"https:\/\/carmelites.net\/wp-content\/uploads\/2026\/09\/Picture1.png\" class=\"attachment-large size-large wp-image-27491\" alt=\"Dennis Car Products\" srcset=\"https:\/\/carmelites.net\/wp-content\/uploads\/2026\/09\/Picture1.png 458w, https:\/\/carmelites.net\/wp-content\/uploads\/2026\/09\/Picture1-225x300.png 225w, https:\/\/carmelites.net\/wp-content\/uploads\/2026\/09\/Picture1-9x12.png 9w\" sizes=\"auto, (max-width: 458px) 100vw, 458px\" \/>\t\t\t\t\t\t\t\t\t\t\t\t\t\t\t<\/div>\n\t\t\t\t<\/div>\n\t\t\t\t<div class=\"elementor-element elementor-element-9d68a43 elementor-widget elementor-widget-text-editor\" data-id=\"9d68a43\" data-element_type=\"widget\" data-e-type=\"widget\" data-widget_type=\"text-editor.default\">\n\t\t\t\t<div class=\"elementor-widget-container\">\n\t\t\t\t\t\t\t\t\t<p>Eccomi qui, in piedi accanto all\u2019auto che ho comprato l\u2019anno scorso. \u00c8 un\u2019auto ibrida e fa 50 miglia per gallone. Questo fa bene all\u2019ambiente e al mio portafoglio.<\/p><p>Sul cofano della mia auto ci sono due prodotti. La busta rossa contiene 10 libbre di chicchi di caff\u00e8. Sono di Equal Exchange, un\u2019azienda nota per i suoi prodotti del commercio equo e solidale e biologici, in particolare caff\u00e8 e cioccolato.<\/p><p>I prodotti del commercio equo e solidale garantiscono ai piccoli produttori un prezzo equo per i loro prodotti (nel caso del caff\u00e8, si tratta per lo pi\u00f9 di piccoli agricoltori dell\u2019America Latina).<\/p><p>\u00c8 fantastico anche il fatto che questo caff\u00e8 sia delizioso! \u00c8 possibile acquistarlo (in chicchi interi o macinato, solitamente in confezioni da 12 once) in molti negozi, oltre che <a href=\"https:\/\/shop.equalexchange.coop\/?srsltid=AfmBOoqJxGEcTvJPbBZ-dKMhXYGR49IPF2DUp3rfYI6pmSRt-v2ldqMs\">online<\/a> (dove \u00e8 anche possibile acquistare i loro deliziosi cioccolatini).<\/p><p>Equal Exchange, costituita come cooperativa di propriet\u00e0 dei lavoratori, festeggia 40 anni di attivit\u00e0 economica etica a sostegno delle piccole aziende agricole e dell\u2019agricoltura sostenibile.<\/p><p>Le altre scatolette accanto al sacchetto di caff\u00e8 sono prodotti di Cleanomic: sacchetti per i rifiuti da cucina da tredici galloni e sacchetti con chiusura a zip da un quarto e da un gallone, ideali per conservare gli alimenti. Questi sacchetti sono compostabili (a base vegetale ma comunque resistenti).\u00a0 Sono rispettose dell\u2019ambiente, soprattutto se paragonate alla plastica convenzionale a base di petrolio. Inoltre, sono migliori per la salute umana, poich\u00e9 risolvono il problema delle microplastiche che finiscono nel cibo che consumiamo.\u00a0 <a href=\"https:\/\/cleanomic.com\/?srsltid=AfmBOooWfSDjKRTgWulgDnMxQNOQujdTcE3jyOZAc7fpl7s8tOffK09O\">Cleanomic<\/a> \u00e8 una delle numerose aziende che attualmente producono questi prodotti compostabili. (Possono essere costosi, ma offrono anche offerte speciali.)<\/p><p>Non vi fornisco queste informazioni per dimostrare quanto sia etico il mio comportamento da consumatore. Spesso non riesco ad essere etico come dovrei nei miei acquisti.\u00a0 Compro prodotti malsani e non sostenibili. \u00c8 difficile agire in modo giusto nel contesto di un sistema ingiusto. So per\u00f2 che potrei impegnarmi di pi\u00f9 (e mi impegno a farlo). In ogni caso, credo fermamente che ognuno di noi dovrebbe fare <em>quello che possiamo<\/em>.  Se, ad esempio, compriamo e apprezziamo il caff\u00e8, perch\u00e9 non provare ad acquistarlo da una cooperativa di lavoratori specializzata in prodotti biologici e del commercio equo e solidale?!<\/p><p>Quindi, mentre cerchiamo di fare il possibile per aiutare il prossimo e il pianeta, incoraggio tutti a trovare piccoli modi per farlo ogni giorno. Un\u2019occasione per farlo \u00e8 quando facciamo la spesa. (A proposito, questo tipo di acquisti etici pu\u00f2 essere incluso nei vostri Piani d\u2019azione della Laudato Si\u2019.)<\/p>\t\t\t\t\t\t\t\t<\/div>\n\t\t\t\t<\/div>\n\t\t\t\t<\/div>\n\t\t\t\t<div class=\"elementor-element elementor-element-77878ca elementor-widget-divider--view-line elementor-widget elementor-widget-divider\" data-id=\"77878ca\" data-element_type=\"widget\" data-e-type=\"widget\" data-widget_type=\"divider.default\">\n\t\t\t\t<div class=\"elementor-widget-container\">\n\t\t\t\t\t\t\t<div class=\"elementor-divider\">\n\t\t\t<span class=\"elementor-divider-separator\">\n\t\t\t\t\t\t<\/span>\n\t\t<\/div>\n\t\t\t\t\t\t<\/div>\n\t\t\t\t<\/div>\n\t\t\t\t<div class=\"elementor-element elementor-element-e71b3f4 elementor-widget elementor-widget-text-editor\" data-id=\"e71b3f4\" data-element_type=\"widget\" data-e-type=\"widget\" data-widget_type=\"text-editor.default\">\n\t\t\t\t<div class=\"elementor-widget-container\">\n\t\t\t\t\t\t\t\t\t<p><strong>Un po' di leggerezza\u2026<\/strong><\/p><p>L'11 agosto, i Chicago White Sox hanno organizzato una serata promozionale nel proprio stadio di baseball, durante la quale sono state distribuite circa 35.000 repliche di mitre papali. \u00c8 stato un modo per celebrare il loro legame con il pi\u00f9 famoso personaggio originario di Chicago e tifoso dei White Sox, Robert Prevost, oggi meglio conosciuto come Papa Leone XIV.<\/p><p>Cliccare <a href=\"https:\/\/www.americamagazine.org\/ideas\/2026\/08\/12\/pope-leo-hat-game-white-sox-chicago-mlb\/\">qui<\/a> per un articolo tratto da <em>America<\/em> <em>Rivista<\/em> riguardo a quella serata allo stadio di baseball, durante la quale anche una suora cattolica ha effettuato il lancio d\u2019onore e un 5\u00b0<sup>th<\/sup> il \u201csegno della pace\u201d dell\u2019inning.\u201d<\/p>\t\t\t\t\t\t\t\t<\/div>\n\t\t\t\t<\/div>\n\t\t\t\t\t<\/div>\n\t\t\t\t<\/div>\n\t\t<div data-particle_enable=\"false\" data-particle-mobile-disabled=\"false\" class=\"elementor-element elementor-element-68f7745 e-flex e-con-boxed e-con e-parent\" data-id=\"68f7745\" data-element_type=\"container\" data-e-type=\"container\">\n\t\t\t\t\t<div class=\"e-con-inner\">\n\t\t<div data-particle_enable=\"false\" data-particle-mobile-disabled=\"false\" class=\"elementor-element elementor-element-03314b4 e-con-full e-flex e-con e-child\" data-id=\"03314b4\" data-element_type=\"container\" data-e-type=\"container\">\n\t\t\t\t<div class=\"elementor-element elementor-element-0ea3902 elementor-widget-divider--view-line elementor-widget elementor-widget-divider\" data-id=\"0ea3902\" data-element_type=\"widget\" data-e-type=\"widget\" data-widget_type=\"divider.default\">\n\t\t\t\t<div class=\"elementor-widget-container\">\n\t\t\t\t\t\t\t<div class=\"elementor-divider\">\n\t\t\t<span class=\"elementor-divider-separator\">\n\t\t\t\t\t\t<\/span>\n\t\t<\/div>\n\t\t\t\t\t\t<\/div>\n\t\t\t\t<\/div>\n\t\t<div data-particle_enable=\"false\" data-particle-mobile-disabled=\"false\" class=\"elementor-element elementor-element-01af610 e-con-full e-flex e-con e-child\" data-id=\"01af610\" data-element_type=\"container\" data-e-type=\"container\">\n\t\t\t\t<div class=\"elementor-element elementor-element-0026577 elementor-post-navigation-borders-yes elementor-widget elementor-widget-post-navigation\" data-id=\"0026577\" data-element_type=\"widget\" data-e-type=\"widget\" data-widget_type=\"post-navigation.default\">\n\t\t\t\t<div class=\"elementor-widget-container\">\n\t\t\t\t\t\t\t<div class=\"elementor-post-navigation\" role=\"navigation\" aria-label=\"Navigazione dell&#039;articolo\">\n\t\t\t<div class=\"elementor-post-navigation__prev elementor-post-navigation__link\">\n\t\t\t\t<a href=\"https:\/\/carmelites.net\/it\/laudato-si\/newsletter-for-august-2026-no-17\/\" rel=\"prev\"><span class=\"post-navigation__arrow-wrapper post-navigation__arrow-prev\"><i aria-hidden=\"true\" class=\"fas fa-angle-left\"><\/i><span class=\"elementor-screen-only\">Precedente<\/span><\/span><span class=\"elementor-post-navigation__link__prev\"><span class=\"post-navigation__prev--label\">Precedente<\/span><span class=\"post-navigation__prev--title\">Newsletter di agosto 2026, n. 17<\/span><\/span><\/a>\t\t\t<\/div>\n\t\t\t\t\t\t\t<div class=\"elementor-post-navigation__separator-wrapper\">\n\t\t\t\t\t<div class=\"elementor-post-navigation__separator\"><\/div>\n\t\t\t\t<\/div>\n\t\t\t\t\t\t<div class=\"elementor-post-navigation__next elementor-post-navigation__link\">\n\t\t\t\t\t\t\t<\/div>\n\t\t<\/div>\n\t\t\t\t\t\t<\/div>\n\t\t\t\t<\/div>\n\t\t\t\t<\/div>\n\t\t\t\t<\/div>\n\t\t\t\t\t<\/div>\n\t\t\t\t<\/div>\n\t\t\t\t<\/div>","protected":false},"excerpt":{"rendered":"<p>Il modo in cui mettiamo in pratica i valori della *Laudato Si\u2019* dipende, in parte, dalle nostre azioni come consumatori.<\/p>","protected":false},"author":14,"featured_media":27495,"comment_status":"closed","ping_status":"open","sticky":false,"template":"","format":"standard","meta":{"rs_blank_template":"","rs_page_bg_color":"","slide_template_v7":"","_analytify_skip_tracking":false,"footnotes":""},"categories":[82],"tags":[391,227,390,392],"class_list":["post-27483","post","type-post","status-publish","format-standard","has-post-thumbnail","hentry","category-laudato-si","tag-action","tag-environment","tag-laudato","tag-plan"],"aioseo_notices":[],"aioseo_head":"\n\t\t<!-- All in One SEO Pro 5.0.1.1 - aioseo.com -->\n\t<meta name=\"description\" content=\"How we live the values of Laudato Si\u2019 is, in part, determined by our actions as consumers.\" \/>\n\t<meta name=\"robots\" content=\"max-image-preview:large\" \/>\n\t<meta name=\"author\" content=\"KJ Pino\"\/>\n\t<link rel=\"canonical\" href=\"https:\/\/carmelites.net\/it\/laudato-si\/newsletter-for-september-2026-no-18\/\" \/>\n\t<meta name=\"generator\" content=\"All in One SEO Pro (AIOSEO) 5.0.1.1\" \/>\n\t\t<meta property=\"og:locale\" content=\"it_IT\" \/>\n\t\t<meta property=\"og:site_name\" content=\"Order of Carmelites - Province of the Most Pure Heart of Mary\" \/>\n\t\t<meta property=\"og:type\" content=\"article\" \/>\n\t\t<meta property=\"og:title\" content=\"Newsletter for September 2026, No. 18 - Order of Carmelites\" \/>\n\t\t<meta property=\"og:description\" content=\"How we live the values of Laudato Si\u2019 is, in part, determined by our actions as consumers.\" \/>\n\t\t<meta property=\"og:url\" content=\"https:\/\/carmelites.net\/it\/laudato-si\/newsletter-for-september-2026-no-18\/\" \/>\n\t\t<meta property=\"og:image\" content=\"https:\/\/carmelites.net\/wp-content\/uploads\/2021\/07\/logo100.png\" \/>\n\t\t<meta property=\"og:image:secure_url\" content=\"https:\/\/carmelites.net\/wp-content\/uploads\/2021\/07\/logo100.png\" \/>\n\t\t<meta property=\"article:published_time\" content=\"2026-09-02T01:36:02+00:00\" \/>\n\t\t<meta property=\"article:modified_time\" content=\"2026-09-02T01:39:44+00:00\" \/>\n\t\t<meta property=\"article:publisher\" content=\"https:\/\/www.facebook.com\/Carmelites\/\" \/>\n\t\t<meta name=\"twitter:card\" content=\"summary_large_image\" \/>\n\t\t<meta name=\"twitter:title\" content=\"Newsletter for September 2026, No. 18 - Order of Carmelites\" \/>\n\t\t<meta name=\"twitter:description\" content=\"How we live the values of Laudato Si\u2019 is, in part, determined by our actions as consumers.\" \/>\n\t\t<meta name=\"twitter:image\" content=\"https:\/\/carmelites.net\/wp-content\/uploads\/2021\/07\/logo100.png\" \/>\n\t\t<script type=\"application\/ld+json\" class=\"aioseo-schema\">\n\t\t\t{\"@context\":\"https:\\\/\\\/schema.org\",\"@graph\":[{\"@type\":\"BlogPosting\",\"@id\":\"https:\\\/\\\/carmelites.net\\\/it\\\/laudato-si\\\/newsletter-for-september-2026-no-18\\\/#blogposting\",\"name\":\"Newsletter for September 2026, No. 18 - Order of Carmelites\",\"headline\":\"Newsletter for September 2026, No. 18\",\"author\":{\"@id\":\"https:\\\/\\\/carmelites.net\\\/it\\\/author\\\/kjpino\\\/#author\"},\"publisher\":{\"@id\":\"https:\\\/\\\/carmelites.net\\\/it\\\/#organization\"},\"image\":{\"@type\":\"ImageObject\",\"url\":\"https:\\\/\\\/carmelites.net\\\/wp-content\\\/uploads\\\/2026\\\/09\\\/pexels-sarah-chai-7262990-scaled.jpg\",\"width\":2560,\"height\":1707},\"datePublished\":\"2026-09-01T20:36:02-05:00\",\"dateModified\":\"2026-09-01T20:39:44-05:00\",\"inLanguage\":\"it-IT\",\"mainEntityOfPage\":{\"@id\":\"https:\\\/\\\/carmelites.net\\\/it\\\/laudato-si\\\/newsletter-for-september-2026-no-18\\\/#webpage\"},\"isPartOf\":{\"@id\":\"https:\\\/\\\/carmelites.net\\\/it\\\/laudato-si\\\/newsletter-for-september-2026-no-18\\\/#webpage\"},\"articleSection\":\"Laudato Si, Action, Environment, Laudato, Plan\"},{\"@type\":\"BreadcrumbList\",\"@id\":\"https:\\\/\\\/carmelites.net\\\/it\\\/laudato-si\\\/newsletter-for-september-2026-no-18\\\/#breadcrumblist\",\"itemListElement\":[{\"@type\":\"ListItem\",\"@id\":\"https:\\\/\\\/carmelites.net\\\/it#listItem\",\"position\":1,\"name\":\"Home\",\"item\":\"https:\\\/\\\/carmelites.net\\\/it\",\"nextItem\":{\"@type\":\"ListItem\",\"@id\":\"https:\\\/\\\/carmelites.net\\\/it\\\/category\\\/laudato-si\\\/#listItem\",\"name\":\"Laudato Si\"}},{\"@type\":\"ListItem\",\"@id\":\"https:\\\/\\\/carmelites.net\\\/it\\\/category\\\/laudato-si\\\/#listItem\",\"position\":2,\"name\":\"Laudato Si\",\"item\":\"https:\\\/\\\/carmelites.net\\\/it\\\/category\\\/laudato-si\\\/\",\"nextItem\":{\"@type\":\"ListItem\",\"@id\":\"https:\\\/\\\/carmelites.net\\\/it\\\/laudato-si\\\/newsletter-for-september-2026-no-18\\\/#listItem\",\"name\":\"Newsletter for September 2026, No. 18\"},\"previousItem\":{\"@type\":\"ListItem\",\"@id\":\"https:\\\/\\\/carmelites.net\\\/it#listItem\",\"name\":\"Home\"}},{\"@type\":\"ListItem\",\"@id\":\"https:\\\/\\\/carmelites.net\\\/it\\\/laudato-si\\\/newsletter-for-september-2026-no-18\\\/#listItem\",\"position\":3,\"name\":\"Newsletter for September 2026, No. 18\",\"previousItem\":{\"@type\":\"ListItem\",\"@id\":\"https:\\\/\\\/carmelites.net\\\/it\\\/category\\\/laudato-si\\\/#listItem\",\"name\":\"Laudato Si\"}}]},{\"@type\":\"Organization\",\"@id\":\"https:\\\/\\\/carmelites.net\\\/it\\\/#organization\",\"name\":\"Order of Carmelites\",\"description\":\"Province of the Most Pure Heart of Mary\",\"url\":\"https:\\\/\\\/carmelites.net\\\/it\\\/\",\"telephone\":\"+16309710050\",\"logo\":{\"@type\":\"ImageObject\",\"url\":\"https:\\\/\\\/carmelites.net\\\/wp-content\\\/uploads\\\/2021\\\/07\\\/logo100.png\",\"@id\":\"https:\\\/\\\/carmelites.net\\\/it\\\/laudato-si\\\/newsletter-for-september-2026-no-18\\\/#organizationLogo\",\"width\":345,\"height\":100},\"image\":{\"@id\":\"https:\\\/\\\/carmelites.net\\\/it\\\/laudato-si\\\/newsletter-for-september-2026-no-18\\\/#organizationLogo\"},\"sameAs\":[\"https:\\\/\\\/www.facebook.com\\\/Carmelites\\\/\",\"https:\\\/\\\/www.instagram.com\\\/carmelites\\\/\",\"https:\\\/\\\/www.youtube.com\\\/@CarmelitesPCM\"]},{\"@type\":\"Person\",\"@id\":\"https:\\\/\\\/carmelites.net\\\/it\\\/author\\\/kjpino\\\/#author\",\"url\":\"https:\\\/\\\/carmelites.net\\\/it\\\/author\\\/kjpino\\\/\",\"name\":\"KJ Pino\",\"image\":{\"@type\":\"ImageObject\",\"@id\":\"https:\\\/\\\/carmelites.net\\\/it\\\/laudato-si\\\/newsletter-for-september-2026-no-18\\\/#authorImage\",\"url\":\"https:\\\/\\\/secure.gravatar.com\\\/avatar\\\/ea6cc4ae84d0bfae6191ee86cb6bf7261952812e142feef209f4dfa9324b1617?s=96&d=mm&r=g\",\"width\":96,\"height\":96,\"caption\":\"KJ Pino\"}},{\"@type\":\"WebPage\",\"@id\":\"https:\\\/\\\/carmelites.net\\\/it\\\/laudato-si\\\/newsletter-for-september-2026-no-18\\\/#webpage\",\"url\":\"https:\\\/\\\/carmelites.net\\\/it\\\/laudato-si\\\/newsletter-for-september-2026-no-18\\\/\",\"name\":\"Newsletter for September 2026, No. 18 - Order of Carmelites\",\"description\":\"How we live the values of Laudato Si\\u2019 is, in part, determined by our actions as consumers.\",\"inLanguage\":\"it-IT\",\"isPartOf\":{\"@id\":\"https:\\\/\\\/carmelites.net\\\/it\\\/#website\"},\"breadcrumb\":{\"@id\":\"https:\\\/\\\/carmelites.net\\\/it\\\/laudato-si\\\/newsletter-for-september-2026-no-18\\\/#breadcrumblist\"},\"author\":{\"@id\":\"https:\\\/\\\/carmelites.net\\\/it\\\/author\\\/kjpino\\\/#author\"},\"creator\":{\"@id\":\"https:\\\/\\\/carmelites.net\\\/it\\\/author\\\/kjpino\\\/#author\"},\"image\":{\"@type\":\"ImageObject\",\"url\":\"https:\\\/\\\/carmelites.net\\\/wp-content\\\/uploads\\\/2026\\\/09\\\/pexels-sarah-chai-7262990-scaled.jpg\",\"@id\":\"https:\\\/\\\/carmelites.net\\\/it\\\/laudato-si\\\/newsletter-for-september-2026-no-18\\\/#mainImage\",\"width\":2560,\"height\":1707},\"primaryImageOfPage\":{\"@id\":\"https:\\\/\\\/carmelites.net\\\/it\\\/laudato-si\\\/newsletter-for-september-2026-no-18\\\/#mainImage\"},\"datePublished\":\"2026-09-01T20:36:02-05:00\",\"dateModified\":\"2026-09-01T20:39:44-05:00\"},{\"@type\":\"WebSite\",\"@id\":\"https:\\\/\\\/carmelites.net\\\/it\\\/#website\",\"url\":\"https:\\\/\\\/carmelites.net\\\/it\\\/\",\"name\":\"Order of Carmelites\",\"description\":\"Province of the Most Pure Heart of Mary\",\"inLanguage\":\"it-IT\",\"publisher\":{\"@id\":\"https:\\\/\\\/carmelites.net\\\/it\\\/#organization\"}}]}\n\t\t<\/script>\n\t\t<!-- All in One SEO Pro -->\r\n\t\t<title>Newsletter for September 2026, No. 18 - Order of Carmelites<\/title>\n\n","aioseo_head_json":{"title":"Newsletter for September 2026, No. 18 - Order of Carmelites","description":"Il modo in cui mettiamo in pratica i valori della *Laudato Si\u2019* dipende, in parte, dalle nostre azioni come consumatori.","canonical_url":"https:\/\/carmelites.net\/it\/laudato-si\/newsletter-for-september-2026-no-18\/","robots":"max-image-preview:large","keywords":"","webmasterTools":{"miscellaneous":""},"schema":{"@context":"https:\/\/schema.org","@graph":[{"@type":"BlogPosting","@id":"https:\/\/carmelites.net\/it\/laudato-si\/newsletter-for-september-2026-no-18\/#blogposting","name":"Newsletter for September 2026, No. 18 - Order of Carmelites","headline":"Newsletter for September 2026, No. 18","author":{"@id":"https:\/\/carmelites.net\/it\/author\/kjpino\/#author"},"publisher":{"@id":"https:\/\/carmelites.net\/it\/#organization"},"image":{"@type":"ImageObject","url":"https:\/\/carmelites.net\/wp-content\/uploads\/2026\/09\/pexels-sarah-chai-7262990-scaled.jpg","width":2560,"height":1707},"datePublished":"2026-09-01T20:36:02-05:00","dateModified":"2026-09-01T20:39:44-05:00","inLanguage":"it-IT","mainEntityOfPage":{"@id":"https:\/\/carmelites.net\/it\/laudato-si\/newsletter-for-september-2026-no-18\/#webpage"},"isPartOf":{"@id":"https:\/\/carmelites.net\/it\/laudato-si\/newsletter-for-september-2026-no-18\/#webpage"},"articleSection":"Laudato Si, Action, Environment, Laudato, Plan"},{"@type":"BreadcrumbList","@id":"https:\/\/carmelites.net\/it\/laudato-si\/newsletter-for-september-2026-no-18\/#breadcrumblist","itemListElement":[{"@type":"ListItem","@id":"https:\/\/carmelites.net\/it#listItem","position":1,"name":"Home","item":"https:\/\/carmelites.net\/it","nextItem":{"@type":"ListItem","@id":"https:\/\/carmelites.net\/it\/category\/laudato-si\/#listItem","name":"Laudato Si"}},{"@type":"ListItem","@id":"https:\/\/carmelites.net\/it\/category\/laudato-si\/#listItem","position":2,"name":"Laudato Si","item":"https:\/\/carmelites.net\/it\/category\/laudato-si\/","nextItem":{"@type":"ListItem","@id":"https:\/\/carmelites.net\/it\/laudato-si\/newsletter-for-september-2026-no-18\/#listItem","name":"Newsletter for September 2026, No. 18"},"previousItem":{"@type":"ListItem","@id":"https:\/\/carmelites.net\/it#listItem","name":"Home"}},{"@type":"ListItem","@id":"https:\/\/carmelites.net\/it\/laudato-si\/newsletter-for-september-2026-no-18\/#listItem","position":3,"name":"Newsletter for September 2026, No. 18","previousItem":{"@type":"ListItem","@id":"https:\/\/carmelites.net\/it\/category\/laudato-si\/#listItem","name":"Laudato Si"}}]},{"@type":"Organization","@id":"https:\/\/carmelites.net\/it\/#organization","name":"Order of Carmelites","description":"Province of the Most Pure Heart of Mary","url":"https:\/\/carmelites.net\/it\/","telephone":"+16309710050","logo":{"@type":"ImageObject","url":"https:\/\/carmelites.net\/wp-content\/uploads\/2021\/07\/logo100.png","@id":"https:\/\/carmelites.net\/it\/laudato-si\/newsletter-for-september-2026-no-18\/#organizationLogo","width":345,"height":100},"image":{"@id":"https:\/\/carmelites.net\/it\/laudato-si\/newsletter-for-september-2026-no-18\/#organizationLogo"},"sameAs":["https:\/\/www.facebook.com\/Carmelites\/","https:\/\/www.instagram.com\/carmelites\/","https:\/\/www.youtube.com\/@CarmelitesPCM"]},{"@type":"Person","@id":"https:\/\/carmelites.net\/it\/author\/kjpino\/#author","url":"https:\/\/carmelites.net\/it\/author\/kjpino\/","name":"KJ Pino","image":{"@type":"ImageObject","@id":"https:\/\/carmelites.net\/it\/laudato-si\/newsletter-for-september-2026-no-18\/#authorImage","url":"https:\/\/secure.gravatar.com\/avatar\/ea6cc4ae84d0bfae6191ee86cb6bf7261952812e142feef209f4dfa9324b1617?s=96&d=mm&r=g","width":96,"height":96,"caption":"KJ Pino"}},{"@type":"WebPage","@id":"https:\/\/carmelites.net\/it\/laudato-si\/newsletter-for-september-2026-no-18\/#webpage","url":"https:\/\/carmelites.net\/it\/laudato-si\/newsletter-for-september-2026-no-18\/","name":"Newsletter for September 2026, No. 18 - Order of Carmelites","description":"How we live the values of Laudato Si\u2019 is, in part, determined by our actions as consumers.","inLanguage":"it-IT","isPartOf":{"@id":"https:\/\/carmelites.net\/it\/#website"},"breadcrumb":{"@id":"https:\/\/carmelites.net\/it\/laudato-si\/newsletter-for-september-2026-no-18\/#breadcrumblist"},"author":{"@id":"https:\/\/carmelites.net\/it\/author\/kjpino\/#author"},"creator":{"@id":"https:\/\/carmelites.net\/it\/author\/kjpino\/#author"},"image":{"@type":"ImageObject","url":"https:\/\/carmelites.net\/wp-content\/uploads\/2026\/09\/pexels-sarah-chai-7262990-scaled.jpg","@id":"https:\/\/carmelites.net\/it\/laudato-si\/newsletter-for-september-2026-no-18\/#mainImage","width":2560,"height":1707},"primaryImageOfPage":{"@id":"https:\/\/carmelites.net\/it\/laudato-si\/newsletter-for-september-2026-no-18\/#mainImage"},"datePublished":"2026-09-01T20:36:02-05:00","dateModified":"2026-09-01T20:39:44-05:00"},{"@type":"WebSite","@id":"https:\/\/carmelites.net\/it\/#website","url":"https:\/\/carmelites.net\/it\/","name":"Order of Carmelites","description":"Province of the Most Pure Heart of Mary","inLanguage":"it-IT","publisher":{"@id":"https:\/\/carmelites.net\/it\/#organization"}}]},"og:locale":"it_IT","og:site_name":"Order of Carmelites - Province of the Most Pure Heart of Mary","og:type":"article","og:title":"Newsletter for September 2026, No. 18 - Order of Carmelites","og:description":"How we live the values of Laudato Si\u2019 is, in part, determined by our actions as consumers.","og:url":"https:\/\/carmelites.net\/it\/laudato-si\/newsletter-for-september-2026-no-18\/","og:image":"https:\/\/carmelites.net\/wp-content\/uploads\/2021\/07\/logo100.png","og:image:secure_url":"https:\/\/carmelites.net\/wp-content\/uploads\/2021\/07\/logo100.png","article:published_time":"2026-09-02T01:36:02+00:00","article:modified_time":"2026-09-02T01:39:44+00:00","article:publisher":"https:\/\/www.facebook.com\/Carmelites\/","twitter:card":"summary_large_image","twitter:title":"Newsletter for September 2026, No. 18 - Order of Carmelites","twitter:description":"How we live the values of Laudato Si\u2019 is, in part, determined by our actions as consumers.","twitter:image":"https:\/\/carmelites.net\/wp-content\/uploads\/2021\/07\/logo100.png"},"aioseo_meta_data":{"post_id":"27483","title":null,"description":null,"keywords":null,"keyphrases":{"focus":[],"additional":[]},"primary_term":null,"canonical_url":null,"og_title":null,"og_description":null,"og_object_type":"default","og_image_type":"default","og_image_url":null,"og_image_width":null,"og_image_height":null,"og_image_custom_url":null,"og_image_custom_fields":null,"og_video":null,"og_custom_url":null,"og_article_section":null,"og_article_tags":null,"twitter_use_og":false,"twitter_card":"default","twitter_image_type":"default","twitter_image_url":null,"twitter_image_custom_url":null,"twitter_image_custom_fields":null,"twitter_title":null,"twitter_description":null,"schema":{"blockGraphs":[],"customGraphs":[],"default":{"data":{"Article":[],"Course":[],"Dataset":[],"FAQPage":[],"Movie":[],"Person":[],"Product":[],"ProductReview":[],"Car":[],"Recipe":[],"Service":[],"SoftwareApplication":[],"WebPage":[]},"graphName":"","isEnabled":true},"graphs":[]},"schema_type":"default","schema_type_options":null,"pillar_content":false,"robots_default":true,"robots_noindex":false,"robots_noarchive":false,"robots_nosnippet":false,"robots_nofollow":false,"robots_noimageindex":false,"robots_noodp":false,"robots_notranslate":false,"robots_max_snippet":null,"robots_max_videopreview":null,"robots_max_imagepreview":"large","priority":null,"frequency":null,"local_seo":null,"seo_analyzer_scan_date":"2026-09-02 01:40:35","breadcrumb_settings":null,"limit_modified_date":false,"reviewed_by":null,"open_ai":null,"ai":null,"created":"2026-09-02 01:18:48","updated":"2026-09-02 01:56:00","focus_keyword":null,"additional_keywords":null,"truseo_locale":null},"aioseo_breadcrumb":"<div class=\"aioseo-breadcrumbs\"><span class=\"aioseo-breadcrumb\">\n\t<a href=\"https:\/\/carmelites.net\/it\" title=\"Home\">Home<\/a>\n<\/span><span class=\"aioseo-breadcrumb-separator\">&raquo;<\/span><span class=\"aioseo-breadcrumb\">\n\t<a href=\"https:\/\/carmelites.net\/it\/category\/laudato-si\/\" title=\"Laudato Si\">Laudato Si<\/a>\n<\/span><span class=\"aioseo-breadcrumb-separator\">&raquo;<\/span><span class=\"aioseo-breadcrumb\">\n\tNewsletter for September 2026, No. 18\n<\/span><\/div>","aioseo_breadcrumb_json":[{"label":"Home","link":"https:\/\/carmelites.net\/it"},{"label":"Laudato Si","link":"https:\/\/carmelites.net\/it\/category\/laudato-si\/"},{"label":"Newsletter for September 2026, No. 18","link":"https:\/\/carmelites.net\/it\/laudato-si\/newsletter-for-september-2026-no-18\/"}],"_links":{"self":[{"href":"https:\/\/carmelites.net\/it\/wp-json\/wp\/v2\/posts\/27483","targetHints":{"allow":["GET"]}}],"collection":[{"href":"https:\/\/carmelites.net\/it\/wp-json\/wp\/v2\/posts"}],"about":[{"href":"https:\/\/carmelites.net\/it\/wp-json\/wp\/v2\/types\/post"}],"author":[{"embeddable":true,"href":"https:\/\/carmelites.net\/it\/wp-json\/wp\/v2\/users\/14"}],"replies":[{"embeddable":true,"href":"https:\/\/carmelites.net\/it\/wp-json\/wp\/v2\/comments?post=27483"}],"version-history":[{"count":13,"href":"https:\/\/carmelites.net\/it\/wp-json\/wp\/v2\/posts\/27483\/revisions"}],"predecessor-version":[{"id":27498,"href":"https:\/\/carmelites.net\/it\/wp-json\/wp\/v2\/posts\/27483\/revisions\/27498"}],"wp:featuredmedia":[{"embeddable":true,"href":"https:\/\/carmelites.net\/it\/wp-json\/wp\/v2\/media\/27495"}],"wp:attachment":[{"href":"https:\/\/carmelites.net\/it\/wp-json\/wp\/v2\/media?parent=27483"}],"wp:term":[{"taxonomy":"category","embeddable":true,"href":"https:\/\/carmelites.net\/it\/wp-json\/wp\/v2\/categories?post=27483"},{"taxonomy":"post_tag","embeddable":true,"href":"https:\/\/carmelites.net\/it\/wp-json\/wp\/v2\/tags?post=27483"}],"curies":[{"name":"wp","href":"https:\/\/api.w.org\/{rel}","templated":true}]}}