{"id":27346,"date":"2023-06-13T15:06:50","date_gmt":"2023-06-13T20:06:50","guid":{"rendered":"https:\/\/carmelites.net\/?p=27346"},"modified":"2026-08-31T18:10:29","modified_gmt":"2026-08-31T23:10:29","slug":"butler-o-carm-thomas","status":"publish","type":"post","link":"https:\/\/carmelites.net\/it\/obituary\/butler-o-carm-thomas\/","title":{"rendered":"BUTLER, O. Carm., Thomas"},"content":{"rendered":"<div data-elementor-type=\"wp-post\" data-elementor-id=\"27346\" class=\"elementor elementor-27346\" data-elementor-post-type=\"post\">\n\t\t\t\t\t\t<section data-particle_enable=\"false\" data-particle-mobile-disabled=\"false\" class=\"elementor-section elementor-top-section elementor-element elementor-element-a159e23 elementor-section-boxed elementor-section-height-default elementor-section-height-default\" data-id=\"a159e23\" data-element_type=\"section\" data-e-type=\"section\">\n\t\t\t\t\t\t<div class=\"elementor-container elementor-column-gap-default\">\n\t\t\t\t\t<div class=\"elementor-column elementor-col-100 elementor-top-column elementor-element elementor-element-52197be\" data-id=\"52197be\" data-element_type=\"column\" data-e-type=\"column\">\n\t\t\t<div class=\"elementor-widget-wrap elementor-element-populated\">\n\t\t\t\t\t\t<div class=\"elementor-element elementor-element-b0e1741 elementor-widget elementor-widget-video\" data-id=\"b0e1741\" data-element_type=\"widget\" data-e-type=\"widget\" data-settings=\"{&quot;video_type&quot;:&quot;hosted&quot;,&quot;controls&quot;:&quot;yes&quot;}\" data-widget_type=\"video.default\">\n\t\t\t\t<div class=\"elementor-widget-container\">\n\t\t\t\t\t\t\t<div class=\"e-hosted-video elementor-wrapper elementor-open-inline\">\n\t\t\t\t\t<video class=\"elementor-video\" src=\"https:\/\/carmelites.net\/wp-content\/uploads\/2023\/06\/Tom-Butler-70-OCarm-1.mp4\" controls=\"\" preload=\"metadata\" controlslist=\"nodownload\"><\/video>\n\t\t\t\t<\/div>\n\t\t\t\t\t\t<\/div>\n\t\t\t\t<\/div>\n\t\t\t\t<div class=\"elementor-element elementor-element-847af1f elementor-widget elementor-widget-text-editor\" data-id=\"847af1f\" data-element_type=\"widget\" data-e-type=\"widget\" data-widget_type=\"text-editor.default\">\n\t\t\t\t<div class=\"elementor-widget-container\">\n\t\t\t\t\t\t\t\t\t<h4><strong>Informazioni sul necrologio:<\/strong><\/h4><h2><strong>Caremelite Priest Thomas Butler Dies<\/strong><\/h2><p>(13 giugno 2023; Darien, IL) La Provincia del Purissimo Cuore di Maria (PCM), Ordine dei Carmelitani, piange la morte del reverendo Thomas Butler, O. Carm., deceduto all'et\u00e0 di 97 anni marted\u00ec 13 giugno 2023.<\/p><p>Rosary and viewing for Reverend Thomas Butler, O. Carm., will be at 5:30 pm on Thursday, June 15, 2023, at St. Thomas the Apostle Parish, 5150 North Valley View Road, Tucson, AZ,\u00a0 85718. \u00a0Funeral Mass will be held the following day, Friday, June 16, 2023, at 10:00 am, also at St. Thomas the Apostle Parish. Immediately following Mass, interment will be at Holy Hope Cemetery, 3555 N Oracle Rd, Tucson, AZ 85705, immediately followed by a reception at Salpointe Catholic High School, 1545 E Copper St, Tucson, AZ 85719.<\/p><p>Thomas \u00e8 nato da Patrick Burnard Butler e Regina Ruth (Bradshaw) Butler il 17 febbraio 1926 a Pittsburgh, Pennsylvania. Il suo nome di battesimo era Thomas Burnard Butler. \u00c8 stato preceduto dai fratelli Paul, Jim, Jack, Patrick ed Edward e dalla sorella Mary Regina. Gli sopravvive la sorella Catherine Mooney.<\/p><p>Thomas ha frequentato la St. Paul Cathedral Grade School a Pittsburgh, Pennsylvania; la St. Boniface Grade School a Penn Station, Pennsylvania; e la St. Francis de Sales Grade School a McKee's Rocks, Pennsylvania. Ha frequentato il Seminario minore carmelitano di Niagara Falls, Ontario, ed \u00e8 poi entrato nel Noviziato carmelitano di New Baltimore, Pennsylvania. Ha professato i voti semplici come carmelitano il 15 agosto 1944, prendendo il nome religioso di Aidan. In seguito, ha studiato filosofia al Mount Carmel College di Niagara Falls, Ontario, e ha emesso la professione solenne con i Carmelitani il 28 settembre 1947. Ha frequentato Whitefriars Hall e la Catholic University of America a Washington, dove ha studiato teologia. Thomas \u00e8 stato ordinato sacerdote carmelitano il 6 giugno 1950. Ha proseguito gli studi presso la St. Bonaventure University di Olean, New York, e l'Universit\u00e0 dell'Arizona, a Tucson, Arizona.<\/p><p>Il primo incarico di padre Thomas \u00e8 stato nel 1951 come insegnante e assistente del direttore atletico alla Mount Carmel High School di Chicago, Illinois. Nel 1956 \u00e8 stato assegnato come insegnante e direttore sportivo alla Salpointe Catholic High School di Tucson, in Arizona. Nel 1963 \u00e8 stato per un anno parroco associato della parrocchia di St. Jane Frances de Chantal a North Hollywood, in California. Nel 1964 \u00e8 diventato parroco associato della parrocchia di Santa Cecilia, nonch\u00e9 insegnante e direttore sportivo della St. Cecilia High School di Englewood, nel New Jersey. Nel 1966 \u00e8 tornato alla Mount Carmel High School di Chicago, dove \u00e8 stato insegnante e direttore sportivo fino al 1969. In seguito ha insegnato per un anno alla Crespi Carmelite High School di Encino, in California, per poi diventare pastore associato della parrocchia di St. Leo a Pittsburgh, in Pennsylvania.<\/p><p>Nel 1975, padre Thomas \u00e8 diventato parroco associato per due anni presso la parrocchia di St. Albert a Houston, in Texas, per poi passare alla parrocchia di St. Bernadette a Houston nel 1977, prima come parroco associato fino al 1984 e poi come parroco fino al 1996. In seguito, \u00e8 diventato vicario parrocchiale presso la parrocchia di Our Lady of Mount Carmel a Louisville, nel Kentucky, dove ha prestato servizio per due anni. Nel 1998 si \u00e8 ritirato nel Priorato di Nostra Signora del Monte Carmelo a Tucson, in Arizona, dove \u00e8 rimasto fino alla morte.<\/p><p>Che riposi in pace.<\/p><p>Le donazioni in onore del reverendo Thomas Butler, O. Carm., possono essere fatte a: Societ\u00e0 del Monte Carmelo, 1317 North Frontage Road, Darien, Illinois, 60561.<\/p><p>Per ulteriori informazioni sul reverendo Thomas Butler, O. Carm. o sull'Ordine dei Carmelitani, contattare Carmelite Media al numero (630) 971-0724 o visitare il sito web dei Carmelitani all'indirizzo <a href=\"https:\/\/carmelites.net\/it\/\">www.carmelites.net<\/a>.<\/p>\t\t\t\t\t\t\t\t<\/div>\n\t\t\t\t<\/div>\n\t\t\t\t\t<\/div>\n\t\t<\/div>\n\t\t\t\t\t<\/div>\n\t\t<\/section>\n\t\t\t\t<section data-particle_enable=\"false\" data-particle-mobile-disabled=\"false\" class=\"elementor-section elementor-top-section elementor-element elementor-element-37c48ff elementor-section-stretched elementor-section-boxed elementor-section-height-default elementor-section-height-default\" data-id=\"37c48ff\" data-element_type=\"section\" data-e-type=\"section\" data-settings=\"{&quot;stretch_section&quot;:&quot;section-stretched&quot;}\">\n\t\t\t\t\t\t<div class=\"elementor-container elementor-column-gap-default\">\n\t\t\t\t\t<div class=\"elementor-column elementor-col-25 elementor-top-column elementor-element elementor-element-e40ba59\" data-id=\"e40ba59\" data-element_type=\"column\" data-e-type=\"column\">\n\t\t\t<div class=\"elementor-widget-wrap elementor-element-populated\">\n\t\t\t\t\t\t<div class=\"elementor-element elementor-element-5579ce6 elementor-widget elementor-widget-image\" data-id=\"5579ce6\" data-element_type=\"widget\" data-e-type=\"widget\" data-widget_type=\"image.default\">\n\t\t\t\t<div class=\"elementor-widget-container\">\n\t\t\t\t\t\t\t\t\t\t\t\t\t\t\t<img loading=\"lazy\" decoding=\"async\" width=\"450\" height=\"713\" src=\"https:\/\/carmelites.net\/wp-content\/uploads\/2023\/06\/Tom-Butler-Card-1.png\" class=\"attachment-large size-large wp-image-2160\" alt=\"\" srcset=\"https:\/\/carmelites.net\/wp-content\/uploads\/2023\/06\/Tom-Butler-Card-1.png 450w, https:\/\/carmelites.net\/wp-content\/uploads\/2023\/06\/Tom-Butler-Card-1-189x300.png 189w, https:\/\/carmelites.net\/wp-content\/uploads\/2023\/06\/Tom-Butler-Card-1-8x12.png 8w, https:\/\/carmelites.net\/wp-content\/uploads\/2023\/06\/Tom-Butler-Card-1-200x317.png 200w, https:\/\/carmelites.net\/wp-content\/uploads\/2023\/06\/Tom-Butler-Card-1-400x634.png 400w\" sizes=\"auto, (max-width: 450px) 100vw, 450px\" \/>\t\t\t\t\t\t\t\t\t\t\t\t\t\t\t<\/div>\n\t\t\t\t<\/div>\n\t\t\t\t\t<\/div>\n\t\t<\/div>\n\t\t\t\t<div class=\"elementor-column elementor-col-25 elementor-top-column elementor-element elementor-element-61cdfdb\" data-id=\"61cdfdb\" data-element_type=\"column\" data-e-type=\"column\">\n\t\t\t<div class=\"elementor-widget-wrap elementor-element-populated\">\n\t\t\t\t\t\t<div class=\"elementor-element elementor-element-1ac9bd8 elementor-widget elementor-widget-image\" data-id=\"1ac9bd8\" data-element_type=\"widget\" data-e-type=\"widget\" data-widget_type=\"image.default\">\n\t\t\t\t<div class=\"elementor-widget-container\">\n\t\t\t\t\t\t\t\t\t\t\t\t\t\t\t<img loading=\"lazy\" decoding=\"async\" width=\"424\" height=\"713\" src=\"https:\/\/carmelites.net\/wp-content\/uploads\/2023\/06\/Tom-Butler-Card-2.png\" class=\"attachment-large size-large wp-image-2161\" alt=\"\" srcset=\"https:\/\/carmelites.net\/wp-content\/uploads\/2023\/06\/Tom-Butler-Card-2.png 424w, https:\/\/carmelites.net\/wp-content\/uploads\/2023\/06\/Tom-Butler-Card-2-178x300.png 178w, https:\/\/carmelites.net\/wp-content\/uploads\/2023\/06\/Tom-Butler-Card-2-7x12.png 7w, https:\/\/carmelites.net\/wp-content\/uploads\/2023\/06\/Tom-Butler-Card-2-200x336.png 200w, https:\/\/carmelites.net\/wp-content\/uploads\/2023\/06\/Tom-Butler-Card-2-400x673.png 400w\" sizes=\"auto, (max-width: 424px) 100vw, 424px\" \/>\t\t\t\t\t\t\t\t\t\t\t\t\t\t\t<\/div>\n\t\t\t\t<\/div>\n\t\t\t\t\t<\/div>\n\t\t<\/div>\n\t\t\t\t<div class=\"elementor-column elementor-col-25 elementor-top-column elementor-element elementor-element-b11272a\" data-id=\"b11272a\" data-element_type=\"column\" data-e-type=\"column\">\n\t\t\t<div class=\"elementor-widget-wrap\">\n\t\t\t\t\t\t\t<\/div>\n\t\t<\/div>\n\t\t\t\t<div class=\"elementor-column elementor-col-25 elementor-top-column elementor-element elementor-element-d934cc2\" data-id=\"d934cc2\" data-element_type=\"column\" data-e-type=\"column\">\n\t\t\t<div class=\"elementor-widget-wrap\">\n\t\t\t\t\t\t\t<\/div>\n\t\t<\/div>\n\t\t\t\t\t<\/div>\n\t\t<\/section>\n\t\t\t\t<section data-particle_enable=\"false\" data-particle-mobile-disabled=\"false\" class=\"elementor-section elementor-top-section elementor-element elementor-element-4a25313 elementor-section-stretched elementor-section-boxed elementor-section-height-default elementor-section-height-default\" data-id=\"4a25313\" data-element_type=\"section\" data-e-type=\"section\" data-settings=\"{&quot;stretch_section&quot;:&quot;section-stretched&quot;}\">\n\t\t\t\t\t\t<div class=\"elementor-container elementor-column-gap-default\">\n\t\t\t\t\t<div class=\"elementor-column elementor-col-50 elementor-top-column elementor-element elementor-element-16d5344\" data-id=\"16d5344\" data-element_type=\"column\" data-e-type=\"column\">\n\t\t\t<div class=\"elementor-widget-wrap elementor-element-populated\">\n\t\t\t\t\t\t<div class=\"elementor-element elementor-element-f646558 elementor-widget elementor-widget-text-editor\" data-id=\"f646558\" data-element_type=\"widget\" data-e-type=\"widget\" data-widget_type=\"text-editor.default\">\n\t\t\t\t<div class=\"elementor-widget-container\">\n\t\t\t\t\t\t\t\t\t<h2>Celebrating 70 Years as a Carmelite<\/h2><p>By Carissa Krautscheid<\/p><p>The Reverend Thomas &#8220;Aidan&#8221; Butler, O.Carm., is celebrating 70 years as a Carmelite priest.\u00a0\u00a0Many of those years have been spent in support of Salpointe Catholic High School and living at Salpointe\u2019s Carmelite Priory.\u00a0<\/p><p>Fr. Tom joined the Carmelites at the age of 13 when he was encouraged by a nun to attend high school at the Carmelite Seminary in Niagara Falls, Ontario. Fr. Tom was ordained a priest on June 6, 1950, at the age of 24. He will turn 95 on February 17, 2021, and is the senior member of the Carmelite Province of the Most Pure Heart of Mary. Though not quite the oldest Carmelite, Fr. Tom has been a professed Carmelite longer than any other living member.<\/p><p>Throughout his life, Fr. Tom has been known to skydive, hunt, paint, photograph, and write more sermons than he can count. This remarkable priest has worked at 10 high schools and parishes across the country, leaving behind an amazing legacy everywhere he has gone.<\/p><p>Tom was born in Pittsburgh, PA, to a family of athletes. \u201cEveryone in the family played sports! My dad was a professional football player back before there were these big professional teams,\u201d says Fr. Tom. \u201cHe was known to be outstanding! My younger brother Jack played professional ball for the Pittsburgh Steelers and he was among their best.\u201d Jack Butler was inducted into the Pro Football Hall of Fame in 2012. The Butler family is still very close friends with the Rooney family, founders and owners of the Steelers, and Fr. Tom can often be seen sporting Steelers attire.\u00a0<\/p><p>Yes, the Butlers were a family of athletes, and Fr. Tom was no different. Athletics have always been important to Fr. Tom. \u201cWherever I was stationed with the Carmelites, I took athletics as a big part of my life,\u201d says Fr. Tom. \u201cIt was always my forte. I wanted to do the best I could. The kids gave me the inspiration to do my best. We did well wherever I was and won<br \/>championships.\u201d<\/p><p>As the Assistant Athletic Director at Mount Carmel High School, Chicago, in the 1950s, Fr. Tom was there \u201cduring the glory years when they won three city championships in a row. It was a blast.\u201d Later, as the Athletic Director, Fr. Tom led Mt. Carmel to two more city championships, in football and basketball, in the same year.<\/p><p>Fr. Tom came to Salpointe just three years after the Carmelites took over running the school. He served as Salpointe\u2019s Athletic Director from 1956 to 1962, when the Lancers also won many championships. Those years were among the highlights of his life. \u201cI had many\u00a0 appointments with the Carmelites,\u201d he said, \u201cbut Salpointe was one of the best of them.\u201d\u00a0<\/p><p>The Carmelites lived at Sacred Heart Church in military Quonset huts until 1956 when the Our Lady of Mt. Carmel Priory was built. Fr. Tom was the cross-bearer when Bishop Daniel Gercke came to bless the new Priory. \u201cWhen I arrived,\u201d he says, \u201cthere was hardly anything there at all!\u00a0\u00a0I watched the buildings come to life.\u201d During his time with the Lancers, Fr. Tom had a role in the\u00a0construction of the stadium, gymnasium and six tennis courts. New facilities were built and new traditions were formed.\u00a0<\/p><p>During his time at Salpointe, Fr. Tom taught geometry and religion. He also moderated the Lettermen\u2019s Club and coached track and cross country, often running alongside the students. In 1956 Fr. Tom helped to coach the cross country team to the school\u2019s first League and Division championships and he still receives letters from those athletes he coached over 60 years ago.\u00a0<\/p><p>Later, serving as the pastor of St. Bernadette Parish in Clear Lake, TX, Fr. Tom came to know many of the local astronauts and parishioners who worked for NASA. \u201cThey always took something of mine or the parish\u2019s up into space,\u201d he recalls. Fr. Tom sent the first Carmelite scapular into space. He also made the astronauts Eucharistic Ministers so they could give each other Holy Communion while in space. While offering the opening prayer at an annual Space Agency dinner, Fr. Tom mentioned \u201cthe first man on the moon.\u201d After dinner, a man approached and said, \u201cI am that first man on the moon.\u201d Fr. Tom was shaking hands with Neil Armstrong (Catholic Exchange, 2007).<\/p><p>During his time in Texas, Fr. Tom wrote a weekly article for the parish bulletin. One parishioner decided to collect two years of stories and sermons and publish them as a book, The Good Word, which continues to provide inspiration to readers today. Fr. Tom has copies of his countless sermons covering an entire wall in his room. He occasionally sends them off to friends or parishes and some have even been made available online, by popular demand, on the St. Thomas the Apostle Parish website.<\/p><p>Fr. Tom retired to Tucson in 1998 and, along with his friend Br. Tom Conlon, O.Carm., has attended every softball game and prayed with the team before every practice. He was inducted into Salpointe\u2019s Sports Hall of Fame in 1995 and remains one of the Lancers\u2019 greatest fans. \u201cI can\u2019t tell you how moved I was to be named to the Sports Hall of Fame,\u201d he said. \u201cI\u2019ll never forget that experience.\u201d<\/p><p>Fr. Tom\u2019s faith has been fueled by a lifelong devotion to the Blessed Virgin Mary. \u201cShe is the beginning and the end of everything,\u201d he says. \u201cI ask for her aid and help.\u201d<\/p><p>A man of many interests, Fr. Tom has also enjoyed photography and painting. He used to paint the members of his house and hang their images on the wall for them to see.<\/p><p>Always an avid sportsman, Fr. Tom used to take a jeep out to go hunting in the mountains with Br. Tom. \u201cThe Two Toms,\u201d as they became known around Tucson, also went skydiving together three times, back when solo skydiving was the only way to jump out of a plane. \u201cWe went skydiving until the Prior found out,\u201d he says with a chuckle. \u201cWe didn\u2019t go anymore after that.\u201d<\/p><p>Fr. Tom Butler has lived a long life, full of adventure and community. His energy and enthusiasm are remarkable after 70 faith-filled years as a Carmelite priest. When asked about the eventual journey to Heaven, Fr. Tom thought he might not become one of the well-known saints.\u00a0 Laughing, he said, \u201cI might just sneak in Heaven\u2019s back door.\u201d<\/p>\t\t\t\t\t\t\t\t<\/div>\n\t\t\t\t<\/div>\n\t\t\t\t\t<\/div>\n\t\t<\/div>\n\t\t\t\t<div class=\"elementor-column elementor-col-50 elementor-top-column elementor-element elementor-element-6649de1\" data-id=\"6649de1\" data-element_type=\"column\" data-e-type=\"column\">\n\t\t\t<div class=\"elementor-widget-wrap\">\n\t\t\t\t\t\t\t<\/div>\n\t\t<\/div>\n\t\t\t\t\t<\/div>\n\t\t<\/section>\n\t\t\t\t<section data-particle_enable=\"false\" data-particle-mobile-disabled=\"false\" class=\"elementor-section elementor-top-section elementor-element elementor-element-603badb elementor-section-boxed elementor-section-height-default elementor-section-height-default\" data-id=\"603badb\" data-element_type=\"section\" data-e-type=\"section\">\n\t\t\t\t\t\t<div class=\"elementor-container elementor-column-gap-default\">\n\t\t\t\t\t<div class=\"elementor-column elementor-col-50 elementor-top-column elementor-element elementor-element-a4f36b8\" data-id=\"a4f36b8\" data-element_type=\"column\" data-e-type=\"column\">\n\t\t\t<div class=\"elementor-widget-wrap elementor-element-populated\">\n\t\t\t\t\t\t<div class=\"elementor-element elementor-element-89069a9 elementor-align-center elementor-widget elementor-widget-button\" data-id=\"89069a9\" data-element_type=\"widget\" data-e-type=\"widget\" data-widget_type=\"button.default\">\n\t\t\t\t<div class=\"elementor-widget-container\">\n\t\t\t\t\t\t\t\t\t<div class=\"elementor-button-wrapper\">\n\t\t\t\t\t<a class=\"elementor-button elementor-button-link elementor-size-sm\" href=\"https:\/\/carmelites.net\/it\/friars-of-pcm\/\">\n\t\t\t\t\t\t<span class=\"elementor-button-content-wrapper\">\n\t\t\t\t\t\t\t\t\t<span class=\"elementor-button-text\">Ritorno a tutti i frati<\/span>\n\t\t\t\t\t<\/span>\n\t\t\t\t\t<\/a>\n\t\t\t\t<\/div>\n\t\t\t\t\t\t\t\t<\/div>\n\t\t\t\t<\/div>\n\t\t\t\t\t<\/div>\n\t\t<\/div>\n\t\t\t\t<div class=\"elementor-column elementor-col-50 elementor-top-column elementor-element elementor-element-26759e1\" data-id=\"26759e1\" data-element_type=\"column\" data-e-type=\"column\">\n\t\t\t<div class=\"elementor-widget-wrap elementor-element-populated\">\n\t\t\t\t\t\t\t<\/div>\n\t\t<\/div>\n\t\t\t\t\t<\/div>\n\t\t<\/section>\n\t\t\t\t<\/div>","protected":false},"excerpt":{"rendered":"<p>https:\/\/carmelites.net\/wp-content\/uploads\/2023\/06\/Tom-Butler-70-OCarm-1.mp4 Obituary Info: Caremelite Priest Thomas Butler Dies (June 13, 2023; Darien, IL) The Province of the Most Pure Heart of Mary (PCM), Order of Carmelites, mourns the death of [&hellip;]<\/p>\n","protected":false},"author":1,"featured_media":27348,"comment_status":"closed","ping_status":"open","sticky":false,"template":"","format":"standard","meta":{"rs_blank_template":"","rs_page_bg_color":"","slide_template_v7":"","_analytify_skip_tracking":false,"footnotes":""},"categories":[257],"tags":[38],"class_list":["post-27346","post","type-post","status-publish","format-standard","has-post-thumbnail","hentry","category-obituary","tag-b"],"aioseo_notices":[],"aioseo_head":"\n\t\t<!-- All in One SEO Pro 5.0.1.1 - aioseo.com -->\n\t<meta name=\"description\" content=\"Obituary Info:Caremelite Priest Thomas Butler Dies(June 13, 2023; Darien, IL) The Province of the Most Pure Heart of Mary (PCM), Order of Carmelites, mourns the death of the Reverend Thomas Butler, O. Carm., who died at the age of 97 on Tuesday, June 13, 2023.Rosary and viewing for Reverend Thomas Butler, O. Carm., will be\" \/>\n\t<meta name=\"robots\" content=\"max-image-preview:large\" \/>\n\t<meta name=\"author\" content=\"admin\"\/>\n\t<link rel=\"canonical\" href=\"https:\/\/carmelites.net\/it\/obituary\/butler-o-carm-thomas\/\" \/>\n\t<meta name=\"generator\" content=\"All in One SEO Pro (AIOSEO) 5.0.1.1\" \/>\n\t\t<meta property=\"og:locale\" content=\"it_IT\" \/>\n\t\t<meta property=\"og:site_name\" content=\"Order of Carmelites - Province of the Most Pure Heart of Mary\" \/>\n\t\t<meta property=\"og:type\" content=\"article\" \/>\n\t\t<meta property=\"og:title\" content=\"BUTLER, O.Carm., Thomas - Order of Carmelites\" \/>\n\t\t<meta property=\"og:description\" content=\"Obituary Info:Caremelite Priest Thomas Butler Dies(June 13, 2023; Darien, IL) The Province of the Most Pure Heart of Mary (PCM), Order of Carmelites, mourns the death of the Reverend Thomas Butler, O. Carm., who died at the age of 97 on Tuesday, June 13, 2023.Rosary and viewing for Reverend Thomas Butler, O. Carm., will be\" \/>\n\t\t<meta property=\"og:url\" content=\"https:\/\/carmelites.net\/it\/obituary\/butler-o-carm-thomas\/\" \/>\n\t\t<meta property=\"og:image\" content=\"https:\/\/carmelites.net\/wp-content\/uploads\/2021\/07\/logo100.png\" \/>\n\t\t<meta property=\"og:image:secure_url\" content=\"https:\/\/carmelites.net\/wp-content\/uploads\/2021\/07\/logo100.png\" \/>\n\t\t<meta property=\"article:published_time\" content=\"2023-06-13T20:06:50+00:00\" \/>\n\t\t<meta property=\"article:modified_time\" content=\"2026-08-31T23:10:29+00:00\" \/>\n\t\t<meta property=\"article:publisher\" content=\"https:\/\/www.facebook.com\/Carmelites\/\" \/>\n\t\t<meta name=\"twitter:card\" content=\"summary_large_image\" \/>\n\t\t<meta name=\"twitter:title\" content=\"BUTLER, O.Carm., Thomas - Order of Carmelites\" \/>\n\t\t<meta name=\"twitter:description\" content=\"Obituary Info:Caremelite Priest Thomas Butler Dies(June 13, 2023; Darien, IL) The Province of the Most Pure Heart of Mary (PCM), Order of Carmelites, mourns the death of the Reverend Thomas Butler, O. Carm., who died at the age of 97 on Tuesday, June 13, 2023.Rosary and viewing for Reverend Thomas Butler, O. Carm., will be\" \/>\n\t\t<meta name=\"twitter:image\" content=\"https:\/\/carmelites.net\/wp-content\/uploads\/2021\/07\/logo100.png\" \/>\n\t\t<script type=\"application\/ld+json\" class=\"aioseo-schema\">\n\t\t\t{\"@context\":\"https:\\\/\\\/schema.org\",\"@graph\":[{\"@type\":\"BlogPosting\",\"@id\":\"https:\\\/\\\/carmelites.net\\\/it\\\/obituary\\\/butler-o-carm-thomas\\\/#blogposting\",\"name\":\"BUTLER, O.Carm., Thomas - Order of Carmelites\",\"headline\":\"BUTLER, O.Carm., Thomas\",\"author\":{\"@id\":\"https:\\\/\\\/carmelites.net\\\/it\\\/author\\\/admin\\\/#author\"},\"publisher\":{\"@id\":\"https:\\\/\\\/carmelites.net\\\/it\\\/#organization\"},\"image\":{\"@type\":\"ImageObject\",\"url\":\"https:\\\/\\\/carmelites.net\\\/wp-content\\\/uploads\\\/2023\\\/06\\\/Butler-600.jpg\",\"width\":600,\"height\":600},\"datePublished\":\"2023-06-13T15:06:50-05:00\",\"dateModified\":\"2026-08-31T18:10:29-05:00\",\"inLanguage\":\"it-IT\",\"mainEntityOfPage\":{\"@id\":\"https:\\\/\\\/carmelites.net\\\/it\\\/obituary\\\/butler-o-carm-thomas\\\/#webpage\"},\"isPartOf\":{\"@id\":\"https:\\\/\\\/carmelites.net\\\/it\\\/obituary\\\/butler-o-carm-thomas\\\/#webpage\"},\"articleSection\":\"Obituary, B\"},{\"@type\":\"BreadcrumbList\",\"@id\":\"https:\\\/\\\/carmelites.net\\\/it\\\/obituary\\\/butler-o-carm-thomas\\\/#breadcrumblist\",\"itemListElement\":[{\"@type\":\"ListItem\",\"@id\":\"https:\\\/\\\/carmelites.net\\\/it#listItem\",\"position\":1,\"name\":\"Home\",\"item\":\"https:\\\/\\\/carmelites.net\\\/it\",\"nextItem\":{\"@type\":\"ListItem\",\"@id\":\"https:\\\/\\\/carmelites.net\\\/it\\\/category\\\/obituary\\\/#listItem\",\"name\":\"Obituary\"}},{\"@type\":\"ListItem\",\"@id\":\"https:\\\/\\\/carmelites.net\\\/it\\\/category\\\/obituary\\\/#listItem\",\"position\":2,\"name\":\"Obituary\",\"item\":\"https:\\\/\\\/carmelites.net\\\/it\\\/category\\\/obituary\\\/\",\"nextItem\":{\"@type\":\"ListItem\",\"@id\":\"https:\\\/\\\/carmelites.net\\\/it\\\/obituary\\\/butler-o-carm-thomas\\\/#listItem\",\"name\":\"BUTLER, O.Carm., Thomas\"},\"previousItem\":{\"@type\":\"ListItem\",\"@id\":\"https:\\\/\\\/carmelites.net\\\/it#listItem\",\"name\":\"Home\"}},{\"@type\":\"ListItem\",\"@id\":\"https:\\\/\\\/carmelites.net\\\/it\\\/obituary\\\/butler-o-carm-thomas\\\/#listItem\",\"position\":3,\"name\":\"BUTLER, O.Carm., Thomas\",\"previousItem\":{\"@type\":\"ListItem\",\"@id\":\"https:\\\/\\\/carmelites.net\\\/it\\\/category\\\/obituary\\\/#listItem\",\"name\":\"Obituary\"}}]},{\"@type\":\"Organization\",\"@id\":\"https:\\\/\\\/carmelites.net\\\/it\\\/#organization\",\"name\":\"Order of Carmelites\",\"description\":\"Province of the Most Pure Heart of Mary\",\"url\":\"https:\\\/\\\/carmelites.net\\\/it\\\/\",\"telephone\":\"+16309710050\",\"logo\":{\"@type\":\"ImageObject\",\"url\":\"https:\\\/\\\/carmelites.net\\\/wp-content\\\/uploads\\\/2021\\\/07\\\/logo100.png\",\"@id\":\"https:\\\/\\\/carmelites.net\\\/it\\\/obituary\\\/butler-o-carm-thomas\\\/#organizationLogo\",\"width\":345,\"height\":100},\"image\":{\"@id\":\"https:\\\/\\\/carmelites.net\\\/it\\\/obituary\\\/butler-o-carm-thomas\\\/#organizationLogo\"},\"sameAs\":[\"https:\\\/\\\/www.facebook.com\\\/Carmelites\\\/\",\"https:\\\/\\\/www.instagram.com\\\/carmelites\\\/\",\"https:\\\/\\\/www.youtube.com\\\/@CarmelitesPCM\"]},{\"@type\":\"Person\",\"@id\":\"https:\\\/\\\/carmelites.net\\\/it\\\/author\\\/admin\\\/#author\",\"url\":\"https:\\\/\\\/carmelites.net\\\/it\\\/author\\\/admin\\\/\",\"name\":\"admin\",\"image\":{\"@type\":\"ImageObject\",\"@id\":\"https:\\\/\\\/carmelites.net\\\/it\\\/obituary\\\/butler-o-carm-thomas\\\/#authorImage\",\"url\":\"https:\\\/\\\/secure.gravatar.com\\\/avatar\\\/a8fa05500bcb02ce406479cff4229916c15cb0289e690ce56eb0734dec206058?s=96&d=mm&r=g\",\"width\":96,\"height\":96,\"caption\":\"admin\"}},{\"@type\":\"WebPage\",\"@id\":\"https:\\\/\\\/carmelites.net\\\/it\\\/obituary\\\/butler-o-carm-thomas\\\/#webpage\",\"url\":\"https:\\\/\\\/carmelites.net\\\/it\\\/obituary\\\/butler-o-carm-thomas\\\/\",\"name\":\"BUTLER, O.Carm., Thomas - Order of Carmelites\",\"description\":\"Obituary Info:Caremelite Priest Thomas Butler Dies(June 13, 2023; Darien, IL) The Province of the Most Pure Heart of Mary (PCM), Order of Carmelites, mourns the death of the Reverend Thomas Butler, O. Carm., who died at the age of 97 on Tuesday, June 13, 2023.Rosary and viewing for Reverend Thomas Butler, O. Carm., will be\",\"inLanguage\":\"it-IT\",\"isPartOf\":{\"@id\":\"https:\\\/\\\/carmelites.net\\\/it\\\/#website\"},\"breadcrumb\":{\"@id\":\"https:\\\/\\\/carmelites.net\\\/it\\\/obituary\\\/butler-o-carm-thomas\\\/#breadcrumblist\"},\"author\":{\"@id\":\"https:\\\/\\\/carmelites.net\\\/it\\\/author\\\/admin\\\/#author\"},\"creator\":{\"@id\":\"https:\\\/\\\/carmelites.net\\\/it\\\/author\\\/admin\\\/#author\"},\"image\":{\"@type\":\"ImageObject\",\"url\":\"https:\\\/\\\/carmelites.net\\\/wp-content\\\/uploads\\\/2023\\\/06\\\/Butler-600.jpg\",\"@id\":\"https:\\\/\\\/carmelites.net\\\/it\\\/obituary\\\/butler-o-carm-thomas\\\/#mainImage\",\"width\":600,\"height\":600},\"primaryImageOfPage\":{\"@id\":\"https:\\\/\\\/carmelites.net\\\/it\\\/obituary\\\/butler-o-carm-thomas\\\/#mainImage\"},\"datePublished\":\"2023-06-13T15:06:50-05:00\",\"dateModified\":\"2026-08-31T18:10:29-05:00\"},{\"@type\":\"WebSite\",\"@id\":\"https:\\\/\\\/carmelites.net\\\/it\\\/#website\",\"url\":\"https:\\\/\\\/carmelites.net\\\/it\\\/\",\"name\":\"Order of Carmelites\",\"description\":\"Province of the Most Pure Heart of Mary\",\"inLanguage\":\"it-IT\",\"publisher\":{\"@id\":\"https:\\\/\\\/carmelites.net\\\/it\\\/#organization\"}}]}\n\t\t<\/script>\n\t\t<!-- All in One SEO Pro -->\r\n\t\t<title>BUTLER, O.Carm., Thomas - Order of Carmelites<\/title>\n\n","aioseo_head_json":{"title":"BUTLER, O.Carm., Thomas - Order of Carmelites","description":"Obituary Info:Caremelite Priest Thomas Butler Dies(June 13, 2023; Darien, IL) The Province of the Most Pure Heart of Mary (PCM), Order of Carmelites, mourns the death of the Reverend Thomas Butler, O. Carm., who died at the age of 97 on Tuesday, June 13, 2023.Rosary and viewing for Reverend Thomas Butler, O. Carm., will be","canonical_url":"https:\/\/carmelites.net\/it\/obituary\/butler-o-carm-thomas\/","robots":"max-image-preview:large","keywords":"","webmasterTools":{"miscellaneous":""},"schema":{"@context":"https:\/\/schema.org","@graph":[{"@type":"BlogPosting","@id":"https:\/\/carmelites.net\/it\/obituary\/butler-o-carm-thomas\/#blogposting","name":"BUTLER, O.Carm., Thomas - Order of Carmelites","headline":"BUTLER, O.Carm., Thomas","author":{"@id":"https:\/\/carmelites.net\/it\/author\/admin\/#author"},"publisher":{"@id":"https:\/\/carmelites.net\/it\/#organization"},"image":{"@type":"ImageObject","url":"https:\/\/carmelites.net\/wp-content\/uploads\/2023\/06\/Butler-600.jpg","width":600,"height":600},"datePublished":"2023-06-13T15:06:50-05:00","dateModified":"2026-08-31T18:10:29-05:00","inLanguage":"it-IT","mainEntityOfPage":{"@id":"https:\/\/carmelites.net\/it\/obituary\/butler-o-carm-thomas\/#webpage"},"isPartOf":{"@id":"https:\/\/carmelites.net\/it\/obituary\/butler-o-carm-thomas\/#webpage"},"articleSection":"Obituary, B"},{"@type":"BreadcrumbList","@id":"https:\/\/carmelites.net\/it\/obituary\/butler-o-carm-thomas\/#breadcrumblist","itemListElement":[{"@type":"ListItem","@id":"https:\/\/carmelites.net\/it#listItem","position":1,"name":"Home","item":"https:\/\/carmelites.net\/it","nextItem":{"@type":"ListItem","@id":"https:\/\/carmelites.net\/it\/category\/obituary\/#listItem","name":"Obituary"}},{"@type":"ListItem","@id":"https:\/\/carmelites.net\/it\/category\/obituary\/#listItem","position":2,"name":"Obituary","item":"https:\/\/carmelites.net\/it\/category\/obituary\/","nextItem":{"@type":"ListItem","@id":"https:\/\/carmelites.net\/it\/obituary\/butler-o-carm-thomas\/#listItem","name":"BUTLER, O.Carm., Thomas"},"previousItem":{"@type":"ListItem","@id":"https:\/\/carmelites.net\/it#listItem","name":"Home"}},{"@type":"ListItem","@id":"https:\/\/carmelites.net\/it\/obituary\/butler-o-carm-thomas\/#listItem","position":3,"name":"BUTLER, O.Carm., Thomas","previousItem":{"@type":"ListItem","@id":"https:\/\/carmelites.net\/it\/category\/obituary\/#listItem","name":"Obituary"}}]},{"@type":"Organization","@id":"https:\/\/carmelites.net\/it\/#organization","name":"Order of Carmelites","description":"Province of the Most Pure Heart of Mary","url":"https:\/\/carmelites.net\/it\/","telephone":"+16309710050","logo":{"@type":"ImageObject","url":"https:\/\/carmelites.net\/wp-content\/uploads\/2021\/07\/logo100.png","@id":"https:\/\/carmelites.net\/it\/obituary\/butler-o-carm-thomas\/#organizationLogo","width":345,"height":100},"image":{"@id":"https:\/\/carmelites.net\/it\/obituary\/butler-o-carm-thomas\/#organizationLogo"},"sameAs":["https:\/\/www.facebook.com\/Carmelites\/","https:\/\/www.instagram.com\/carmelites\/","https:\/\/www.youtube.com\/@CarmelitesPCM"]},{"@type":"Person","@id":"https:\/\/carmelites.net\/it\/author\/admin\/#author","url":"https:\/\/carmelites.net\/it\/author\/admin\/","name":"admin","image":{"@type":"ImageObject","@id":"https:\/\/carmelites.net\/it\/obituary\/butler-o-carm-thomas\/#authorImage","url":"https:\/\/secure.gravatar.com\/avatar\/a8fa05500bcb02ce406479cff4229916c15cb0289e690ce56eb0734dec206058?s=96&d=mm&r=g","width":96,"height":96,"caption":"admin"}},{"@type":"WebPage","@id":"https:\/\/carmelites.net\/it\/obituary\/butler-o-carm-thomas\/#webpage","url":"https:\/\/carmelites.net\/it\/obituary\/butler-o-carm-thomas\/","name":"BUTLER, O.Carm., Thomas - Order of Carmelites","description":"Obituary Info:Caremelite Priest Thomas Butler Dies(June 13, 2023; Darien, IL) The Province of the Most Pure Heart of Mary (PCM), Order of Carmelites, mourns the death of the Reverend Thomas Butler, O. Carm., who died at the age of 97 on Tuesday, June 13, 2023.Rosary and viewing for Reverend Thomas Butler, O. Carm., will be","inLanguage":"it-IT","isPartOf":{"@id":"https:\/\/carmelites.net\/it\/#website"},"breadcrumb":{"@id":"https:\/\/carmelites.net\/it\/obituary\/butler-o-carm-thomas\/#breadcrumblist"},"author":{"@id":"https:\/\/carmelites.net\/it\/author\/admin\/#author"},"creator":{"@id":"https:\/\/carmelites.net\/it\/author\/admin\/#author"},"image":{"@type":"ImageObject","url":"https:\/\/carmelites.net\/wp-content\/uploads\/2023\/06\/Butler-600.jpg","@id":"https:\/\/carmelites.net\/it\/obituary\/butler-o-carm-thomas\/#mainImage","width":600,"height":600},"primaryImageOfPage":{"@id":"https:\/\/carmelites.net\/it\/obituary\/butler-o-carm-thomas\/#mainImage"},"datePublished":"2023-06-13T15:06:50-05:00","dateModified":"2026-08-31T18:10:29-05:00"},{"@type":"WebSite","@id":"https:\/\/carmelites.net\/it\/#website","url":"https:\/\/carmelites.net\/it\/","name":"Order of Carmelites","description":"Province of the Most Pure Heart of Mary","inLanguage":"it-IT","publisher":{"@id":"https:\/\/carmelites.net\/it\/#organization"}}]},"og:locale":"it_IT","og:site_name":"Order of Carmelites - Province of the Most Pure Heart of Mary","og:type":"article","og:title":"BUTLER, O.Carm., Thomas - Order of Carmelites","og:description":"Obituary Info:Caremelite Priest Thomas Butler Dies(June 13, 2023; Darien, IL) The Province of the Most Pure Heart of Mary (PCM), Order of Carmelites, mourns the death of the Reverend Thomas Butler, O. Carm., who died at the age of 97 on Tuesday, June 13, 2023.Rosary and viewing for Reverend Thomas Butler, O. Carm., will be","og:url":"https:\/\/carmelites.net\/it\/obituary\/butler-o-carm-thomas\/","og:image":"https:\/\/carmelites.net\/wp-content\/uploads\/2021\/07\/logo100.png","og:image:secure_url":"https:\/\/carmelites.net\/wp-content\/uploads\/2021\/07\/logo100.png","article:published_time":"2023-06-13T20:06:50+00:00","article:modified_time":"2026-08-31T23:10:29+00:00","article:publisher":"https:\/\/www.facebook.com\/Carmelites\/","twitter:card":"summary_large_image","twitter:title":"BUTLER, O.Carm., Thomas - Order of Carmelites","twitter:description":"Obituary Info:Caremelite Priest Thomas Butler Dies(June 13, 2023; Darien, IL) The Province of the Most Pure Heart of Mary (PCM), Order of Carmelites, mourns the death of the Reverend Thomas Butler, O. Carm., who died at the age of 97 on Tuesday, June 13, 2023.Rosary and viewing for Reverend Thomas Butler, O. Carm., will be","twitter:image":"https:\/\/carmelites.net\/wp-content\/uploads\/2021\/07\/logo100.png"},"aioseo_meta_data":{"post_id":"27346","title":null,"description":null,"keywords":null,"keyphrases":{"focus":[],"additional":[]},"primary_term":null,"canonical_url":null,"og_title":null,"og_description":null,"og_object_type":"default","og_image_type":"default","og_image_url":null,"og_image_width":null,"og_image_height":null,"og_image_custom_url":null,"og_image_custom_fields":null,"og_video":null,"og_custom_url":null,"og_article_section":null,"og_article_tags":null,"twitter_use_og":false,"twitter_card":"default","twitter_image_type":"default","twitter_image_url":null,"twitter_image_custom_url":null,"twitter_image_custom_fields":null,"twitter_title":null,"twitter_description":null,"schema":{"blockGraphs":[],"customGraphs":[],"default":{"data":{"Article":[],"Course":[],"Dataset":[],"FAQPage":[],"Movie":[],"Person":[],"Product":[],"ProductReview":[],"Car":[],"Recipe":[],"Service":[],"SoftwareApplication":[],"WebPage":[]},"graphName":"","isEnabled":true},"graphs":[]},"schema_type":"default","schema_type_options":null,"pillar_content":false,"robots_default":true,"robots_noindex":false,"robots_noarchive":false,"robots_nosnippet":false,"robots_nofollow":false,"robots_noimageindex":false,"robots_noodp":false,"robots_notranslate":false,"robots_max_snippet":null,"robots_max_videopreview":null,"robots_max_imagepreview":"large","priority":null,"frequency":null,"local_seo":null,"seo_analyzer_scan_date":"2026-08-31 23:10:41","breadcrumb_settings":null,"limit_modified_date":false,"reviewed_by":null,"open_ai":null,"ai":null,"created":"2026-08-31 20:06:50","updated":"2026-08-31 23:17:39","focus_keyword":null,"additional_keywords":null,"truseo_locale":null},"aioseo_breadcrumb":"<div class=\"aioseo-breadcrumbs\"><span class=\"aioseo-breadcrumb\">\n\t<a href=\"https:\/\/carmelites.net\/it\" title=\"Home\">Home<\/a>\n<\/span><span class=\"aioseo-breadcrumb-separator\">&raquo;<\/span><span class=\"aioseo-breadcrumb\">\n\t<a href=\"https:\/\/carmelites.net\/it\/category\/obituary\/\" title=\"Obituary\">Obituary<\/a>\n<\/span><span class=\"aioseo-breadcrumb-separator\">&raquo;<\/span><span class=\"aioseo-breadcrumb\">\n\tBUTLER, O.Carm., Thomas\n<\/span><\/div>","aioseo_breadcrumb_json":[{"label":"Home","link":"https:\/\/carmelites.net\/it"},{"label":"Obituary","link":"https:\/\/carmelites.net\/it\/category\/obituary\/"},{"label":"BUTLER, O.Carm., Thomas","link":"https:\/\/carmelites.net\/it\/obituary\/butler-o-carm-thomas\/"}],"_links":{"self":[{"href":"https:\/\/carmelites.net\/it\/wp-json\/wp\/v2\/posts\/27346","targetHints":{"allow":["GET"]}}],"collection":[{"href":"https:\/\/carmelites.net\/it\/wp-json\/wp\/v2\/posts"}],"about":[{"href":"https:\/\/carmelites.net\/it\/wp-json\/wp\/v2\/types\/post"}],"author":[{"embeddable":true,"href":"https:\/\/carmelites.net\/it\/wp-json\/wp\/v2\/users\/1"}],"replies":[{"embeddable":true,"href":"https:\/\/carmelites.net\/it\/wp-json\/wp\/v2\/comments?post=27346"}],"version-history":[{"count":46,"href":"https:\/\/carmelites.net\/it\/wp-json\/wp\/v2\/posts\/27346\/revisions"}],"predecessor-version":[{"id":27405,"href":"https:\/\/carmelites.net\/it\/wp-json\/wp\/v2\/posts\/27346\/revisions\/27405"}],"wp:featuredmedia":[{"embeddable":true,"href":"https:\/\/carmelites.net\/it\/wp-json\/wp\/v2\/media\/27348"}],"wp:attachment":[{"href":"https:\/\/carmelites.net\/it\/wp-json\/wp\/v2\/media?parent=27346"}],"wp:term":[{"taxonomy":"category","embeddable":true,"href":"https:\/\/carmelites.net\/it\/wp-json\/wp\/v2\/categories?post=27346"},{"taxonomy":"post_tag","embeddable":true,"href":"https:\/\/carmelites.net\/it\/wp-json\/wp\/v2\/tags?post=27346"}],"curies":[{"name":"wp","href":"https:\/\/api.w.org\/{rel}","templated":true}]}}