{"id":22862,"date":"2026-01-05T09:08:41","date_gmt":"2026-01-05T15:08:41","guid":{"rendered":"https:\/\/carmelites.net\/?p=22862"},"modified":"2026-01-05T14:40:31","modified_gmt":"2026-01-05T20:40:31","slug":"newsletter-for-january-2026-no-12","status":"publish","type":"post","link":"https:\/\/carmelites.net\/it\/laudato-si\/newsletter-for-january-2026-no-12\/","title":{"rendered":"Newsletter per gennaio 2026, n. 12"},"content":{"rendered":"<div data-elementor-type=\"wp-post\" data-elementor-id=\"22862\" class=\"elementor elementor-22862\" data-elementor-post-type=\"post\">\n\t\t\t\t<div data-particle_enable=\"false\" data-particle-mobile-disabled=\"false\" class=\"elementor-element elementor-element-c1eb727 e-flex e-con-boxed e-con e-parent\" data-id=\"c1eb727\" data-element_type=\"container\" data-e-type=\"container\" data-settings=\"{&quot;background_background&quot;:&quot;classic&quot;}\">\n\t\t\t\t\t<div class=\"e-con-inner\">\n\t\t\t\t<div class=\"elementor-element elementor-element-f477680 elementor-widget elementor-widget-image\" data-id=\"f477680\" data-element_type=\"widget\" data-e-type=\"widget\" data-widget_type=\"image.default\">\n\t\t\t\t<div class=\"elementor-widget-container\">\n\t\t\t\t\t\t\t\t\t\t\t\t\t\t\t<img loading=\"lazy\" decoding=\"async\" width=\"800\" height=\"359\" src=\"https:\/\/carmelites.net\/wp-content\/uploads\/2025\/03\/English1200-1024x460.png\" class=\"attachment-large size-large wp-image-19783\" alt=\"\" srcset=\"https:\/\/carmelites.net\/wp-content\/uploads\/2025\/03\/English1200-1024x460.png 1024w, https:\/\/carmelites.net\/wp-content\/uploads\/2025\/03\/English1200-300x135.png 300w, https:\/\/carmelites.net\/wp-content\/uploads\/2025\/03\/English1200-768x345.png 768w, https:\/\/carmelites.net\/wp-content\/uploads\/2025\/03\/English1200-18x8.png 18w, https:\/\/carmelites.net\/wp-content\/uploads\/2025\/03\/English1200.png 1200w\" sizes=\"auto, (max-width: 800px) 100vw, 800px\" \/>\t\t\t\t\t\t\t\t\t\t\t\t\t\t\t<\/div>\n\t\t\t\t<\/div>\n\t\t\t\t<div class=\"elementor-element elementor-element-5861f7a elementor-widget elementor-widget-text-editor\" data-id=\"5861f7a\" data-element_type=\"widget\" data-e-type=\"widget\" data-widget_type=\"text-editor.default\">\n\t\t\t\t<div class=\"elementor-widget-container\">\n\t\t\t\t\t\t\t\t\t<h3 style=\"text-align: center;\"><strong>Newsletter del Piano d'azione Laudato Si\u2019 per gennaio 2026, n. 12<\/strong><\/h3>\t\t\t\t\t\t\t\t<\/div>\n\t\t\t\t<\/div>\n\t\t\t\t<div class=\"elementor-element elementor-element-87ba131 elementor-widget elementor-widget-text-editor\" data-id=\"87ba131\" data-element_type=\"widget\" data-e-type=\"widget\" data-widget_type=\"text-editor.default\">\n\t\t\t\t<div class=\"elementor-widget-container\">\n\t\t\t\t\t\t\t\t\t<p><em>Benvenuti alla dodicesima edizione della Newsletter del Piano d'Azione Laudato Si\u2019 della Provincia Carmelitana PCM. Questa newsletter elettronica ha lo scopo di informare i membri e i partner di questa provincia sul nostro impegno collettivo a vivere i valori della Laudato Si\u2019 - ascoltare e rispondere alle grida della terra e alle grida dei poveri. <\/em><\/p>\t\t\t\t\t\t\t\t<\/div>\n\t\t\t\t<\/div>\n\t\t\t\t<div class=\"elementor-element elementor-element-0d26939 elementor-widget elementor-widget-text-editor\" data-id=\"0d26939\" data-element_type=\"widget\" data-e-type=\"widget\" data-widget_type=\"text-editor.default\">\n\t\t\t\t<div class=\"elementor-widget-container\">\n\t\t\t\t\t\t\t\t\t<p><strong>Nota del coordinatore del Piano d'azione Laudato Si\u2019:<\/strong> <em>Laudato Si'<\/em> \u00e8 comunemente definita come la \u201cenciclica ambientale\u201d. Ci\u00f2 \u00e8 comprensibile, poich\u00e9 \u00e8 unica nella storia della Chiesa per il suo messaggio potente e completo che sostiene l'adozione di misure contro il cambiamento climatico e altre sfide ambientali.\u00a0 Tuttavia, l'enciclica non riguarda solo le questioni ecologiche, ma anche la cura del creato in senso lato. Dobbiamo prenderci cura gli uni degli altri, cos\u00ec come della nostra casa comune. Dobbiamo ascoltare le grida della terra e le grida dei poveri. Ecco perch\u00e9 queste newsletter affrontano una serie di questioni sociali e ambientali. Questo numero della newsletter non fa eccezione.\u00a0 Questo mese include informazioni sulla recente conferenza internazionale sui cambiamenti climatici nota come \u201cCOP 30\u201d, ma tratta anche il tema della migrazione, la dura risposta politica a cui stiamo assistendo e l'appello della nostra Chiesa alla compassione e all'accompagnamento. Vi invito a leggere queste pagine, a riflettere e a pregare, e poi ad agire in ogni modo possibile per promuovere la causa della giustizia, della pace e dell'amore. Grazie. \u2013 Dennis Kalob<\/p>\t\t\t\t\t\t\t\t<\/div>\n\t\t\t\t<\/div>\n\t\t\t\t<div class=\"elementor-element elementor-element-6f236e8 elementor-widget-divider--view-line elementor-widget elementor-widget-divider\" data-id=\"6f236e8\" data-element_type=\"widget\" data-e-type=\"widget\" data-widget_type=\"divider.default\">\n\t\t\t\t<div class=\"elementor-widget-container\">\n\t\t\t\t\t\t\t<div class=\"elementor-divider\">\n\t\t\t<span class=\"elementor-divider-separator\">\n\t\t\t\t\t\t<\/span>\n\t\t<\/div>\n\t\t\t\t\t\t<\/div>\n\t\t\t\t<\/div>\n\t\t\t\t<div class=\"elementor-element elementor-element-cdf3903 elementor-widget elementor-widget-text-editor\" data-id=\"cdf3903\" data-element_type=\"widget\" data-e-type=\"widget\" data-widget_type=\"text-editor.default\">\n\t\t\t\t<div class=\"elementor-widget-container\">\n\t\t\t\t\t\t\t\t\t<h5><em><strong>\u201cAvete tra le mani un compito molto importante: accompagnare coloro che hanno bisogno di un segno che Dio non abbandona mai nessuno, n\u00e9 il pi\u00f9 piccolo, n\u00e9 il pi\u00f9 povero, n\u00e9 lo straniero, n\u00e9 nessuno\u201d. \u2013 Papa Leone XIV<\/strong><\/em><\/h5>\t\t\t\t\t\t\t\t<\/div>\n\t\t\t\t<\/div>\n\t\t\t\t\t<\/div>\n\t\t\t\t<\/div>\n\t\t<div data-particle_enable=\"false\" data-particle-mobile-disabled=\"false\" class=\"elementor-element elementor-element-68f7745 e-flex e-con-boxed e-con e-parent\" data-id=\"68f7745\" data-element_type=\"container\" data-e-type=\"container\">\n\t\t\t\t\t<div class=\"e-con-inner\">\n\t\t<div data-particle_enable=\"false\" data-particle-mobile-disabled=\"false\" class=\"elementor-element elementor-element-03314b4 e-con-full e-flex e-con e-child\" data-id=\"03314b4\" data-element_type=\"container\" data-e-type=\"container\">\n\t\t\t\t<div class=\"elementor-element elementor-element-d9e66c1 elementor-widget-divider--view-line elementor-widget elementor-widget-divider\" data-id=\"d9e66c1\" data-element_type=\"widget\" data-e-type=\"widget\" data-widget_type=\"divider.default\">\n\t\t\t\t<div class=\"elementor-widget-container\">\n\t\t\t\t\t\t\t<div class=\"elementor-divider\">\n\t\t\t<span class=\"elementor-divider-separator\">\n\t\t\t\t\t\t<\/span>\n\t\t<\/div>\n\t\t\t\t\t\t<\/div>\n\t\t\t\t<\/div>\n\t\t\t\t<div class=\"elementor-element elementor-element-61de980 elementor-widget elementor-widget-image\" data-id=\"61de980\" data-element_type=\"widget\" data-e-type=\"widget\" data-widget_type=\"image.default\">\n\t\t\t\t<div class=\"elementor-widget-container\">\n\t\t\t\t\t\t\t\t\t\t\t\t\t\t\t<img loading=\"lazy\" decoding=\"async\" width=\"300\" height=\"300\" src=\"https:\/\/carmelites.net\/wp-content\/uploads\/2026\/01\/7755593-300x300.jpg\" class=\"attachment-medium size-medium wp-image-22864\" alt=\"\" srcset=\"https:\/\/carmelites.net\/wp-content\/uploads\/2026\/01\/7755593-300x300.jpg 300w, https:\/\/carmelites.net\/wp-content\/uploads\/2026\/01\/7755593-1024x1024.jpg 1024w, https:\/\/carmelites.net\/wp-content\/uploads\/2026\/01\/7755593-150x150.jpg 150w, https:\/\/carmelites.net\/wp-content\/uploads\/2026\/01\/7755593-768x768.jpg 768w, https:\/\/carmelites.net\/wp-content\/uploads\/2026\/01\/7755593-1536x1536.jpg 1536w, https:\/\/carmelites.net\/wp-content\/uploads\/2026\/01\/7755593-12x12.jpg 12w, https:\/\/carmelites.net\/wp-content\/uploads\/2026\/01\/7755593.jpg 2000w\" sizes=\"auto, (max-width: 300px) 100vw, 300px\" \/>\t\t\t\t\t\t\t\t\t\t\t\t\t\t\t<\/div>\n\t\t\t\t<\/div>\n\t\t\t\t<div class=\"elementor-element elementor-element-2839f66 elementor-widget elementor-widget-text-editor\" data-id=\"2839f66\" data-element_type=\"widget\" data-e-type=\"widget\" data-widget_type=\"text-editor.default\">\n\t\t\t\t<div class=\"elementor-widget-container\">\n\t\t\t\t\t\t\t\t\t<h2><strong>Non sei solo<\/strong><\/h2>\t\t\t\t\t\t\t\t<\/div>\n\t\t\t\t<\/div>\n\t\t\t\t<div class=\"elementor-element elementor-element-8ad1a9b elementor-widget elementor-widget-text-editor\" data-id=\"8ad1a9b\" data-element_type=\"widget\" data-e-type=\"widget\" data-widget_type=\"text-editor.default\">\n\t\t\t\t<div class=\"elementor-widget-container\">\n\t\t\t\t\t\t\t\t\t<p><strong>A novembre, la Conferenza dei Vescovi Cattolici degli Stati Uniti (USCCB) ha pubblicato un \u201cmessaggio speciale\u201d sull'immigrazione e ha lanciato l'iniziativa \u201cYou Are Not Alone\u201d (Non sei solo).  Questo sforzo, che esprime opposizione alla detenzione di massa e alle espulsioni e solidariet\u00e0 con gli immigrati e i rifugiati, \u00e8 saldamente radicato nella teologia cristiana e nella dottrina sociale cattolica.  Dobbiamo accogliere lo straniero e mostrare compassione e amore per tutte le persone, in particolare quelle emarginate dalla societ\u00e0.\u00a0<\/strong><\/p><p><strong>Di seguito sono riportati alcuni estratti del messaggio dei vescovi.<\/strong><\/p><p><em>Come pastori, noi vescovi degli Stati Uniti siamo legati al nostro popolo da vincoli di comunione e compassione in Nostro Signore Ges\u00f9 Cristo. Siamo turbati quando vediamo tra la nostra gente un clima di paura e ansia riguardo alle questioni della profilazione e dell'applicazione delle leggi sull'immigrazione.\u00a0<\/em><\/p><p><em>Siamo rattristati dallo stato attuale del dibattito e dalla diffamazione degli immigrati. Siamo preoccupati per le condizioni nei centri di detenzione e per la mancanza di accesso all'assistenza pastorale. Deploriamo che alcuni immigrati negli Stati Uniti abbiano perso arbitrariamente il loro status giuridico. Siamo turbati dalle minacce alla sacralit\u00e0 dei luoghi di culto e alla natura speciale degli ospedali e delle scuole. Siamo addolorati quando incontriamo genitori che temono di essere arrestati mentre accompagnano i propri figli a scuola e quando cerchiamo di consolare i familiari che sono gi\u00e0 stati separati dai propri cari.\u00a0<\/em><\/p><p><em>Nonostante gli ostacoli e i pregiudizi, generazioni di immigrati hanno dato un contributo enorme al benessere della nostra nazione. Noi vescovi cattolici amiamo il nostro Paese e preghiamo per la sua pace e prosperit\u00e0. Proprio per questo motivo, in questo contesto, sentiamo il dovere di alzare la voce in difesa della dignit\u00e0 umana donata da Dio.<\/em><\/p><p><em>L'insegnamento cattolico esorta le nazioni a riconoscere la dignit\u00e0 fondamentale di tutte le persone, compresi gli immigrati. Noi vescovi sosteniamo una riforma significativa delle leggi e delle procedure in materia di immigrazione della nostra nazione. La dignit\u00e0 umana e la sicurezza nazionale non sono in conflitto. Entrambe sono possibili se le persone di buona volont\u00e0 lavorano insieme.<\/em><\/p><p><em>L'insegnamento della Chiesa si basa sulla preoccupazione fondamentale per la persona umana, creata a immagine e somiglianza di Dio (Genesi 1,27). Come pastori, guardiamo alla Sacra Scrittura e all'esempio del Signore stesso, dove troviamo la saggezza della compassione di Dio. La priorit\u00e0 del Signore, come ci ricordano i Profeti, \u00e8 per coloro che sono pi\u00f9 vulnerabili: le vedove, gli orfani, i poveri e gli stranieri (Zaccaria 7,10).\u00a0<\/em><\/p><p><em>Nel Signore Ges\u00f9 vediamo Colui che si \u00e8 fatto povero per noi (2 Corinzi 8,9), vediamo il Buon Samaritano che ci solleva dalla polvere (Luca 10,30-37) e vediamo Colui che si trova negli ultimi tra questi (Matteo 25). La preoccupazione della Chiesa per il prossimo e la nostra preoccupazione qui per gli immigrati \u00e8 una risposta al comando del Signore di amare come Lui ci ha amati (Giovanni 13:34).<\/em><\/p><p><em>Ai nostri fratelli e sorelle immigrati, siamo al vostro fianco nella vostra sofferenza, poich\u00e9 quando un membro soffre, tutti soffrono (cfr. 1 Corinzi 12,26). Non siete soli!<\/em><\/p><p><em>Notiamo con gratitudine che molti dei nostri sacerdoti, religiosi consacrati e fedeli laici gi\u00e0 accompagnano e assistono gli immigrati nel soddisfare i loro bisogni umani fondamentali. Esortiamo tutte le persone di buona volont\u00e0 a continuare e ampliare tali sforzi.\u00a0<\/em><\/p><p><em>Ci opponiamo alla deportazione indiscriminata di massa delle persone. Preghiamo affinch\u00e9 cessino la retorica disumanizzante e la violenza, sia nei confronti degli immigrati che delle forze dell'ordine. Preghiamo affinch\u00e9 il Signore guidi i leader della nostra nazione e siamo grati per le opportunit\u00e0 passate e presenti di dialogo con il pubblico e i funzionari eletti. In questo dialogo, continueremo a sostenere una riforma significativa dell'immigrazione.\u00a0<\/em><\/p><p><em>Come discepoli del Signore, rimaniamo uomini e donne di speranza, e la speranza non delude! (cfr. Romani 5,5). Possa il manto di Nostra Signora di Guadalupe avvolgerci tutti nella sua materna e amorevole cura e avvicinarci sempre pi\u00f9 al cuore di Cristo...<\/em><\/p><p><em>\u201cYou Are Not Alone\u201d \u00e8 un'iniziativa parrocchiale dell'USCCB che offre idee, risorse e strumenti alle parrocchie per accompagnare i nostri fratelli e sorelle. Questa iniziativa dell'USCCB fornisce idee e modelli provenienti da parrocchie cattoliche di tutto il Paese da prendere in considerazione.<\/em><\/p><p>\u00a0<\/p><p><strong>Per maggiori dettagli su come voi, la vostra comunit\u00e0 e il vostro ministero potete partecipare a questa iniziativa, visitate il sito web di Justice for Immigrants, una coalizione cattolica che lavora per sensibilizzare e promuovere azioni su questioni relative alla migrazione. Il loro sito web fornisce eccellenti risorse per i cattolici impegnati in una risposta umana e veramente cristiana alla difficile situazione degli immigrati e dei rifugiati.\u00a0 <\/strong><a href=\"https:\/\/justiceforimmigrants.org\/you-are-not-alone\/\"><strong>Qui<\/strong><\/a><strong> \u00e8 un buon punto di partenza.\u00a0 <\/strong><\/p><p>Inoltre, clicca <a href=\"https:\/\/www.catholicnewsagency.com\/news\/267759\/you-are-not-alone-migrant-accompaniment-initiative-announced-by-us-bishops\">qui<\/a> per un breve articolo dell'Agenzia di stampa cattolica sull'iniziativa You Are Not Alone (Non sei solo).<\/p>\t\t\t\t\t\t\t\t<\/div>\n\t\t\t\t<\/div>\n\t\t\t\t<div class=\"elementor-element elementor-element-42b8022 elementor-widget elementor-widget-text-editor\" data-id=\"42b8022\" data-element_type=\"widget\" data-e-type=\"widget\" data-widget_type=\"text-editor.default\">\n\t\t\t\t<div class=\"elementor-widget-container\">\n\t\t\t\t\t\t\t\t\t<p><strong><em>La Chiesa, come una madre, accompagna coloro che camminano. Dove il mondo vede minacce, lei vede figli; dove si costruiscono muri, lei costruisce ponti. Sa che la sua proclamazione del Vangelo \u00e8 credibile solo quando si traduce in gesti di vicinanza e accoglienza. E sa che in ogni migrante respinto \u00e8 Cristo stesso che bussa alla porta della comunit\u00e0.<\/em><\/strong><\/p><p><strong><em>\u2014<\/em>Papa Leone XVI<\/strong><\/p>\t\t\t\t\t\t\t\t<\/div>\n\t\t\t\t<\/div>\n\t\t\t\t<div class=\"elementor-element elementor-element-2bf62bc elementor-widget elementor-widget-text-editor\" data-id=\"2bf62bc\" data-element_type=\"widget\" data-e-type=\"widget\" data-widget_type=\"text-editor.default\">\n\t\t\t\t<div class=\"elementor-widget-container\">\n\t\t\t\t\t\t\t\t\t<p><strong>Naturalmente, anche la nostra provincia carmelitana ha rilasciato una dichiarazione sulla migrazione lo scorso agosto.  Di seguito ne riportiamo un estratto.<\/strong><\/p><p><em>Questa solidariet\u00e0 basata sulla fede ci impone di opporci alle recenti politiche federali statunitensi di deportazioni di massa, abolizione della cittadinanza per diritto di nascita e delle protezioni DACA, militarizzazione e rafforzamento delle frontiere, eliminazione delle iniziative DEI, aumento dei limiti ai percorsi di migrazione legale, compresi i divieti di asilo, chiusura dei luoghi di rifugio, taglio dei fondi alle organizzazioni umanitarie e deportazioni illegali (cio\u00e8 deportazioni senza un regolare processo).<\/em><\/p><p><em>Il 24 marzo 2025, a El Paso, in Texas, una marcia a sostegno dei migranti si \u00e8 conclusa nella chiesa del Sacro Cuore, una parrocchia gesuita a breve distanza da Ciudad Juarez, in Messico. Nella chiesa gremita, con i vescovi regionali e il cardinale Fabio Baggio del Vaticano all'altare, il vescovo di El Paso Mark Seitz ha dichiarato: \u201cQuesta \u00e8 una guerra contro i poveri. Se non alziamo la voce, se non agiamo, la guerra non avr\u00e0 fine. Agiremo in modo non violento sotto il segno della croce. Apparteniamo gli uni agli altri, fratelli e sorelle; voi siete il mio popolo: documentati, indocumentati, persone di fede, persone di fedi diverse, persone in cerca di rifugio e ospitalit\u00e0... A tutti coloro che vivono nella paura, comprendete l'impegno della chiesa in questo momento di oscurit\u00e0\u201d.\u201d<\/em><\/p><p><strong>CONSIGLIATO:<\/strong> <a href=\"https:\/\/catholicsocialthought.georgetown.edu\/events\/making-life-unbearable\"><em>\u201cRendere la vita insopportabile\u201d: l'impatto delle misure di controllo dell'immigrazione sulle famiglie e sulle comunit\u00e0<\/em><\/a><em>.\u00a0 <\/em>Questo \u00e8 un webinar dell'Iniziativa sul pensiero sociale cattolico e la vita pubblica dell'Universit\u00e0 di Georgetown.<\/p>\t\t\t\t\t\t\t\t<\/div>\n\t\t\t\t<\/div>\n\t\t\t\t<div class=\"elementor-element elementor-element-1e777c0 elementor-widget-divider--view-line elementor-widget elementor-widget-divider\" data-id=\"1e777c0\" data-element_type=\"widget\" data-e-type=\"widget\" data-widget_type=\"divider.default\">\n\t\t\t\t<div class=\"elementor-widget-container\">\n\t\t\t\t\t\t\t<div class=\"elementor-divider\">\n\t\t\t<span class=\"elementor-divider-separator\">\n\t\t\t\t\t\t<\/span>\n\t\t<\/div>\n\t\t\t\t\t\t<\/div>\n\t\t\t\t<\/div>\n\t\t\t\t<div class=\"elementor-element elementor-element-833f543 elementor-widget elementor-widget-heading\" data-id=\"833f543\" data-element_type=\"widget\" data-e-type=\"widget\" data-widget_type=\"heading.default\">\n\t\t\t\t<div class=\"elementor-widget-container\">\n\t\t\t\t\t<h2 class=\"elementor-heading-title elementor-size-default\">Da Matteo, capitolo 25<\/h2>\t\t\t\t<\/div>\n\t\t\t\t<\/div>\n\t\t\t\t<div class=\"elementor-element elementor-element-7e2175f elementor-widget elementor-widget-text-editor\" data-id=\"7e2175f\" data-element_type=\"widget\" data-e-type=\"widget\" data-widget_type=\"text-editor.default\">\n\t\t\t\t<div class=\"elementor-widget-container\">\n\t\t\t\t\t\t\t\t\t<h3><strong><em>\u2026Ero straniero e mi avete accolto\u2026<\/em><\/strong><\/h3><p><strong>31<\/strong>\u201cQuando il Figlio dell'uomo verr\u00e0 nella sua gloria, con tutti gli angeli, allora sieder\u00e0 sul trono della sua gloria.\u00a0<strong>32<\/strong>Tutte le nazioni saranno radunate davanti a lui, ed egli separer\u00e0 gli uni dagli altri, come il pastore separa le pecore dalle capre,\u00a0<strong>33<\/strong>e metter\u00e0 le pecore alla sua destra e le capre alla sinistra.\u00a0<strong>34<\/strong>Allora il re dir\u00e0 a quelli alla sua destra: \u2018Venite, voi che siete benedetti dal Padre mio, ricevete in eredit\u00e0 il regno preparato per voi fin dalla fondazione del mondo;\u00a0<strong>35<\/strong>perch\u00e9 avevo fame e mi avete dato da mangiare, avevo sete e mi avete dato da bere, ero straniero e mi avete accolto,\u00a0<strong>36<\/strong>Ero nudo e mi avete dato da vestire, ero malato e mi avete assistito, ero in prigione e mi avete visitato.\u2019\u00a0<strong>37<\/strong>Allora i giusti gli risponderanno: \u2018Signore, quando ti abbiamo visto affamato e ti abbiamo dato da mangiare, o assetato e ti abbiamo dato da bere?\u00a0<strong>38<\/strong>E quando mai ti abbiamo visto straniero e ti abbiamo accolto, o nudo e ti abbiamo dato da vestire?\u00a0<strong>39<\/strong>E quando mai ti abbiamo visto malato o in prigione e siamo venuti a trovarti?\u2019\u00a0<strong>40<\/strong>E il re risponder\u00e0 loro: \u2018In verit\u00e0 vi dico: tutto quello che avete fatto a uno solo di questi miei fratelli pi\u00f9 piccoli, l'avete fatto a me\u2019.\u2019\u00a0<strong>41<\/strong>Allora dir\u00e0 a quelli alla sua sinistra: \u2018Voi che siete maledetti, allontanatevi da me nel fuoco eterno preparato per il diavolo e i suoi angeli;\u00a0<strong>42<\/strong>perch\u00e9 avevo fame e non mi avete dato da mangiare, avevo sete e non mi avete dato da bere,\u00a0<strong>43<\/strong>Ero straniero e non mi avete accolto, nudo e non mi avete dato vestiti, malato e in prigione e non mi avete visitato.\u2019\u00a0<strong>44<\/strong>Allora anche loro risponderanno: \u2018Signore, quando mai ti abbiamo visto affamato o assetato o straniero o nudo o malato o in carcere e non ti abbiamo assistito?\u2019.\u2019\u00a0<strong>45<\/strong>Allora egli risponder\u00e0 loro: \u2018In verit\u00e0 vi dico: tutto quello che non avete fatto a uno di questi pi\u00f9 piccoli, non l'avete fatto a me\u2019.\u2019\u00a0<strong>46<\/strong>E questi se ne andranno al castigo eterno, ma i giusti alla vita eterna\u201d.\u201d<\/p><p>Nota: le citazioni delle Scritture sono tratte dalla Bibbia Nuova Versione Standard Rivista: Edizione Cattolica.<\/p>\t\t\t\t\t\t\t\t<\/div>\n\t\t\t\t<\/div>\n\t\t\t\t<div class=\"elementor-element elementor-element-4e88015 elementor-widget-divider--view-line elementor-widget elementor-widget-divider\" data-id=\"4e88015\" data-element_type=\"widget\" data-e-type=\"widget\" data-widget_type=\"divider.default\">\n\t\t\t\t<div class=\"elementor-widget-container\">\n\t\t\t\t\t\t\t<div class=\"elementor-divider\">\n\t\t\t<span class=\"elementor-divider-separator\">\n\t\t\t\t\t\t<\/span>\n\t\t<\/div>\n\t\t\t\t\t\t<\/div>\n\t\t\t\t<\/div>\n\t\t\t\t<div class=\"elementor-element elementor-element-ea9a837 elementor-widget elementor-widget-heading\" data-id=\"ea9a837\" data-element_type=\"widget\" data-e-type=\"widget\" data-widget_type=\"heading.default\">\n\t\t\t\t<div class=\"elementor-widget-container\">\n\t\t\t\t\t<h2 class=\"elementor-heading-title elementor-size-default\">COP 30<\/h2>\t\t\t\t<\/div>\n\t\t\t\t<\/div>\n\t\t\t\t<div class=\"elementor-element elementor-element-dda050d elementor-widget elementor-widget-text-editor\" data-id=\"dda050d\" data-element_type=\"widget\" data-e-type=\"widget\" data-widget_type=\"text-editor.default\">\n\t\t\t\t<div class=\"elementor-widget-container\">\n\t\t\t\t\t\t\t\t\t<p><strong>La conferenza mondiale sui cambiamenti climatici nota come COP 30 si \u00e8 tenuta in Brasile lo scorso novembre.  Come spesso accade, i risultati sono stati contrastanti.  Si sono registrati sviluppi positivi e un sostegno verbale all'azione, ma i progressi concreti sono stati decisamente insufficienti.  L'ONG Carmelite ci fornisce un'ottima sintesi con link per ulteriori approfondimenti.  Di seguito \u00e8 riportato un estratto dal loro numero del 2 dicembre. <em>Una pagina<\/em>.<\/strong><\/p><p>\u00a0<\/p><p><em>Due membri del team si sono recati a Bel\u00e9m, in Brasile, per partecipare alla COP30, la Conferenza delle Nazioni Unite sul clima.<\/em><\/p><p><em>Conferenza sul controllo, tenutasi dal 10 al 21 novembre 2025. La conferenza era la trentesima sessione di<\/em><\/p><p><em>la Conferenza delle Parti (COP30), la ventesima riunione delle parti del Protocollo di Kyoto<\/em><\/p><p><em>(CMP 20) e la settima riunione delle parti dell'Accordo di Parigi (CMA 7). Si tratta di un numero considerevole di<\/em><\/p><p><em>riunioni! Renato Rallo ha scritto delle sue prime impressioni, tra cui la sua convinzione che<\/em><\/p><p><em>le aspettative erano basse all'inizio dell'incontro. Ma \u00e8 interessante notare che le carenze dei delegati<\/em><\/p><p><em>L'esperienza sul posto ha dato loro l'opportunit\u00e0 di sperimentare ci\u00f2 che vivono le persone che vivono nel<\/em><\/p><p><em>esperienza quotidiana della zona. Puoi leggere altre riflessioni di Renato <\/em><a href=\"https:\/\/ocarm.org\/en\/item\/6754-carmelite-ngo-has-active-presence-at-cop-30-in-brazil\"><em>qui<\/em><\/a><em>.<\/em><\/p><p><em>\u00a0<\/em><\/p><p><em>In un articolo scritto su Vida Nueva prima della conferenza, il vicepresidente dell'ONG carmelitana<\/em><\/p><p><em>Il presidente Eduardo Agosto Scarel ha suggerito l'ecologia integrale cos\u00ec come formulata da Papa Francesco.\u2019<\/em><\/p><p><em>L'enciclica Laudato Si\u2019 sostituisce il \u201cparadigma tecnologico\u201d che cos\u00ec spesso domina<\/em><\/p><p><em>negoziati. Padre Eduardo propone un approccio relazionale che colleghi la giustizia sociale con<\/em><\/p><p><em>sostenibilit\u00e0 ambientale, solidariet\u00e0 internazionale con responsabilit\u00e0 storica e<\/em><\/p><p><em>urgenza politica con la necessit\u00e0 di una profonda conversione personale e comunitaria. Il pieno<\/em><\/p><p><em>l'articolo \u00e8 disponibile <\/em><a href=\"https:\/\/ocarm.org\/en\/one-page\/2276-the-climate-summit-in-belem-brazil\/file\"><em>qui<\/em><\/a><em>.<\/em><\/p><p><em>\u00a0<\/em><\/p><p><em>Infine, Eduardo riassume la conferenza COP30 al termine della stessa. Descrivendola come lasciando<\/em><\/p><p><em>dietro un \u201csapore agrodolce\u201d, descrive gli aspetti positivi e quelli negativi che incombono. Egli fornisce<\/em><\/p><p><em>alcune idee su ci\u00f2 che sar\u00e0 trattato alla Conferenza di Santa Marta in Colombia il prossimo aprile\u2014<\/em><\/p><p><em>in particolare il blocco dei combustibili fossili. L'articolo pu\u00f2 essere letto <\/em><a href=\"https:\/\/ocarm.org\/en\/item\/6765-belem-to-santa-marta-resetting-climate-multilateralism-on-cop30\"><em>qui<\/em><\/a><em>.<\/em><\/p><p>\u00a0<\/p><p><strong>NOTA:<\/strong> Se non sei iscritto alla mailing list dell'ONG Carmelite, ma desideri farlo, invia un messaggio in tal senso a <a href=\"mailto:LSCoordinator@Carmelites.net\">LSCoordinator@Carmelites.net<\/a>.<\/p>\t\t\t\t\t\t\t\t<\/div>\n\t\t\t\t<\/div>\n\t\t\t\t<div class=\"elementor-element elementor-element-823c81a elementor-widget-divider--view-line elementor-widget elementor-widget-divider\" data-id=\"823c81a\" data-element_type=\"widget\" data-e-type=\"widget\" data-widget_type=\"divider.default\">\n\t\t\t\t<div class=\"elementor-widget-container\">\n\t\t\t\t\t\t\t<div class=\"elementor-divider\">\n\t\t\t<span class=\"elementor-divider-separator\">\n\t\t\t\t\t\t<\/span>\n\t\t<\/div>\n\t\t\t\t\t\t<\/div>\n\t\t\t\t<\/div>\n\t\t\t\t<div class=\"elementor-element elementor-element-e5f1827 elementor-widget elementor-widget-text-editor\" data-id=\"e5f1827\" data-element_type=\"widget\" data-e-type=\"widget\" data-widget_type=\"text-editor.default\">\n\t\t\t\t<div class=\"elementor-widget-container\">\n\t\t\t\t\t\t\t\t\t<p><strong>Scadenza per la presentazione delle domande di sovvenzione JPIC<\/strong><\/p><p>Si ricorda che le domande di sovvenzione per Giustizia, Pace e Integrit\u00e0 del Creato (JPIC) devono essere presentate entro il 31 gennaio. Se sei un membro PCM O.Carm. e desideri sponsorizzare una sovvenzione JPIC, controlla l'e-mail relativa alla domanda di sovvenzione JPIC contenente il link al modulo di domanda online.\u00a0 \u00a0Si noti che il modulo di richiesta di sovvenzione include la seguente domanda: \u201cDiscuti in che modo il tuo progetto \u00e8 in linea con uno o pi\u00f9 degli obiettivi della Laudato Si\u201d.  Le descrizioni degli obiettivi della Laudato Si Action Platform sono disponibili\u00a0<a href=\"https:\/\/laudatosiactionplatform.org\/laudato-si-goals\/\">qui<\/a>.<\/p>\t\t\t\t\t\t\t\t<\/div>\n\t\t\t\t<\/div>\n\t\t<div data-particle_enable=\"false\" data-particle-mobile-disabled=\"false\" class=\"elementor-element elementor-element-01af610 e-con-full e-flex e-con e-child\" data-id=\"01af610\" data-element_type=\"container\" data-e-type=\"container\">\n\t\t\t\t<div class=\"elementor-element elementor-element-0026577 elementor-post-navigation-borders-yes elementor-widget elementor-widget-post-navigation\" data-id=\"0026577\" data-element_type=\"widget\" data-e-type=\"widget\" data-widget_type=\"post-navigation.default\">\n\t\t\t\t<div class=\"elementor-widget-container\">\n\t\t\t\t\t\t\t<div class=\"elementor-post-navigation\" role=\"navigation\" aria-label=\"Navigazione dell&#039;articolo\">\n\t\t\t<div class=\"elementor-post-navigation__prev elementor-post-navigation__link\">\n\t\t\t\t<a href=\"https:\/\/carmelites.net\/it\/laudato-si\/newsletter-for-november-2025-no-11\/\" rel=\"prev\"><span class=\"post-navigation__arrow-wrapper post-navigation__arrow-prev\"><i aria-hidden=\"true\" class=\"fas fa-angle-left\"><\/i><span class=\"elementor-screen-only\">Precedente<\/span><\/span><span class=\"elementor-post-navigation__link__prev\"><span class=\"post-navigation__prev--label\">Precedente<\/span><span class=\"post-navigation__prev--title\">Notiziario del novembre 2025, n. 11<\/span><\/span><\/a>\t\t\t<\/div>\n\t\t\t\t\t\t\t<div class=\"elementor-post-navigation__separator-wrapper\">\n\t\t\t\t\t<div class=\"elementor-post-navigation__separator\"><\/div>\n\t\t\t\t<\/div>\n\t\t\t\t\t\t<div class=\"elementor-post-navigation__next elementor-post-navigation__link\">\n\t\t\t\t<a href=\"https:\/\/carmelites.net\/it\/laudato-si\/newsletter-for-february-2026-no-13\/\" rel=\"next\"><span class=\"elementor-post-navigation__link__next\"><span class=\"post-navigation__next--label\">Avanti<\/span><span class=\"post-navigation__next--title\">Newsletter di febbraio 2026, n. 13<\/span><\/span><span class=\"post-navigation__arrow-wrapper post-navigation__arrow-next\"><i aria-hidden=\"true\" class=\"fas fa-angle-right\"><\/i><span class=\"elementor-screen-only\">Successivo<\/span><\/span><\/a>\t\t\t<\/div>\n\t\t<\/div>\n\t\t\t\t\t\t<\/div>\n\t\t\t\t<\/div>\n\t\t\t\t<\/div>\n\t\t\t\t<\/div>\n\t\t\t\t\t<\/div>\n\t\t\t\t<\/div>\n\t\t\t\t<\/div>","protected":false},"excerpt":{"rendered":"<p>Benvenuti alla dodicesima edizione della Newsletter del Piano d'Azione Laudato Si\u2019 della Provincia Carmelitana PCM. Questa newsletter elettronica ha lo scopo di informare i membri e i partner di questa provincia sul nostro impegno collettivo a vivere i valori della Laudato Si\u2019 - ascoltare e rispondere alle grida della terra e alle grida dei poveri.<\/p>","protected":false},"author":14,"featured_media":22864,"comment_status":"closed","ping_status":"open","sticky":false,"template":"","format":"standard","meta":{"rs_blank_template":"","rs_page_bg_color":"","slide_template_v7":"","_analytify_skip_tracking":false,"footnotes":""},"categories":[82],"tags":[],"class_list":["post-22862","post","type-post","status-publish","format-standard","has-post-thumbnail","hentry","category-laudato-si"],"aioseo_notices":[],"_links":{"self":[{"href":"https:\/\/carmelites.net\/it\/wp-json\/wp\/v2\/posts\/22862","targetHints":{"allow":["GET"]}}],"collection":[{"href":"https:\/\/carmelites.net\/it\/wp-json\/wp\/v2\/posts"}],"about":[{"href":"https:\/\/carmelites.net\/it\/wp-json\/wp\/v2\/types\/post"}],"author":[{"embeddable":true,"href":"https:\/\/carmelites.net\/it\/wp-json\/wp\/v2\/users\/14"}],"replies":[{"embeddable":true,"href":"https:\/\/carmelites.net\/it\/wp-json\/wp\/v2\/comments?post=22862"}],"version-history":[{"count":10,"href":"https:\/\/carmelites.net\/it\/wp-json\/wp\/v2\/posts\/22862\/revisions"}],"predecessor-version":[{"id":22874,"href":"https:\/\/carmelites.net\/it\/wp-json\/wp\/v2\/posts\/22862\/revisions\/22874"}],"wp:featuredmedia":[{"embeddable":true,"href":"https:\/\/carmelites.net\/it\/wp-json\/wp\/v2\/media\/22864"}],"wp:attachment":[{"href":"https:\/\/carmelites.net\/it\/wp-json\/wp\/v2\/media?parent=22862"}],"wp:term":[{"taxonomy":"category","embeddable":true,"href":"https:\/\/carmelites.net\/it\/wp-json\/wp\/v2\/categories?post=22862"},{"taxonomy":"post_tag","embeddable":true,"href":"https:\/\/carmelites.net\/it\/wp-json\/wp\/v2\/tags?post=22862"}],"curies":[{"name":"wp","href":"https:\/\/api.w.org\/{rel}","templated":true}]}}