{"id":21586,"date":"2025-09-12T11:48:48","date_gmt":"2025-09-12T16:48:48","guid":{"rendered":"https:\/\/carmelites.net\/?p=21586"},"modified":"2025-09-12T11:53:48","modified_gmt":"2025-09-12T16:53:48","slug":"book-review-2","status":"publish","type":"post","link":"https:\/\/carmelites.net\/it\/carmelite-review\/book-review-2\/","title":{"rendered":"RECENSIONE DEL LIBRO"},"content":{"rendered":"<div data-elementor-type=\"wp-post\" data-elementor-id=\"21586\" class=\"elementor elementor-21586\" data-elementor-post-type=\"post\">\n\t\t\t\t<div data-particle_enable=\"false\" data-particle-mobile-disabled=\"false\" class=\"elementor-element elementor-element-0d23b97 e-flex e-con-boxed e-con e-parent\" data-id=\"0d23b97\" data-element_type=\"container\" data-e-type=\"container\">\n\t\t\t\t\t<div class=\"e-con-inner\">\n\t\t\t\t<div class=\"elementor-element elementor-element-8053a50 elementor-widget elementor-widget-image\" data-id=\"8053a50\" data-element_type=\"widget\" data-e-type=\"widget\" data-widget_type=\"image.default\">\n\t\t\t\t<div class=\"elementor-widget-container\">\n\t\t\t\t\t\t\t\t\t\t\t\t\t\t\t<img loading=\"lazy\" decoding=\"async\" width=\"216\" height=\"300\" src=\"https:\/\/carmelites.net\/wp-content\/uploads\/2025\/09\/cover-1-216x300.png\" class=\"attachment-medium size-medium wp-image-21589\" alt=\"\" srcset=\"https:\/\/carmelites.net\/wp-content\/uploads\/2025\/09\/cover-1-216x300.png 216w, https:\/\/carmelites.net\/wp-content\/uploads\/2025\/09\/cover-1-736x1024.png 736w, https:\/\/carmelites.net\/wp-content\/uploads\/2025\/09\/cover-1-768x1069.png 768w, https:\/\/carmelites.net\/wp-content\/uploads\/2025\/09\/cover-1-1104x1536.png 1104w, https:\/\/carmelites.net\/wp-content\/uploads\/2025\/09\/cover-1-1471x2048.png 1471w, https:\/\/carmelites.net\/wp-content\/uploads\/2025\/09\/cover-1-9x12.png 9w, https:\/\/carmelites.net\/wp-content\/uploads\/2025\/09\/cover-1-scaled.png 1839w\" sizes=\"auto, (max-width: 216px) 100vw, 216px\" \/>\t\t\t\t\t\t\t\t\t\t\t\t\t\t\t<\/div>\n\t\t\t\t<\/div>\n\t\t\t\t<div class=\"elementor-element elementor-element-1dc9bd7 elementor-widget elementor-widget-text-editor\" data-id=\"1dc9bd7\" data-element_type=\"widget\" data-e-type=\"widget\" data-widget_type=\"text-editor.default\">\n\t\t\t\t<div class=\"elementor-widget-container\">\n\t\t\t\t\t\t\t\t\t<h4><strong>Carmelo e la musica<\/strong><\/h4><p><strong>di Simon Nolan, O.Carm. | <\/strong><strong>Carmelite Media, 2020, 109 pp<br \/><\/strong><em>recensito da Gregory Houck, O.Carm.<\/em><\/p><p>Il Carmelo e la musica \u00e8 una rassegna cronologica di otto secoli di musica liturgica carmelitana, insieme a notevoli compositori che hanno affrontato temi carmelitani. P. Simon Nolan scrive per un pubblico generale, ma il libro piacer\u00e0 soprattutto agli ascoltatori di musica vocale classica, carmelitani compresi.<\/p><p>Nel capitolo iniziale, \"Il Carmelo e la musica nel Medioevo e nel Rinascimento\", non ho riconosciuto la maggior parte dei compositori carmelitani citati, cos\u00ec mi sono rivolto a Spotify, dove, con mia grande sorpresa, ognuno di loro aveva registrazioni disponibili. I due capitoli successivi sono dedicati a singoli carmelitani, Manuel Cardoso e Benedictus of Saint Joseph. Non avevo mai sentito parlare di loro, eppure anche la loro musica \u00e8 facilmente reperibile su Spotify, a riprova del fatto che queste figure sono ben conosciute negli ambienti musicali. Nolan tratta poi di compositori famosi e dei loro legami con il Carmelo (George Frideric Handel, Felix Mendelssohn, Lennox Berkeley e John Tavener), tutti ben rappresentati sui servizi di streaming. L'unica eccezione nella mia ricerca \u00e8 stata Hermann Cohen, che riceve un intero capitolo ma (finora) non \u00e8 presente su Spotify.<\/p><p>Nel complesso, ho imparato molto sul Carmelo e sulla musica. Anche se mi considero un appassionato di musica classica (e un carmelitano), mi sono reso conto di quanto poco sapessi in realt\u00e0 sull'argomento.<\/p><p>Fin dall'inizio l'autore affronta l'apparente problema che la musica \u00e8 uditiva ma un libro \u00e8 visivo dicendo: \"ma le parole possono spingerci nella giusta direzione e agire come utili segnali per assisterci nella nostra esplorazione della musica\".  Ma non \u00e8 detto che sia \"o l'uno o l'altro\". Dopo essermi rivolta ancora e ancora a Spotify, sono lieta di apprendere che \u00e8 gi\u00e0 disponibile una risorsa che affronta la questione e un'altra \u00e8 attualmente in fase di produzione.<\/p><p><em><strong>In collaborazione con l'Istituto Carmelitano del Nord America (CINA), p. Nolan ha presentato un webinar tratto da Carmel and Music, disponibile all'indirizzo <a href=\"https:\/\/carmeliteinstitute.net\/webinars\/\" target=\"_blank\" rel=\"noopener\">Sito web CINA<\/a>. CINA e P. Nolan hanno anche registrato una serie di video in pi\u00f9 parti che include esempi di tutta la musica discussa nel libro. La serie \u00e8 prevista per l'inizio del 2026; considerate l'opportunit\u00e0 di iscrivervi alla lista e-mail di CINA per essere avvisati della sua uscita.<\/strong><\/em><\/p>\t\t\t\t\t\t\t\t<\/div>\n\t\t\t\t<\/div>\n\t\t\t\t<div class=\"elementor-element elementor-element-1e51121 elementor-widget-divider--view-line elementor-widget elementor-widget-divider\" data-id=\"1e51121\" data-element_type=\"widget\" data-e-type=\"widget\" data-widget_type=\"divider.default\">\n\t\t\t\t<div class=\"elementor-widget-container\">\n\t\t\t\t\t\t\t<div class=\"elementor-divider\">\n\t\t\t<span class=\"elementor-divider-separator\">\n\t\t\t\t\t\t<\/span>\n\t\t<\/div>\n\t\t\t\t\t\t<\/div>\n\t\t\t\t<\/div>\n\t\t<div data-particle_enable=\"false\" data-particle-mobile-disabled=\"false\" class=\"elementor-element elementor-element-95e1885 e-grid e-con-full e-con e-child\" data-id=\"95e1885\" data-element_type=\"container\" data-e-type=\"container\">\n\t\t\t\t<div class=\"elementor-element elementor-element-505eb0a elementor-widget elementor-widget-text-editor\" data-id=\"505eb0a\" data-element_type=\"widget\" data-e-type=\"widget\" data-widget_type=\"text-editor.default\">\n\t\t\t\t<div class=\"elementor-widget-container\">\n\t\t\t\t\t\t\t\t\t<h2><strong>Carmelo e la musica<\/strong><\/h2><h2><em>\u00e8 disponibile sul sito web di Carmelite Media Publications:<\/em><\/h2><h2><a href=\"https:\/\/publications.carmelitemedia.org\" target=\"_blank\" rel=\"noopener\"><em>https:\/\/publications.carmelitemedia.org\u00a0<\/em><\/a><\/h2>\t\t\t\t\t\t\t\t<\/div>\n\t\t\t\t<\/div>\n\t\t\t\t<div class=\"elementor-element elementor-element-117ac0d elementor-widget elementor-widget-image\" data-id=\"117ac0d\" data-element_type=\"widget\" data-e-type=\"widget\" data-widget_type=\"image.default\">\n\t\t\t\t<div class=\"elementor-widget-container\">\n\t\t\t\t\t\t\t\t\t\t\t\t\t\t\t\t<a href=\"https:\/\/publications.carmelitemedia.org\">\n\t\t\t\t\t\t\t<img loading=\"lazy\" decoding=\"async\" width=\"216\" height=\"300\" src=\"https:\/\/carmelites.net\/wp-content\/uploads\/2025\/09\/cover-216x300.png\" class=\"attachment-medium size-medium wp-image-21588\" alt=\"\" srcset=\"https:\/\/carmelites.net\/wp-content\/uploads\/2025\/09\/cover-216x300.png 216w, https:\/\/carmelites.net\/wp-content\/uploads\/2025\/09\/cover-736x1024.png 736w, https:\/\/carmelites.net\/wp-content\/uploads\/2025\/09\/cover-768x1069.png 768w, https:\/\/carmelites.net\/wp-content\/uploads\/2025\/09\/cover-1104x1536.png 1104w, https:\/\/carmelites.net\/wp-content\/uploads\/2025\/09\/cover-1471x2048.png 1471w, https:\/\/carmelites.net\/wp-content\/uploads\/2025\/09\/cover-9x12.png 9w, https:\/\/carmelites.net\/wp-content\/uploads\/2025\/09\/cover-scaled.png 1839w\" sizes=\"auto, (max-width: 216px) 100vw, 216px\" \/>\t\t\t\t\t\t\t\t<\/a>\n\t\t\t\t\t\t\t\t\t\t\t\t\t\t\t<\/div>\n\t\t\t\t<\/div>\n\t\t\t\t<\/div>\n\t\t\t\t\t<\/div>\n\t\t\t\t<\/div>\n\t\t<div data-particle_enable=\"false\" data-particle-mobile-disabled=\"false\" class=\"elementor-element elementor-element-d4a9ab7 e-flex e-con-boxed e-con e-parent\" data-id=\"d4a9ab7\" data-element_type=\"container\" data-e-type=\"container\">\n\t\t\t\t\t<div class=\"e-con-inner\">\n\t\t\t\t<div class=\"elementor-element elementor-element-0feb23e elementor-widget-divider--view-line elementor-widget elementor-widget-divider\" data-id=\"0feb23e\" data-element_type=\"widget\" data-e-type=\"widget\" data-widget_type=\"divider.default\">\n\t\t\t\t<div class=\"elementor-widget-container\">\n\t\t\t\t\t\t\t<div class=\"elementor-divider\">\n\t\t\t<span class=\"elementor-divider-separator\">\n\t\t\t\t\t\t<\/span>\n\t\t<\/div>\n\t\t\t\t\t\t<\/div>\n\t\t\t\t<\/div>\n\t\t\t\t<div class=\"elementor-element elementor-element-26532f3 elementor-post-navigation-borders-yes elementor-widget elementor-widget-post-navigation\" data-id=\"26532f3\" data-element_type=\"widget\" data-e-type=\"widget\" data-widget_type=\"post-navigation.default\">\n\t\t\t\t<div class=\"elementor-widget-container\">\n\t\t\t\t\t\t\t<div class=\"elementor-post-navigation\" role=\"navigation\" aria-label=\"Navigazione dell&#039;articolo\">\n\t\t\t<div class=\"elementor-post-navigation__prev elementor-post-navigation__link\">\n\t\t\t\t<a href=\"https:\/\/carmelites.net\/it\/carmelite-review\/therese-relics-on-display\/\" rel=\"prev\"><span class=\"post-navigation__arrow-wrapper post-navigation__arrow-prev\"><i aria-hidden=\"true\" class=\"fas fa-angle-left\"><\/i><span class=\"elementor-screen-only\">Precedente<\/span><\/span><span class=\"elementor-post-navigation__link__prev\"><span class=\"post-navigation__prev--label\">Precedente<\/span><span class=\"post-navigation__prev--title\">Reliquie di Th\u00e9r\u00e8se in mostra<\/span><\/span><\/a>\t\t\t<\/div>\n\t\t\t\t\t\t\t<div class=\"elementor-post-navigation__separator-wrapper\">\n\t\t\t\t\t<div class=\"elementor-post-navigation__separator\"><\/div>\n\t\t\t\t<\/div>\n\t\t\t\t\t\t<div class=\"elementor-post-navigation__next elementor-post-navigation__link\">\n\t\t\t\t<a href=\"https:\/\/carmelites.net\/it\/carmelite-review\/who-is-albert-of-jerusalem\/\" rel=\"next\"><span class=\"elementor-post-navigation__link__next\"><span class=\"post-navigation__next--label\">Avanti<\/span><span class=\"post-navigation__next--title\">Chi \u00e8 Alberto di Gerusalemme?<\/span><\/span><span class=\"post-navigation__arrow-wrapper post-navigation__arrow-next\"><i aria-hidden=\"true\" class=\"fas fa-angle-right\"><\/i><span class=\"elementor-screen-only\">Successivo<\/span><\/span><\/a>\t\t\t<\/div>\n\t\t<\/div>\n\t\t\t\t\t\t<\/div>\n\t\t\t\t<\/div>\n\t\t\t\t\t<\/div>\n\t\t\t\t<\/div>\n\t\t\t\t<\/div>","protected":false},"excerpt":{"rendered":"<p>Carmelo e la musica<\/p>\n<p>di Simon Nolan, O.Carm. | Carmelite Media, 2020, 109 pp.<br \/>\nrecensito da Gregory Houck, O.Carm.<\/p>","protected":false},"author":14,"featured_media":21588,"comment_status":"closed","ping_status":"open","sticky":false,"template":"","format":"standard","meta":{"rs_blank_template":"","rs_page_bg_color":"","slide_template_v7":"","_analytify_skip_tracking":false,"footnotes":""},"categories":[71],"tags":[80,274,102,250],"class_list":["post-21586","post","type-post","status-publish","format-standard","has-post-thumbnail","hentry","category-carmelite-review","tag-carmel","tag-composers","tag-history","tag-music"],"aioseo_notices":[],"_links":{"self":[{"href":"https:\/\/carmelites.net\/it\/wp-json\/wp\/v2\/posts\/21586","targetHints":{"allow":["GET"]}}],"collection":[{"href":"https:\/\/carmelites.net\/it\/wp-json\/wp\/v2\/posts"}],"about":[{"href":"https:\/\/carmelites.net\/it\/wp-json\/wp\/v2\/types\/post"}],"author":[{"embeddable":true,"href":"https:\/\/carmelites.net\/it\/wp-json\/wp\/v2\/users\/14"}],"replies":[{"embeddable":true,"href":"https:\/\/carmelites.net\/it\/wp-json\/wp\/v2\/comments?post=21586"}],"version-history":[{"count":10,"href":"https:\/\/carmelites.net\/it\/wp-json\/wp\/v2\/posts\/21586\/revisions"}],"predecessor-version":[{"id":21599,"href":"https:\/\/carmelites.net\/it\/wp-json\/wp\/v2\/posts\/21586\/revisions\/21599"}],"wp:featuredmedia":[{"embeddable":true,"href":"https:\/\/carmelites.net\/it\/wp-json\/wp\/v2\/media\/21588"}],"wp:attachment":[{"href":"https:\/\/carmelites.net\/it\/wp-json\/wp\/v2\/media?parent=21586"}],"wp:term":[{"taxonomy":"category","embeddable":true,"href":"https:\/\/carmelites.net\/it\/wp-json\/wp\/v2\/categories?post=21586"},{"taxonomy":"post_tag","embeddable":true,"href":"https:\/\/carmelites.net\/it\/wp-json\/wp\/v2\/tags?post=21586"}],"curies":[{"name":"wp","href":"https:\/\/api.w.org\/{rel}","templated":true}]}}