{"id":21455,"date":"2025-09-07T14:29:34","date_gmt":"2025-09-07T19:29:34","guid":{"rendered":"https:\/\/carmelites.net\/?p=21455"},"modified":"2025-09-12T11:15:57","modified_gmt":"2025-09-12T16:15:57","slug":"pilgrimage","status":"publish","type":"post","link":"https:\/\/carmelites.net\/it\/carmelite-review\/pilgrimage\/","title":{"rendered":"PELLEGRINAGGIO"},"content":{"rendered":"<div data-elementor-type=\"wp-post\" data-elementor-id=\"21455\" class=\"elementor elementor-21455\" data-elementor-post-type=\"post\">\n\t\t\t\t<div data-particle_enable=\"false\" data-particle-mobile-disabled=\"false\" class=\"elementor-element elementor-element-e56aa22 e-flex e-con-boxed e-con e-parent\" data-id=\"e56aa22\" data-element_type=\"container\" data-e-type=\"container\">\n\t\t\t\t\t<div class=\"e-con-inner\">\n\t\t\t\t<div class=\"elementor-element elementor-element-bcefd57 elementor-widget__width-initial e-transform elementor-widget elementor-widget-video\" data-id=\"bcefd57\" data-element_type=\"widget\" data-e-type=\"widget\" data-settings=\"{&quot;video_type&quot;:&quot;hosted&quot;,&quot;_transform_scale_effect&quot;:{&quot;unit&quot;:&quot;px&quot;,&quot;size&quot;:0,&quot;sizes&quot;:[]},&quot;controls&quot;:&quot;yes&quot;,&quot;_transform_scale_effect_tablet&quot;:{&quot;unit&quot;:&quot;px&quot;,&quot;size&quot;:&quot;&quot;,&quot;sizes&quot;:[]},&quot;_transform_scale_effect_mobile&quot;:{&quot;unit&quot;:&quot;px&quot;,&quot;size&quot;:&quot;&quot;,&quot;sizes&quot;:[]}}\" data-widget_type=\"video.default\">\n\t\t\t\t<div class=\"elementor-widget-container\">\n\t\t\t\t\t\t\t<div class=\"e-hosted-video elementor-wrapper elementor-open-inline\">\n\t\t\t\t\t<video class=\"elementor-video\" src=\"https:\/\/carmelites.net\/wp-content\/uploads\/2025\/08\/2026-Pilgrimage-Vertical.mp4\" controls=\"\" preload=\"metadata\" controlslist=\"nodownload\"><\/video>\n\t\t\t\t<\/div>\n\t\t\t\t\t\t<\/div>\n\t\t\t\t<\/div>\n\t\t\t\t<div class=\"elementor-element elementor-element-4c1af97 elementor-widget elementor-widget-text-editor\" data-id=\"4c1af97\" data-element_type=\"widget\" data-e-type=\"widget\" data-widget_type=\"text-editor.default\">\n\t\t\t\t<div class=\"elementor-widget-container\">\n\t\t\t\t\t\t\t\t\t<h3><strong>Pellegrinaggio del Carmelo: Paesi Bassi e Germania, 18-28 maggio 2026<\/strong><\/h3><p>L'Istituto Carmelitano del Nord America vi invita a partecipare a un pellegrinaggio molto speciale attraverso i Paesi Bassi e la Germania dal 18 al 28 maggio 2026. Questo viaggio sar\u00e0 guidato da P. Nepi Willemsen, O.Carm., un frate carmelitano tedesco-americano originario di questa regione, insieme a Lourdes Crabtree, direttrice dell'Istituto Carmelitano del Nord America.<\/p><p><em><strong>Al centro di questo pellegrinaggio ci sono due straordinari testimoni di fede:<br \/><\/strong><\/em>Santa Edith Stein (Teresa Benedetta della Croce), filosofa, convertita, monaca carmelitana e martire ad Auschwitz.<br \/>San Tito Brandsma, giornalista, studioso e frate carmelitano, che resistette coraggiosamente all'oppressione nazista.<\/p><p><em><strong>I pellegrini visiteranno i luoghi che hanno plasmato la loro vita:<br \/><\/strong><\/em>Amsterdam, con i suoi canali e le sue strade storiche, per iniziare il viaggio.<br \/>Frisia, la citt\u00e0 natale di Tito Brandsma, con una Messa in una parrocchia dedicata alla sua memoria.<br \/>Echt, dove Edith Stein visse nel monastero delle Carmelitane prima del suo arresto.<br \/>Queste visite offrono un incontro vivo con il coraggio, la sofferenza e la fede di due santi che incarnano lo spirito carmelitano nel mondo moderno.<\/p><p><strong>Il pellegrinaggio prosegue poi attraverso la Germania, passando per paesaggi sacri e bellezze spirituali:<\/strong><br \/>Arnhem, Colonia, Monaco di Baviera e Dachau, luoghi segnati sia dalla bellezza che dalla fede resistente che nasce da una profonda sofferenza.<br \/>Le Alpi bavaresi, con le loro cime maestose, offrono la bellezza naturale come sfondo alla preghiera e alla riflessione.<br \/>Il fiabesco castello di Neuschwanstein e la Messa nella cappella Wieskirche.<br \/>Il santuario mariano di Alt\u00f6tting, il luogo di pellegrinaggio pi\u00f9 amato della Germania, irradia una grazia tranquilla.<br \/>Lungo il percorso, i pellegrini celebreranno la Messa, condivideranno la preghiera e rifletteranno insieme, permettendo al ritmo della spiritualit\u00e0 carmelitana di plasmare ogni giorno.<\/p><p><em><strong>Questo pellegrinaggio \u00e8 pi\u00f9 di un viaggio... \u00e8 un invito a:<br \/><\/strong><\/em>Approfondite la vostra vita di preghiera attraverso la tradizione carmelitana della contemplazione.<br \/>Rinnovatevi spiritualmente camminando accanto all'eredit\u00e0 dei santi carmelitani.<br \/>Incontrate la bellezza e la storia, dai corsi d'acqua e le pianure dei Paesi Bassi alle Alpi bavaresi.<br \/>Condividere la comunit\u00e0 con i compagni di pellegrinaggio, guidati dall'Istituto Carmelitano del Nord America.<\/p><p><strong>Nelle parole di p. Willemsen:<\/strong> <em>\"Sar\u00e0 un momento di rinnovamento spirituale, di preghiera e di profonda ispirazione. Cammineremo con i santi carmelitani che sono rimasti fermi di fronte alle tenebre e che ora camminano con noi nella fede\".<\/em><\/p><p><em><strong>Unitevi a noi nel 2026 per vivere la bellezza, la storia e la spiritualit\u00e0 del Carmelo in Europa. Camminate con i santi, incontrate la profondit\u00e0 della preghiera carmelitana e tornate rinnovati nella fede e nello spirito.<\/strong><\/em><\/p>\t\t\t\t\t\t\t\t<\/div>\n\t\t\t\t<\/div>\n\t\t\t\t<div class=\"elementor-element elementor-element-79d9d05 elementor-widget-divider--view-line elementor-widget elementor-widget-divider\" data-id=\"79d9d05\" data-element_type=\"widget\" data-e-type=\"widget\" data-widget_type=\"divider.default\">\n\t\t\t\t<div class=\"elementor-widget-container\">\n\t\t\t\t\t\t\t<div class=\"elementor-divider\">\n\t\t\t<span class=\"elementor-divider-separator\">\n\t\t\t\t\t\t<\/span>\n\t\t<\/div>\n\t\t\t\t\t\t<\/div>\n\t\t\t\t<\/div>\n\t\t\t\t<div class=\"elementor-element elementor-element-b810ccc elementor-widget elementor-widget-text-editor\" data-id=\"b810ccc\" data-element_type=\"widget\" data-e-type=\"widget\" data-widget_type=\"text-editor.default\">\n\t\t\t\t<div class=\"elementor-widget-container\">\n\t\t\t\t\t\t\t\t\t<p><strong>Per maggiori dettagli e per iscriversi al Pellegrinaggio, visitare il sito <a href=\"https:\/\/carmeliteinstitute.net\/pilgrimage-to-germany-netherlands\/\" target=\"_blank\" rel=\"noopener\">Istituto Carmelitano del Nord America<\/a> sito web per scaricare il PDF informativo e di registrazione.<\/strong><\/p>\t\t\t\t\t\t\t\t<\/div>\n\t\t\t\t<\/div>\n\t\t\t\t<div class=\"elementor-element elementor-element-ba1c26e elementor-widget-divider--view-line elementor-widget elementor-widget-divider\" data-id=\"ba1c26e\" data-element_type=\"widget\" data-e-type=\"widget\" data-widget_type=\"divider.default\">\n\t\t\t\t<div class=\"elementor-widget-container\">\n\t\t\t\t\t\t\t<div class=\"elementor-divider\">\n\t\t\t<span class=\"elementor-divider-separator\">\n\t\t\t\t\t\t<\/span>\n\t\t<\/div>\n\t\t\t\t\t\t<\/div>\n\t\t\t\t<\/div>\n\t\t\t\t<div class=\"elementor-element elementor-element-e62013b elementor-post-navigation-borders-yes elementor-widget elementor-widget-post-navigation\" data-id=\"e62013b\" data-element_type=\"widget\" data-e-type=\"widget\" data-widget_type=\"post-navigation.default\">\n\t\t\t\t<div class=\"elementor-widget-container\">\n\t\t\t\t\t\t\t<div class=\"elementor-post-navigation\" role=\"navigation\" aria-label=\"Navigazione dell&#039;articolo\">\n\t\t\t<div class=\"elementor-post-navigation__prev elementor-post-navigation__link\">\n\t\t\t\t<a href=\"https:\/\/carmelites.net\/it\/carmelite-review\/book-review\/\" rel=\"prev\"><span class=\"post-navigation__arrow-wrapper post-navigation__arrow-prev\"><i aria-hidden=\"true\" class=\"fas fa-angle-left\"><\/i><span class=\"elementor-screen-only\">Precedente<\/span><\/span><span class=\"elementor-post-navigation__link__prev\"><span class=\"post-navigation__prev--label\">Precedente<\/span><span class=\"post-navigation__prev--title\">RECENSIONE DEL LIBRO<\/span><\/span><\/a>\t\t\t<\/div>\n\t\t\t\t\t\t\t<div class=\"elementor-post-navigation__separator-wrapper\">\n\t\t\t\t\t<div class=\"elementor-post-navigation__separator\"><\/div>\n\t\t\t\t<\/div>\n\t\t\t\t\t\t<div class=\"elementor-post-navigation__next elementor-post-navigation__link\">\n\t\t\t\t<a href=\"https:\/\/carmelites.net\/it\/carmelite-review\/remembering-fr-john-jay-comerford-o-carm\/\" rel=\"next\"><span class=\"elementor-post-navigation__link__next\"><span class=\"post-navigation__next--label\">Avanti<\/span><span class=\"post-navigation__next--title\">Ricordando padre John \"Jay\" Comerford, O.Carm.<\/span><\/span><span class=\"post-navigation__arrow-wrapper post-navigation__arrow-next\"><i aria-hidden=\"true\" class=\"fas fa-angle-right\"><\/i><span class=\"elementor-screen-only\">Successivo<\/span><\/span><\/a>\t\t\t<\/div>\n\t\t<\/div>\n\t\t\t\t\t\t<\/div>\n\t\t\t\t<\/div>\n\t\t\t\t\t<\/div>\n\t\t\t\t<\/div>\n\t\t\t\t<\/div>","protected":false},"excerpt":{"rendered":"<p>Pellegrinaggio del Carmelo: Paesi Bassi e Germania, 18-28 maggio 2026<\/p>\n<p>L'Istituto Carmelitano del Nord America vi invita a partecipare a un pellegrinaggio molto speciale attraverso i Paesi Bassi e la Germania dal 18 al 28 maggio 2026. Questo viaggio sar\u00e0 guidato da P. Nepi Willemsen, O.Carm., un frate carmelitano tedesco-americano originario di questa regione, insieme a Lourdes Crabtree, direttrice dell'Istituto Carmelitano del Nord America.<\/p>","protected":false},"author":14,"featured_media":21460,"comment_status":"closed","ping_status":"open","sticky":false,"template":"","format":"standard","meta":{"rs_blank_template":"","rs_page_bg_color":"","slide_template_v7":"","_analytify_skip_tracking":false,"footnotes":""},"categories":[71],"tags":[],"class_list":["post-21455","post","type-post","status-publish","format-standard","has-post-thumbnail","hentry","category-carmelite-review"],"aioseo_notices":[],"_links":{"self":[{"href":"https:\/\/carmelites.net\/it\/wp-json\/wp\/v2\/posts\/21455","targetHints":{"allow":["GET"]}}],"collection":[{"href":"https:\/\/carmelites.net\/it\/wp-json\/wp\/v2\/posts"}],"about":[{"href":"https:\/\/carmelites.net\/it\/wp-json\/wp\/v2\/types\/post"}],"author":[{"embeddable":true,"href":"https:\/\/carmelites.net\/it\/wp-json\/wp\/v2\/users\/14"}],"replies":[{"embeddable":true,"href":"https:\/\/carmelites.net\/it\/wp-json\/wp\/v2\/comments?post=21455"}],"version-history":[{"count":10,"href":"https:\/\/carmelites.net\/it\/wp-json\/wp\/v2\/posts\/21455\/revisions"}],"predecessor-version":[{"id":21579,"href":"https:\/\/carmelites.net\/it\/wp-json\/wp\/v2\/posts\/21455\/revisions\/21579"}],"wp:featuredmedia":[{"embeddable":true,"href":"https:\/\/carmelites.net\/it\/wp-json\/wp\/v2\/media\/21460"}],"wp:attachment":[{"href":"https:\/\/carmelites.net\/it\/wp-json\/wp\/v2\/media?parent=21455"}],"wp:term":[{"taxonomy":"category","embeddable":true,"href":"https:\/\/carmelites.net\/it\/wp-json\/wp\/v2\/categories?post=21455"},{"taxonomy":"post_tag","embeddable":true,"href":"https:\/\/carmelites.net\/it\/wp-json\/wp\/v2\/tags?post=21455"}],"curies":[{"name":"wp","href":"https:\/\/api.w.org\/{rel}","templated":true}]}}