{"id":21020,"date":"2024-10-08T14:30:19","date_gmt":"2024-10-08T19:30:19","guid":{"rendered":"https:\/\/carmelites.net\/?p=21020"},"modified":"2026-03-21T11:28:41","modified_gmt":"2026-03-21T16:28:41","slug":"mcbrien-o-carm-kevin","status":"publish","type":"post","link":"https:\/\/carmelites.net\/it\/obituary\/mcbrien-o-carm-kevin\/","title":{"rendered":"MCBRIEN, O.Carm."},"content":{"rendered":"<div data-elementor-type=\"wp-post\" data-elementor-id=\"21020\" class=\"elementor elementor-21020\" data-elementor-post-type=\"post\">\n\t\t\t\t\t\t<section data-particle_enable=\"false\" data-particle-mobile-disabled=\"false\" class=\"elementor-section elementor-top-section elementor-element elementor-element-a159e23 elementor-section-stretched elementor-section-boxed elementor-section-height-default elementor-section-height-default\" data-id=\"a159e23\" data-element_type=\"section\" data-e-type=\"section\" data-settings=\"{&quot;stretch_section&quot;:&quot;section-stretched&quot;}\">\n\t\t\t\t\t\t<div class=\"elementor-container elementor-column-gap-default\">\n\t\t\t\t\t<div class=\"elementor-column elementor-col-33 elementor-top-column elementor-element elementor-element-52197be\" data-id=\"52197be\" data-element_type=\"column\" data-e-type=\"column\">\n\t\t\t<div class=\"elementor-widget-wrap elementor-element-populated\">\n\t\t\t\t\t\t<div class=\"elementor-element elementor-element-dc17e90 elementor-widget elementor-widget-image\" data-id=\"dc17e90\" data-element_type=\"widget\" data-e-type=\"widget\" data-widget_type=\"image.default\">\n\t\t\t\t<div class=\"elementor-widget-container\">\n\t\t\t\t\t\t\t\t\t\t\t\t\t\t\t<img loading=\"lazy\" decoding=\"async\" width=\"661\" height=\"1024\" src=\"https:\/\/carmelites.net\/wp-content\/uploads\/2024\/10\/KM-1-661x1024.jpg\" class=\"attachment-large size-large wp-image-21093\" alt=\"\" srcset=\"https:\/\/carmelites.net\/wp-content\/uploads\/2024\/10\/KM-1-661x1024.jpg 661w, https:\/\/carmelites.net\/wp-content\/uploads\/2024\/10\/KM-1-194x300.jpg 194w, https:\/\/carmelites.net\/wp-content\/uploads\/2024\/10\/KM-1-768x1190.jpg 768w, https:\/\/carmelites.net\/wp-content\/uploads\/2024\/10\/KM-1-8x12.jpg 8w, https:\/\/carmelites.net\/wp-content\/uploads\/2024\/10\/KM-1.jpg 900w\" sizes=\"auto, (max-width: 661px) 100vw, 661px\" \/>\t\t\t\t\t\t\t\t\t\t\t\t\t\t\t<\/div>\n\t\t\t\t<\/div>\n\t\t\t\t\t<\/div>\n\t\t<\/div>\n\t\t\t\t<div class=\"elementor-column elementor-col-33 elementor-top-column elementor-element elementor-element-648a302\" data-id=\"648a302\" data-element_type=\"column\" data-e-type=\"column\">\n\t\t\t<div class=\"elementor-widget-wrap elementor-element-populated\">\n\t\t\t\t\t\t<div class=\"elementor-element elementor-element-7495453 elementor-widget elementor-widget-image\" data-id=\"7495453\" data-element_type=\"widget\" data-e-type=\"widget\" data-widget_type=\"image.default\">\n\t\t\t\t<div class=\"elementor-widget-container\">\n\t\t\t\t\t\t\t\t\t\t\t\t\t\t\t<img loading=\"lazy\" decoding=\"async\" width=\"661\" height=\"1024\" src=\"https:\/\/carmelites.net\/wp-content\/uploads\/2024\/10\/KM-2-661x1024.jpg\" class=\"attachment-large size-large wp-image-21094\" alt=\"\" srcset=\"https:\/\/carmelites.net\/wp-content\/uploads\/2024\/10\/KM-2-661x1024.jpg 661w, https:\/\/carmelites.net\/wp-content\/uploads\/2024\/10\/KM-2-194x300.jpg 194w, https:\/\/carmelites.net\/wp-content\/uploads\/2024\/10\/KM-2-768x1190.jpg 768w, https:\/\/carmelites.net\/wp-content\/uploads\/2024\/10\/KM-2-8x12.jpg 8w, https:\/\/carmelites.net\/wp-content\/uploads\/2024\/10\/KM-2.jpg 900w\" sizes=\"auto, (max-width: 661px) 100vw, 661px\" \/>\t\t\t\t\t\t\t\t\t\t\t\t\t\t\t<\/div>\n\t\t\t\t<\/div>\n\t\t\t\t\t<\/div>\n\t\t<\/div>\n\t\t\t\t<div class=\"elementor-column elementor-col-33 elementor-top-column elementor-element elementor-element-0ca4e1d\" data-id=\"0ca4e1d\" data-element_type=\"column\" data-e-type=\"column\">\n\t\t\t<div class=\"elementor-widget-wrap elementor-element-populated\">\n\t\t\t\t\t\t<div class=\"elementor-element elementor-element-896eb6c elementor-widget elementor-widget-text-editor\" data-id=\"896eb6c\" data-element_type=\"widget\" data-e-type=\"widget\" data-widget_type=\"text-editor.default\">\n\t\t\t\t<div class=\"elementor-widget-container\">\n\t\t\t\t\t\t\t\t\t<h2>MUORE IL SACERDOTE CARMELITANO KEVIN MCBRIEN<\/h2><p><span style=\"color: var( --e-global-color-text ); font-family: var( --e-global-typography-text-font-family ), Sans-serif; font-size: var( --e-global-typography-text-font-size ); font-weight: var( --e-global-typography-text-font-weight ); text-align: var(--text-align);\">(8 ottobre 2024; Darien, IL)\u00a0\u00a0<\/span><\/p><p><span style=\"color: var( --e-global-color-text ); font-family: var( --e-global-typography-text-font-family ), Sans-serif; font-size: var( --e-global-typography-text-font-size ); font-weight: var( --e-global-typography-text-font-weight ); text-align: var(--text-align);\">\u00a0 \u00a0 \u00a0 \u00a0 \u00a0 \u00a0 \u00a0La Provincia del Purissimo Cuore di Maria, Ordine dei Carmelitani, piange la morte del reverendo Kevin McBrien, O.Carm., deceduto all'et\u00e0 di 81 anni, l'8 ottobre 2024, presso il Providence-St. Joseph Hospital di Burbank, California.<\/span><\/p><p>\u00a0\u00a0\u00a0\u00a0\u00a0\u00a0\u00a0\u00a0\u00a0\u00a0\u00a0 Kevin \u00e8 nato da Joseph F. McBrien e Lucy F. (Barbeau) McBrien il 30 marzo 1943 a Salem, Massachusetts.  Il suo nome di battesimo era Kevin Michael.  \u00c8 stato preceduto dal fratello, il Rev. Dennis (John) McBrien, O.Carm. e gli sopravvivono la sorella Kathleen Bouchard e il fratello Harold McBrien.<\/p><p>\u00a0\u00a0\u00a0\u00a0\u00a0\u00a0\u00a0\u00a0\u00a0\u00a0\u00a0 Kevin ha frequentato il Carmelite Junior Seminary di Hamilton, Massachusetts, dal 1957 al 1962.  Ha poi frequentato il Mount Carmel College di Niagara Falls, Ontario, Canada, conseguendo una laurea in filosofia nel 1967.  Ha proseguito gli studi presso la Washington Theological Coalition dal 1967 al 1970, per poi conseguire un Master in Educazione presso l'Universit\u00e0 di Detroit nel 1973.<\/p><p>\u00a0\u00a0\u00a0\u00a0\u00a0\u00a0\u00a0\u00a0\u00a0\u00a0\u00a0 Kevin ha professato i voti semplici nel noviziato carmelitano di New Baltimora, in Pennsylvania, il 22 agosto 1964, e ha professato i voti solenni come carmelitano nella Whitefriars Hall di Washington, DC, il 30 gennaio 1970.  Ordinato diacono il 13 febbraio 1970 presso il Santuario Nazionale dell'Immacolata Concezione di Washington, \u00e8 stato ordinato sacerdote dal vescovo Nevin Hayes, O.Carm., il 16 maggio 1970 presso il Seminario minore carmelitano di Hamilton, Massachusetts.<\/p><p>\u00a0\u00a0\u00a0\u00a0\u00a0\u00a0\u00a0\u00a0\u00a0\u00a0\u00a0 Il primo incarico di don Kevin come sacerdote \u00e8 stato quello di parroco associato e ministro dei giovani presso la parrocchia dell'Immacolata Concezione, a Norwood, New Jersey, nel 1970-1971.  In seguito \u00e8 stato parroco associato presso la parrocchia di Santa Cecilia a Englewood, New Jersey, dal 1971 al 1973.\u00a0<\/p><p>\u00a0\u00a0\u00a0\u00a0\u00a0\u00a0\u00a0\u00a0\u00a0\u00a0\u00a0 Nei 13 anni successivi, p. Kevin ha fatto parte del corpo docente di diverse scuole superiori carmelitane.  Dal 1973 al 1981 ha insegnato alla Joliet Catholic High School di Joliet, Illinois; dal 1981 al 1983 alla Our Lady of Mount Carmel High School di Houston, Texas; e dal 1983 al 1986 alla Crespi Carmelite High School di Encino, California.<\/p><p>\u00a0\u00a0\u00a0\u00a0\u00a0\u00a0\u00a0\u00a0\u00a0\u00a0\u00a0 Padre Kevin \u00e8 tornato al ministero parrocchiale nel 1986, servendo come parroco associato della parrocchia di St. Jane Frances de Chantal a North Hollywood, California, dal 1986 al 1991, e poi come parroco della parrocchia di Our Lady of Mount Carmel a Fairfield, California, dal 1991 al 1997.<\/p><p>\u00a0\u00a0\u00a0\u00a0\u00a0\u00a0\u00a0\u00a0\u00a0\u00a0\u00a0 P. Kevin ha ricoperto il ruolo di Direttore vocazionale del Carmelo occidentale dal 1997 al 2005 e di Commissario provinciale occidentale dal 2003 al 2006.  Nel 2007, p. Kevin \u00e8 stato vicario parrocchiale presso la parrocchia di San Tommaso Apostolo a Chicago, Illinois, ed \u00e8 stato anche priore della comunit\u00e0 di formazione carmelitana di Carith House nel 2007-2008.  Dal 2008 al 2010, p. Kevin \u00e8 stato vicario parrocchiale della parrocchia di San Matteo a Glendale Heights, Illinois.<\/p><p>\u00a0\u00a0\u00a0\u00a0\u00a0\u00a0\u00a0\u00a0\u00a0\u00a0\u00a0 Padre Kevin ha risieduto nel Priorato di Santa Teresa a Phoenix, in Arizona, dal 2010 al 2020, fino a quando si \u00e8 trasferito nel 2020 a Villa Scalabrini a Sun Valley, in California, dove \u00e8 rimasto fino alla sua morte.<\/p><p>\u00a0\u00a0\u00a0\u00a0\u00a0\u00a0\u00a0\u00a0\u00a0\u00a0\u00a0 Che riposi in pace.<\/p><p>\u00a0\u00a0\u00a0\u00a0\u00a0\u00a0\u00a0\u00a0\u00a0\u00a0\u00a0 Una Messa funebre sar\u00e0 celebrata per p. Kevin a Villa Scalabrini a Sun Valley, California, il 25 ottobre 2024. La sepoltura avverr\u00e0 in un secondo momento nel cimitero di St. Mary a Salem, Massachusetts.<\/p><p>\u00a0\u00a0\u00a0\u00a0\u00a0\u00a0\u00a0\u00a0\u00a0\u00a0\u00a0 Le donazioni in onore del reverendo Kevin McBrien, O.Carm. possono essere fatte a: Societ\u00e0 del Monte Carmelo, 1317 North Frontage Road, Darien, Illinois 60561.<\/p><p>\u00a0\u00a0\u00a0\u00a0\u00a0\u00a0\u00a0\u00a0\u00a0\u00a0\u00a0 Per ulteriori informazioni sul reverendo Kevin McBrien, O.Carm. o sull'Ordine dei Carmelitani, contattare Carmelite Media al numero (630) 971-0724 o visitare il sito web dei Carmelitani all'indirizzo <a href=\"http:\/\/carmelites.net\/it\/\">www.carmelites.net<\/a><\/p>\t\t\t\t\t\t\t\t<\/div>\n\t\t\t\t<\/div>\n\t\t\t\t\t<\/div>\n\t\t<\/div>\n\t\t\t\t\t<\/div>\n\t\t<\/section>\n\t\t\t\t<section data-particle_enable=\"false\" data-particle-mobile-disabled=\"false\" class=\"elementor-section elementor-top-section elementor-element elementor-element-603badb elementor-section-boxed elementor-section-height-default elementor-section-height-default\" data-id=\"603badb\" data-element_type=\"section\" data-e-type=\"section\">\n\t\t\t\t\t\t<div class=\"elementor-container elementor-column-gap-default\">\n\t\t\t\t\t<div class=\"elementor-column elementor-col-50 elementor-top-column elementor-element elementor-element-a4f36b8\" data-id=\"a4f36b8\" data-element_type=\"column\" data-e-type=\"column\">\n\t\t\t<div class=\"elementor-widget-wrap elementor-element-populated\">\n\t\t\t\t\t\t<div class=\"elementor-element elementor-element-89069a9 elementor-align-center elementor-widget elementor-widget-button\" data-id=\"89069a9\" data-element_type=\"widget\" data-e-type=\"widget\" data-widget_type=\"button.default\">\n\t\t\t\t<div class=\"elementor-widget-container\">\n\t\t\t\t\t\t\t\t\t<div class=\"elementor-button-wrapper\">\n\t\t\t\t\t<a class=\"elementor-button elementor-button-link elementor-size-sm\" href=\"http:\/\/carmelites.net\/it\/friars-of-pcm\/\">\n\t\t\t\t\t\t<span class=\"elementor-button-content-wrapper\">\n\t\t\t\t\t\t\t\t\t<span class=\"elementor-button-text\">Ritorno a tutti i frati<\/span>\n\t\t\t\t\t<\/span>\n\t\t\t\t\t<\/a>\n\t\t\t\t<\/div>\n\t\t\t\t\t\t\t\t<\/div>\n\t\t\t\t<\/div>\n\t\t\t\t\t<\/div>\n\t\t<\/div>\n\t\t\t\t<div class=\"elementor-column elementor-col-50 elementor-top-column elementor-element elementor-element-26759e1\" data-id=\"26759e1\" data-element_type=\"column\" data-e-type=\"column\">\n\t\t\t<div class=\"elementor-widget-wrap elementor-element-populated\">\n\t\t\t\t\t\t\t<\/div>\n\t\t<\/div>\n\t\t\t\t\t<\/div>\n\t\t<\/section>\n\t\t\t\t<\/div>","protected":false},"excerpt":{"rendered":"<p>CARMELITE PRIEST KEVIN MCBRIEN DIES (October 8, 2024; Darien, IL)\u00a0\u00a0 \u00a0 \u00a0 \u00a0 \u00a0 \u00a0 \u00a0 \u00a0The Province of the Most Pure Heart of Mary, Order of Carmelites, mourns the [&hellip;]<\/p>\n","protected":false},"author":1,"featured_media":21092,"comment_status":"closed","ping_status":"open","sticky":false,"template":"","format":"standard","meta":{"rs_blank_template":"","rs_page_bg_color":"","slide_template_v7":"","_analytify_skip_tracking":false,"footnotes":""},"categories":[257],"tags":[28],"class_list":["post-21020","post","type-post","status-publish","format-standard","has-post-thumbnail","hentry","category-obituary","tag-m"],"aioseo_notices":[],"_links":{"self":[{"href":"https:\/\/carmelites.net\/it\/wp-json\/wp\/v2\/posts\/21020","targetHints":{"allow":["GET"]}}],"collection":[{"href":"https:\/\/carmelites.net\/it\/wp-json\/wp\/v2\/posts"}],"about":[{"href":"https:\/\/carmelites.net\/it\/wp-json\/wp\/v2\/types\/post"}],"author":[{"embeddable":true,"href":"https:\/\/carmelites.net\/it\/wp-json\/wp\/v2\/users\/1"}],"replies":[{"embeddable":true,"href":"https:\/\/carmelites.net\/it\/wp-json\/wp\/v2\/comments?post=21020"}],"version-history":[{"count":10,"href":"https:\/\/carmelites.net\/it\/wp-json\/wp\/v2\/posts\/21020\/revisions"}],"predecessor-version":[{"id":23838,"href":"https:\/\/carmelites.net\/it\/wp-json\/wp\/v2\/posts\/21020\/revisions\/23838"}],"wp:featuredmedia":[{"embeddable":true,"href":"https:\/\/carmelites.net\/it\/wp-json\/wp\/v2\/media\/21092"}],"wp:attachment":[{"href":"https:\/\/carmelites.net\/it\/wp-json\/wp\/v2\/media?parent=21020"}],"wp:term":[{"taxonomy":"category","embeddable":true,"href":"https:\/\/carmelites.net\/it\/wp-json\/wp\/v2\/categories?post=21020"},{"taxonomy":"post_tag","embeddable":true,"href":"https:\/\/carmelites.net\/it\/wp-json\/wp\/v2\/tags?post=21020"}],"curies":[{"name":"wp","href":"https:\/\/api.w.org\/{rel}","templated":true}]}}