{"id":20317,"date":"2025-06-02T19:27:04","date_gmt":"2025-06-03T00:27:04","guid":{"rendered":"https:\/\/carmelites.net\/?p=20317"},"modified":"2025-06-03T10:37:55","modified_gmt":"2025-06-03T15:37:55","slug":"newsletter-for-july-2025-no-8","status":"publish","type":"post","link":"https:\/\/carmelites.net\/it\/laudato-si\/newsletter-for-july-2025-no-8\/","title":{"rendered":"Newsletter di luglio 2025, n. 8"},"content":{"rendered":"<div data-elementor-type=\"wp-post\" data-elementor-id=\"20317\" class=\"elementor elementor-20317\" data-elementor-post-type=\"post\">\n\t\t\t\t<div data-particle_enable=\"false\" data-particle-mobile-disabled=\"false\" class=\"elementor-element elementor-element-c1eb727 e-flex e-con-boxed e-con e-parent\" data-id=\"c1eb727\" data-element_type=\"container\" data-e-type=\"container\" data-settings=\"{&quot;background_background&quot;:&quot;classic&quot;}\">\n\t\t\t\t\t<div class=\"e-con-inner\">\n\t\t\t\t<div class=\"elementor-element elementor-element-f477680 elementor-widget elementor-widget-image\" data-id=\"f477680\" data-element_type=\"widget\" data-e-type=\"widget\" data-widget_type=\"image.default\">\n\t\t\t\t<div class=\"elementor-widget-container\">\n\t\t\t\t\t\t\t\t\t\t\t\t\t\t\t<img loading=\"lazy\" decoding=\"async\" width=\"800\" height=\"359\" src=\"https:\/\/carmelites.net\/wp-content\/uploads\/2025\/03\/English1200-1024x460.png\" class=\"attachment-large size-large wp-image-19783\" alt=\"\" srcset=\"https:\/\/carmelites.net\/wp-content\/uploads\/2025\/03\/English1200-1024x460.png 1024w, https:\/\/carmelites.net\/wp-content\/uploads\/2025\/03\/English1200-300x135.png 300w, https:\/\/carmelites.net\/wp-content\/uploads\/2025\/03\/English1200-768x345.png 768w, https:\/\/carmelites.net\/wp-content\/uploads\/2025\/03\/English1200-18x8.png 18w, https:\/\/carmelites.net\/wp-content\/uploads\/2025\/03\/English1200.png 1200w\" sizes=\"auto, (max-width: 800px) 100vw, 800px\" \/>\t\t\t\t\t\t\t\t\t\t\t\t\t\t\t<\/div>\n\t\t\t\t<\/div>\n\t\t\t\t<div class=\"elementor-element elementor-element-5861f7a elementor-widget elementor-widget-text-editor\" data-id=\"5861f7a\" data-element_type=\"widget\" data-e-type=\"widget\" data-widget_type=\"text-editor.default\">\n\t\t\t\t<div class=\"elementor-widget-container\">\n\t\t\t\t\t\t\t\t\t<h3 style=\"text-align: center;\"><strong>Newsletter del Piano d'Azione Laudato Si' per il giugno 2025, n. 8<\/strong><\/h3>\t\t\t\t\t\t\t\t<\/div>\n\t\t\t\t<\/div>\n\t\t\t\t<div class=\"elementor-element elementor-element-6f236e8 elementor-widget-divider--view-line elementor-widget elementor-widget-divider\" data-id=\"6f236e8\" data-element_type=\"widget\" data-e-type=\"widget\" data-widget_type=\"divider.default\">\n\t\t\t\t<div class=\"elementor-widget-container\">\n\t\t\t\t\t\t\t<div class=\"elementor-divider\">\n\t\t\t<span class=\"elementor-divider-separator\">\n\t\t\t\t\t\t<\/span>\n\t\t<\/div>\n\t\t\t\t\t\t<\/div>\n\t\t\t\t<\/div>\n\t\t<div data-particle_enable=\"false\" data-particle-mobile-disabled=\"false\" class=\"elementor-element elementor-element-7c33243 e-grid e-con-full e-con e-child\" data-id=\"7c33243\" data-element_type=\"container\" data-e-type=\"container\">\n\t\t\t\t<div class=\"elementor-element elementor-element-58a1b4f elementor-widget elementor-widget-image\" data-id=\"58a1b4f\" data-element_type=\"widget\" data-e-type=\"widget\" data-widget_type=\"image.default\">\n\t\t\t\t<div class=\"elementor-widget-container\">\n\t\t\t\t\t\t\t\t\t\t\t\t\t\t\t<img loading=\"lazy\" decoding=\"async\" width=\"231\" height=\"300\" src=\"https:\/\/carmelites.net\/wp-content\/uploads\/2025\/06\/Picture1-231x300.png\" class=\"attachment-medium size-medium wp-image-20319\" alt=\"\" srcset=\"https:\/\/carmelites.net\/wp-content\/uploads\/2025\/06\/Picture1-231x300.png 231w, https:\/\/carmelites.net\/wp-content\/uploads\/2025\/06\/Picture1-9x12.png 9w, https:\/\/carmelites.net\/wp-content\/uploads\/2025\/06\/Picture1.png 323w\" sizes=\"auto, (max-width: 231px) 100vw, 231px\" \/>\t\t\t\t\t\t\t\t\t\t\t\t\t\t\t<\/div>\n\t\t\t\t<\/div>\n\t\t\t\t<div class=\"elementor-element elementor-element-c9143b8 elementor-widget elementor-widget-text-editor\" data-id=\"c9143b8\" data-element_type=\"widget\" data-e-type=\"widget\" data-widget_type=\"text-editor.default\">\n\t\t\t\t<div class=\"elementor-widget-container\">\n\t\t\t\t\t\t\t\t\t<h5><em><strong>Benvenuti all'ottava edizione della Newsletter del Piano d'Azione Laudato Si' della Provincia Carmelitana PCM. Questa newsletter elettronica ha lo scopo di informare i membri e i partner di questa Provincia sul nostro impegno collettivo a vivere i valori della Laudato Si', ascoltando e rispondendo alle grida della terra e dei poveri.<\/strong> <\/em><\/h5>\t\t\t\t\t\t\t\t<\/div>\n\t\t\t\t<\/div>\n\t\t\t\t<\/div>\n\t\t\t\t<div class=\"elementor-element elementor-element-8b3feba elementor-widget-divider--view-line elementor-widget elementor-widget-divider\" data-id=\"8b3feba\" data-element_type=\"widget\" data-e-type=\"widget\" data-widget_type=\"divider.default\">\n\t\t\t\t<div class=\"elementor-widget-container\">\n\t\t\t\t\t\t\t<div class=\"elementor-divider\">\n\t\t\t<span class=\"elementor-divider-separator\">\n\t\t\t\t\t\t<\/span>\n\t\t<\/div>\n\t\t\t\t\t\t<\/div>\n\t\t\t\t<\/div>\n\t\t<div data-particle_enable=\"false\" data-particle-mobile-disabled=\"false\" class=\"elementor-element elementor-element-51ad449 e-grid e-con-boxed e-con e-child\" data-id=\"51ad449\" data-element_type=\"container\" data-e-type=\"container\">\n\t\t\t\t\t<div class=\"e-con-inner\">\n\t\t\t\t<div class=\"elementor-element elementor-element-48dded5 elementor-widget elementor-widget-text-editor\" data-id=\"48dded5\" data-element_type=\"widget\" data-e-type=\"widget\" data-widget_type=\"text-editor.default\">\n\t\t\t\t<div class=\"elementor-widget-container\">\n\t\t\t\t\t\t\t\t\t<p><strong><em>Vi chiedo, nel nome di Dio,<br \/>per difendere la Madre Terra.<br \/><\/em><\/strong><strong>- Papa Francesco<\/strong><\/p>\t\t\t\t\t\t\t\t<\/div>\n\t\t\t\t<\/div>\n\t\t\t\t<div class=\"elementor-element elementor-element-8ef43b7 elementor-widget elementor-widget-text-editor\" data-id=\"8ef43b7\" data-element_type=\"widget\" data-e-type=\"widget\" data-widget_type=\"text-editor.default\">\n\t\t\t\t<div class=\"elementor-widget-container\">\n\t\t\t\t\t\t\t\t\t<p><strong>Piangiamo la scomparsa del nostro amato Papa Francesco, l'autore dell'enciclica, <em>Laudato Si': Sulla cura della nostra casa comune<\/em>.\u00a0 <\/strong><\/p>\t\t\t\t\t\t\t\t<\/div>\n\t\t\t\t<\/div>\n\t\t\t\t\t<\/div>\n\t\t\t\t<\/div>\n\t\t\t\t\t<\/div>\n\t\t\t\t<\/div>\n\t\t<div data-particle_enable=\"false\" data-particle-mobile-disabled=\"false\" class=\"elementor-element elementor-element-68f7745 e-flex e-con-boxed e-con e-parent\" data-id=\"68f7745\" data-element_type=\"container\" data-e-type=\"container\">\n\t\t\t\t\t<div class=\"e-con-inner\">\n\t\t<div data-particle_enable=\"false\" data-particle-mobile-disabled=\"false\" class=\"elementor-element elementor-element-03314b4 e-con-full e-flex e-con e-child\" data-id=\"03314b4\" data-element_type=\"container\" data-e-type=\"container\">\n\t\t\t\t<div class=\"elementor-element elementor-element-d9e66c1 elementor-widget-divider--view-line elementor-widget elementor-widget-divider\" data-id=\"d9e66c1\" data-element_type=\"widget\" data-e-type=\"widget\" data-widget_type=\"divider.default\">\n\t\t\t\t<div class=\"elementor-widget-container\">\n\t\t\t\t\t\t\t<div class=\"elementor-divider\">\n\t\t\t<span class=\"elementor-divider-separator\">\n\t\t\t\t\t\t<\/span>\n\t\t<\/div>\n\t\t\t\t\t\t<\/div>\n\t\t\t\t<\/div>\n\t\t\t\t<div class=\"elementor-element elementor-element-2839f66 elementor-widget elementor-widget-text-editor\" data-id=\"2839f66\" data-element_type=\"widget\" data-e-type=\"widget\" data-widget_type=\"text-editor.default\">\n\t\t\t\t<div class=\"elementor-widget-container\">\n\t\t\t\t\t\t\t\t\t<h5><strong>Il nostro nuovo piano d'azione per la Laudato Si'!<br \/><\/strong><strong>Un messaggio di Dennis Kalob, coordinatore del Piano d'azione della Laudato Si'.<\/strong><\/h5>\t\t\t\t\t\t\t\t<\/div>\n\t\t\t\t<\/div>\n\t\t\t\t<div class=\"elementor-element elementor-element-8ad1a9b elementor-widget elementor-widget-text-editor\" data-id=\"8ad1a9b\" data-element_type=\"widget\" data-e-type=\"widget\" data-widget_type=\"text-editor.default\">\n\t\t\t\t<div class=\"elementor-widget-container\">\n\t\t\t\t\t\t\t\t\t<p>Il mese scorso abbiamo pubblicato il nostro nuovo Piano d'azione provinciale per la Laudato Si' (durante la Settimana della Laudato Si' e mentre il mondo commemorava il 10\u00b0 anniversario della nascita della Chiesa).<sup>th<\/sup> anniversario dell'enciclica).  \u00c8 stata inviata un'e-mail con questo annuncio.  Nel caso ve la foste persa, vi invito a leggere il nostro piano, che include relazioni specifiche di 15 diversi ministeri e comunit\u00e0 della Provincia PCM.  Cliccate su <a href=\"https:\/\/carmelites.net\/it\/uncategorized\/laudato-si-action-plan-may-2025\/\">qui<\/a> per il rapporto.  Il documento \u00e8 sul sito web della nostra Provincia e caricato sulla Piattaforma d'azione Laudato Si' (un progetto del Dicastero vaticano per la promozione dello sviluppo umano integrale).\u00a0<\/p><p>\u00c8 davvero impressionante questo impegno a vivere i valori e la visione della Laudato Si'.  Ringrazio di cuore tutti coloro che hanno presentato i loro progetti!<\/p><p>So che ci sono altri che non sono riusciti a rispettare la scadenza per essere inclusi in questo rapporto.  Ci sono anche persone che hanno inviato i loro progetti, ma mi hanno comunicato il desiderio di modificarli nelle prossime settimane.  A tutte queste persone dico: s\u00ec, potete ancora inviare i vostri piani o modificarli in qualsiasi momento.  Questo \u00e8 un documento vivo e lo aggiorner\u00f2 periodicamente per includere nuove informazioni.  Attualmente sto cercando di aggiornare il nostro Piano d'azione a met\u00e0 agosto, in tempo per la Stagione della Creazione (1 settembre - 4 ottobre).<\/p><p>Contattatemi se avete domande o volete consultarmi per telefono, virtualmente o di persona.  Il mio indirizzo e-mail \u00e8 <a href=\"mailto:lscoordinator@carmelites.net\">lscoordinator@carmelites.net<\/a>.  Grazie!<\/p>\t\t\t\t\t\t\t\t<\/div>\n\t\t\t\t<\/div>\n\t\t\t\t<div class=\"elementor-element elementor-element-ffca333 elementor-widget-divider--view-line elementor-widget elementor-widget-divider\" data-id=\"ffca333\" data-element_type=\"widget\" data-e-type=\"widget\" data-widget_type=\"divider.default\">\n\t\t\t\t<div class=\"elementor-widget-container\">\n\t\t\t\t\t\t\t<div class=\"elementor-divider\">\n\t\t\t<span class=\"elementor-divider-separator\">\n\t\t\t\t\t\t<\/span>\n\t\t<\/div>\n\t\t\t\t\t\t<\/div>\n\t\t\t\t<\/div>\n\t\t\t\t<div class=\"elementor-element elementor-element-2aff1f4 elementor-widget elementor-widget-text-editor\" data-id=\"2aff1f4\" data-element_type=\"widget\" data-e-type=\"widget\" data-widget_type=\"text-editor.default\">\n\t\t\t\t<div class=\"elementor-widget-container\">\n\t\t\t\t\t\t\t\t\t<p><strong>Vi invito a guardare questo webinar molto informativo e stimolante dell'Alleanza Cattolica per il Clima:\u00a0<\/strong><\/p><p><strong><a href=\"https:\/\/catholicclimatecovenant.org\/resources\/laudato-si-at-10-a-time-to-celebrate-a-time-to-commit\/\">Laudato Si' alle 10: un tempo per celebrare, un tempo per impegnarsi<\/a>.<\/strong><\/p>\t\t\t\t\t\t\t\t<\/div>\n\t\t\t\t<\/div>\n\t\t\t\t<div class=\"elementor-element elementor-element-7ea28b2 elementor-widget-divider--view-line elementor-widget elementor-widget-divider\" data-id=\"7ea28b2\" data-element_type=\"widget\" data-e-type=\"widget\" data-widget_type=\"divider.default\">\n\t\t\t\t<div class=\"elementor-widget-container\">\n\t\t\t\t\t\t\t<div class=\"elementor-divider\">\n\t\t\t<span class=\"elementor-divider-separator\">\n\t\t\t\t\t\t<\/span>\n\t\t<\/div>\n\t\t\t\t\t\t<\/div>\n\t\t\t\t<\/div>\n\t\t\t\t<div class=\"elementor-element elementor-element-8b87ba6 elementor-widget elementor-widget-text-editor\" data-id=\"8b87ba6\" data-element_type=\"widget\" data-e-type=\"widget\" data-widget_type=\"text-editor.default\">\n\t\t\t\t<div class=\"elementor-widget-container\">\n\t\t\t\t\t\t\t\t\t<h3><strong>Ricordando Papa Francesco<\/strong><strong>\u00a0<\/strong><\/h3>\t\t\t\t\t\t\t\t<\/div>\n\t\t\t\t<\/div>\n\t\t\t\t<div class=\"elementor-element elementor-element-7e2175f elementor-widget elementor-widget-text-editor\" data-id=\"7e2175f\" data-element_type=\"widget\" data-e-type=\"widget\" data-widget_type=\"text-editor.default\">\n\t\t\t\t<div class=\"elementor-widget-container\">\n\t\t\t\t\t\t\t\t\t<p>Il pontificato di Papa Francesco, durato 12 anni, \u00e8 stato trasformativo per la Chiesa e straordinariamente influente in tutto il mondo.  Naturalmente, c'\u00e8 stata la profonda e bellissima enciclica, <em>Laudato Si': Sulla cura della nostra casa comune<\/em>.  C'era anche <em>Fratelli Tutti, Laudate Deum, <\/em>e <em>Evangelii Gaudium<\/em>, tra gli altri documenti che costituiscono una parte significativa dell'eredit\u00e0 di Papa Francesco.  Ha avuto molto da dire sullo stato dell'umanit\u00e0 e di tutto il creato, cos\u00ec come sulla nostra responsabilit\u00e0 di agire per rendere il mondo un posto migliore e, cos\u00ec facendo, servire Dio.<\/p><p>Il cuore di Francesco era grande e lo si vedeva non solo dalla sua passione per la giustizia e la pace, ma anche da come trattava le persone nelle sue interazioni quotidiane.  Le persone hanno sempre sottolineato la sua gentilezza, la sua dolcezza e la sua compassione.  Era sempre attento ai bisogni di coloro che lo circondavano, cos\u00ec come di coloro che si trovavano dall'altra parte del mondo.<\/p><p>Mentre tanti hanno apprezzato le straordinarie doti di Papa Francesco, \u00e8 triste che ci sia stato chi non \u00e8 riuscito a vedere la profondit\u00e0 della bont\u00e0 dell'uomo n\u00e9 la vera urgenza del suo messaggio.<\/p><p>Quindi, a quelli di noi che egli ha lasciato su questa terra, non resta che continuare e ridedicarsi alla causa della giustizia sociale ed ecologica.  Questo \u00e8 il modo migliore per onorare Papa Francesco.  Che questo lavoro sia la nostra preghiera.<\/p><p><strong>Dal Priore Generale:<\/strong><\/p><p>Fratelli e sorelle a Carmel,<\/p><p>Il mondo piange la scomparsa di Papa Francesco, avvenuta la mattina del luned\u00ec di Pasqua. La domenica di Pasqua era pienamente vivo nella mente e nel cuore, in un corpo che non poteva pi\u00f9 dare. \u00c8 come una morte in famiglia. Era cos\u00ec vicino a noi.<\/p><p>La sua visione e la sua spiritualit\u00e0 erano molto chiare. Venivano dal Vangelo. Erano ispirate da Maria e dalla santit\u00e0 dei santi, dei grandi santi e dei santi della porta accanto. La salvezza, la misericordia e la pace sono in Ges\u00f9 Cristo e sono date a coloro che guardano a Lui e vedono in Lui la verit\u00e0 che pu\u00f2 renderci liberi. Figli di un unico Padre, tutti noi siamo sorelle e fratelli gli uni degli altri. Questa \u00e8 la nostra pi\u00f9 grande dignit\u00e0 e tutto ci\u00f2 che dobbiamo sapere l'uno dell'altro, per costruire e vivere in un mondo in cui questa dignit\u00e0 sia la regola della legge e nessun'altra. C'\u00e8 un grido nel cuore umano, e nello stesso mondo creato, che i seguaci di Cristo, i pastori e i leader politici devono ascoltare. C'\u00e8 un modo di trattare gli altri esseri umani e non \u00e8 quello degli interessi subdoli o del ricorso alle armi della violenza, ma quello della tenerezza e della misericordia per tutti. Quando riconosciamo che l'Eucaristia non \u00e8 la ricompensa per la santit\u00e0, ma il pi\u00f9 grande aiuto che abbiamo verso la santit\u00e0, riconosciamo il cuore del ministero di Papa Francesco e il modo in cui lui stesso ha celebrato ogni volta che \u00e8 stato sull'altare.<\/p><p>Carmelitani di tutto il mondo, rendiamo grazie a Dio per la vita, la testimonianza e l'insegnamento di Papa Francesco e preghiamo per la sua felicit\u00e0 eterna, mentre facciamo tesoro della nostra vocazione a seguire le orme di Ges\u00f9 Cristo e a predicare il suo Vangelo. Maria, madre del Verbo incarnato,\u00a0<em>salus populi,<\/em>\u00a0pregate per noi nel nostro dolore e aprite i nostri cuori in ringraziamento per le meraviglie della misericordia di Dio mostrateci nella vita di Papa Francesco. Che riposi in pace.<\/p><p>M\u00ed\u010be\u00e1l O'Neill<br \/>Generale precedente<br \/>24<sup>th<\/sup>\u00a0di aprile 2025<\/p>\t\t\t\t\t\t\t\t<\/div>\n\t\t\t\t<\/div>\n\t\t\t\t<div class=\"elementor-element elementor-element-02251df elementor-widget-divider--view-line elementor-widget elementor-widget-divider\" data-id=\"02251df\" data-element_type=\"widget\" data-e-type=\"widget\" data-widget_type=\"divider.default\">\n\t\t\t\t<div class=\"elementor-widget-container\">\n\t\t\t\t\t\t\t<div class=\"elementor-divider\">\n\t\t\t<span class=\"elementor-divider-separator\">\n\t\t\t\t\t\t<\/span>\n\t\t<\/div>\n\t\t\t\t\t\t<\/div>\n\t\t\t\t<\/div>\n\t\t\t\t<div class=\"elementor-element elementor-element-2d6c593 elementor-widget elementor-widget-text-editor\" data-id=\"2d6c593\" data-element_type=\"widget\" data-e-type=\"widget\" data-widget_type=\"text-editor.default\">\n\t\t\t\t<div class=\"elementor-widget-container\">\n\t\t\t\t\t\t\t\t\t<p><strong>Omaggio delle Nazioni Unite a Papa Francesco:<\/strong> <br \/><a href=\"https:\/\/webtv.un.org\/en\/asset\/k1w\/k1w70mg947\">https:\/\/webtv.un.org\/en\/asset\/k1w\/k1w70mg947<\/a><\/p><p>Per vostra informazione: la presentazione del Segretario generale inizia intorno ai cinque minuti. La presentazione del rappresentante della Santa Sede inizia a 29:25. L'intero programma dura circa un'ora.<\/p>\t\t\t\t\t\t\t\t<\/div>\n\t\t\t\t<\/div>\n\t\t\t\t<div class=\"elementor-element elementor-element-31076e9 elementor-widget-divider--view-line elementor-widget elementor-widget-divider\" data-id=\"31076e9\" data-element_type=\"widget\" data-e-type=\"widget\" data-widget_type=\"divider.default\">\n\t\t\t\t<div class=\"elementor-widget-container\">\n\t\t\t\t\t\t\t<div class=\"elementor-divider\">\n\t\t\t<span class=\"elementor-divider-separator\">\n\t\t\t\t\t\t<\/span>\n\t\t<\/div>\n\t\t\t\t\t\t<\/div>\n\t\t\t\t<\/div>\n\t\t\t\t<div class=\"elementor-element elementor-element-1db3618 elementor-widget elementor-widget-text-editor\" data-id=\"1db3618\" data-element_type=\"widget\" data-e-type=\"widget\" data-widget_type=\"text-editor.default\">\n\t\t\t\t<div class=\"elementor-widget-container\">\n\t\t\t\t\t\t\t\t\t<p><em>\"<\/em>Come leader spirituale che ha guidato la nostra Chiesa per 12 anni, Papa Francesco ha dato nuova vita a secoli di insegnamento cattolico. Come uomo che ha ispirato me e il nostro movimento, il suo calore, la sua umilt\u00e0 e il suo impegno per il bene comune ci hanno mostrato una nuova via da seguire. Ha suscitato un senso di nuova speranza e di inizio per molti, quindi \u00e8 giusto che Papa Francesco sia passato al riposo eterno durante la Pasqua, quando celebriamo il rinnovamento di tutta la vita. Ringraziamo per il dono di Papa Francesco e per aver condiviso i suoi preziosi momenti sulla Terra\".<\/p><p><strong>-Lorna Gold, direttore esecutivo del Movimento Laudato Si'.<\/strong><\/p><p><strong>\"<\/strong>Come primo Papa proveniente dal Sud del mondo, Papa Francesco ha portato a Roma un profondo senso di solidariet\u00e0 globale. Come primo Papa che porta il nome di San Francesco d'Assisi, ha sottolineato come \"il grido della terra e il grido dei poveri\" siano un unico grido interconnesso.  Mentre piangiamo la scomparsa del Papa delle periferie, l'ispiratore e la guida spirituale del Movimento Laudato Si', riprendiamo a cantare la 'Laudato Si' e a lodare il nostro Creatore ancora pi\u00f9 seriamente\".<\/p><p>\u2014<strong>Tom\u00e1s Insua, direttore esecutivo fondatore del Movimento Laudato Si'.<\/strong><\/p><p>\"Papa Francesco ci ha ricordato che la crisi climatica non \u00e8 solo un'emergenza ambientale: \u00e8 una sfida morale. Ha parlato pi\u00f9 volte della crisi del clima e della natura, alzando la voce per i meno responsabili ma pi\u00f9 colpiti: i poveri, gli emarginati e le generazioni future. Con il coraggio delle sue convinzioni, ci ha invitato a prenderci cura della nostra casa comune e a riconoscere che il destino della Terra e quello dell'umanit\u00e0 sono la stessa cosa. La sua leadership ha sollecitato un nuovo tipo di solidariet\u00e0, radicata nella compassione, nella giustizia e nella profonda comprensione che siamo tutti collegati\".<\/p><p>\u2014<strong>Mary Robinson, ex Presidente dell'Irlanda (1990-1997) e Alto Commissario delle Nazioni Unite per i diritti umani (1997-2002)<br \/><br \/><\/strong><\/p><p><strong>Papa Francesco sulle migrazioni<\/strong><\/p><p><strong>Il 17 febbraio 2016, Papa Francesco ha visitato il confine tra Messico e Stati Uniti e ha celebrato la messa.  Ecco alcuni estratti della sua omelia:<\/strong><\/p><p>\"Non possiamo negare la crisi umanitaria che negli ultimi anni ha comportato la migrazione di migliaia di persone, in treno, in autostrada o a piedi, attraversando centinaia di chilometri attraverso montagne, deserti e zone inospitali. La tragedia umana della migrazione forzata \u00e8 oggi un fenomeno globale. Questa crisi che pu\u00f2 essere misurata con numeri e statistiche, vogliamo invece misurarla con nomi, storie, famiglie. Sono i fratelli e le sorelle di coloro che sono stati espulsi dalla povert\u00e0 e dalla violenza, dal traffico di droga e dalle organizzazioni criminali. Trovandosi di fronte a tanti vuoti legali, rimangono intrappolati in una rete che intrappola e distrugge sempre i pi\u00f9 poveri. Non solo soffrono la povert\u00e0, ma devono anche sopportare tutte queste forme di violenza...<\/p><p>\"Chiediamo insieme al nostro Dio il dono della conversione, il dono delle lacrime, chiediamogli di darci cuori aperti come i Niniviti, aperti alla sua chiamata ascoltata nei volti sofferenti di innumerevoli uomini e donne. Basta con la morte! Basta con lo sfruttamento! C'\u00e8 sempre tempo per cambiare, c'\u00e8 sempre una via d'uscita e sempre un'opportunit\u00e0, c'\u00e8 sempre il tempo per implorare la misericordia di Dio...<\/p><p>\"E ora voglio anche salutare da qui tutti i nostri amati fratelli e sorelle che si stanno unendo a noi simultaneamente dall'altra parte della frontiera, specialmente quelli che sono riuniti nello stadio dell'Universit\u00e0 di El Paso, conosciuto come The Sun Bowl, sotto la guida del vostro Vescovo, Monsignor Mark Seitz. Grazie alla tecnologia, possiamo pregare, cantare e celebrare insieme quell'amore misericordioso che Dio ci dona e che nessuna frontiera pu\u00f2 impedirci di condividere. Grazie, fratelli e sorelle di El Paso, per averci fatto sentire un'unica famiglia e una stessa comunit\u00e0 cristiana\".<\/p><p><em>Per il testo completo dell'omelia di Papa Francesco, fare clic su <\/em><a href=\"https:\/\/www.vatican.va\/content\/francesco\/en\/homilies\/2016\/documents\/papa-francesco_20160217_omelia-messico-ciudad-jaurez.html\"><em>qui<\/em><\/a><em>. <\/em><\/p><p><strong>Papa Francesco su Gaza<\/strong><\/p><p>Papa Francesco ha anche affrontato la grave situazione di Gaza.  Ogni sera ha parlato con una comunit\u00e0 cristiana del luogo, esprimendo la sua sincera preoccupazione per il loro benessere e per quello di tutti coloro che vivono l\u00ec. Ha anche chiesto un'indagine sulle accuse di genocidio da parte di Israele.<\/p><p>Il 22 dicembre 2024, Papa Francesco ha detto: \"... con dolore penso a Gaza, a tanta crudelt\u00e0; ai bambini mitragliati, al bombardamento di scuole e ospedali... Quanta crudelt\u00e0!\".<\/p><p>\u00c8 stato riferito che uno degli ultimi atti di Papa Francesco \u00e8 stato quello di donare a Caritas Jerusalem la papamobile della sua visita del 2014 in Terra Santa. Ha chiesto di trasformarla in una clinica mobile per fornire assistenza sanitaria ai bambini di Gaza.<\/p>\t\t\t\t\t\t\t\t<\/div>\n\t\t\t\t<\/div>\n\t\t\t\t<div class=\"elementor-element elementor-element-7cddd45 elementor-widget-divider--view-line elementor-widget elementor-widget-divider\" data-id=\"7cddd45\" data-element_type=\"widget\" data-e-type=\"widget\" data-widget_type=\"divider.default\">\n\t\t\t\t<div class=\"elementor-widget-container\">\n\t\t\t\t\t\t\t<div class=\"elementor-divider\">\n\t\t\t<span class=\"elementor-divider-separator\">\n\t\t\t\t\t\t<\/span>\n\t\t<\/div>\n\t\t\t\t\t\t<\/div>\n\t\t\t\t<\/div>\n\t\t\t\t<div class=\"elementor-element elementor-element-9047d8e elementor-widget elementor-widget-text-editor\" data-id=\"9047d8e\" data-element_type=\"widget\" data-e-type=\"widget\" data-widget_type=\"text-editor.default\">\n\t\t\t\t<div class=\"elementor-widget-container\">\n\t\t\t\t\t\t\t\t\t<p><em>Siete chiamati a prendervi cura del creato non solo come cittadini responsabili, ma anche come seguaci di Cristo! Rispettare l'ambiente significa molto di pi\u00f9 che usare semplicemente prodotti pi\u00f9 puliti o riciclare ci\u00f2 che usiamo. Sono aspetti importanti, ma non sufficienti. Dobbiamo vedere, con gli occhi della fede, la bellezza del piano salvifico di Dio, il legame tra l'ambiente naturale e la dignit\u00e0 della persona umana.<\/em><\/p><p><strong>-Papa Francesco, in un incontro con i giovani all'Universit\u00e0 Santo Tom\u00e1s di Manila, 18 gennaio 2015.<\/strong><\/p>\t\t\t\t\t\t\t\t<\/div>\n\t\t\t\t<\/div>\n\t\t\t\t<div class=\"elementor-element elementor-element-a7efb92 elementor-widget-divider--view-line elementor-widget elementor-widget-divider\" data-id=\"a7efb92\" data-element_type=\"widget\" data-e-type=\"widget\" data-widget_type=\"divider.default\">\n\t\t\t\t<div class=\"elementor-widget-container\">\n\t\t\t\t\t\t\t<div class=\"elementor-divider\">\n\t\t\t<span class=\"elementor-divider-separator\">\n\t\t\t\t\t\t<\/span>\n\t\t<\/div>\n\t\t\t\t\t\t<\/div>\n\t\t\t\t<\/div>\n\t\t\t\t<div class=\"elementor-element elementor-element-36bfabf elementor-widget elementor-widget-text-editor\" data-id=\"36bfabf\" data-element_type=\"widget\" data-e-type=\"widget\" data-widget_type=\"text-editor.default\">\n\t\t\t\t<div class=\"elementor-widget-container\">\n\t\t\t\t\t\t\t\t\t<p><strong>L'ultima parola spetta al nuovo Papa, Leone XIV (25 maggio 2025):<\/strong><\/p><p><em>\"Dieci anni fa,\u00a0<\/em><a href=\"https:\/\/app.getresponse.com\/click.html?x=a62b&amp;co=QtzQEO&amp;lc=zEP0tO&amp;mc=It&amp;s=BWm5etj&amp;u=Qsqav&amp;z=EF89FGl&amp;\"><em>Papa Francesco<\/em><\/a><em>\u00a0ha firmato la Lettera Enciclica\u00a0<\/em><em><a href=\"https:\/\/app.getresponse.com\/click.html?x=a62b&amp;co=QtzQEO&amp;lc=zEP0C4&amp;mc=It&amp;s=BWm5etj&amp;u=Qsqav&amp;z=E9KRIFj&amp;\">Laudato Si'<\/a>dedicato alla cura della nostra casa comune. Ha avuto un impatto straordinario, ispirando innumerevoli iniziative e insegnando a tutti ad ascoltare il duplice grido della Terra e dei poveri. Saluto e incoraggio il movimento della Laudato Si' e tutti coloro che portano avanti questo impegno\".<\/em><\/p>\t\t\t\t\t\t\t\t<\/div>\n\t\t\t\t<\/div>\n\t\t\t\t<div class=\"elementor-element elementor-element-51489e8 elementor-widget elementor-widget-image\" data-id=\"51489e8\" data-element_type=\"widget\" data-e-type=\"widget\" data-widget_type=\"image.default\">\n\t\t\t\t<div class=\"elementor-widget-container\">\n\t\t\t\t\t\t\t\t\t\t\t\t\t\t\t<img loading=\"lazy\" decoding=\"async\" width=\"300\" height=\"199\" src=\"https:\/\/carmelites.net\/wp-content\/uploads\/2025\/06\/image-300x199.png\" class=\"attachment-medium size-medium wp-image-20320\" alt=\"\" srcset=\"https:\/\/carmelites.net\/wp-content\/uploads\/2025\/06\/image-300x199.png 300w, https:\/\/carmelites.net\/wp-content\/uploads\/2025\/06\/image-1024x681.png 1024w, https:\/\/carmelites.net\/wp-content\/uploads\/2025\/06\/image-768x510.png 768w, https:\/\/carmelites.net\/wp-content\/uploads\/2025\/06\/image-1536x1021.png 1536w, https:\/\/carmelites.net\/wp-content\/uploads\/2025\/06\/image-18x12.png 18w, https:\/\/carmelites.net\/wp-content\/uploads\/2025\/06\/image.png 1923w\" sizes=\"auto, (max-width: 300px) 100vw, 300px\" \/>\t\t\t\t\t\t\t\t\t\t\t\t\t\t\t<\/div>\n\t\t\t\t<\/div>\n\t\t<div data-particle_enable=\"false\" data-particle-mobile-disabled=\"false\" class=\"elementor-element elementor-element-01af610 e-con-full e-flex e-con e-child\" data-id=\"01af610\" data-element_type=\"container\" data-e-type=\"container\">\n\t\t\t\t<div class=\"elementor-element elementor-element-0026577 elementor-post-navigation-borders-yes elementor-widget elementor-widget-post-navigation\" data-id=\"0026577\" data-element_type=\"widget\" data-e-type=\"widget\" data-widget_type=\"post-navigation.default\">\n\t\t\t\t<div class=\"elementor-widget-container\">\n\t\t\t\t\t\t\t<div class=\"elementor-post-navigation\" role=\"navigation\" aria-label=\"Navigazione dell&#039;articolo\">\n\t\t\t<div class=\"elementor-post-navigation__prev elementor-post-navigation__link\">\n\t\t\t\t<a href=\"https:\/\/carmelites.net\/it\/laudato-si\/newsletter-for-april-2025-no-7\/\" rel=\"prev\"><span class=\"post-navigation__arrow-wrapper post-navigation__arrow-prev\"><i aria-hidden=\"true\" class=\"fas fa-angle-left\"><\/i><span class=\"elementor-screen-only\">Precedente<\/span><\/span><span class=\"elementor-post-navigation__link__prev\"><span class=\"post-navigation__prev--label\">Precedente<\/span><span class=\"post-navigation__prev--title\">Newsletter di aprile 2025, n. 7<\/span><\/span><\/a>\t\t\t<\/div>\n\t\t\t\t\t\t\t<div class=\"elementor-post-navigation__separator-wrapper\">\n\t\t\t\t\t<div class=\"elementor-post-navigation__separator\"><\/div>\n\t\t\t\t<\/div>\n\t\t\t\t\t\t<div class=\"elementor-post-navigation__next elementor-post-navigation__link\">\n\t\t\t\t<a href=\"https:\/\/carmelites.net\/it\/laudato-si\/newsletter-for-august-2025-no-9\/\" rel=\"next\"><span class=\"elementor-post-navigation__link__next\"><span class=\"post-navigation__next--label\">Avanti<\/span><span class=\"post-navigation__next--title\">Newsletter di agosto 2025, n. 9<\/span><\/span><span class=\"post-navigation__arrow-wrapper post-navigation__arrow-next\"><i aria-hidden=\"true\" class=\"fas fa-angle-right\"><\/i><span class=\"elementor-screen-only\">Successivo<\/span><\/span><\/a>\t\t\t<\/div>\n\t\t<\/div>\n\t\t\t\t\t\t<\/div>\n\t\t\t\t<\/div>\n\t\t\t\t<\/div>\n\t\t\t\t<\/div>\n\t\t\t\t\t<\/div>\n\t\t\t\t<\/div>\n\t\t\t\t<\/div>","protected":false},"excerpt":{"rendered":"<p>Benvenuti all'ottava edizione della Newsletter del Piano d'Azione Laudato Si' della Provincia Carmelitana PCM. Questa newsletter elettronica ha lo scopo di informare i membri e i partner di questa Provincia sul nostro impegno collettivo a vivere i valori della Laudato Si', ascoltando e rispondendo alle grida della terra e dei poveri.<\/p>","protected":false},"author":14,"featured_media":20319,"comment_status":"closed","ping_status":"open","sticky":false,"template":"","format":"standard","meta":{"rs_blank_template":"","rs_page_bg_color":"","slide_template_v7":"","_analytify_skip_tracking":false,"footnotes":""},"categories":[82],"tags":[],"class_list":["post-20317","post","type-post","status-publish","format-standard","has-post-thumbnail","hentry","category-laudato-si"],"aioseo_notices":[],"_links":{"self":[{"href":"https:\/\/carmelites.net\/it\/wp-json\/wp\/v2\/posts\/20317","targetHints":{"allow":["GET"]}}],"collection":[{"href":"https:\/\/carmelites.net\/it\/wp-json\/wp\/v2\/posts"}],"about":[{"href":"https:\/\/carmelites.net\/it\/wp-json\/wp\/v2\/types\/post"}],"author":[{"embeddable":true,"href":"https:\/\/carmelites.net\/it\/wp-json\/wp\/v2\/users\/14"}],"replies":[{"embeddable":true,"href":"https:\/\/carmelites.net\/it\/wp-json\/wp\/v2\/comments?post=20317"}],"version-history":[{"count":7,"href":"https:\/\/carmelites.net\/it\/wp-json\/wp\/v2\/posts\/20317\/revisions"}],"predecessor-version":[{"id":20326,"href":"https:\/\/carmelites.net\/it\/wp-json\/wp\/v2\/posts\/20317\/revisions\/20326"}],"wp:featuredmedia":[{"embeddable":true,"href":"https:\/\/carmelites.net\/it\/wp-json\/wp\/v2\/media\/20319"}],"wp:attachment":[{"href":"https:\/\/carmelites.net\/it\/wp-json\/wp\/v2\/media?parent=20317"}],"wp:term":[{"taxonomy":"category","embeddable":true,"href":"https:\/\/carmelites.net\/it\/wp-json\/wp\/v2\/categories?post=20317"},{"taxonomy":"post_tag","embeddable":true,"href":"https:\/\/carmelites.net\/it\/wp-json\/wp\/v2\/tags?post=20317"}],"curies":[{"name":"wp","href":"https:\/\/api.w.org\/{rel}","templated":true}]}}