{"id":20255,"date":"2025-05-27T16:44:05","date_gmt":"2025-05-27T21:44:05","guid":{"rendered":"https:\/\/carmelites.net\/?p=20255"},"modified":"2025-12-10T12:27:40","modified_gmt":"2025-12-10T18:27:40","slug":"laudato-si-action-plan-may-2025","status":"publish","type":"post","link":"https:\/\/carmelites.net\/it\/uncategorized\/laudato-si-action-plan-may-2025\/","title":{"rendered":"Piano d'azione della Laudato Si' - Maggio 2025"},"content":{"rendered":"<div data-elementor-type=\"wp-post\" data-elementor-id=\"20255\" class=\"elementor elementor-20255\" data-elementor-post-type=\"post\">\n\t\t\t\t<div data-particle_enable=\"false\" data-particle-mobile-disabled=\"false\" class=\"elementor-element elementor-element-468fd29 e-flex e-con-boxed e-con e-parent\" data-id=\"468fd29\" data-element_type=\"container\" data-e-type=\"container\">\n\t\t\t\t\t<div class=\"e-con-inner\">\n\t\t\t\t<div class=\"elementor-element elementor-element-c1b78f0 elementor-widget elementor-widget-image\" data-id=\"c1b78f0\" data-element_type=\"widget\" data-e-type=\"widget\" data-widget_type=\"image.default\">\n\t\t\t\t<div class=\"elementor-widget-container\">\n\t\t\t\t\t\t\t\t\t\t\t\t\t\t\t<img loading=\"lazy\" decoding=\"async\" width=\"667\" height=\"300\" src=\"https:\/\/carmelites.net\/wp-content\/uploads\/2024\/11\/LaudatoSiLog300.png\" class=\"attachment-large size-large wp-image-17725\" alt=\"\" srcset=\"https:\/\/carmelites.net\/wp-content\/uploads\/2024\/11\/LaudatoSiLog300.png 667w, https:\/\/carmelites.net\/wp-content\/uploads\/2024\/11\/LaudatoSiLog300-300x135.png 300w, https:\/\/carmelites.net\/wp-content\/uploads\/2024\/11\/LaudatoSiLog300-18x8.png 18w\" sizes=\"auto, (max-width: 667px) 100vw, 667px\" \/>\t\t\t\t\t\t\t\t\t\t\t\t\t\t\t<\/div>\n\t\t\t\t<\/div>\n\t\t\t\t\t<\/div>\n\t\t\t\t<\/div>\n\t\t<div data-particle_enable=\"false\" data-particle-mobile-disabled=\"false\" class=\"elementor-element elementor-element-68c47a3 e-flex e-con-boxed e-con e-parent\" data-id=\"68c47a3\" data-element_type=\"container\" data-e-type=\"container\">\n\t\t\t\t\t<div class=\"e-con-inner\">\n\t\t\t\t<div class=\"elementor-element elementor-element-1b11400 elementor-widget elementor-widget-text-editor\" data-id=\"1b11400\" data-element_type=\"widget\" data-e-type=\"widget\" data-widget_type=\"text-editor.default\">\n\t\t\t\t<div class=\"elementor-widget-container\">\n\t\t\t\t\t\t\t\t\t<h3 style=\"text-align: center;\"><strong>Piano d'azione della Laudato Si'<br \/><\/strong><strong>Provincia del Cuore Purissimo di Maria dei Carmelitani<br \/><\/strong><strong>2025<\/strong><\/h3><p style=\"text-align: center;\"><em>\"Vi chiedo, in nome di Dio, di difendere la Madre Terra\".   - Papa Francesco<\/em><\/p><p>Da Dennis Kalob, coordinatore del Piano d'azione della Laudato Si'...<\/p><p>Nel 2023, la Provincia si \u00e8 impegnata a intensificare il suo impegno a vivere i valori e la visione della prima enciclica di Papa Francesco, <em>Laudato Si': Sulla cura della nostra casa comune.\u00a0 <\/em>Ecco l'impegno:<\/p><p><span style=\"text-decoration: underline;\"><strong>Dichiarazione di impegno della Provincia PCM<\/strong><\/span><\/p><p style=\"padding-left: 40px;\"><em>Unendosi a una comunit\u00e0 mondiale, la Provincia Carmelitana del Purissimo Cuore di Maria si impegna in un processo di Piano d'Azione della Laudato Si' della durata di sei anni. Questo processo comprender\u00e0 l'iscrizione alla Piattaforma d'azione della Laudato Si', la creazione di un Piano d'azione della Laudato Si' e le valutazioni e gli aggiornamenti annuali del Piano. Nel corso di questi sei anni, saranno esaminati i contributi del Consiglio provinciale e delle Commissioni provinciali. Il Consiglio provinciale e le Commissioni provinciali supervisionano tutti gli aspetti delle operazioni provinciali. Come ha scritto Papa Francesco nella Laudato Si': \"Sono necessari i talenti e il coinvolgimento di tutti\" (LS14).<\/em><\/p><p style=\"padding-left: 40px;\"><em>\u00a0<\/em><em>Per sostenere questo progetto \u00e8 stato creato un fondo Laudato Si'. Questo fondo sar\u00e0 utilizzato per assumere una persona che coordini lo sforzo. Questo coordinatore gestir\u00e0 le interazioni tra il Consiglio provinciale, le Commissioni provinciali, la Famiglia carmelitana in generale, la ONG carmelitana e la comunit\u00e0 della Piattaforma d'azione Laudato Si'. <\/em><\/p><p style=\"padding-left: 40px;\"><em>\u00a0<\/em><em>Come si legge nella Laudato si', \"alcuni effetti della crisi climatica sono gi\u00e0 irreversibili\" (LD 15). Siamo consapevoli che stiamo gi\u00e0 vivendo in un mondo cambiato e che \"non siamo in grado di arrestare alcuni degli enormi danni che abbiamo causato\" (LD 16). Pertanto, con la contemplazione orante della realt\u00e0 attuale, ci impegniamo a discernere a livello provinciale le azioni di riparazione fondate sull'ecologia integrale. Preghiamo che questo impegno provinciale in un processo di Piano d'Azione della Laudato Si' porti ad allontanarsi da stili di vita irresponsabili e ad una cultura provinciale di autentica cura reciproca e di tutto il creato.<\/em><\/p><p>Questo impegno nasce da un luogo di fede profonda.  Abbiamo scelto di dare gloria a Dio attraverso le nostre azioni continue e sempre pi\u00f9 intense di assistenza agli altri e di cura della Sua creazione.<\/p><p>Come ci ha detto Papa Francesco, \"quando cerchiamo prima il regno di Dio (Matteo 6:33), mantenendo un giusto rapporto con Dio, con l'umanit\u00e0 e con la natura, allora la giustizia e la pace possono scorrere come un flusso inesauribile di acqua pura, nutrendo l'umanit\u00e0 e tutte le creature\".  I tempi ci chiedono di agire con audacia di fronte a tante ingiustizie, conflitti e alla minaccia esistenziale del cambiamento climatico.<\/p><p>\u00c8 quindi con questo spirito e con fede sincera che la Provincia ha iniziato il suo cammino per creare un Piano d'azione della Laudato Si' e per portarlo a termine.<\/p><p>All'inizio del 2024 sono stato assunto come coordinatore del piano d'azione della Laudato Si'.  Poche settimane dopo, un piano d'azione iniziale \u00e8 stato completato, diffuso e caricato sulla Piattaforma d'azione Laudato Si' (un progetto globale del Dicastero vaticano per la promozione dello sviluppo umano integrale).  Questo piano provinciale iniziale \u00e8 stato identificato come \"Un inizio\".  Si trattava di una bozza che invitava a sviluppare e promuovere azioni specifiche da parte di singoli e ministeri in tutta la provincia.<\/p><p>Da allora, ho avuto diversi incontri (di persona, via Zoom o per telefono) con alcuni membri della provincia.  Ho visitato diverse comunit\u00e0 e ministeri e ho inviato molte e-mail.  Ho anche creato una newsletter elettronica del Piano d'azione Laudato Si', che nell'ultimo anno \u00e8 uscita almeno ogni due mesi, e a volte pi\u00f9 frequentemente.<\/p><p>Tutto questo ci ha portato all'obiettivo di completare un piano pi\u00f9 dettagliato entro la Settimana della Laudato Si' del 2025 (24-31 maggio).  Questo piano sarebbe, di fatto, una raccolta di piani individuali dei ministeri e delle comunit\u00e0 carmelitane di tutta la provincia.  Molti carmelitani e associati hanno risposto a questo appello.<\/p><p>Questo documento \u00e8 quindi la raccolta dei molti piani d'azione individuali della Laudato Si' che sono stati creati fino ad oggi.  Come leggerete, ogni piano inizia generalmente con un riassunto di ci\u00f2 che quel ministero o comunit\u00e0 ha gi\u00e0 fatto per promuovere gli obiettivi e la visione della Laudato Si' - ascoltare il grido della terra e il grido dei poveri.  Inoltre, ogni piano delinea i prossimi passi da compiere.<\/p><p>Come vedrete, alcuni piani sono incredibilmente dettagliati ed elaborati, mentre altri sono pi\u00f9 brevi e semplici.  Non importa.  A ogni ministero e comunit\u00e0 \u00e8 stato chiesto di presentare ci\u00f2 che pu\u00f2, comprendendo che ogni circostanza sar\u00e0 diversa.  Alcune entit\u00e0 sono piccole e\/o hanno risorse limitate.  Altre sono grandi e dispongono di maggiori risorse (le risorse sono sia di tempo che di denaro).  Si tratta semplicemente di fare ci\u00f2 che si pu\u00f2 con ci\u00f2 che si ha.<\/p><p>Questo \u00e8 un documento vivo.  Verr\u00e0 modificato periodicamente.  Alcuni dei piani che mi sono stati inviati e che sono stati inclusi in questo rapporto sono stati inviati con l'intesa che sarebbero stati apportati degli aggiustamenti qualche settimana o mese dopo.  Alcuni ministeri e comunit\u00e0 carmelitane non hanno potuto inviare i loro piani in tempo per essere inclusi in questo rapporto iniziale, ma possono essere inclusi in un secondo momento.<\/p><p>Vorrei fare un paio di osservazioni aggiuntive.  In primo luogo, sono rimasto estremamente colpito da tutto ci\u00f2 che \u00e8 gi\u00e0 stato fatto in tutta la provincia per vivere la Laudato Si'.  Ogni singolo ministero e comunit\u00e0 carmelitana stava gi\u00e0 \"ascoltando il grido della terra e il grido dei poveri\" e stava rispondendo.  Sono stato assunto non per aiutare la provincia <em>iniziare<\/em> il lavoro di vivere i valori e la visione della Laudato Si', ma per incoraggiare <em>ulteriormente<\/em> passi.\u00a0<\/p><p>L'altro punto \u00e8 che i carmelitani e gli associati con cui ho comunicato nell'ultimo anno sono stati tutti accoglienti con me personalmente e con l'invito a portare avanti l'azione della Laudato Si'.  Di questo sono molto grato.<\/p><p>Ora, avanti con la costruzione di un mondo migliore!<\/p><p style=\"text-align: center;\"><span style=\"text-decoration: underline;\"><strong>Una preghiera per la nostra Terra<\/strong><\/span><\/p><p style=\"text-align: center;\">Dio onnipotente, tu sei presente in tutto l'universo<br \/>e nella pi\u00f9 piccola delle vostre creature.<br \/>Abbracciate con la vostra tenerezza tutto ci\u00f2 che esiste.<br \/>Riversa su di noi la forza del tuo amore,<br \/>per proteggere la vita e la bellezza.<br \/>Riempici di pace, perch\u00e9 possiamo vivere<br \/>come fratelli e sorelle, senza fare del male a nessuno.<br \/>O Dio dei poveri,<br \/>aiutaci a salvare gli abbandonati e i dimenticati di questa terra,<br \/>cos\u00ec prezioso nei tuoi occhi.<br \/>Porta la guarigione nelle nostre vite,<br \/>affinch\u00e9 possiamo proteggere il mondo e non predarlo,<br \/>affinch\u00e9 seminiamo bellezza, non inquinamento e distruzione.<br \/>Toccare i cuori<br \/>di coloro che cercano solo il guadagno<br \/>a spese dei poveri e della terra.<br \/>Insegnaci a scoprire il valore di ogni cosa,<br \/>di essere pieni di stupore e contemplazione,<br \/>riconoscere che siamo profondamente uniti<br \/>con ogni creatura<br \/>mentre viaggiamo verso la tua luce infinita.<br \/>Vi ringraziamo per essere con noi ogni giorno.<br \/>Incoraggiateci, vi preghiamo, nella nostra lotta.<br \/>per la giustizia, l'amore e la pace.<\/p><p style=\"text-align: center;\">-Papa Francesco (dalla sua enciclica, <em>Laudato Si'<\/em>, 2015)<\/p>\t\t\t\t\t\t\t\t<\/div>\n\t\t\t\t<\/div>\n\t\t\t\t\t<\/div>\n\t\t\t\t<\/div>\n\t\t<div data-particle_enable=\"false\" data-particle-mobile-disabled=\"false\" class=\"elementor-element elementor-element-a1bc9c9 e-flex e-con-boxed e-con e-parent\" data-id=\"a1bc9c9\" data-element_type=\"container\" data-e-type=\"container\">\n\t\t\t\t\t<div class=\"e-con-inner\">\n\t\t\t\t<div class=\"elementor-element elementor-element-4031800 elementor-widget-divider--view-line elementor-widget elementor-widget-divider\" data-id=\"4031800\" data-element_type=\"widget\" data-e-type=\"widget\" data-widget_type=\"divider.default\">\n\t\t\t\t<div class=\"elementor-widget-container\">\n\t\t\t\t\t\t\t<div class=\"elementor-divider\">\n\t\t\t<span class=\"elementor-divider-separator\">\n\t\t\t\t\t\t<\/span>\n\t\t<\/div>\n\t\t\t\t\t\t<\/div>\n\t\t\t\t<\/div>\n\t\t\t\t<div class=\"elementor-element elementor-element-096909d elementor-widget elementor-widget-menu-anchor\" data-id=\"096909d\" data-element_type=\"widget\" data-e-type=\"widget\" data-widget_type=\"menu-anchor.default\">\n\t\t\t\t<div class=\"elementor-widget-container\">\n\t\t\t\t\t\t\t<div class=\"elementor-menu-anchor\" id=\"return\"><\/div>\n\t\t\t\t\t\t<\/div>\n\t\t\t\t<\/div>\n\t\t\t\t<div class=\"elementor-element elementor-element-01d9d14 elementor-widget elementor-widget-text-editor\" data-id=\"01d9d14\" data-element_type=\"widget\" data-e-type=\"widget\" data-widget_type=\"text-editor.default\">\n\t\t\t\t<div class=\"elementor-widget-container\">\n\t\t\t\t\t\t\t\t\t<h4 style=\"text-align: center;\"><span style=\"text-decoration: underline;\"><strong>Contenuti cliccabili per ministero\/comunit\u00e0<\/strong><\/span><\/h4><p><a href=\"#Darien\">Campus carmelitano a Darien, Illinois<\/a><\/p><p style=\"text-align: center;\"><a href=\"#JPIC\">Commissione GPIC della Provincia<\/a><\/p><p style=\"text-align: center;\"><a href=\"#WFH\">Whitefriars Hall a Washington, D.C.<\/a><\/p><p style=\"text-align: center;\"><a href=\"#Xiberta\">Casa di formazione a Ciudad Delgado, Messico<\/a><\/p><p style=\"text-align: center;\"><a href=\"#Scipio\">Ministero dei ritiri a Scipio, Kansas<\/a><\/p><p style=\"text-align: center;\"><a href=\"#CCHS\">Scuola superiore cattolica Carmel di Mundelein, Illinois<\/a><\/p><p style=\"text-align: center;\"><a href=\"#CRESPI\">Scuola superiore carmelitana Crespi a Encino, California<\/a><\/p><p style=\"text-align: center;\"><a href=\"#JCA\">Accademia Cattolica di Joliet a Joliet, Illinois<\/a><\/p><p><a href=\"#MCHS\">Scuola superiore Mount Carmel di Chicago, Illinois<\/a><\/p><p style=\"text-align: center;\"><a href=\"#Salpointe\">Scuola superiore cattolica Salpointe di Tucson, Arizona<\/a><\/p><p><a href=\"#OLMCDarien\">Parrocchia di Nostra Signora del Monte Carmelo a Darien, Illinois<\/a><\/p><p style=\"text-align: center;\"><a href=\"#Cecilia\">Parrocchia di Santa Cecilia a Englewood, New Jersey<\/a><\/p><p style=\"text-align: center;\"><a href=\"#Cresskill\">Parrocchia di Santa Teresa di Lisieux a Cresskill, New Jersey<\/a><\/p><p style=\"text-align: center;\"><a href=\"#Coahuila\">Parrocchia della Trasfigurazione del Signore, Torre\u00f3n, Messico<\/a><\/p><p style=\"text-align: center;\"><a href=\"#ElSalvador\">Comunit\u00e0 di San Alberto in El Salvador<\/a><\/p><p style=\"text-align: center;\"><a href=\"#Tucson\">Priorato carmelitano di Tucson, Arizona<\/a><\/p><p style=\"text-align: center;\"><a href=\"#StCyril\">Priorato di San Cirillo a Chicago, Illinois<\/a><\/p><p style=\"text-align: center;\"><a href=\"#StSimon\">Priorato di St. Simon Stock a Darien, Illinois<\/a><\/p><p><a href=\"#TheresePhoenix\">Priorato di Santa Teresa di Lisieux a Phoenix, Arizona<\/a><\/p>\t\t\t\t\t\t\t\t<\/div>\n\t\t\t\t<\/div>\n\t\t\t\t\t<\/div>\n\t\t\t\t<\/div>\n\t\t<div data-particle_enable=\"false\" data-particle-mobile-disabled=\"false\" class=\"elementor-element elementor-element-4d5287e e-flex e-con-boxed e-con e-parent\" data-id=\"4d5287e\" data-element_type=\"container\" data-e-type=\"container\">\n\t\t\t\t\t<div class=\"e-con-inner\">\n\t\t\t\t<div class=\"elementor-element elementor-element-674bf25 elementor-widget-divider--view-line elementor-widget elementor-widget-divider\" data-id=\"674bf25\" data-element_type=\"widget\" data-e-type=\"widget\" data-widget_type=\"divider.default\">\n\t\t\t\t<div class=\"elementor-widget-container\">\n\t\t\t\t\t\t\t<div class=\"elementor-divider\">\n\t\t\t<span class=\"elementor-divider-separator\">\n\t\t\t\t\t\t<\/span>\n\t\t<\/div>\n\t\t\t\t\t\t<\/div>\n\t\t\t\t<\/div>\n\t\t\t\t<div class=\"elementor-element elementor-element-c681c98 elementor-widget elementor-widget-menu-anchor\" data-id=\"c681c98\" data-element_type=\"widget\" data-e-type=\"widget\" data-widget_type=\"menu-anchor.default\">\n\t\t\t\t<div class=\"elementor-widget-container\">\n\t\t\t\t\t\t\t<div class=\"elementor-menu-anchor\" id=\"Darien\"><\/div>\n\t\t\t\t\t\t<\/div>\n\t\t\t\t<\/div>\n\t\t<div data-particle_enable=\"false\" data-particle-mobile-disabled=\"false\" class=\"elementor-element elementor-element-6da73fe e-grid e-con-full e-con e-child\" data-id=\"6da73fe\" data-element_type=\"container\" data-e-type=\"container\">\n\t\t\t\t<div class=\"elementor-element elementor-element-96c2d1c elementor-widget elementor-widget-heading\" data-id=\"96c2d1c\" data-element_type=\"widget\" data-e-type=\"widget\" data-widget_type=\"heading.default\">\n\t\t\t\t<div class=\"elementor-widget-container\">\n\t\t\t\t\t<h2 class=\"elementor-heading-title elementor-size-default\">Piano d'azione della Laudato Si' per il\nCampus carmelitano di Darien, Illinois\n<\/h2>\t\t\t\t<\/div>\n\t\t\t\t<\/div>\n\t\t\t\t<\/div>\n\t\t\t\t<div class=\"elementor-element elementor-element-0c3bc50 elementor-widget elementor-widget-text-editor\" data-id=\"0c3bc50\" data-element_type=\"widget\" data-e-type=\"widget\" data-widget_type=\"text-editor.default\">\n\t\t\t\t<div class=\"elementor-widget-container\">\n\t\t\t\t\t\t\t\t\t<p><strong><u>Sintesi del Campus<\/u><\/strong><strong>\u00a0<\/strong><\/p><p><strong>Sforzi della Laudato Si' <\/strong><strong>negli ultimi anni<\/strong><strong>\u00a0<\/strong><\/p><p>Sostituzione della maggior parte dell'illuminazione con lampadine ad alta efficienza energetica.\u00a0<\/p><p>Installazione di pannelli solari.<\/p><p>Preservare l'ambiente naturale intorno allo stagno.<\/p><p>Riduzione dei prodotti di plastica monouso e dei rifiuti cartacei.\u00a0<\/p><p>Sono stati piantati degli alberi.<\/p><p><strong>I futuri sforzi della Laudato Si'<\/strong><\/p><p>Individuare un team per la cura del creato per il campus. Si riunir\u00e0 mensilmente per monitorare i progressi della Laudato Si' e per identificare ulteriori azioni.<\/p><p>Cercare una consulenza professionale che porti a una riorganizzazione del paesaggio del campus. Si sta valutando la possibilit\u00e0 di piantare pi\u00f9 alberi, creare un giardino per gli impollinatori e\/o per le piante autoctone, e\/o creare un giardino comunitario. Possibili consulenze: habitatrestoration.com e candenativelandscape.com.<\/p><p>Assicurarsi che la futura costruzione di edifici sia il pi\u00f9 possibile rispettosa dell'ambiente.<\/p><p>Considerare l'espansione dell'energia solare.<\/p><p>Stabilire un programma di riciclaggio globale del campus.<\/p><p><strong><u>Campus della Societ\u00e0 del Monte Carmelo<\/u><\/strong><\/p><p><strong>Completamenti della Laudato Si':<\/strong><\/p><p><strong>\u00a0<\/strong>Giardino di meditazione<\/p><ul><li>Nel corso degli ultimi 10 anni sono stati piantati pi\u00f9 di 81 alberi, rispetto agli anni precedenti in cui solo 15-20 alberi erano stati piantati.<\/li><li>Questi alberi sono originari del Midwest (pero da fiore, quercia, acero, pino e rosa di Sharon).<\/li><li>Abbiamo trovato il modo di trattenere l'acqua con aiuole multiple e l'installazione di impianti di irrigazione supportati dal nostro campus.<\/li><li>Tutti gli impianti elettrici installati sono a bassa tensione e 8419 Bailey (Centro spirituale)<\/li><\/ul><p>Nel 2016 \u00e8 stata completata una ristrutturazione che ha incluso molti aggiornamenti elettrici per l'efficienza...<\/p><ul><li>Sensori di occupazione nelle sale riunioni (fanno s\u00ec che le luci si accendano e si spengano quando qualcuno entra o esce)<\/li><li>Tutta l'illuminazione \u00e8 stata aggiornata con LED o reattori a bassa tensione.<\/li><li>I refrigeratori da cucina sono stati aggiornati con un isolamento pi\u00f9 spesso e un raffreddamento pi\u00f9 efficiente.<\/li><li>L'illuminazione esterna \u00e8 stata modificata in<\/li><li>L'impianto solare \u00e8 stato installato in<\/li><\/ul><p>8433 Bailey Rd (Santuario Nazionale)<\/p><ul><li>L'edificio \u00e8 stato costruito per essere all'avanguardia con tutte le efficienze energetiche (anche se non \u00e8 possibile installare il solare su questo edificio).<\/li><\/ul><ul><li>Sono stati piantati diversi alberi, per un totale di 20, al posto dei 4 persi durante i lavori.<\/li><\/ul><p>8501 Bailey Rd (Museo, negozio di souvenir, archivio, finanza)<\/p><ul><li>L'edificio \u00e8 stato sottoposto a un retrofit completo dell'illuminazione a LED o a bassa tensione.<\/li><li>(Il solare non pu\u00f2 essere installato su questo)<\/li><li>Tutti i sistemi HVAC sono ad alta efficienza e uno \u00e8 attualmente in fase di ristrutturazione.<\/li><li>I servizi igienici pubblici sono stati rinnovati e hanno incluso l'acqua.<\/li><li>Il contenitore per il riciclaggio \u00e8 alloggiato in.<\/li><\/ul><p>Casa Bianca<\/p><ul><li>L'impianto di climatizzazione ad alta efficienza energetica \u00e8 stato installato in<\/li><li>La maggior parte dell'illuminazione, se non tutta, \u00e8 passata ai LED.<\/li><li>Gli elettrodomestici sono tutti a risparmio energetico<\/li><li>Negli ultimi 1O anni sono stati piantati pi\u00f9 di 15 alberi.<\/li><\/ul><p>Casa della Missione<\/p><ul><li>L'impianto di climatizzazione ad alta efficienza energetica \u00e8 stato installato in<\/li><li>La maggior parte dell'illuminazione, se non tutta, \u00e8 passata ai LED.<\/li><\/ul><p>1317 N. Frontage (Ufficio Provinciale:)<\/p><ul><li>L'impianto di climatizzazione ad alta efficienza energetica \u00e8 stato installato in<\/li><li>Nel 2019 \u00e8 stata installata un'illuminazione ad alta efficienza energetica.<\/li><\/ul><p>1313 N. Frontage (Societ\u00e0 del Piccolo Fiore)<\/p><ul><li>Nel 2019 \u00e8 stata installata un'illuminazione ad alta efficienza energetica.<\/li><li>I bagni sono stati ristrutturati e includono l'acqua<\/li><li>Quando le apparecchiature HVAC si guastano, vengono sostituite per soddisfare le attuali esigenze energetiche.<\/li><\/ul><p><strong>Note e riflessioni varie<\/strong><\/p><p>Nel campus di Darien ci sono pi\u00f9 alberi che mai. La nostra zona umida e il nostro stagno sono mantenuti alla massima qualit\u00e0. Abbiamo molte specie di fiori e piante che permettono a tutti i tipi di uccelli e animali di prosperare. Le zone umide vengono mitigate annualmente e sono sotto il controllo della Contea di DuPage e dello Stato dell'Illinois. Abbiamo aumentato le dimensioni della zona umida per creare un ambiente pi\u00f9 naturale intorno allo stagno.<\/p><p>L'uso del riciclaggio \u00e8 molto limitato, poich\u00e9 ogni sede ha il proprio contenitore per i rifiuti e le proprie esigenze. Lo spazio \u00e8 molto limitato per un contenitore pi\u00f9 grande o per il ritiro.<\/p><p>Quando abbiamo completato il nostro audit solare, \u00e8 stato notato che la maggior parte dei nostri edifici non pu\u00f2 essere installata a causa del tipo di tetto o delle garanzie, n\u00e9 i pannelli solari possono essere installati sul terreno con la nostra attuale disposizione del paesaggio.<\/p>\t\t\t\t\t\t\t\t<\/div>\n\t\t\t\t<\/div>\n\t\t\t\t<div class=\"elementor-element elementor-element-53c26f1 elementor-widget elementor-widget-button\" data-id=\"53c26f1\" data-element_type=\"widget\" data-e-type=\"widget\" data-widget_type=\"button.default\">\n\t\t\t\t<div class=\"elementor-widget-container\">\n\t\t\t\t\t\t\t\t\t<div class=\"elementor-button-wrapper\">\n\t\t\t\t\t<a class=\"elementor-button elementor-button-link elementor-size-sm\" href=\"#return\">\n\t\t\t\t\t\t<span class=\"elementor-button-content-wrapper\">\n\t\t\t\t\t\t\t\t\t<span class=\"elementor-button-text\">Torna all'indice<\/span>\n\t\t\t\t\t<\/span>\n\t\t\t\t\t<\/a>\n\t\t\t\t<\/div>\n\t\t\t\t\t\t\t\t<\/div>\n\t\t\t\t<\/div>\n\t\t\t\t<div class=\"elementor-element elementor-element-9a35c2e elementor-widget-divider--view-line elementor-widget elementor-widget-divider\" data-id=\"9a35c2e\" data-element_type=\"widget\" data-e-type=\"widget\" data-widget_type=\"divider.default\">\n\t\t\t\t<div class=\"elementor-widget-container\">\n\t\t\t\t\t\t\t<div class=\"elementor-divider\">\n\t\t\t<span class=\"elementor-divider-separator\">\n\t\t\t\t\t\t<\/span>\n\t\t<\/div>\n\t\t\t\t\t\t<\/div>\n\t\t\t\t<\/div>\n\t\t\t\t<div class=\"elementor-element elementor-element-eb79aef elementor-widget elementor-widget-menu-anchor\" data-id=\"eb79aef\" data-element_type=\"widget\" data-e-type=\"widget\" data-widget_type=\"menu-anchor.default\">\n\t\t\t\t<div class=\"elementor-widget-container\">\n\t\t\t\t\t\t\t<div class=\"elementor-menu-anchor\" id=\"JPIC\"><\/div>\n\t\t\t\t\t\t<\/div>\n\t\t\t\t<\/div>\n\t\t\t\t<div class=\"elementor-element elementor-element-8ac8d42 elementor-widget elementor-widget-text-editor\" data-id=\"8ac8d42\" data-element_type=\"widget\" data-e-type=\"widget\" data-widget_type=\"text-editor.default\">\n\t\t\t\t<div class=\"elementor-widget-container\">\n\t\t\t\t\t\t\t\t\t<h4 style=\"text-align: center;\"><strong>Piano d'azione della Laudato Si'<br \/><\/strong><strong>Commissione GPIC<br \/><\/strong><strong>Presentato da: Dave Semmens<\/strong><\/h4><p><strong>Azioni gi\u00e0 intraprese:<\/strong><\/p><ul><li>Una responsabilit\u00e0 primaria della Commissione GPIC, derivante dalla legislazione provinciale, \u00e8 quella di gestire le richieste di sovvenzioni sponsorizzate dai membri dell'O.Carm. membri. Queste sovvenzioni forniscono $150.000 dollari di finanziamenti ogni anno.  Se le sovvenzioni finanziate sono inferiori a $150.000, l'importo rimanente va in un \"Fondo di emergenza\". Il fondo per le emergenze viene utilizzato per finanziare i carmelitani in situazioni di emergenza come disastri naturali o guerre.\u00a0<\/li><li>Dal 2017 i piani strategici provinciali di GPIC si sono concentrati su temi legati alla Laudato Si'. JPIC ha invitato Eduardo Scarel O.Carm a parlare del cambiamento climatico e dell'Insegnamento sociale cattolico alle riunioni regionali del 2019 e del 2022. Nel 2023, la commissione di GPIC ha chiesto al Capitolo di impegnarsi in un processo di pianificazione della Laudato Si' per i prossimi 6 anni. La Provincia ha appoggiato questa richiesta e ha assunto un coordinatore della Laudato Si'.<\/li><li>Per maggiori dettagli si veda l'Appendice.<\/li><\/ul><p><strong><br \/>Piano d'azione per il 2025:<\/strong><\/p><ul><li>Novembre 2024: La commissione ha aggiunto la seguente domanda al modulo di richiesta di sovvenzione JPIC: Descrivete come il vostro progetto si allinea con uno o pi\u00f9 obiettivi della Laudato Si'.<\/li><li>Estate 2025: La Commissione si riunir\u00e0 a maggio per discutere i rapporti delle sovvenzioni 2024. L'obiettivo \u00e8 selezionare i rapporti delle sovvenzioni da mettere in evidenza nella rivista digitale Carmelite Review.  Questo sar\u00e0 un modo per pubblicizzare il lavoro di GPIC sostenuto dalla Provincia e raccontare le storie di quelle persone che sono state colpite dalle sovvenzioni.\u00a0<\/li><\/ul><p><strong><br \/>Appendice: <\/strong><strong>Azioni di GPIC 2020-2024<\/strong><\/p><p><strong>2020 Aggiornamenti provinciali a CCF e CHDF + Fondo di emergenza<\/strong><\/p><ul><li>\u00c8 stato creato un conto bancario CCF separato che finanzia il CCF $75000 per l'esercizio finanziario.<ul><li>Gli assegni per le sovvenzioni di beneficenza proverranno da questo conto.<\/li><\/ul><\/li><li>\u00c8 stato creato un conto bancario CHCF separato che finanzia il CHDF $75000 per l'esercizio finanziario.<ul><li>Gli assegni delle sovvenzioni per lo sviluppo umano proverranno da questo conto.<\/li><\/ul><\/li><li>Un conto separato per il Fondo di emergenza di GPIC<ul><li>L'importo aggiunto al Fondo di emergenza \u00e8 150000 - (CCF + CHDF) Sovvenzioni approvate per l'anno.<\/li><li>L'importo del Fondo d'emergenza non viene perso alla fine dell'esercizio finanziario. I fondi rimangono sul conto fino a quando non vengono utilizzati.<\/li><\/ul><\/li><\/ul><p><strong><u><br \/>Obiettivo del Consiglio provinciale e azioni della Commissione GPIC 2020-2023:<\/u><\/strong><\/p><p><strong>Obiettivo 2020 del Consiglio Provinciale (2020-23):<\/strong><\/p><p><em>Siamo molto consapevoli di una serie di questioni ambientali critiche a livello globale, in particolare dell'impatto immediato del cambiamento climatico e della disparit\u00e0 di consumo delle risorse tra le nazioni. Per questo ci impegniamo a...<\/em><\/p><ul><li><em>Educare gli uomini della nostra provincia sulle questioni relative al cambiamento climatico e alle sue cause.<\/em><\/li><li><em>Avviare una discussione comunitaria su questi temi ambientali urgenti in ciascuna delle nostre comunit\u00e0 locali, sfidando innanzitutto i nostri uomini a leggere e discutere la lettera pastorale di Papa Francesco, Laudato Si'.<\/em><\/li><li><em>Determinare l'impronta di carbonio delle istituzioni e delle propriet\u00e0 possedute o amministrate dalla provincia, con l'obiettivo di ridurre l'impronta di carbonio provinciale verso emissioni nette zero, riducendo cos\u00ec il consumo di energia basata sui combustibili fossili e passando all'energia sostenibile.<\/em><\/li><li><em>Collaborare con Catholic Energies, ONG carmelitane e altre entit\u00e0 carmelitane per raggiungere questi obiettivi. <\/em><\/li><li><em>Incoraggiare i nostri soci a compiere piccoli ma concreti passi individuali verso la tutela dell'ambiente.<\/em><\/li><\/ul><p><strong><u>\u00a0<\/u><\/strong><\/p><p><strong>Obiettivo 2020: collaborare con Catholic Energies per ridurre l'impronta di carbonio verso emissioni nette zero\/energia sostenibile.<\/strong><\/p><p>3 ottobre 2020: Riunione JPIC: Presentazione di <strong>Pagina Gravely <\/strong>- Catholic Energies (installazioni solari presso Whitefriars Hall, Darien) Societ\u00e0: Programma Mission Energy: Energie cattoliche<\/p><p><strong>Energie cattoliche 2020 e roadmap verso Net Zero<\/strong><\/p><ul><li>Le emissioni sono dirette (luci, aria condizionata, isolamento, finestre, ecc.) e indirette (fonte di energia).<\/li><li>A breve termine<ul><li>Modifiche a basso costo o a costo zero per ridurre il consumo di energia elettrica utilizzando luci, elettrodomestici e cos\u00ec via.<\/li><li>Conservazione<\/li><li>Cambiare fonte di energia (solare, utilizzo di un'utenza comunitaria rinnovabile)<\/li><li>A lungo termine<\/li><li>Creare <a href=\"https:\/\/betterbuildingssolutioncenter.energy.gov\/toolkits\/green-revolving-funds\">Fondo di rotazione verde<\/a> e utilizzare i risparmi derivanti dalla riduzione dei consumi energetici per alimentare il fondo.<\/li><li>Quando HVAC, caldaie, ecc. giungono a fine vita, sostituirli con sistemi ad alta efficienza energetica.<\/li><\/ul><\/li><li>Catholic Energies pu\u00f2 aiutare con soluzioni a breve e a lungo termine, fornendo dati sulle emissioni prima e dopo l'analisi.<\/li><li>Creare un portafoglio di propriet\u00e0 a livello provinciale<\/li><li>Le scuole tendono ad essere un buon punto di partenza per ottenere grandi riduzioni di emissioni. Hanno un elevato consumo energetico, tetti piani per l'energia solare e propriet\u00e0 relativamente grandi. Molti Stati offrono incentivi e permettono a terzi di investire nell'energia solare.<\/li><\/ul><p><strong><br \/>1 febbraio 2021: Page Gravely ha incontrato i presidenti delle scuole superiori.  Ha discusso il processo di analisi e proposta di Catholic Energies per le installazioni solari a Salpointe, Crespi e Mundelein. <\/strong><\/p><ul><li>Catholic Energies ha ricevuto un anno di bollette energetiche dalle scuole, ha analizzato l'impianto, le normative statali, dove la scuola avrebbe consentito i pannelli solari, ecc.\u00a0<\/li><\/ul><p>Da febbraio a ottobre Catholic Energies ha lavorato con Salpointe, Crespi e Carmel Catholic fornendo proposte.  Nessuno ha deciso di perseguire il solare con Catholic Energies.\u00a0<\/p><p><strong>\u00a0<\/strong><\/p><p><strong>Obiettivo 2021: Lavorare con le ONG... Avviare una discussione comune... Incoraggiare i membri a fare passi piccoli ma individuali.<\/strong><\/p><p>Tra settembre e ottobre del 2021 si sono tenute le discussioni comunitarie.  Il documento 14 Semplici Cambiamenti della ONG \u00e8 stato utilizzato per focalizzare le discussioni.  La commissione JPIC ha fornito un modulo online utilizzato per registrare le discussioni comunitarie.  La partecipazione e l'impegno sul tema dei passi individuali per proteggere l'ambiente sono stati elevati.\u00a0<\/p><p><strong>Obiettivo 2022: Lavorare con le ONG... Educare la provincia su questioni relative al cambiamento climatico e alle sue cause... Sfidare gli uomini a leggere\/discutere la Laudato Si'.\u00a0 <\/strong><\/p><p><strong>2022 <\/strong>Eduardo Agosta Scarel, O.Carm. ha accettato di fare delle presentazioni sulla Laudato Si', sul cambiamento climatico e sulle sue cause durante gli incontri regionali.\u00a0<\/p><p><strong>Obiettivo 2023:\u00a0 <\/strong><strong>Avviare una discussione comunitaria su queste pressanti questioni ambientali.<\/strong><\/p><p>Presentazione della proposta da votare in Capitolo: \"<strong><em>La Provincia PCM si impegna a creare un Piano d'Azione Laudato Si' da valutare annualmente e da aggiornare se necessario per i prossimi 6 anni\".<\/em><\/strong><\/p><p><strong><u>JPIC 2023 Capitolo Proposta e attuazione di LSAP:<\/u><\/strong><\/p><p><strong><em>La Provincia PCM si impegna a creare un Piano d'Azione Laudato Si' da valutare annualmente e da aggiornare se necessario per i prossimi 6 anni\".<\/em><\/strong><\/p><p><strong><em>\u00a0<\/em><\/strong><\/p><p>Risultato: La Provincia si impegna ad aderire alla proposta<\/p><p><strong>2023 Attuazione dell'impegno per il Piano d'azione della Laudato Si'. <\/strong><\/p><p>\u00c8 stata creata la Dichiarazione d'impegno del Piano d'azione della Laudato Si'.<\/p><p>La Provincia crea un Fondo Laudato Si'<\/p><p>La Provincia crea un posto di coordinatore della Laudato Si' utilizzando il Fondo Laudato Si'.<\/p><p><strong>2024 Posizione del Coordinatore della Laudato Si' ricoperta<\/strong><\/p><p>Gennaio - Dennis Kalob inizia a lavorare come coordinatore della Laudato Si' per la Provincia.<\/p>\t\t\t\t\t\t\t\t<\/div>\n\t\t\t\t<\/div>\n\t\t\t\t<div class=\"elementor-element elementor-element-709c6c5 elementor-widget elementor-widget-button\" data-id=\"709c6c5\" data-element_type=\"widget\" data-e-type=\"widget\" data-widget_type=\"button.default\">\n\t\t\t\t<div class=\"elementor-widget-container\">\n\t\t\t\t\t\t\t\t\t<div class=\"elementor-button-wrapper\">\n\t\t\t\t\t<a class=\"elementor-button elementor-button-link elementor-size-sm\" href=\"#return\">\n\t\t\t\t\t\t<span class=\"elementor-button-content-wrapper\">\n\t\t\t\t\t\t\t\t\t<span class=\"elementor-button-text\">Torna all'indice<\/span>\n\t\t\t\t\t<\/span>\n\t\t\t\t\t<\/a>\n\t\t\t\t<\/div>\n\t\t\t\t\t\t\t\t<\/div>\n\t\t\t\t<\/div>\n\t\t\t\t<div class=\"elementor-element elementor-element-c88259a elementor-widget-divider--view-line elementor-widget elementor-widget-divider\" data-id=\"c88259a\" data-element_type=\"widget\" data-e-type=\"widget\" data-widget_type=\"divider.default\">\n\t\t\t\t<div class=\"elementor-widget-container\">\n\t\t\t\t\t\t\t<div class=\"elementor-divider\">\n\t\t\t<span class=\"elementor-divider-separator\">\n\t\t\t\t\t\t<\/span>\n\t\t<\/div>\n\t\t\t\t\t\t<\/div>\n\t\t\t\t<\/div>\n\t\t\t\t\t<\/div>\n\t\t\t\t<\/div>\n\t\t<div data-particle_enable=\"false\" data-particle-mobile-disabled=\"false\" class=\"elementor-element elementor-element-d108dc7 e-flex e-con-boxed e-con e-parent\" data-id=\"d108dc7\" data-element_type=\"container\" data-e-type=\"container\">\n\t\t\t\t\t<div class=\"e-con-inner\">\n\t\t\t\t<div class=\"elementor-element elementor-element-e276707 elementor-widget elementor-widget-menu-anchor\" data-id=\"e276707\" data-element_type=\"widget\" data-e-type=\"widget\" data-widget_type=\"menu-anchor.default\">\n\t\t\t\t<div class=\"elementor-widget-container\">\n\t\t\t\t\t\t\t<div class=\"elementor-menu-anchor\" id=\"WFH\"><\/div>\n\t\t\t\t\t\t<\/div>\n\t\t\t\t<\/div>\n\t\t<div data-particle_enable=\"false\" data-particle-mobile-disabled=\"false\" class=\"elementor-element elementor-element-696adb0 e-grid e-con-full e-con e-child\" data-id=\"696adb0\" data-element_type=\"container\" data-e-type=\"container\">\n\t\t\t\t<div class=\"elementor-element elementor-element-ad90d28 elementor-widget elementor-widget-image\" data-id=\"ad90d28\" data-element_type=\"widget\" data-e-type=\"widget\" data-widget_type=\"image.default\">\n\t\t\t\t<div class=\"elementor-widget-container\">\n\t\t\t\t\t\t\t\t\t\t\t\t\t\t\t<img loading=\"lazy\" decoding=\"async\" width=\"187\" height=\"206\" src=\"https:\/\/carmelites.net\/wp-content\/uploads\/2025\/05\/Picture4.png\" class=\"attachment-large size-large wp-image-20259\" alt=\"\" srcset=\"https:\/\/carmelites.net\/wp-content\/uploads\/2025\/05\/Picture4.png 187w, https:\/\/carmelites.net\/wp-content\/uploads\/2025\/05\/Picture4-11x12.png 11w\" sizes=\"auto, (max-width: 187px) 100vw, 187px\" \/>\t\t\t\t\t\t\t\t\t\t\t\t\t\t\t<\/div>\n\t\t\t\t<\/div>\n\t\t\t\t<div class=\"elementor-element elementor-element-c5c0dfa elementor-widget elementor-widget-text-editor\" data-id=\"c5c0dfa\" data-element_type=\"widget\" data-e-type=\"widget\" data-widget_type=\"text-editor.default\">\n\t\t\t\t<div class=\"elementor-widget-container\">\n\t\t\t\t\t\t\t\t\t<h5 style=\"text-align: center;\"><strong>Piano d'azione Laudato Si' 2025-2026<br \/><\/strong><em>Comunit\u00e0 carmelitana presso Whitefriars Hall<br \/><\/em><strong>Impegnati nella cura della nostra casa comune <\/strong><\/h5>\t\t\t\t\t\t\t\t<\/div>\n\t\t\t\t<\/div>\n\t\t\t\t<\/div>\n\t\t\t\t<div class=\"elementor-element elementor-element-b725ca9 elementor-widget elementor-widget-text-editor\" data-id=\"b725ca9\" data-element_type=\"widget\" data-e-type=\"widget\" data-widget_type=\"text-editor.default\">\n\t\t\t\t<div class=\"elementor-widget-container\">\n\t\t\t\t\t\t\t\t\t<p><strong>Preghiera <\/strong><strong>\u00a0<\/strong><\/p><p><strong>Dio di tutta la creazione, <\/strong>Ci hai dato questa terra come nostra casa comune, affidata alle nostre cure. Possiamo, come Elia, riconoscere la Tua presenza nel sussurro della brezza leggera. Donaci cuori grati, mani generose e uno spirito che cammini dolcemente sulla terra. Per intercessione di Nostra Signora del Monte Carmelo, possiamo crescere nell'amore per Te e per tutto ci\u00f2 che hai creato. <strong>Amen. <\/strong><\/p><p><strong>Cosa abbiamo gi\u00e0 fatto <\/strong><\/p><p>A Whitefriars Hall abbiamo adottato misure significative per la cura del creato in modi che riflettono i nostri valori carmelitani:<\/p><ul><li><strong>Energia solare: <\/strong>Dal 2019, i nostri pannelli solari hanno contribuito a ridurre la nostra dipendenza dai combustibili fossili.<\/li><li><strong>Giardino della pioggia: <\/strong>Installato nel 2022, aiuta a gestire le acque meteorologiche, a prevenire l'erosione e a fornire un habitat alla fauna locale.<\/li><li><strong>Veicoli elettrici: <\/strong>Abbiamo installato una stazione di ricarica per le nostre due auto ibride plug-in, consentendo cos\u00ec la maggior parte dei nostri spostamenti locali in modalit\u00e0 elettrica.<\/li><li><strong>Piantagione di alberi: <\/strong>Negli ultimi due anni sono stati piantati quasi 100 alberi nella nostra propriet\u00e0.<\/li><li><strong>Filtri per l'acqua: <\/strong>Abbiamo installato due sistemi di filtraggio per ridurre la dipendenza dall'acqua in bottiglia.<\/li><li><strong>Riciclaggio: <\/strong>La nostra comunit\u00e0 separa e ricicla un'ampia variet\u00e0 di materiali.<\/li><li><strong>Comitato GPIC: <\/strong>La nostra commissione Giustizia, Pace e Integrit\u00e0 del Creato promuove attivamente una vita semplice e sostenibile.<\/li><\/ul><p><strong><br \/>Cosa ci impegniamo a fare nel 2025 e oltre <\/strong><\/p><p>Questi sforzi sono guidati dal nostro comitato di GPIC, ma richiedono la partecipazione di tutta la comunit\u00e0. Prendersi cura del creato non \u00e8 un progetto una tantum: \u00e8 uno stile di vita. Insieme, ci impegniamo a vivere in modo pi\u00f9 semplice, a condividere pi\u00f9 generosamente e a camminare dolcemente sulla terra.<\/p><p><strong>Condividere ci\u00f2 che abbiamo - Risposta al grido dei poveri <\/strong><\/p><ul><li>Continuare le consegne mensili di cibo per i migranti e le famiglie in difficolt\u00e0.<\/li><li>Donate indumenti e articoli per la casa in buone condizioni a chi li pu\u00f2 utilizzare.<\/li><\/ul><p><strong><br \/>Ridurre il consumo di energia - Risposta al grido della Terra <\/strong><\/p><ul><li>Aggiornamento dell'illuminazione a LED in tutta la casa.<\/li><li>Installare sensori di movimento per ridurre il consumo energetico non necessario.<\/li><li>Mantenere i termostati a 67\u00b0F in inverno e a 70\u00b0F in estate per risparmiare energia.<\/li><li>Considerate la possibilit\u00e0 di programmare un audit energetico per identificare ulteriori miglioramenti.<\/li><\/ul><p><strong><br \/>Riduzione dei rifiuti - Adozione di stili di vita sostenibili <\/strong><\/p><ul><li>Espandere il compostaggio in collaborazione con <em>Rifiuti Zero DC <\/em>per trasformare gli scarti alimentari in terreno sano.<\/li><li>Riutilizzare materiali come le scatole di spedizione, quando possibile.<\/li><li>Evitate i prodotti con imballaggi eccessivi, soprattutto quelli di plastica monouso come l'acqua in bottiglia.<\/li><\/ul><p><strong><br \/>Vivere in modo semplice e sostenibile <\/strong><\/p><ul><li>Camminare, andare in bicicletta o usare i mezzi pubblici per i brevi spostamenti, quando possibile.<\/li><li>Combinare i viaggi in auto per ridurre il consumo di carburante.<\/li><li>Ridurre l'uso dell'acqua: installare soffioni a basso flusso per la doccia, sostituire i servizi igienici con modelli a basso scarico quando necessario e spegnere l'acqua durante le routine quotidiane (ad esempio, mentre ci si lava i denti o si fa la doccia).<\/li><li>Esplorate l'aggiunta di barili di acqua piovana per raccogliere l'acqua da utilizzare all'aperto.<\/li><li>Continuare a piantare piante autoctone per sostenere la biodiversit\u00e0.<\/li><li>Partecipate agli eventi trimestrali di pulizia del quartiere in collaborazione con l'associazione <em>Associazione di quartiere Queens Chapel<\/em>.<\/li><li>Osservare il venerd\u00ec senza carne come semplice atto di solidariet\u00e0 ecologica.<\/li><\/ul><p><strong><br \/>Imparare e crescere insieme<\/strong><\/p><ul><li>Il comitato di GPIC organizzer\u00e0 discussioni, ritiri e iniziative per mantenere la nostra comunit\u00e0 impegnata e in crescita di consapevolezza.<\/li><li>Collaboreremo con Dennis Kalob, il responsabile della Provincia <em>Coordinatore della Laudato Si'<\/em>per allinearsi alla pi\u00f9 ampia risposta carmelitana.<\/li><li>Pianificare eventi comunitari come la celebrazione della Giornata della Terra (22 aprile) e omelie educative.<\/li><li>Organizzare una gita comunitaria con la <em>Societ\u00e0 dello Spartiacque di Anacostia <\/em>di impegnarsi con il nostro ambiente locale.<\/li><\/ul><p><strong><br \/>Resilienza ed empowerment della comunit\u00e0 - Prossime tappe<\/strong><\/p><ul><li>La commissione GPIC aiuter\u00e0 a creare un piano pratico per rendere questi impegni parte della vita quotidiana.<\/li><li>Inizieremo a monitorare i nostri consumi energetici e idrici per misurare i progressi nel tempo.<\/li><li>Queste azioni non sono solo progetti, ma riflettono un cambiamento nello stile di vita, radicato nella nostra fede e nella nostra chiamata a prendersi cura della creazione di Dio.<\/li><\/ul>\t\t\t\t\t\t\t\t<\/div>\n\t\t\t\t<\/div>\n\t\t\t\t<div class=\"elementor-element elementor-element-5922379 elementor-widget elementor-widget-button\" data-id=\"5922379\" data-element_type=\"widget\" data-e-type=\"widget\" data-widget_type=\"button.default\">\n\t\t\t\t<div class=\"elementor-widget-container\">\n\t\t\t\t\t\t\t\t\t<div class=\"elementor-button-wrapper\">\n\t\t\t\t\t<a class=\"elementor-button elementor-button-link elementor-size-sm\" href=\"#return\">\n\t\t\t\t\t\t<span class=\"elementor-button-content-wrapper\">\n\t\t\t\t\t\t\t\t\t<span class=\"elementor-button-text\">Torna all'indice<\/span>\n\t\t\t\t\t<\/span>\n\t\t\t\t\t<\/a>\n\t\t\t\t<\/div>\n\t\t\t\t\t\t\t\t<\/div>\n\t\t\t\t<\/div>\n\t\t\t\t<div class=\"elementor-element elementor-element-71a8646 elementor-widget-divider--view-line elementor-widget elementor-widget-divider\" data-id=\"71a8646\" data-element_type=\"widget\" data-e-type=\"widget\" data-widget_type=\"divider.default\">\n\t\t\t\t<div class=\"elementor-widget-container\">\n\t\t\t\t\t\t\t<div class=\"elementor-divider\">\n\t\t\t<span class=\"elementor-divider-separator\">\n\t\t\t\t\t\t<\/span>\n\t\t<\/div>\n\t\t\t\t\t\t<\/div>\n\t\t\t\t<\/div>\n\t\t\t\t\t<\/div>\n\t\t\t\t<\/div>\n\t\t<div data-particle_enable=\"false\" data-particle-mobile-disabled=\"false\" class=\"elementor-element elementor-element-58f63c7 e-flex e-con-boxed e-con e-parent\" data-id=\"58f63c7\" data-element_type=\"container\" data-e-type=\"container\">\n\t\t\t\t\t<div class=\"e-con-inner\">\n\t\t\t\t<div class=\"elementor-element elementor-element-e30e0df elementor-widget elementor-widget-menu-anchor\" data-id=\"e30e0df\" data-element_type=\"widget\" data-e-type=\"widget\" data-widget_type=\"menu-anchor.default\">\n\t\t\t\t<div class=\"elementor-widget-container\">\n\t\t\t\t\t\t\t<div class=\"elementor-menu-anchor\" id=\"Xiberta\"><\/div>\n\t\t\t\t\t\t<\/div>\n\t\t\t\t<\/div>\n\t\t\t\t<div class=\"elementor-element elementor-element-e5977ea elementor-widget elementor-widget-text-editor\" data-id=\"e5977ea\" data-element_type=\"widget\" data-e-type=\"widget\" data-widget_type=\"text-editor.default\">\n\t\t\t\t<div class=\"elementor-widget-container\">\n\t\t\t\t\t\t\t\t\t<h5 style=\"text-align: center;\"><strong><span class=\"--l sentence_highlight\"><span class=\"--l --r hover:bg-blue-100 hover:dark:bg-blue-600\">Laudato si'<\/span> <span class=\"--l --r hover:bg-blue-100 hover:dark:bg-blue-600\">SI<\/span> <span class=\"--l --r hover:bg-blue-100 hover:dark:bg-blue-600\">Azione<\/span> <span class=\"--l --r hover:bg-blue-100 hover:dark:bg-blue-600\">Piano<br \/><\/span><\/span><\/strong><strong><span class=\"--l sentence_highlight\">Casa di formazione Fray Bartolom\u00e9 Xiberta<br \/><\/span><\/strong><strong><span class=\"--l sentence_highlight\">Canton Caba\u00f1as, Ciudad Delgado, Carretera de Oro Km 14,5<br \/><\/span><\/strong><strong><span class=\"--l sentence_highlight\">21 aprile 2025<br \/><\/span><\/strong><strong><span class=\"--l sentence_highlight\">P. Benjamin Constante, O.Carm.<\/span><\/strong><\/h5><p><span style=\"text-decoration: underline;\"><span class=\"--l sentence_highlight\"><strong>Azioni nello spirito della \"Laudato Si'\" che sono gi\u00e0 state intraprese.<\/strong> <\/span><\/span><\/p><p><span class=\"--l --r sentence_highlight\">1.- Conservazione e protezione della fauna e della flora del luogo e delle sue propriet\u00e0, sensibilizzazione sull'importanza della conservazione del luogo. <\/span><span class=\"--l sentence_highlight\">Nella casa di formazione Xiberta, le aree verdi sono curate e protette, rispettando la fauna che vi abita e conservando attraverso una continua manutenzione i giardini all'interno della stessa casa di formazione. <\/span><\/p><p><span class=\"--l sentence_highlight\">Orto biologico: uso di fertilizzanti, fungicidi, insetticidi 100% organici, per evitare la contaminazione dell'aria e del suolo con sostanze chimiche che finiscono per uccidere le sostanze nutritive del suolo e i prodotti raccolti negli orti. <\/span><\/p><p><span class=\"--l sentence_highlight\">3.- Progetto di riciclaggio attivo su piccola scala nella casa di formazione, educando anche i nuovi membri della comunit\u00e0 al riciclaggio per seguire il progetto e invitando i membri a educare le famiglie nei progetti. <\/span><\/p><p><span class=\"--l sentence_highlight\">Utilizzare energie rinnovabili e sostenibili che riducano il consumo di elettricit\u00e0 (pannelli solari). <\/span><\/p><p><span style=\"text-decoration: underline;\"><span class=\"--l sentence_highlight\"><strong>Piano d'azione<\/strong> <\/span><\/span><\/p><p><span class=\"--l sentence_highlight\">1.- Pianificare e realizzare catechesi di educazione ambientale con i fratelli della comunit\u00e0 e i vicini (data: da luglio a novembre 2025). <\/span><\/p><p><span class=\"--l sentence_highlight\">Realizzare una giornata di rimboschimento nelle aree della casa di formazione e della comunit\u00e0 locale (data: da luglio a novembre 2025). <\/span><\/p><p><span class=\"--l sentence_highlight\">Gestire la possibilit\u00e0 di un aumento dei pannelli solari per una maggiore produzione di energia rinnovabile (data: luglio 2025 - febbraio 2026).<\/span><\/p>\t\t\t\t\t\t\t\t<\/div>\n\t\t\t\t<\/div>\n\t\t\t\t<div class=\"elementor-element elementor-element-78e759a elementor-widget elementor-widget-button\" data-id=\"78e759a\" data-element_type=\"widget\" data-e-type=\"widget\" data-widget_type=\"button.default\">\n\t\t\t\t<div class=\"elementor-widget-container\">\n\t\t\t\t\t\t\t\t\t<div class=\"elementor-button-wrapper\">\n\t\t\t\t\t<a class=\"elementor-button elementor-button-link elementor-size-sm\" href=\"#return\">\n\t\t\t\t\t\t<span class=\"elementor-button-content-wrapper\">\n\t\t\t\t\t\t\t\t\t<span class=\"elementor-button-text\">Torna all'indice<\/span>\n\t\t\t\t\t<\/span>\n\t\t\t\t\t<\/a>\n\t\t\t\t<\/div>\n\t\t\t\t\t\t\t\t<\/div>\n\t\t\t\t<\/div>\n\t\t\t\t<div class=\"elementor-element elementor-element-14612e1 elementor-widget-divider--view-line elementor-widget elementor-widget-divider\" data-id=\"14612e1\" data-element_type=\"widget\" data-e-type=\"widget\" data-widget_type=\"divider.default\">\n\t\t\t\t<div class=\"elementor-widget-container\">\n\t\t\t\t\t\t\t<div class=\"elementor-divider\">\n\t\t\t<span class=\"elementor-divider-separator\">\n\t\t\t\t\t\t<\/span>\n\t\t<\/div>\n\t\t\t\t\t\t<\/div>\n\t\t\t\t<\/div>\n\t\t\t\t\t<\/div>\n\t\t\t\t<\/div>\n\t\t<div data-particle_enable=\"false\" data-particle-mobile-disabled=\"false\" class=\"elementor-element elementor-element-d1573a5 e-flex e-con-boxed e-con e-parent\" data-id=\"d1573a5\" data-element_type=\"container\" data-e-type=\"container\">\n\t\t\t\t\t<div class=\"e-con-inner\">\n\t\t\t\t<div class=\"elementor-element elementor-element-410a7cd elementor-widget elementor-widget-menu-anchor\" data-id=\"410a7cd\" data-element_type=\"widget\" data-e-type=\"widget\" data-widget_type=\"menu-anchor.default\">\n\t\t\t\t<div class=\"elementor-widget-container\">\n\t\t\t\t\t\t\t<div class=\"elementor-menu-anchor\" id=\"CCHS\"><\/div>\n\t\t\t\t\t\t<\/div>\n\t\t\t\t<\/div>\n\t\t\t\t<div class=\"elementor-element elementor-element-1bf1e89 elementor-widget elementor-widget-text-editor\" data-id=\"1bf1e89\" data-element_type=\"widget\" data-e-type=\"widget\" data-widget_type=\"text-editor.default\">\n\t\t\t\t<div class=\"elementor-widget-container\">\n\t\t\t\t\t\t\t\t\t<h4 style=\"text-align: center;\"><strong>Piano d'azione della Laudato Si'<br \/><\/strong><strong>Liceo cattolico Carmel<br \/><\/strong><strong>Mundelein, Illinois<br \/><\/strong><strong>Inviato: 4 maggio 2025<br \/><br \/><\/strong><\/h4><h4><strong>Background e iniziative di sostenibilit\u00e0 precedenti e in corso<\/strong><\/h4><h4><strong>Riduzione dell'impatto ambientale e dei costi<\/strong><\/h4><p>Energia<\/p><ul><li>Carmel ha monitorato i dati di utilizzo dell'energia negli ultimi tre anni utilizzando il software ARC. ARC \u00e8 una piattaforma per le prestazioni di sostenibilit\u00e0 dell'USGBC, il Green Building Council degli Stati Uniti. Il primo movimento fondamentale di Carmel \u00e8 stata la capacit\u00e0 di misurare e tracciare l'utilizzo degli sprechi energetici. Una volta che abbiamo iniziato a tracciare e analizzare i dati, siamo stati in grado di implementare programmi per ridurre l'utilizzo, come un programma di riciclaggio dell'energia elettrica e promemoria settimanali per scollegare la tecnologia non necessaria durante i fine settimana e le lunghe pause. Complessivamente, negli ultimi due anni abbiamo registrato una diminuzione del consumo energetico pari a 5%.<\/li><li>Il Carmel ha recentemente firmato un contratto per l'installazione di un grande impianto solare che dovrebbe fornire circa 925.000 kWh nel primo anno, pari a circa 41% del consumo energetico annuale. Il progetto, attentamente studiato, preserva lo spazio naturale esistente nel campus, essendo installato esclusivamente sui tetti della scuola.  Questo approccio ridurr\u00e0 anche il calore radiante prodotto dai tetti e restituito all'atmosfera.<\/li><li>Inoltre, il Carmel si impegna in una miriade di metodi per ridurre gli sprechi energetici. Tutte le lampadine del campus, che si tratti di quelle delle aule, dei corridoi, della palestra o delle stesse luci dello stadio di calcio, sono a LED. Come gi\u00e0 accennato, Carmel ha anche avviato dei promemoria per \"staccare la spina\", in cui insegnanti e studenti scollegano tutta la tecnologia prima di lunghe pause. Gli studenti aiutano anche a controllare le aule e ad aiutare gli insegnanti a staccare la spina nei fine settimana. Inoltre, molti insegnanti coprono le finestre con tende \"oscuranti\" durante i giorni pi\u00f9 caldi per aiutare la scuola a utilizzare l'energia per raffreddare l'edificio. Questi sono i modi principali in cui Carmel si \u00e8 impegnata in un processo di mitigazione energetica.<\/li><li>Di recente, la scuola ha portato a termine un progetto di bonifica ambientale interamente volontario, a proprie spese, per rimuovere un serbatoio di olio combustibile obsoleto e ha condotto uno studio di impatto ambientale sul terreno dell'area. Questo sforzo per garantire che siamo buoni amministratori del territorio su cui operiamo \u00e8 un valore fondamentale della nostra missione e del nostro operato.<\/li><li>Negli ultimi dieci anni sono stati realizzati diversi progetti di ristrutturazione che hanno interessato quasi 50% dell'intero campus, sia all'interno che all'esterno. Questi progetti includono: Nel 2013, sono stati rinnovati il Centro per le Belle Arti e le Arti dello Spettacolo e l'Information Commons. L'ala delle Belle Arti \u00e8 stata trasformata da un monastero in uno spazio di 33.000 metri quadrati con aule e sale di pratica. Inoltre, la biblioteca della scuola \u00e8 stata ristrutturata e trasformata in un centro di informazione. Il progetto delle Belle Arti ha ottenuto la certificazione LEED di livello argento. Nel 2020 \u00e8 stato rinnovato l'ingresso principale della scuola, con una moderna hall e un'area di accoglienza, un centro conferenze di 2.268 metri quadrati che in precedenza era una cappella sconsacrata, un percorso per raggiungere il giardino di Maria del Monte Carmelo e l'accesso allo spazio di aggregazione all'aperto del Giardino dello Spirito Santo. Nel 2020, il Centro fitness, in precedenza sala pesi e sala lotta, \u00e8 stato ristrutturato in una struttura all'avanguardia di 12.000 metri quadrati. La pavimentazione \u00e8 stata realizzata con tappeti di gomma riciclata ecologica. Nel 2020, l'auditorium della scuola \u00e8 stato ristrutturato per ottimizzare lo spazio. Le luci a LED hanno sostituito la maggior parte delle vecchie luci del palcoscenico e delle performance. Anche l'impianto di climatizzazione \u00e8 stato aggiornato per rendere lo spazio pi\u00f9 efficiente in termini di riscaldamento e raffreddamento. Il palcoscenico e gli oggetti di scena per gli spettacoli sono costruiti con legname, viti e altri materiali in gran parte riutilizzati, evitando cos\u00ec di finire nelle discariche. Nel 2021, quasi il 100% dell'illuminazione del nostro edificio \u00e8 stato sostituito con illuminazione a LED, compresi l'Arena Salvi e lo Stadio Baker. Nel 2021, il parcheggio \u00e8 stato sostituito con 25% di asfalto riciclato. Il progetto comprendeva l'aggiunta di cordoli per risolvere il problema del drenaggio dell'acqua stagnante. Sono state installate isole di alberi nell'area di parcheggio, aggiungendo 22 nuovi alberi al nostro campus.  Dal 2021 sono stati ristrutturati cortili e spazi verdi, come il Mary Garden e il Circle of Friends Garden, per un uso pi\u00f9 attivo da parte degli studenti e delle classi. Nel 2022, la cappella della scuola e l'adiacente Centro spirituale Mary Frances Clarke sono stati ristrutturati per modernizzare gli spazi di aggregazione spirituale e sociale. Questa ristrutturazione ha riutilizzato intenzionalmente materiali significativi provenienti da spazi precedenti all'interno della scuola. Ad esempio, il marmo originale \u00e8 stato tagliato e riutilizzato come elemento estetico di spicco del nuovo spazio. Nel 2022, la rimozione dell'asfalto sul lato sud-ovest del campus \u00e8 stata sostituita da uno spazio verde e da un'area di ristoro all'aperto. A partire dal 2023 sono iniziati i lavori di ristrutturazione completa dei bagni, con nuovi lavandini ad alta efficienza energetica. Sono state completate due ristrutturazioni di bagni e ne sono previste altre quattro. Nel 2023 \u00e8 stato installato un percorso pedonale all'aperto di un chilometro, il Rosary Walk, lungo il perimetro del campus. Negli ultimi dieci anni, sono state installate nuove coperture per 68.129 metri quadrati dei 300.000 metri quadrati del tetto del nostro edificio. Per aumentare l'efficienza energetica sono stati aggiunti ulteriori isolanti e i nuovi tetti hanno una classificazione R-36. Negli ultimi dieci anni, gli aggiornamenti del sistema HVAC hanno reso il nostro edificio pi\u00f9 efficiente dal punto di vista energetico. Sono state inoltre sostituite 75% di finestre e rimosse 90% di amianto.<\/li><\/ul><p><br \/>Acqua e terreni<\/p><ul><li>Tutta l'irrigazione del campus avviene con l'acqua della citt\u00e0. Gli studenti raccolgono l'acqua piovana per utilizzarla nell'Orto di Elia, che viene utilizzato per la coltivazione e la donazione di prodotti a un ente di beneficenza locale.<\/li><\/ul><p><br \/>Gestione dei rifiuti e delle sostanze chimiche<\/p><ul><li>Il programma di riduzione dei rifiuti della mensa \u00e8 un metodo nuovo e innovativo avviato da Carmel durante l'anno scolastico 22-23 per combattere gli sprechi alimentari degli studenti nella mensa. Gli studenti del Carmel vengono istruiti su quali articoli vanno in quali cestini. I materiali compostabili, riciclabili e di scarto hanno tutti un contenitore assegnato. Ogni giorno nelle mense sono presenti studenti e insegnanti volontari per garantire il rispetto di queste politiche. Inoltre, ogni anno conduciamo una verifica della raccolta e del riciclaggio dei rifiuti elettronici per raccogliere dati sull'efficienza delle nostre attuali abitudini e per raccogliere idee su ci\u00f2 che pu\u00f2 essere migliorato. Infine, ogni classe \u00e8 dotata di una raccolta differenziata della plastica e della carta, che coincide con la gestione tradizionale dei rifiuti.<\/li><li>La nostra scuola utilizza approcci di chimica verde con rifiuti minimi. Facciamo laboratori in microscala, che riducono al minimo l'uso di sostanze chimiche e di rifiuti. La stima dei prodotti chimici utilizzati in laboratorio \u00e8 di circa 500 litri. Abbiamo circa 150 galloni di prodotti chimici per la pulizia conservati in armadi chiusi a chiave. Inoltre, abbiamo circa 100 galloni di disinfettante liquido per le mani, anch'esso conservato in un'area accessibile solo alla manutenzione. Ci sono anche 110 galloni di cera liquida per i pavimenti, a cui pu\u00f2 accedere solo il personale di manutenzione. La nostra disinfestazione \u00e8 fornita da Anderson Pest Solutions. In qualsiasi momento, abbiamo circa 24 bombolette di spray e 16 once di gel per formiche, entrambi conservati nell'area delle forniture per la manutenzione.<\/li><\/ul><p><br \/>Trasporto alternativo<\/p><ul><li>Attualmente, circa 50% degli studenti si recano a scuola in auto da soli, 25% con il carpooling e 18% con l'autobus. I dati allegati provengono da un'indagine comunitaria completata due volte l'anno attraverso la piattaforma ARC di Carmel. Il sondaggio viene condiviso digitalmente come link con la comunit\u00e0 di Carmel. Sebbene il trasporto possa rappresentare una sfida in un contesto scolastico non pubblico, una serie di quattro stazioni di ricarica per veicoli elettrici fa parte dell'attuale campagna di capitale e sar\u00e0 installata come parte dell'impianto solare. Si veda la Figura 7 in allegato.<\/li><li>Carmel incoraggia il pi\u00f9 possibile il car pooling e l'uso dell'autobus. Quest'anno abbiamo 167 utenti di autobus, circa il 15% del corpo studentesco. Ci sono anche \"camminatori\", che prendono la bicicletta o veicoli simili, ma questo dato \u00e8 sottorappresentato. Si pu\u00f2 stimare che un quarto degli studenti del Carmel prenda l'autobus, faccia car pooling o vada a piedi sempre o almeno in parte.<\/li><li>Carmel collabora con una societ\u00e0 di autobus locale per gestire cinque linee di autobus che trasportano gli studenti da e verso la scuola. Il programma di trasporto \u00e8 gestito in perdita per incoraggiare gli studenti a utilizzare l'autobus. Quest'anno abbiamo 167 passeggeri. Inoltre, abbiamo anche studenti che utilizzano i mezzi pubblici e li aiutiamo pubblicizzando e vendendo abbonamenti scontati.<\/li><\/ul><h3>\u00a0<\/h3><h3>Migliorare la salute e il benessere degli studenti e del personale.<\/h3><p>Salute ambientale<\/p><ul><li>Carmel ingaggia Anderson Pest Solutions per una visita una volta al mese per ispezionare le trappole posizionate in tutta la scuola.<\/li><li>Nella cucina principale \u00e8 presente una cappa di aspirazione per scaricare il monossido di carbonio generato dai fornelli e dai forni. In tutti i laboratori scientifici sono presenti cappe e sistemi di ventilazione.<\/li><li>Tutte le porte esterne sono chiuse a chiave dopo l'inizio della scuola e chiunque entri nell'edificio dopo le 8:05 deve presentarsi alla reception per ottenere un badge per i visitatori. Al mattino, abbiamo due porte programmate per essere sbloccate dalle 6:30 alle 8:05 per l'arrivo degli studenti, e sono monitorate dal personale dalle 7:30 alle 8:05. La maggior parte delle porte esterne \u00e8 dotata di un accesso tramite fob. Abbiamo anche una guardia di sicurezza a tempo pieno. Il Carmel dispone di 52 telecamere installate all'interno e all'esterno del campus e organizza due esercitazioni antincendio e un'esercitazione di chiusura all'anno.<\/li><li>Le aule vengono pulite quotidianamente e le unit\u00e0 sul tetto sono dotate di filtri Merv 8 per filtrare l'aria.<\/li><li>Per combattere la condensa e l'umidit\u00e0, Carmel ha regolato la temperatura e la serranda dell'aria condizionata per rimuovere l'umidit\u00e0 dalle aule e dalle stanze con un'umidit\u00e0 eccessiva. Abbiamo aggiunto deumidificatori in queste aree.<\/li><li>Sono stati eseguiti interventi di manutenzione sull'uni-vent e sulle unit\u00e0 sul tetto, mentre gli aggiornamenti dei condizionatori d'aria vengono eseguiti due volte l'anno quando passiamo dall'AC al riscaldamento e poi quando torniamo all'AC. La manutenzione comprende la sostituzione dei filtri, la lubrificazione della tiranteria e la calibrazione per una corretta apertura e chiusura. In questi periodi vengono pulite anche le bobine delle unit\u00e0 a tetto, o RTU, per garantire una corretta dissipazione del calore dalla batteria del condensatore.<\/li><li>Tutti gli uni-ventilatori delle aule e le unit\u00e0 sul tetto sono dotati di serrande per l'aria esterna che aspirano l'aria esterna quando sono in funzione.<\/li><li>Se dobbiamo eseguire la manutenzione di un ventilatore singolo, di una RTU o di un condizionatore d'aria, ispezioniamo i filtri per assicurarci che siano puliti e, se necessario, li sostituiamo.<\/li><li>La maggior parte delle pulizie nella scuola viene effettuata con il sistema \"Pathosans\", che non prevede l'uso di sostanze chimiche e utilizza acqua, sale e un \"generatore\" per produrre le soluzioni.<\/li><\/ul><p><br \/>Nutrizione e fitness<\/p><ul><li>Il Carmel ha un orto biologico, il Giardino di Elijah, organizzato e curato dal Garden Club e da altri studenti. Gli studenti di ingegneria hanno costruito le aiuole dell'orto, il compost viene prodotto in loco ogni anno con i rifiuti raccolti nelle mense e la squadra di calcio riempie le aiuole con quel compost ogni anno. Nel 2022, 300 libbre di prodotti dell'Orto di Elia sono state donate a una dispensa alimentare locale. Nel 2023 ne sono state donate 500 libbre. Le erbe e le verdure dell'orto vengono utilizzate anche nelle lezioni di salute per la creazione di ricette, dove l'alimentazione \u00e8 una parte importante del programma di studio. L'impatto sulla salute delle diete viene studiato anche nelle lezioni di anatomia e biologia. Inoltre, l'Orto di Elia \u00e8 uno spazio all'aperto per diverse lezioni di ambiente, arte e fotografia. Il giardino \u00e8 davvero un laboratorio all'aperto, un luogo di riposo e una fonte di ispirazione per diverse classi.\u00a0<\/li><li>I corsi di educazione alla salute utilizzano i programmi di studio e la programmazione nutrizionale di PLT4M, una piattaforma per il benessere K-12 costruita per la prossima generazione di alfabetizzazione fisica, e MyPlate.gov. Questi servizi sono specializzati nel far crescere negli studenti la conoscenza di come le opzioni alimentari fanno crescere, rimodellare, riparare e rifornire l'organismo. Gli studenti utilizzano MyPlate durante una valutazione formativa interattiva per scoprire il ruolo delle dimensioni delle porzioni, i benefici diretti per la salute e per evidenziare gli alimenti importanti nella nostra dieta odierna. Poi, il nostro progetto culminante e sommativo permette agli studenti di tracciare, etichettare e analizzare diversi giorni di consumo personale. Completando questo progetto, gli studenti hanno la possibilit\u00e0 di etichettare in modo tangibile gli alimenti e i gruppi di nutrienti, e allo stesso tempo di riconoscere quanto hanno imparato sul ruolo della nutrizione nella nostra societ\u00e0 odierna. Inoltre, TeamBuildr \u00e8 un software online per la forza e il condizionamento utilizzato dal Dipartimento di atletica del Carmelo e dai corsi di educazione fisica. Questo software permette di progettare allenamenti specifici per sport e abilit\u00e0 per il nostro corpo studentesco.<\/li><li>Fuel Up to Play60 viene utilizzato a Carmel durante l'unit\u00e0 di flag football. Il programma fornisce gratuitamente attrezzature e programmi di studio per i corsi di educazione fisica. Le attrezzature vengono utilizzate anche negli spazi esterni e consentono agli studenti di partecipare alle attivit\u00e0 extracurriculari e intramurarie di flag football.<\/li><li>Gli spazi esterni e i giardini sono importanti per gli studenti del Carmel e per la comunit\u00e0 del Carmel in generale. Gli studenti hanno accesso agli spazi esterni durante tutta la giornata grazie alla vista sulla natura (tutte le aule e i corridoi hanno finestre) e all'accesso ai cortili durante le lezioni e i periodi di passaggio. I corsi di teologia utilizzano gli spazi esterni del campus, circondati dal verde e dalla serenit\u00e0, per pregare, riflettere e meditare. Questo \u00e8 un momento in cui gli studenti possono apprezzare lo splendido scenario che circonda la scuola, concentrandosi intenzionalmente sull'essere presenti con i propri pensieri nella natura.  Ogni semestre, nell'ambito delle attivit\u00e0 della giornata del benessere, il corpo studentesco partecipa ad attivit\u00e0 all'aperto. Le attivit\u00e0 comprendono passeggiate nella riserva naturale, passeggiate antistress, pickleball, calcio, kickball, spikeball e giardinaggio per ottenere semi autoctoni. Inoltre, l'intero programma del corso estivo di educazione fisica \u00e8 basato sull'educazione all'aria aperta, e comprende passeggiate in bicicletta, a piedi, in kayak all'Independence Grove Forest Preserve di Libertyville e altri eventi sportivi. La Carmel Catholic High School organizza ogni anno almeno una giornata di servizio a livello scolastico che combina esercizio fisico, natura e alimentazione. Un elemento fondamentale di questa esperienza \u00e8 il completamento di una passeggiata di 5 km all'interno di una riserva naturale di fronte al campus. In seguito, ogni classe si dedica alla creazione e al confezionamento di pasti per le famiglie bisognose attraverso l'organizzazione no-profit Feed My Starving Children. Questo evento culminante offre agli studenti l'opportunit\u00e0 di comprendere il ruolo del servizio, della nutrizione e degli eventi di costruzione della comunit\u00e0 che si svolgono nei nostri spazi verdi.<\/li><li>La sala pesi e l'impianto cardio, recentemente rinnovati, sono a disposizione di tutti i docenti, del personale e degli studenti. Il Carmel ha stretto una partnership con l'Illinois Bone and Joint Institute (IBJI) per facilitare la supervisione e promuovere l'uso corretto della sala pesi e dell'impianto cardio. La partnership ha permesso agli atleti e alle attivit\u00e0 extracurriculari di concentrarsi sul condizionamento durante la stagione e fuori stagione. Questa collaborazione non solo accresce la forza fisica degli studenti, ma d\u00e0 loro fiducia e conoscenza per un uso corretto delle strutture. Oltre a promuovere la salute fisica e il benessere attraverso le nostre sale pesi, un insegnante e allenatore in loco sta implementando un aspetto nutrizionale fondamentale per la costruzione e il rimodellamento del tessuto muscolare. L'allenatore Billy Moore offre un carburante post-allenamento sotto forma di latte al cioccolato e altre opzioni di frullati proteici.  Infine, durante l'anno scolastico 2022-2023, il corpo docente e il personale hanno partecipato a incontri mensili di formazione per imparare l'ecologia integrale. Tra le opportunit\u00e0 offerte vi sono il giardinaggio, la partecipazione a una passeggiata nella natura, la stesura di un diario naturalistico o la creazione di opere d'arte ambientale.<\/li><\/ul><p><br \/>Coordinamento di salute scolastica, salute mentale, clima scolastico e sicurezza<\/p><ul><li>Alla Carmel Catholic High School, oltre ai corsi di Educazione fisica, Salute, Danza, Yoga ed Educazione fisica, tutti gli studenti partecipano a un programma di consulenza giornaliero. Questo programma facilita le iniziative di benessere e offre agli studenti uno spazio per sviluppare la salute mentale e le abilit\u00e0 di coping. Come gi\u00e0 detto, ogni semestre si tiene anche una Giornata del benessere. Questa giornata permette agli studenti di esplorare diversi aspetti del loro benessere, tra cui, ma non solo, quello sociale, emotivo, spirituale, intellettuale, fisico, ambientale, finanziario e lavorativo.<\/li><li>Erika's Lighthouse \u00e8 un programma di studi sulla salute mentale e un club per il potenziamento degli adolescenti. I gruppi di discussione tra pari aiutano a normalizzare le conversazioni sulla salute mentale. Inoltre, le lezioni del Social Institute sono utilizzate nel 50% delle lezioni di consulenza. L'Istituto sociale consente agli studenti e agli insegnanti di gestire in modo positivo i social media e la tecnologia.<\/li><li>Gli studenti hanno numerose opportunit\u00e0 per la salute e il fitness. Ci\u00f2 \u00e8 evidente dall'ampia variet\u00e0 di corsi di educazione fisica e fitness disponibili per i crediti. Questi includono yoga, forza e condizionamento, educazione fisica, sviluppo della velocit\u00e0 e danza. I corsi di educazione alla salute utilizzano una sequenza di 9 unit\u00e0 che comprende il benessere psicofisico, l'alimentazione, l'abuso di sostanze, la cittadinanza digitale, le relazioni\/il consenso, la riproduzione umana, le malattie croniche e infettive e il primo soccorso.<\/li><\/ul><h3>\u00a0<\/h3><h3>Alfabetizzazione ambientale efficace<\/h3><p>Cultura scolastica della sostenibilit\u00e0<\/p><ul><li>Al Carmel discutiamo della sostenibilit\u00e0 come parte dell'insegnamento sociale cattolico e della cura del creato. Tutti gli studenti imparano l'insegnamento sociale e le responsabilit\u00e0 nei confronti della comunit\u00e0, del creato e di coloro che sono ai margini della societ\u00e0.<\/li><li>Tutti i livelli dell'amministrazione hanno svolto un ruolo cruciale e di supporto alla scuola. Il presidente della scuola, il dottor Bonham, \u00e8 un convinto sostenitore e ha creato il sostegno del consiglio scolastico. Il preside, il signor Ahlgrim, fa parte del Green Team e ha dimostrato il suo sostegno aiutando gli studenti a condurre verifiche sui rifiuti e aiutando a spargere il pacciame nei giardini.<\/li><li>La scuola ha un insegnante che funge da manager della sostenibilit\u00e0 e guida anche il Green Team della scuola.<\/li><li>Esiste un Green Team di dieci persone, guidato dal nostro responsabile della sostenibilit\u00e0 e composto da studenti, docenti e personale, oltre che da ex alunni. L'anno scorso, il club ambientalista guidato dagli studenti ha sviluppato l'idea di fornire kit di utensili per aiutare a eliminare gli utensili di plastica usati una volta nella mensa. Gli studenti organizzano anche attivit\u00e0 per la Settimana della Terra, come la pulizia del campus e la raccolta di semi. Il club di giardinaggio guidato dagli studenti gestisce gli orti e i giardini autoctoni. Quest'anno sono stati donati pi\u00f9 di 500 libbre di prodotti a una dispensa alimentare locale. Gli studenti amano anche creare piccoli bouquet di fiori per gli insegnanti. Esiste una St. Kateri Honor Society, che prende il nome da una santa indigena. Attraverso questa societ\u00e0 d'onore, gli studenti partecipano attivamente a 10 ore di servizio ecologico ambientale ogni anno. Al momento del diploma, ricevono un cordone verde come simbolo del loro servizio e del loro impegno.<\/li><li>L'anno scorso, la scuola ha raddoppiato il numero di stazioni di rifornimento dell'acqua, in modo che ogni classe non disti pi\u00f9 di 200 metri da una stazione di rifornimento. Sono state aggiunte stazioni di rifornimento anche nella mensa per garantire un accesso equo all'acqua potabile. Ogni venerd\u00ec, prima delle lunghe pause e prima dell'estate, gli studenti aiutano gli insegnanti a \"staccare la spina\" di tutti gli oggetti in classe per ridurre al minimo l'uso di elettricit\u00e0 fantasma. I pasti degli insegnanti utilizzano materiali compostabili e gli insegnanti incorporano strategie di compostaggio e di minimizzazione dei rifiuti nelle loro feste ed eventi. Gli studenti fanno volontariato in mensa per educare gli studenti al compostaggio, al riciclaggio e alle procedure di smaltimento dei rifiuti. Ogni anno viene effettuata una raccolta di rifiuti elettronici. Alla fine dell'anno scolastico si svolge un importante programma di riutilizzo e riciclaggio. Vengono raccolti materiale scolastico usato, uniformi, libri e altri materiali. L'anno scorso sono state riutilizzate o vendute quasi 2.000 libbre di materiali. Libri, uniformi e forniture vengono donati agli studenti che ricevono aiuti finanziari. Alcuni libri vengono venduti o donati ad altre scuole.<\/li><li>La giustizia sociale e la spiritualit\u00e0 ecologica sono parti importanti di tutti i programmi e dell'educazione alla sostenibilit\u00e0 del Carmelo. La cura del creato viene insegnata come responsabilit\u00e0 fondamentale degli studenti. La scuola \u00e8 anche iscritta alla piattaforma di azione globale Laudato Si' del Vaticano, che tiene traccia dei suoi progressi verso gli obiettivi climatici.<\/li><\/ul><p><br \/>Curriculum e pedagogia<\/p><ul><li>Carmel Catholic promuove l'alfabetizzazione ambientale. Le lezioni di consulenza includono elementi specifici del termine (comprensione, consapevolezza, comportamenti, atteggiamenti), che si ampliano nel corso dell'anno, enfatizzandolo come punto focale per gli studenti e il personale. Ogni agosto assistiamo a dimostrazioni su come separare i rifiuti alimentari nelle stazioni di riciclaggio della mensa, mentre alla fine del semestre impariamo dove riciclare i quaderni. La formazione dei nuovi docenti ogni autunno mette in evidenza il nostro impegno nei confronti dei valori fondamentali dei nostri Ordini fondatori, l'istruzione e la giustizia, ispirandoci a essere buoni amministratori della terra. Non valutiamo la nostra comprensione dell'alfabetizzazione ambientale; piuttosto, la prova della nostra comprensione si trova nell'adozione di pratiche sostenibili da parte della comunit\u00e0, misurata dai chili di compost raccolti, dai materiali riciclabili separati e dagli ortaggi coltivati.<\/li><li>Il nostro programma di studi \u00e8 ricco di opportunit\u00e0 di apprendimento incentrate sull'ambiente. Il programma di studio \"Project Lead the Way\" per gli studenti di ingegneria infonde concetti di sostenibilit\u00e0. Per esempio, gli studenti di ingegneria civile costruiscono una casa \"Habitat for Humanity\" che utilizza le linee guida di HTH in materia di sostenibilit\u00e0; studiano la certificazione LEED e discutono l'uso corretto dell'isolamento e del paesaggio per risparmiare energia. Gli studenti di Principi di ingegneria realizzano un'automobile alimentata da una cella a combustibile e da un pannello solare. Le matricole di Scienze della Terra contribuiscono a creare interesse per altri corsi elettivi ecologici, come il Dual Credit Human Ecological Footprint e l'AP Environmental Science. Inoltre, il Garden Club viene offerto due volte a settimana per soddisfare i suoi membri attivi, che curano e raccolgono il cibo dall'Orto di Elijah. L'ecologia viene discussa in modo approfondito nelle lezioni di biologia e chimica, quando gli studenti considerano la composizione dell'atmosfera e gli effetti negativi degli inquinanti; questa interconnessione tra le scienze ne indica l'importanza. Gli insegnanti di chimica acquistano materiali meno tossici per dimostrare i concetti della chimica verde riducendo al minimo l'esposizione. Il nostro responsabile dell'igiene chimica controlla l'acquisto, lo stoccaggio e l'uso dei prodotti chimici. Per ridurre al minimo gli sprechi, acquistiamo kit di prodotti chimici invece di fare ordini all'ingrosso. Gli insegnanti seguono un piano pubblicato per smaltire i rifiuti chimici in modo responsabile. Le classi di tutte le discipline preferiscono le risorse digitali a quelle cartacee, e gli sforzi di riciclaggio in classe sono incorporati nei fogli di procedura dei corsi e negli espositori in aula. Nelle lezioni di scenotecnica, gli oggetti di scena e le scenografie sono realizzati con materiali usati e riciclabili e progettati per essere smontati e riutilizzati. Si studia l'illuminazione scenica a LED e i suoi vantaggi in termini di risparmio energetico.<\/li><li>Il nostro piano strategico ci invita ad ampliare le opportunit\u00e0 di esplorazione delle carriere, comprese quelle nel campo della sostenibilit\u00e0 e delle scienze ecologiche. Un gruppo di insegnanti ha visitato il programma di esplorazione di successo di un distretto vicino, nella speranza di replicarlo per i nostri studenti. Nel 2023, il nostro Club di esplorazione delle carriere ha sfidato i suoi membri a intraprendere carriere creative, molte delle quali immerse nelle tecnologie verdi.<\/li><li>L'apprendimento all'aperto degli studenti comprende la cottura della ceramica, l'esplorazione dello zoo e del giardino botanico, la raccolta di semi nella riserva forestale e le passeggiate nella natura del seminario, oltre a molte altre attivit\u00e0. Il nostro giardino di Maria diventa una luminosa aula all'aperto che coinvolge l'intera persona in quanto trasmette la pace e la tranquillit\u00e0 della natura e ricorda agli studenti che incontriamo Dio nella creazione, la cui luce si riflette nella bellezza che ci circonda. Nell'unit\u00e0 \"Cura del Creato\/Laudato Si'\" del corso di Teologia dell'ultimo anno, gli studenti riflettono sulla bellezza della natura con una passeggiata contemplativa nel Giardino di Maria. Anche le matricole della Fondazione considerano la bont\u00e0 di Dio nella creazione attraverso una riflessione scritturale Lectio Divina che coinvolge le immagini del Giardino di Maria.<\/li><li>La Carmel Catholic High School si trova in un quartiere isolato e rigoglioso di Mundelein. Ogni aula \u00e8 dotata di una parete di finestre, che consentono a tutti gli studenti di godere di luce naturale e di una vista sulla natura. L'edificio a un piano ha anche numerosi cortili che gli studenti attraversano ogni giorno per andare da una classe all'altra. Gli studenti possono anche mangiare all'aperto durante il pranzo. Ci sono 890 metri quadrati di spazio verde per ogni occupante a tempo pieno della scuola. Ci\u00f2 consente un'interazione costante e quotidiana con la natura. Il campus ha 333 alberi, 714 arbusti e centinaia di piante perenni. Gli alberi vengono sostituiti in base alle necessit\u00e0 e negli ultimi cinque anni sono stati piantati 49 alberi. Uno studente ha creato un account Instagram \"Trees of Carmel\". I dipartimenti di Religione e di Lingue del mondo utilizzano questi bellissimi terreni per le pause cerebrali all'aperto. Inoltre, sono state create etichette per l'orto in diverse lingue. Le classi di biologia e scienze ambientali utilizzano gli spazi esterni per i laboratori sulla biodiversit\u00e0. Anche gli studenti di arte usano il giardino per ispirazioni e lezioni di fotografia.<\/li><\/ul><p><br \/>Coinvolgimento della comunit\u00e0<\/p><ul><li>Il servizio e la giustizia sociale ecologica sono valori fondamentali e l'impegno civico \u00e8 una componente essenziale dell'esperienza del Carmelo. Attraverso la St. Katerie Honor Society, gli studenti si impegnano nel servizio ecologico alla comunit\u00e0 sia all'interno che all'esterno del campus. Gli studenti contribuiscono a progetti di conservazione locale come la rimozione dell'olivello spinoso, il giardinaggio comunitario e la raccolta di semi di piante autoctone. Studenti e insegnanti collaborano con l'orto biologico del campus e consegnano i prodotti a una dispensa alimentare locale. Gli studenti hanno partecipato alle giornate di lobby del CEJA a Springfield prima dell'approvazione della legge. Hanno svolto attivit\u00e0 di lobbying sia di persona che virtuali durante il COVID-19. Hanno incontrato i legislatori per discutere di energia pulita e dell'importanza dell'ambiente. L'anno scorso hanno incontrato i legislatori locali per esercitare pressioni a favore del corridoio verde della Route 53. Il Carmel promuove attivamente l'impegno nella comunit\u00e0 tra gli studenti e il personale attraverso i programmi di consulenza, le attivit\u00e0 di formazione e le riunioni di facolt\u00e0. Queste iniziative mirano a guidare gli studenti nella crescita personale e accademica, promuovendo un senso di responsabilit\u00e0 sociale. In termini di servizio alla comunit\u00e0, gli studenti hanno l'opportunit\u00e0 di partecipare a vari progetti, tra cui One Hope United, Feed My Starving Children, Our Lady of the Angels Food Pantry, Beacon Place, Bernie's Books, Animal House Shelter, Catholic Charities e molti altri. Gli studenti possono far parte della St. Th\u00e9rese of Lisieux Honor Society, dove ricevono opportunit\u00e0 settimanali attraverso la nostra newsletter digitale per servire la comunit\u00e0 e aumentare il coinvolgimento civico al di fuori della scuola. La scuola enfatizza fortemente i \"temi verdi\" nei programmi di consulenza, promuovendo la consapevolezza e favorendo pratiche responsabili dal punto di vista ambientale. Ci\u00f2 include la gestione attiva dei rifiuti nella mensa scolastica, la realizzazione di programmi annuali di riciclaggio e l'impegno per ridurre l'impronta di carbonio. Inoltre, la scuola collabora con una mensa locale attraverso il volontariato e la fornitura di verdure fresche coltivate negli orti scolastici. Gli studenti contribuiscono ad abbellire la scuola partecipando ad attivit\u00e0 come la raccolta dei rifiuti intorno al campus e la creazione di un giardino appositamente progettato per attirare api e farfalle. Le attivit\u00e0 di formazione mensili per i docenti, in linea con i principi della Laudato Si', si concentrano sui problemi della comunit\u00e0 e sul coinvolgimento civico. Workshop ed eventi forniscono approfondimenti sull'azione globale, rafforzando l'importanza della responsabilit\u00e0 sociale. Le riunioni del personale integrano l'impegno comunitario e civico nella mentalit\u00e0 scolastica. Gli insegnanti sono invitati a incorporare progetti legati alla comunit\u00e0 nel loro curriculum e nelle loro classi, sottolineando le pratiche di sostenibilit\u00e0, come la riduzione dello spreco di carta in classe utilizzando bidoni specifici per il riciclaggio dei rifiuti, l'uso di piattaforme online per presentare i lavori, la donazione di vecchi libri di testo, la donazione di uniformi, la pulizia della nostra scuola e il risparmio energetico. Carmel Catholic incoraggia la partecipazione attiva alle attivit\u00e0 civiche al di fuori della scuola, intrecciando questi valori all'esperienza educativa. I programmi, le attivit\u00e0 e le discussioni in corso all'interno della comunit\u00e0 scolastica promuovono un senso di responsabilit\u00e0 nei confronti delle problematiche sociali e ambientali.<\/li><li>Come scuola superiore, Carmel collabora con le scuole locali e le universit\u00e0 locali. Gli studenti del Carmel partecipano regolarmente a laboratori e attivit\u00e0 sulla sostenibilit\u00e0 con gli studenti pi\u00f9 giovani. Ogni primavera, nel nostro campus si svolge una giornata di visita di studenti dell'ottava classe. Gli studenti ambientali pianificano, organizzano e conducono attivit\u00e0 di sostenibilit\u00e0 con gli studenti pi\u00f9 giovani. Gli studenti del Carmel visitano anche le scuole locali per discutere di sostenibilit\u00e0 e condurre laboratori di supereroi ambientali. Il Carmel collabora anche con la Loyola University Chicago per offrire corsi di educazione ambientale a doppio credito. Questi includono corsi di impronta ecologica umana e di scienze ambientali. Anche il college comunitario locale, il College of Lake County (CLC), \u00e8 una risorsa preziosa. Durante il corso estivo di Introduzione all'economia sostenibile viene offerta una gita per visitare i programmi di energia pulita del CLC. Gli studenti del Carmel partecipano anche alla Lake County Green Living Fair, promuovendo l'alfabetizzazione ambientale e il volontariato. Un gruppo selezionato di studenti del Carmelo fa parte del Vertice giovanile sul clima dell'Arcidiocesi di Chicago. Questi studenti organizzano un summit di un giorno sul clima per gli studenti delle scuole superiori locali, con workshop e presentazioni.<\/li><li>Carmel utilizza una serie di canali di social media, newsletter digitali e il suo sito web per promuovere la sostenibilit\u00e0 alla comunit\u00e0 in generale.<\/li><li>L'ufficio marketing del Carmel gestisce gli account della scuola su Facebook, Twitter, Instagram e LinkedIn. Aggiornamenti, annunci e risultati vengono regolarmente condivisi su queste piattaforme, aiutando la scuola a entrare in contatto con un pubblico pi\u00f9 vasto, comprese altre scuole e organizzazioni interessate a promuovere la consapevolezza ambientale.<\/li><li>Carmel comprende anche quanto sia importante per gli studenti partecipare alla promozione della sostenibilit\u00e0. Ci concentriamo sui social media gestiti dagli studenti, come l'account Instagram @green.corsairs. Questo account \u00e8 un modo per condividere informazioni sulle attivit\u00e0 e sui programmi legati all'educazione ambientale. L'impegno degli studenti incoraggia gli studenti pi\u00f9 giovani a partecipare attivamente agli sforzi di sostenibilit\u00e0 della scuola e funge da fonte di informazione divertente e accessibile per la comunit\u00e0 in generale.<\/li><li>Carmel utilizza anche una newsletter digitale settimanale. La newsletter viene inviata a tutte le famiglie della scuola e aiuta a coinvolgere genitori, studenti, docenti e personale. Incoraggia tutti a partecipare agli sforzi della scuola per essere pi\u00f9 sostenibile e include informazioni su partnership ed eventi.<\/li><\/ul><p><br \/>Sviluppo professionale<\/p><ul><li>Le sessioni mensili di formazione per docenti e personale per il 2022-2023 si sono concentrate esclusivamente sull'educazione ambientale, basandosi sulla Laudato Si': sulla cura della nostra casa comune, l'enciclica di Papa Francesco del 2015. Questi incontri per tutto il personale hanno visto la partecipazione di relatori come p. Richard Fragomeni dell'Unione Teologica Cattolica, che ha parlato di conversione ecologica. Altri temi sono stati l'Ecospiritualit\u00e0 e l'educazione, il Bene comune e le Esperienze naturali.<\/li><li>Oltre alle sessioni di formazione per tutto il personale, i singoli hanno partecipato ai seguenti corsi di formazione professionale a tema ambientale: Master in Gestione della sostenibilit\u00e0, corso di laurea in Gestione dei rifiuti solidi, corso di laurea in Progettazione incentrata sul comportamento per l'ambiente, conferenza annuale dell'Associazione per l'educazione ambientale dell'Illinois.<\/li><li>Tutti gli insegnanti di scienze completano la formazione e la certificazione sui rifiuti chimici ogni tre anni. Uno degli insegnanti di scienze funge da responsabile dell'igiene chimica e ha ulteriori responsabilit\u00e0 di formazione, certificazione e addestramento. Quattro dei nostri insegnanti hanno ottenuto la certificazione Green Teacher dell'USGBC. Uno dei nostri insegnanti \u00e8 LEED Green Associate.<\/li><\/ul><h1>\u00a0<\/h1><h1>Proposte di sostenibilit\u00e0 per l'esercizio 2026<\/h1><p>Nel prossimo anno fiscale, gli sforzi si concentreranno sulle tre aree seguenti, con un approccio alla sostenibilit\u00e0 \"stretto ma profondo\":<\/p><h2>1. Sfruttare gli interessi degli studenti<\/h2><ul><li>Aggiungere domande sulla sostenibilit\u00e0 al sondaggio di fine anno degli studenti.<\/li><li>Dare maggiore attenzione e sostegno ai due club esistenti che si occupano di sostenibilit\u00e0: Giardino e Ambiente.<ul><li>Chiarire gli statuti e l'ambito delle responsabilit\u00e0.<\/li><li>Ottenere il contributo degli studenti per ulteriori iniziative.<\/li><li>Sostenete queste iniziative finanziariamente e in altro modo.<\/li><\/ul><\/li><\/ul><h2>2. Impegnarsi in iniziative ecologiche per il campus<\/h2><ul><li>Piantare e sostenere un frutteto in aggiunta al Giardino di Elia.<\/li><li>Assicurarsi che i raccolti di frutta e verdura siano misurati e consegnati alle mense locali.<\/li><li>Attuare <em>Laudato Si<\/em>-lungo il Sentiero del Rosario.<\/li><\/ul><h2>3. Integrare la sostenibilit\u00e0 in tutti i programmi di studio dei dipartimenti.<\/h2><ul><li>Assicurarsi che ogni reparto sia a conoscenza dei tre punti di integrazione suggeriti.<\/li><li>Verifica dei progressi a met\u00e0 anno.<\/li><li>Sfruttare i dati sull'utilizzo delle risorse nelle classi (elettricit\u00e0, acqua, distribuzione dei prodotti, ecc.).<\/li><\/ul><p>Altre azioni, come quelle relative alla mensa, saranno rimandate a un momento pi\u00f9 opportuno.<\/p><h1>\u00a0<\/h1><h1>Appendice: Elenco dei punti di integrazione del curriculum<\/h1><h2>Affari e tecnologia<\/h2><h3>Programmi di studio attuali relativi alla sostenibilit\u00e0:<\/h3><ul><li>Finanza e investimenti: pro e contro degli investimenti sostenibili.<\/li><li>Intro to Business UCP: discute il greenwashing nell'etica.<\/li><\/ul><h3>Ulteriori programmi di studio sulla sostenibilit\u00e0:<\/h3><ul><li><strong>Unit\u00e0 1: Sostenibilit\u00e0 nell'introduzione al business UCP<\/strong><ul><li>Definizione di sostenibilit\u00e0 (economica, ambientale, sociale).<\/li><li>Responsabilit\u00e0 sociale d'impresa (CSR), Triple Bottom Line.<\/li><li>Casi di studio di imprese sostenibili.<\/li><\/ul><\/li><li><strong>Unit\u00e0 2: Modelli aziendali sostenibili e imprenditorialit\u00e0<\/strong><ul><li>Opportunit\u00e0 di business verde, economia circolare, certificazione B Corp.<\/li><li>Sviluppare piani aziendali sostenibili.<\/li><\/ul><\/li><li><strong>Unit\u00e0 3: Catena di approvvigionamento e approvvigionamento etico<\/strong><ul><li>Approvvigionamento sostenibile, commercio equo e solidale, impronte di carbonio.<\/li><li>Lavoro etico e casi di studio di leader sostenibili.<\/li><\/ul><\/li><li><strong>Unit\u00e0 4: Marketing e comportamento del consumatore<\/strong><ul><li>Greenwashing vs. marketing autentico, eco-etichettatura.<\/li><li>Comprensione dei consumatori verdi, branding, strategie digitali.<\/li><li>Studio di caso: Seventh Generation.<\/li><li>Attivit\u00e0: Progettate una campagna di marketing per un prodotto ecologico.<\/li><\/ul><\/li><li><strong>Unit\u00e0 5: Finanza e investimenti sostenibili<\/strong><ul><li>ESG, green bond, impact investing, incentivi governativi.<\/li><li>Analizzare i rapporti di sostenibilit\u00e0 aziendale.<\/li><li>Caso di studio: Warby Parker \"Compra una coppia, regala una coppia\".<\/li><\/ul><\/li><li><strong>Unit\u00e0 6: Diritto ed etica degli affari<\/strong><ul><li>EPA, divulgazione del clima da parte della SEC, politiche commerciali globali.<\/li><\/ul><\/li><li><strong>Unit\u00e0 7: Sostenibilit\u00e0 nelle operazioni e nella gestione<\/strong><ul><li>Efficienza energetica, tecnologia verde, KPI di sostenibilit\u00e0.<\/li><li>Il ruolo delle imprese negli SDG delle Nazioni Unite.<\/li><li>Tendenze future: IA, neutralit\u00e0 del carbonio, studio del caso IKEA.<\/li><\/ul><\/li><li><strong>Unit\u00e0 8: Gestione dell'assistenza sanitaria<\/strong><ul><li>Casi di studio, relatori ospiti, simulazioni, dibattiti.<\/li><li>Progettare catene di approvvigionamento sostenibili per l'assistenza sanitaria.<\/li><\/ul><\/li><\/ul><h2>Ingegneria<\/h2><h3>Curriculum attuale:<\/h3><ul><li>Il PLTW include temi di sostenibilit\u00e0.<\/li><li>Introduzione all'ingegneria: cicli di vita del prodotto, ingegneria etica.<\/li><li>Principi di ingegneria: riciclabilit\u00e0 dei materiali.<\/li><li>Ingegneria civile: Progetto di casa piccola sul modello di Habitat for Humanity.<\/li><\/ul><h3>Curriculum pianificato:<\/h3><ul><li>Fonti energetiche alternative.<\/li><li>Materiali del filamento: a base vegetale o a base di petrolio.<\/li><li>Cultura della riparazione e della sostituzione.<\/li><\/ul><h2>Inglese<\/h2><h3>Curriculum attuale:<\/h3><ul><li>Poesia naturale (10UCP, 12AP Lit), haiku (9UCP).<\/li><li>Ricerca su The Bean Trees, Into the Wild Light, Station Eleven.<\/li><li>Studio tematico: La Bibbia di Poisonwood, Frankenstein.<\/li><li>Pratiche sostenibili in classe: staccare la spina, compostabili, limitazioni dell'AI.<\/li><\/ul><h3>Curriculum pianificato:<\/h3><ul><li>Quest'anno non sono previste aggiunte importanti.<\/li><\/ul><h2>Belle Arti<\/h2><h3>Curriculum attuale:<\/h3><ul><li>Arte 2: pietra miliare che utilizza materiali riciclati.<\/li><li>Ceramica: riciclo dell'argilla.<\/li><li>Banda\/Coro: riutilizzo della musica, riparazione degli strumenti.<\/li><li>Teatro: costumi acquistati all'asta.<\/li><\/ul><h3>Curriculum pianificato:<\/h3><ul><li>Richiedere nuovamente gli iPad per gli spartiti digitali.<\/li><li>Continuare a riciclare e riutilizzare.<\/li><\/ul><h2>Matematica<\/h2><h3>Curriculum pianificato:<\/h3><ul><li>Algebra 2\/3: progetti di ottimizzazione.<\/li><li>Algebra 1\/2: analisi di regressione del cambiamento climatico.<\/li><li>Precalc: modellazione dell'energia esponenziale\/logaritmica.<\/li><li>Geometria: volume e superficie nella conservazione dell'acqua.<\/li><\/ul><h2>Educazione fisica e salute<\/h2><h3>Curriculum attuale:<\/h3><ul><li>Apprendimento all'aperto, passeggiate nella natura, gite in bicicletta, Giornata del benessere.<\/li><\/ul><h3>Curriculum pianificato:<\/h3><ul><li>Salute: temi di salute ambientale (qualit\u00e0 dell'aria\/dell'acqua, tossine).<\/li><li>Collaborazione con il Garden Club.<\/li><li>Organizzare la giornata di abbellimento del campus.<\/li><\/ul><h2>Studi sociali<\/h2><h3>Curriculum attuale:<\/h3><ul><li>Mondo antico: acquedotti.<\/li><li>Storia mondiale e storia degli Stati Uniti: industrializzazione, conservazione, New Deal.<\/li><li>Governo degli Stati Uniti e governi comparati: Leggi sull'aria\/acqua pulita, politiche internazionali.<\/li><li>Studi afroamericani: razzismo ambientale.<\/li><li>Geografia e questioni globali: attivismo, sostenibilit\u00e0.<\/li><\/ul><h3>Curriculum pianificato:<\/h3><ul><li>Casi di studio sul razzismo ambientale (Flint, Cancer Alley).<\/li><li>Analisi comparata delle politiche di Gov (autoritarie e democratiche).<\/li><li>Storia degli Stati Uniti: cultura dei consumi a confronto.<\/li><\/ul><h2>Teologia<\/h2><h3>Curriculum attuale:<\/h3><ul><li>Insegnamento sociale cattolico: cura del creato.<\/li><li>Rivelazione naturale, unit\u00e0 Laudato Si'.<\/li><li>Fede e scienza, stili di vita cristiani.<\/li><\/ul><h3>Curriculum pianificato:<\/h3><ul><li>Religioni del mondo: aggiungere la cura della creazione nell'Islam, nell'Induismo e nel Buddismo.<\/li><li>L'ecologia nell'Antico e nel Nuovo Testamento.<\/li><\/ul><h2>Lingue del mondo<\/h2><h3>Curriculum attuale:<\/h3><ul><li><strong>Francese:<\/strong> fast fashion, abitudini ecologiche, Les Yeux de Carmen, indagini sui rifiuti zero.<\/li><li><strong>Spagnolo:<\/strong><ul><li><em>Discarica Armonica<\/em>, <em>La isla m\u00e1s peligrosa<\/em>, <em>Gli occhi di Carmen<\/em>.<\/li><li>Poesia e racconti: Ulibarr\u00ed, Quiroga, Neruda, Garc\u00eda M\u00e1rquez.<\/li><li>Attivit\u00e0 di scrittura creativa e arti visive.<\/li><\/ul><\/li><\/ul><h3>Curriculum pianificato:<\/h3><ul><li>Video di Dreaming Spanish.<\/li><li>Giardinaggio urbano con MovieTalk.<\/li><li>Esplora El Hotel Basura.<\/li><li>Studiare le iniziative urbane verdi di Parigi.<\/li><\/ul>\t\t\t\t\t\t\t\t<\/div>\n\t\t\t\t<\/div>\n\t\t\t\t<div class=\"elementor-element elementor-element-1039a63 elementor-widget elementor-widget-button\" data-id=\"1039a63\" data-element_type=\"widget\" data-e-type=\"widget\" data-widget_type=\"button.default\">\n\t\t\t\t<div class=\"elementor-widget-container\">\n\t\t\t\t\t\t\t\t\t<div class=\"elementor-button-wrapper\">\n\t\t\t\t\t<a class=\"elementor-button elementor-button-link elementor-size-sm\" href=\"#return\">\n\t\t\t\t\t\t<span class=\"elementor-button-content-wrapper\">\n\t\t\t\t\t\t\t\t\t<span class=\"elementor-button-text\">Torna all'indice<\/span>\n\t\t\t\t\t<\/span>\n\t\t\t\t\t<\/a>\n\t\t\t\t<\/div>\n\t\t\t\t\t\t\t\t<\/div>\n\t\t\t\t<\/div>\n\t\t\t\t<div class=\"elementor-element elementor-element-f8905cc elementor-widget-divider--view-line elementor-widget elementor-widget-divider\" data-id=\"f8905cc\" data-element_type=\"widget\" data-e-type=\"widget\" data-widget_type=\"divider.default\">\n\t\t\t\t<div class=\"elementor-widget-container\">\n\t\t\t\t\t\t\t<div class=\"elementor-divider\">\n\t\t\t<span class=\"elementor-divider-separator\">\n\t\t\t\t\t\t<\/span>\n\t\t<\/div>\n\t\t\t\t\t\t<\/div>\n\t\t\t\t<\/div>\n\t\t\t\t\t<\/div>\n\t\t\t\t<\/div>\n\t\t<div data-particle_enable=\"false\" data-particle-mobile-disabled=\"false\" class=\"elementor-element elementor-element-e183969 e-flex e-con-boxed e-con e-parent\" data-id=\"e183969\" data-element_type=\"container\" data-e-type=\"container\">\n\t\t\t\t\t<div class=\"e-con-inner\">\n\t\t\t\t<div class=\"elementor-element elementor-element-b87b5bc elementor-widget elementor-widget-menu-anchor\" data-id=\"b87b5bc\" data-element_type=\"widget\" data-e-type=\"widget\" data-widget_type=\"menu-anchor.default\">\n\t\t\t\t<div class=\"elementor-widget-container\">\n\t\t\t\t\t\t\t<div class=\"elementor-menu-anchor\" id=\"Scipio\"><\/div>\n\t\t\t\t\t\t<\/div>\n\t\t\t\t<\/div>\n\t\t\t\t<div class=\"elementor-element elementor-element-705251f elementor-widget elementor-widget-text-editor\" data-id=\"705251f\" data-element_type=\"widget\" data-e-type=\"widget\" data-widget_type=\"text-editor.default\">\n\t\t\t\t<div class=\"elementor-widget-container\">\n\t\t\t\t\t\t\t\t\t<p style=\"text-align: center;\"><strong>Piano d'azione della Laudato Si'<br \/><\/strong><strong>Ministero dei ritiri - Scipio, Kansas<br \/><\/strong><strong>Presentato da:  David Simpson<br \/><\/strong><strong>21 aprile 2025<\/strong><\/p><p><strong>Azioni nello spirito della Laudato Si' che sono gi\u00e0 state intraprese<\/strong><\/p><ol><li>Invitare gli ospiti del ritiro a vivere semplicemente durante l'eremitaggio (estate 2023)<ul><li>Fare attenzione al termostato per il riscaldamento o l'aria condizionata - utilizzare ventilatori a soffitto<\/li><li>Pasti semplici<\/li><li>Osservare il silenzio e la solitudine<\/li><li>Cercare di osservare lo spirito contemplativo carmelitano<\/li><\/ul><\/li><li>Attenzione all'uso dell'acqua e all'accumulo di rifiuti (estate 2023)<\/li><li>Incoraggiare la preghiera quotidiana (breve) di gratitudine per la natura e i doni di Dio a noi (estate 2023)<\/li><\/ol><ol start=\"4\"><li>Invitare il ritirante a mantenere l'eremo e l'ambiente circostante puliti e rispettosi (estate 2023)<\/li><li>Cercare di semplificare i materiali utilizzati: detersivo, sapone per il bucato, carta igienica e asciugamani di carta, materiali per la pulizia (estate 2023)<\/li><\/ol><p><strong><br \/>Piano d'azione<\/strong><\/p><ol><li>Ricercare attivamente ci\u00f2 che \u00e8 disponibile nell'area per il riciclaggio (autunno 2025). Al momento il riciclaggio non \u00e8 disponibile, ma potrebbe esserlo con qualche spostamento in un'altra localit\u00e0 che ricicla.<\/li><li>Indagare sulla possibilit\u00e0 di invitare i poveri locali a usare gli eremi per i ritiri (autunno 2025). Alcune persone non possono permettersi lo stipendio previsto per l'uso dell'eremo. Offrire periodicamente il dono di tale uso.<\/li><li>Iniziare a utilizzare pi\u00f9 materiali riciclabili, ad esempio asciugamani di carta (estate 2025). Un cesto di panni che possono essere lavati e riutilizzati al posto degli asciugamani di carta.<\/li><li>Fornire borse di stoffa negli eremi per la spesa (estate 2025). Contribuire a eliminare la pletora di plastica.<\/li><li>Eliminare le posate monouso (estate 2025)<\/li><li>Indagine sul costo dei pannelli solari per gli eremi (Autunno 2025 - Inverno 2026)<\/li><\/ol><p><br \/>(Nella nostra zona le persone sono restie ai pannelli solari commerciali - non dovrebbe essere un problema, visto che non siamo commerciali).<\/p>\t\t\t\t\t\t\t\t<\/div>\n\t\t\t\t<\/div>\n\t\t\t\t<div class=\"elementor-element elementor-element-b0bbc2b elementor-widget elementor-widget-button\" data-id=\"b0bbc2b\" data-element_type=\"widget\" data-e-type=\"widget\" data-widget_type=\"button.default\">\n\t\t\t\t<div class=\"elementor-widget-container\">\n\t\t\t\t\t\t\t\t\t<div class=\"elementor-button-wrapper\">\n\t\t\t\t\t<a class=\"elementor-button elementor-button-link elementor-size-sm\" href=\"#return\">\n\t\t\t\t\t\t<span class=\"elementor-button-content-wrapper\">\n\t\t\t\t\t\t\t\t\t<span class=\"elementor-button-text\">Torna all'indice<\/span>\n\t\t\t\t\t<\/span>\n\t\t\t\t\t<\/a>\n\t\t\t\t<\/div>\n\t\t\t\t\t\t\t\t<\/div>\n\t\t\t\t<\/div>\n\t\t\t\t<div class=\"elementor-element elementor-element-9d761c6 elementor-widget-divider--view-line elementor-widget elementor-widget-divider\" data-id=\"9d761c6\" data-element_type=\"widget\" data-e-type=\"widget\" data-widget_type=\"divider.default\">\n\t\t\t\t<div class=\"elementor-widget-container\">\n\t\t\t\t\t\t\t<div class=\"elementor-divider\">\n\t\t\t<span class=\"elementor-divider-separator\">\n\t\t\t\t\t\t<\/span>\n\t\t<\/div>\n\t\t\t\t\t\t<\/div>\n\t\t\t\t<\/div>\n\t\t\t\t\t<\/div>\n\t\t\t\t<\/div>\n\t\t<div data-particle_enable=\"false\" data-particle-mobile-disabled=\"false\" class=\"elementor-element elementor-element-5f90202 e-flex e-con-boxed e-con e-parent\" data-id=\"5f90202\" data-element_type=\"container\" data-e-type=\"container\">\n\t\t\t\t\t<div class=\"e-con-inner\">\n\t\t\t\t<div class=\"elementor-element elementor-element-78b6387 elementor-widget elementor-widget-menu-anchor\" data-id=\"78b6387\" data-element_type=\"widget\" data-e-type=\"widget\" data-widget_type=\"menu-anchor.default\">\n\t\t\t\t<div class=\"elementor-widget-container\">\n\t\t\t\t\t\t\t<div class=\"elementor-menu-anchor\" id=\"CRESPI\"><\/div>\n\t\t\t\t\t\t<\/div>\n\t\t\t\t<\/div>\n\t\t\t\t<div class=\"elementor-element elementor-element-0444ae0 elementor-widget elementor-widget-text-editor\" data-id=\"0444ae0\" data-element_type=\"widget\" data-e-type=\"widget\" data-widget_type=\"text-editor.default\">\n\t\t\t\t<div class=\"elementor-widget-container\">\n\t\t\t\t\t\t\t\t\t<h4 style=\"text-align: center;\"><strong>Piano d'azione della Laudato Si'<br \/><\/strong><strong>Liceo Carmelitano Crespi<br \/><\/strong><strong>Encino, California<br \/><\/strong><strong>Inviato: 12 maggio 2025<\/strong><\/h4><p><strong>Attivit\u00e0 passate e in corso<\/strong><\/p><p>Da anni Crespi ha organizzato le settimane dell'impatto per i livelli 9-11.  Il primo anno si \u00e8 concentrato sull'ambiente e sulle attivit\u00e0: Encino Clean up, Heal the Bay, piantagione di alberi con Tree People, ripristino di sentieri escursionistici, manutenzione di cortili e campi in varie localit\u00e0.<\/p><p>Crespi ricicla bottiglie e lattine da anni e due anni fa ha iniziato a raccogliere gli scarti alimentari nei bidoni verdi.  Si tratta ancora di un lavoro in corso.  Abbiamo Reencles (<a href=\"https:\/\/reencle.co\/?srsltid=AfmBOoreqnkT57olTLyNRYPEMePoGbvYwTt3d8KQ16AF0Tq6wWm7hMhh\">https:\/\/reencle.co\/?srsltid=AfmBOoreqnkT57olTLyNRYPEMePoGbvYwTt3d8KQ16AF0Tq6wWm7hMhh<\/a>) in posizioni centrali per il personale.  Il fornitore del servizio di ristorazione utilizza una Reencle molto grande per il compostaggio dei rifiuti della mensa.  Crespi ha il pi\u00f9 grande Reencle in un campus scolastico del Nord America.<\/p><p>Organizzare raccolte annuali di rifiuti tecnologici nel campus.<\/p><p>2024 L'accreditamento WCEA\/WASC ha incluso un comitato per l'iniziativa verde.<\/p><p><strong>Il futuro<\/strong><\/p><p>2025 Il Comitato per l'Iniziativa Verde WCEA\/WASC continuer\u00e0 a elaborare il nostro piano d'azione come documento vivo.<\/p><ul><li>Partecipazione dell'intera comunit\u00e0 scolastica<\/li><li>Utilizzare il terriccio compostato per i progetti del campus, compresa la consegna di piante fresche alla vicina comunit\u00e0 di Encino.<\/li><li>Condurre gli audit di fine anno per identificare le aree di miglioramento.<\/li><li>Assemblare le opzioni per ulteriori miglioramenti sulla base dei dati raccolti.<\/li><li>Includere la nostra societ\u00e0 di gestione dei rifiuti per fornire esperienze di apprendimento ai nostri studenti e ai membri della coorte STEM.<\/li><li>Formalizzare una campagna educativa per tutti i gruppi\/membri della Comunit\u00e0 Crespi.<\/li><li>Integrare le lezioni sulla sostenibilit\u00e0 in tutto il programma di studio<\/li><\/ul>\t\t\t\t\t\t\t\t<\/div>\n\t\t\t\t<\/div>\n\t\t\t\t<div class=\"elementor-element elementor-element-ce46d2d elementor-widget elementor-widget-button\" data-id=\"ce46d2d\" data-element_type=\"widget\" data-e-type=\"widget\" data-widget_type=\"button.default\">\n\t\t\t\t<div class=\"elementor-widget-container\">\n\t\t\t\t\t\t\t\t\t<div class=\"elementor-button-wrapper\">\n\t\t\t\t\t<a class=\"elementor-button elementor-button-link elementor-size-sm\" href=\"#return\">\n\t\t\t\t\t\t<span class=\"elementor-button-content-wrapper\">\n\t\t\t\t\t\t\t\t\t<span class=\"elementor-button-text\">Torna all'indice<\/span>\n\t\t\t\t\t<\/span>\n\t\t\t\t\t<\/a>\n\t\t\t\t<\/div>\n\t\t\t\t\t\t\t\t<\/div>\n\t\t\t\t<\/div>\n\t\t\t\t<div class=\"elementor-element elementor-element-9cd3fbd elementor-widget-divider--view-line elementor-widget elementor-widget-divider\" data-id=\"9cd3fbd\" data-element_type=\"widget\" data-e-type=\"widget\" data-widget_type=\"divider.default\">\n\t\t\t\t<div class=\"elementor-widget-container\">\n\t\t\t\t\t\t\t<div class=\"elementor-divider\">\n\t\t\t<span class=\"elementor-divider-separator\">\n\t\t\t\t\t\t<\/span>\n\t\t<\/div>\n\t\t\t\t\t\t<\/div>\n\t\t\t\t<\/div>\n\t\t\t\t\t<\/div>\n\t\t\t\t<\/div>\n\t\t<div data-particle_enable=\"false\" data-particle-mobile-disabled=\"false\" class=\"elementor-element elementor-element-f0b95f3 e-flex e-con-boxed e-con e-parent\" data-id=\"f0b95f3\" data-element_type=\"container\" data-e-type=\"container\">\n\t\t\t\t\t<div class=\"e-con-inner\">\n\t\t\t\t<div class=\"elementor-element elementor-element-577ac6e elementor-widget elementor-widget-menu-anchor\" data-id=\"577ac6e\" data-element_type=\"widget\" data-e-type=\"widget\" data-widget_type=\"menu-anchor.default\">\n\t\t\t\t<div class=\"elementor-widget-container\">\n\t\t\t\t\t\t\t<div class=\"elementor-menu-anchor\" id=\"JCA\"><\/div>\n\t\t\t\t\t\t<\/div>\n\t\t\t\t<\/div>\n\t\t\t\t<div class=\"elementor-element elementor-element-5328f7b elementor-widget elementor-widget-text-editor\" data-id=\"5328f7b\" data-element_type=\"widget\" data-e-type=\"widget\" data-widget_type=\"text-editor.default\">\n\t\t\t\t<div class=\"elementor-widget-container\">\n\t\t\t\t\t\t\t\t\t<h4 style=\"text-align: center;\"><strong>Piano d'azione della Laudato Si' - Presentato il 22 aprile 2025<br \/><\/strong><strong>Accademia cattolica di Joliet<br \/><\/strong><strong>Joliet, Illinois<\/strong><\/h4><p><strong><u>Laudato si'<\/u><\/strong><strong>i - <\/strong><strong>\"Chi siamo <\/strong><\/p><p><strong>Ambiente<\/strong><\/p><ul><li>Programma di riciclaggio (studenti \/ Manutenzione)<\/li><li>Garden Club<\/li><li>Sostituzione delle luci a LED<\/li><li>Santi dei Carmelitani e dei Francescani<\/li><li>Insegnamenti sociali cattolici nel programma di studi \/ anno di scuola media e superiore<\/li><li>Giornata di servizio<\/li><li>Riciclaggio del Re-Store - Club Habitat per l'Umanit\u00e0<\/li><li>Riflessioni settimanali dei pensieri carmelitani e francescani di servizio\/ambiente<\/li><li>Pianificazione strategica per un maggiore utilizzo dello spazio verde (campagna di capitale)<\/li><li>Esplorare il \"tetto verde\"<\/li><li>Esplorare gli habitat delle api native nel campus<\/li><li>Gestione positiva del terreno acquisito<\/li><li>Concentrarsi sull'utilizzo di meno carta e pi\u00f9 tecnologia<\/li><li>Attenzione alla piantumazione e al mantenimento di alberi nel campus<\/li><li>Attenzione all'utilizzo di risorse rinnovabili per l'ammodernamento delle strutture del campus.<\/li><li>Nuove stazioni d'acqua per diminuire le bottiglie di plastica monouso<\/li><li>Direttore della manutenzione attento all'ambiente<\/li><\/ul><p><strong>Servizio ai poveri <\/strong><\/p><ul><li>Programmi di assistenza scolastica<ul><li>Giornata di servizio<\/li><li>Programma di ore di servizio per tutti gli studenti<\/li><li>Dai da mangiare ai miei bambini affamati<\/li><li>Key Club riconosciuto a livello nazionale<\/li><li>Club e organizzazioni Progetti di servizio<\/li><\/ul><\/li><li>Raccolta di alimenti<\/li><li>Domenica Undy<\/li><li>Raccolta di scarpe<\/li><li>Abbracciare il modello di leadership servile per la leadership<\/li><\/ul><p><strong>Generale <\/strong><\/p><ul><li>Consapevolezza dell'investimento globale<\/li><\/ul><h4>\u00a0<\/h4><h4 style=\"text-align: left;\"><strong>Laudato Si' <br \/><\/strong><strong>Accademia cattolica di Joliet<br \/><\/strong><strong>Per reparto<\/strong><\/h4><p><strong>Scienza<\/strong><\/p><ul><li>Le lezioni di Biologia e Biologia AP trattano in modo approfondito l'Ecologia, la diversit\u00e0 delle specie e l'importanza di tutte le specie per il successo del pianeta. Discutendo le specie chiave e la biodiversit\u00e0 in tutti i capitoli ecologici.<\/li><li>Discutiamo dell'impatto umano sul pianeta e sulle sue risorse, dell'impatto ambientale e della sostenibilit\u00e0. Condividiamo una casa comune con tutti gli esseri viventi e non dovremmo abusarne o distruggerla.<\/li><li>Discutiamo di attualit\u00e0, eventi meteorologici come tornado, inondazioni, uragani, ecc. Le lezioni riguardano il tempo atmosferico, lo spazio e l'atmosfera.<\/li><li>Discutiamo di cambiamenti climatici, riscaldamento globale, effetti dell'effetto serra e soluzioni utili come il riciclaggio, la limitazione dei rifiuti, la conservazione delle risorse naturali e la riduzione dell'inquinamento.<\/li><li>Abbiamo club scientifici, club di giardinaggio e club ambientali per fornire ulteriori discussioni. Tra cui la costruzione di un giardino per gli impollinatori e la piantumazione di vari alberi nel campus.<\/li><li>Cerchiamo di limitare l'uso e lo spreco di carta utilizzando OneNote e Teams per distribuire i compiti e non usare carta. Abbiamo anche diversi laboratori virtuali che limitano lo spreco di materiali, prodotti chimici e carta.<\/li><li>Gli studenti sono incoraggiati a utilizzare bottiglie d'acqua riutilizzabili, nuove fontanelle e a contribuire a limitare lo spreco di plastica e altre risorse.<\/li><li>Vari progetti e presentazioni in classe sull'ecologia e sull'importanza di salvare l'ambiente.<\/li><li>22 aprile<sup>nd<\/sup> \u00e8 la Giornata della Terra e viene riconosciuta nelle classi con concorsi di poster e altri eventi. Si discute dell'Ora della Terra, in cui tutti devono spegnere le luci e gli apparecchi elettrici non indispensabili per sensibilizzare l'opinione pubblica sulle sfide ambientali.<\/li><\/ul><p><strong><br \/>Teologia<\/strong><\/p><ul><li>Compito della matricola di teologia per la passeggiata nella natura.\u00a0<\/li><li>Teologia senior - Progetto sul budget minimo per vivere.\u00a0<\/li><li>Insegnamento sociale cattolico per l'intero semestre - Anziani - Stewardship\u00a0<\/li><li>Jr sacramenti - sacramentalit\u00e0, vedere Dio nella creazione e negli altri\u00a0<\/li><li>Resilienza ed empowerment della comunit\u00e0 - Moralit\u00e0 - Non siamo limitati a ci\u00f2 in cui siamo nati.\u00a0<\/li><li>Grazie, lettere,<\/li><li>Opere di misericordia corporali\u00a0<\/li><li>Incoraggiare la crescita spirituale personale all'interno della comunit\u00e0 spirituale.\u00a0<\/li><li>Innaffiare le piante in classe\u00a0<\/li><li>Dignit\u00e0 di tutte le persone, al di l\u00e0 dello status sociale, della salute e della situazione.\u00a0<\/li><li>Strutture sociali peccaminose\u00a0<\/li><li>Great Pacific Garbage Patch all'interno del concetto di strutture sociali peccaminose\u00a0<\/li><li>Non sono pi\u00f9 ammesse bottiglie d'acqua usa e getta su Kairos\u00a0<\/li><\/ul><p><strong><br \/>Studi sociali<\/strong><\/p><ul><li>Curriculum aziendale: l'importanza di ogni parte del ciclo aziendale e la sua interconnessione nel corso del processo - obiettivi comuni a tutte le parti coinvolte<\/li><li>Storia - protesta per i diritti umani, tra cui il Vietnam e i diritti civili.<\/li><li>Scambi colombiani e cambiamenti ambientali - Le trib\u00f9 di nativi americani utilizzano l'ambiente per determinare il proprio stile di vita<\/li><li>Progresso tecnologico - Rivoluzione industriale, guerra fredda, anni '80<\/li><li>Movimento verde negli anni '60\/'70 come cambiamento ambientale<\/li><li>Storia del mondo - come siamo arrivati qui, dall'inizio della storia a oggi - cambiamento - come le societ\u00e0 hanno usato le loro risorse e l'ambiente per plasmare la loro cultura<\/li><li>Governo - diritti civili, emendamenti<\/li><li>Economia - costi impliciti per tutto ci\u00f2 che si fa - Acquistare da Shein\/Temu (siti web di fast fashion) e l'impatto complessivo\u00a0<\/li><\/ul><p><strong><br \/>Inglese<\/strong><\/p><p><strong><u>Anno da matricola<\/u><\/strong><\/p><ul><li><strong>Mitologia<\/strong>: Collegamento degli dei e delle dee alle radici naturali<\/li><li><strong><em>Uccidere il buio<\/em><\/strong>: Discussione del trattamento e delle opinioni degli altri e dell'ambiente che ci circonda.<\/li><\/ul><p><strong><u>Secondo anno<\/u><\/strong><\/p><ul><li><strong>Storie brevi<\/strong>: Discussioni sul rispetto per la natura e il trattamento degli altri come si trovano in (ma non solo) - \"The Most Dangerous Game\", \"Blues Ain't No Mockingbird\", \"The Scarlet Ibis\", \"The Harvest\".<\/li><li><strong>Saggistica<\/strong>: Discussione sul rispetto per la natura e sul trattamento degli altri, come si trova in (ma non solo) - \"Residenza dell'AD2029\", \"La lavandaia\", \"Festa dei nonni\".<\/li><\/ul><p><strong><u>Anno junior<\/u><\/strong><\/p><ul><li>Analisi di ogni opera letteraria letta e collegamento con le problematiche attuali della societ\u00e0 odierna e della nostra vita individuale.<\/li><li><strong>Trascendentalismo<\/strong>: Discussione sul rispetto della natura<\/li><li><strong>Altra letteratura<\/strong>: Discussione sul trattamento degli altri come si trova in (ma non solo) - Poesia di Cummings e Auden, <em>L'uva dell'ira<\/em>, <em>Sinistra da raccontare<\/em>, <em>Il Grande Gatsby<\/em><\/li><li>Libro di testo online<\/li><\/ul><p><strong><u>Ultimo anno <\/u><\/strong><\/p><ul><li><strong>17<sup>th<\/sup> &amp; 18<sup>th<\/sup> Secolo<\/strong>: Discussione sulla rivoluzione scientifica e su come distrugge l'ambiente<\/li><li><strong>Unit\u00e0 sul Romanticismo<\/strong>: Discussione sulla riconnessione con la natura e sull'importanza di Dio nella natura.<\/li><li><strong><em>Frankenstein<\/em><\/strong>: Discussione sul trattamento degli altri (l'uomo cerca di giocare a fare Dio)<\/li><\/ul><p><strong><br \/>Matematica<\/strong><\/p><ul><li>Decorazioni per l'aula a lungo termine che non devono essere cambiate frequentemente<\/li><li>Piante nelle nostre stanze per promuovere un'aria pi\u00f9 pulita<\/li><li>Promozione di beni riciclati per la creazione di progetti a fattore di scala<\/li><li>Accendere meno luci per risparmiare energia<\/li><li>Utilizzando le nostre unit\u00e0 Mitsubishi in modo prudente<\/li><li>Spegnere i nostri progetti quando non vengono utilizzati<\/li><li>Consentire agli studenti di riempire le bottiglie d'acqua per ridurre i rifiuti di plastica.<\/li><li>Creare classi senza libri di testo per evitare che gli studenti acquistino nuovi libri.<\/li><li>Utilizzare i libri pi\u00f9 vecchi in modo che gli studenti ne acquistino di nuovi<\/li><li>Assegnazioni senza carta<\/li><li>Raccogliere le matite dal pavimento per gli studenti che ne sono sprovvisti.<\/li><li>Rivendita di uniformi e armadio dell'ufficio del preside<\/li><li>Stazioni di ricarica delle bottiglie d'acqua<\/li><li>Club di giardinaggio<\/li><\/ul><p><strong><br \/>Belle Arti<\/strong><\/p><p><strong>Arti dello spettacolo<\/strong><\/p><ul><li>Materiali digitalizzati per ridurre l'uso della carta.<ul><li>Tutti gli incarichi sono digitalizzati.<\/li><li>Anche tutti i programmi dei concerti sono digitalizzati.<\/li><\/ul><\/li><li>Promuovere la consapevolezza delle comunit\u00e0 indigene attraverso la musica e le sceneggiature teatrali.<\/li><li>Progetti pratici per promuovere la mobilit\u00e0 attiva, mentale ed emotiva.<ul><li>Esempio: Marching band e abilit\u00e0 motorie<\/li><\/ul><\/li><\/ul><p><strong><br \/>Arti visive<\/strong><\/p><ul><li>Materiali digitalizzati per ridurre l'uso della carta.<ul><li>Tutti gli incarichi sono digitalizzati.<\/li><\/ul><\/li><li>Riciclare e riutilizzare tutti i materiali per garantire che non ci siano sprechi durante lo sviluppo dei progetti.<ul><li>Esempio: Tutta l'argilla viene reidratata per essere riutilizzata.<\/li><\/ul><\/li><li>Progetti pratici per promuovere la mobilit\u00e0 attiva, mentale ed emotiva.<\/li><li>Gli studenti di Belle Arti imparano che la creativit\u00e0 non ha bisogno di strumenti speciali: la creazione di arte \u00e8 accessibile a tutti.<\/li><li>Oggetti trovati diventano piccole sculture e texture per l'argilla, carte e cartoni riciclati diventano elementi di design per sculture a rilievo, scampoli di metallo e filati si combinano in assemblaggi.<\/li><\/ul><p><strong><br \/>Educazione fisica\/salute<\/strong><\/p><ul><li>Unit\u00e0 sulla salute sociale, sul rispetto dell'altro e sulla creazione di interconnessione attraverso vari contesti.<\/li><li>Unit\u00e0 su dieta, alimentazione e rapporti per promuovere uno stile di vita sano.<\/li><li>Unit\u00e0 su come pianificare ed eseguire la mobilit\u00e0 attiva per garantire uno stile di vita lungo e sano.<\/li><li>I compiti di salute sono digitalizzati. Il libro della salute \u00e8 online e anche i compiti vengono completati online.<\/li><\/ul><p><strong><br \/>Lingua mondiale<\/strong><\/p><ul><li>Interconnessione: Tutto nel mondo \u00e8 collegato e il grido della Terra si intreccia con il grido dei poveri.<\/li><\/ul><ul><li>Gli studenti sono incoraggiati a riflettere e a imparare a costruire una comunit\u00e0 pi\u00f9 stretta.<\/li><\/ul><ul><li style=\"list-style-type: none;\"><ul><li>Argomenti dell'unit\u00e0 che forniscono vocabolario, confronti culturali e conversazioni aperte al volontariato nel proprio ambiente e nel mondo di lingua spagnola e francese.<\/li><li>Progetti che portano gli studenti ad approfondire ci\u00f2 che la loro comunit\u00e0 ha da offrire alla popolazione meno servita.<\/li><li>Creare cartelli e opuscoli da utilizzare per promuovere questi aiuti.<\/li><li>Comprendere altre culture attraverso letture e letteratura.<\/li><\/ul><\/li><\/ul><ul><li>Comunione universale: Tutta la creazione fa parte di una famiglia universale, chiamata in causa da un unico Padre.<\/li><\/ul><ul><li>Per promuovere un senso di comunit\u00e0, gli studenti si impegnano in attivit\u00e0 di revisione tra pari e di lavoro a coppie o in piccoli gruppi per negoziare il significato della lingua e dei contenuti,<\/li><li>Gli studenti sono incoraggiati a chiedere consiglio agli altri studenti, soprattutto a quelli con cui non hanno familiarit\u00e0.\u00a0<\/li><li>Lavorare insieme in classe e fuori dalla classe attraverso progetti e altre attivit\u00e0.<\/li><\/ul><ul><li>Destinazione comune dei beni: La Terra \u00e8 un'eredit\u00e0 condivisa e i suoi frutti sono destinati a beneficiare tutti.<\/li><\/ul><ul><li>Gli studenti sono incoraggiati a proteggere il mondo e a imparare la consapevolezza sociale.<ul><li>Unit\u00e0 basata sulla protezione del futuro del nostro pianeta e sulle attuali preoccupazioni ambientali.\u00a0<\/li><li>Dare agli studenti il vocabolario per fare domande sull'ambiente e parlare a favore della protezione della Terra per le generazioni future.<\/li><li>Progetti che contribuiscono a portare energia ecologica in altri Paesi.<\/li><\/ul><\/li><\/ul><ul><li>Critica del paradigma tecnocratico: l'attenzione dominante per la tecnologia e il profitto ha portato al degrado ambientale e alla disuguaglianza sociale.<\/li><\/ul><ul><li>Gli studenti sono incoraggiati a usare la tecnologia solo se necessario e con integrit\u00e0:<ul><li>Siti come i motori di ricerca Google\/Bing e OpenAI non sono accessibili durante le lezioni.<\/li><li>I compiti degli studenti si alternano tra carta e penna ed elettronici,<\/li><li>Gli studenti sono invitati a utilizzare i dizionari cartacei.<\/li><li>L'istruttore dimostra come usare la tecnologia in modo consapevole e onesto (ad esempio, usando parole chiave forti per ricercare informazioni).<\/li><\/ul><\/li><\/ul><ul><li>Appello per una rivoluzione culturale: Per affrontare la crisi ecologica \u00e8 necessario un cambiamento di mentalit\u00e0, politiche e stili di vita.<\/li><\/ul><ul><li>Gli studenti devono astenersi dall'uso di cellulari\/dispositivi di ascolto per praticare la mindfulness (essere nel momento\/interagire con chi \u00e8 in loro presenza),<\/li><li>L'istruttore condivide gli strumenti per massimizzare le prestazioni dei dispositivi scolastici riducendo il consumo energetico (es. ridurre il numero di applicazioni in esecuzione in background, prestare attenzione al numero di schede aperte nel browser web).<\/li><\/ul>\t\t\t\t\t\t\t\t<\/div>\n\t\t\t\t<\/div>\n\t\t\t\t<div class=\"elementor-element elementor-element-79169f7 elementor-widget elementor-widget-button\" data-id=\"79169f7\" data-element_type=\"widget\" data-e-type=\"widget\" data-widget_type=\"button.default\">\n\t\t\t\t<div class=\"elementor-widget-container\">\n\t\t\t\t\t\t\t\t\t<div class=\"elementor-button-wrapper\">\n\t\t\t\t\t<a class=\"elementor-button elementor-button-link elementor-size-sm\" href=\"#return\">\n\t\t\t\t\t\t<span class=\"elementor-button-content-wrapper\">\n\t\t\t\t\t\t\t\t\t<span class=\"elementor-button-text\">Torna all'indice<\/span>\n\t\t\t\t\t<\/span>\n\t\t\t\t\t<\/a>\n\t\t\t\t<\/div>\n\t\t\t\t\t\t\t\t<\/div>\n\t\t\t\t<\/div>\n\t\t\t\t<div class=\"elementor-element elementor-element-9e6c0d9 elementor-widget-divider--view-line elementor-widget elementor-widget-divider\" data-id=\"9e6c0d9\" data-element_type=\"widget\" data-e-type=\"widget\" data-widget_type=\"divider.default\">\n\t\t\t\t<div class=\"elementor-widget-container\">\n\t\t\t\t\t\t\t<div class=\"elementor-divider\">\n\t\t\t<span class=\"elementor-divider-separator\">\n\t\t\t\t\t\t<\/span>\n\t\t<\/div>\n\t\t\t\t\t\t<\/div>\n\t\t\t\t<\/div>\n\t\t\t\t<div class=\"elementor-element elementor-element-6f35344 elementor-widget elementor-widget-menu-anchor\" data-id=\"6f35344\" data-element_type=\"widget\" data-e-type=\"widget\" data-widget_type=\"menu-anchor.default\">\n\t\t\t\t<div class=\"elementor-widget-container\">\n\t\t\t\t\t\t\t<div class=\"elementor-menu-anchor\" id=\"MCHS\"><\/div>\n\t\t\t\t\t\t<\/div>\n\t\t\t\t<\/div>\n\t\t\t\t<div class=\"elementor-element elementor-element-1448884 elementor-widget elementor-widget-heading\" data-id=\"1448884\" data-element_type=\"widget\" data-e-type=\"widget\" data-widget_type=\"heading.default\">\n\t\t\t\t<div class=\"elementor-widget-container\">\n\t\t\t\t\t<h2 class=\"elementor-heading-title elementor-size-default\">Rapporto Laudato Si'\nScuola superiore Mount Carmel\nChicago, IL\n<\/h2>\t\t\t\t<\/div>\n\t\t\t\t<\/div>\n\t\t\t\t<div class=\"elementor-element elementor-element-fdf39a3 elementor-widget elementor-widget-text-editor\" data-id=\"fdf39a3\" data-element_type=\"widget\" data-e-type=\"widget\" data-widget_type=\"text-editor.default\">\n\t\t\t\t<div class=\"elementor-widget-container\">\n\t\t\t\t\t\t\t\t\t<p><strong>25 luglio 2025<\/strong><\/p><p><strong>Da parte di: Brendan Conroy, Presidente<\/strong><\/p><p><strong><u>Il Monte Carmelo e la cura della nostra casa comune<\/u><\/strong><\/p><p><strong>Attivit\u00e0 attuali:<\/strong> Potremmo fare molto meglio in modi piccoli e semplici, sia individualmente che come scuola.  Di seguito sono riportate le aree che riflettono ci\u00f2 che viene fatto e ci\u00f2 che potrebbe essere migliorato.<\/p><p><em>Energia rinnovabile<\/em>:  Questo \u00e8 il pi\u00f9 grande risultato singolare del Monte Carmelo nello spirito di <em>Laudato Si'.\u00a0 <\/em>Grazie alla stretta collaborazione con il nostro consulente energetico, siamo riusciti a ottenere i seguenti risultati:<\/p><ul><li>Sostituire gratuitamente tre tetti vetusti e con perdite, con un risparmio, ai valori attuali, di circa $350.000.<\/li><li>Stipulare un accordo per l'installazione di pannelli solari, affittando essenzialmente lo spazio sul tetto per i prossimi 25 anni dei nostri due spazi pi\u00f9 grandi, il Convocation Center (palestra e Commons) e l'Edificio principale, per fornire l'energia elettrica al nostro campus.<\/li><li>Ridurre la nostra dipendenza dalla rete elettrica.<\/li><li>Permetterci di pagare l'elettricit\u00e0 a una tariffa pi\u00f9 bassa e costante che, secondo le previsioni, far\u00e0 risparmiare a Mount Carmel circa $750.000 nello stesso periodo.<\/li><li>Gestire il rischio non possedendo i pannelli solari. Pertanto, il costo delle riparazioni per la normale usura e l'eventuale sostituzione dei pannelli non ricade su Mount Carmel.<\/li><li>Ottenere garanzie che i cambiamenti nel sostegno federale all'energia solare e alle altre energie rinnovabili non ci riguardino. Si tratta di una preoccupazione a lungo termine, se il sostegno degli investitori e dello Stato dell'Illinois dovesse diminuire.<\/li><\/ul><p><em>Riduzione e riciclo delle risorse<\/em>:  Il nostro bilancio \u00e8 eterogeneo e potrebbe essere molto pi\u00f9 solido.  Ecco alcuni punti di forza e aree di crescita:<\/p><ul><li>Stampanti e fotocopiatrici: Pochissimi uffici sono dotati di stampanti e la scuola dispone di tre fotocopiatrici, dato che siamo passati da un istituto tradizionale basato sulla carta a un istituto elettronico.<\/li><li>Insegnamento e apprendimento: Gli insegnanti possono usare la carta, ma una percentuale significativa di compiti, dispense e test sono elettronici. Sebbene ci\u00f2 sia incoraggiante dal punto di vista ambientale, l'apprendimento avviene in modo pi\u00f9 efficace in un formato tradizionale e cartaceo.<\/li><li>Riunioni di governance: Attualmente offriamo pacchetti stampati per i membri del Consiglio di amministrazione della scuola, del Consiglio della Mount Carmel Educational Foundation e del Comitato finanziario, oltre a inviare i pacchetti in formato elettronico prima delle riunioni. Chieder\u00f2 all'attuale presidente del Consiglio, al presidente della Fondazione e al presidente del Comitato finanziario di offrire pacchetti stampati solo su richiesta.<\/li><\/ul><p>Inoltre, per queste riunioni, cos\u00ec come per quelle di facolt\u00e0, facciamo ancora largo uso di piatti, utensili e contenitori per bevande monouso.<\/p><ul><li>Mensa: Il nostro fornitore di servizi di mensa \u00e8 un fornitore a contratto.  Sebbene siamo soddisfatti della qualit\u00e0 del servizio e del cibo che forniscono, ci sono aree di preoccupazione, tra cui:<ul><li>Costo<\/li><li>Spreco alimentare<\/li><li>Carta, plastica e polistirolo monouso<\/li><li>Smaltimento di bottiglie e lattine anzich\u00e9 riciclaggio<\/li><\/ul><\/li><\/ul><p><em>NOTA: inserisco il costo per indicare che i nostri studenti e le nostre famiglie pagano gi\u00e0 un prezzo elevato per la colazione e il pranzo e sospetto che tali costi continueranno ad aumentare.  \u00c8 una scelta, ma anche un onere economico, per le nostre famiglie.  Il costo sar\u00e0 un fattore che determiner\u00e0 se imporre requisiti di sostenibilit\u00e0 al nostro fornitore di servizi alimentari.<\/em><\/p><ul><li>Posta e marketing: Da molti anni la maggior parte del marketing e delle comunicazioni avviene per via elettronica, ma continuiamo a stampare e inviare o distribuire copie cartacee di alcuni pezzi selezionati. La mentalit\u00e0 del Dipartimento Sviluppo \u00e8 quella di esaminare come possiamo comunicare in modo efficiente riducendo i costi.  Lo apprezzo, e vorrei che aggiungessimo a questo ragionamento anche considerazioni di carattere ecologico.<\/li><li>Giochi e altri eventi: Questi eventi possono vedere fino a 4.000 visitatori nel nostro campus per una sera, e non dobbiamo sottovalutare l'impatto dei rifiuti che vengono prodotti e gettati via invece di essere riciclati.<\/li><li>Paesaggio: Il nostro campus \u00e8 un luogo straordinariamente bello e i nostri ex alunni, donatori e visitatori lo apprezzano.  Soprattutto, i nostri studenti lo meritano. Qualsiasi discussione sulla cura della nostra casa comune dovrebbe includere un esame del nostro impatto sull'ambiente, compresi l'irrigazione, la vegetazione, i fertilizzanti, i diserbanti e altre pratiche.  Questo include quello che una volta era un giardino pensile.<\/li><\/ul><p><strong>\u00a0<\/strong><\/p><p><strong>Guardare al futuro:\u00a0 <\/strong>Di seguito sono riportate alcune idee che formano una prima bozza di ci\u00f2 che potremmo trasformare in un piano che ci guidi a vivere pi\u00f9 da vicino lo spirito di <em>Laudato Si'.<\/em><\/p><ul><li>Iniziare con piccole e definitive <em>sostenibile<\/em> e non lasciare che il desiderio di un'azione perfetta impedisca di fare un'azione semplicemente buona. Legare lo scopo alla nostra missione: \"Zelo per Dio, per la vita, per l'apprendimento\". Essere aperti allo Spirito Santo che opera nelle nostre discussioni e nei nostri sforzi.<\/li><li>Coinvolgere i cuori, le menti e le mani di studenti, docenti, personale e genitori. Formate un gruppo di base che non solo sia interessato, ma anche disposto ad aiutare.<\/li><li>Creare un fondo di dotazione per <em>Laudato Si<\/em> e dare al gruppo centrale il potere di raccomandare o determinare la migliore destinazione dei fondi annuali generati. La nostra dotazione d\u00e0 5% all'anno, quindi un Fondo Laudato Si' di $100.000 offrirebbe $5.000 all'anno per progetti di sostenibilit\u00e0.<\/li><li>Forse offrire un corso di filosofia o di religione di alto livello su <em>Laudato Si', <\/em>o un corso con altre componenti che includa un approfondimento di<em> Laudato Si'.<\/em><\/li><li>Esplorare ci\u00f2 che viene fatto con successo in altre scuole superiori.<\/li><\/ul>\t\t\t\t\t\t\t\t<\/div>\n\t\t\t\t<\/div>\n\t\t\t\t<div class=\"elementor-element elementor-element-be89e99 elementor-widget elementor-widget-button\" data-id=\"be89e99\" data-element_type=\"widget\" data-e-type=\"widget\" data-widget_type=\"button.default\">\n\t\t\t\t<div class=\"elementor-widget-container\">\n\t\t\t\t\t\t\t\t\t<div class=\"elementor-button-wrapper\">\n\t\t\t\t\t<a class=\"elementor-button elementor-button-link elementor-size-sm\" href=\"#return\">\n\t\t\t\t\t\t<span class=\"elementor-button-content-wrapper\">\n\t\t\t\t\t\t\t\t\t<span class=\"elementor-button-text\">Torna all'indice<\/span>\n\t\t\t\t\t<\/span>\n\t\t\t\t\t<\/a>\n\t\t\t\t<\/div>\n\t\t\t\t\t\t\t\t<\/div>\n\t\t\t\t<\/div>\n\t\t\t\t<div class=\"elementor-element elementor-element-02ebb92 elementor-widget-divider--view-line elementor-widget elementor-widget-divider\" data-id=\"02ebb92\" data-element_type=\"widget\" data-e-type=\"widget\" data-widget_type=\"divider.default\">\n\t\t\t\t<div class=\"elementor-widget-container\">\n\t\t\t\t\t\t\t<div class=\"elementor-divider\">\n\t\t\t<span class=\"elementor-divider-separator\">\n\t\t\t\t\t\t<\/span>\n\t\t<\/div>\n\t\t\t\t\t\t<\/div>\n\t\t\t\t<\/div>\n\t\t\t\t\t<\/div>\n\t\t\t\t<\/div>\n\t\t<div data-particle_enable=\"false\" data-particle-mobile-disabled=\"false\" class=\"elementor-element elementor-element-42aa7c7 e-flex e-con-boxed e-con e-parent\" data-id=\"42aa7c7\" data-element_type=\"container\" data-e-type=\"container\">\n\t\t\t\t\t<div class=\"e-con-inner\">\n\t\t\t\t<div class=\"elementor-element elementor-element-767cb7e elementor-widget elementor-widget-menu-anchor\" data-id=\"767cb7e\" data-element_type=\"widget\" data-e-type=\"widget\" data-widget_type=\"menu-anchor.default\">\n\t\t\t\t<div class=\"elementor-widget-container\">\n\t\t\t\t\t\t\t<div class=\"elementor-menu-anchor\" id=\"Salpointe\"><\/div>\n\t\t\t\t\t\t<\/div>\n\t\t\t\t<\/div>\n\t\t\t\t<div class=\"elementor-element elementor-element-3ca4627 elementor-widget elementor-widget-image\" data-id=\"3ca4627\" data-element_type=\"widget\" data-e-type=\"widget\" data-widget_type=\"image.default\">\n\t\t\t\t<div class=\"elementor-widget-container\">\n\t\t\t\t\t\t\t\t\t\t\t\t\t\t\t<img loading=\"lazy\" decoding=\"async\" width=\"514\" height=\"385\" src=\"https:\/\/carmelites.net\/wp-content\/uploads\/2025\/05\/Picture5.jpg\" class=\"attachment-large size-large wp-image-20260\" alt=\"\" srcset=\"https:\/\/carmelites.net\/wp-content\/uploads\/2025\/05\/Picture5.jpg 514w, https:\/\/carmelites.net\/wp-content\/uploads\/2025\/05\/Picture5-300x225.jpg 300w, https:\/\/carmelites.net\/wp-content\/uploads\/2025\/05\/Picture5-16x12.jpg 16w\" sizes=\"auto, (max-width: 514px) 100vw, 514px\" \/>\t\t\t\t\t\t\t\t\t\t\t\t\t\t\t<\/div>\n\t\t\t\t<\/div>\n\t\t\t\t<div class=\"elementor-element elementor-element-1b0c8d5 elementor-widget elementor-widget-text-editor\" data-id=\"1b0c8d5\" data-element_type=\"widget\" data-e-type=\"widget\" data-widget_type=\"text-editor.default\">\n\t\t\t\t<div class=\"elementor-widget-container\">\n\t\t\t\t\t\t\t\t\t<h2 style=\"text-align: center;\"><strong>Liceo cattolico Salpointe<\/strong><\/h2><h3 style=\"text-align: center;\">Piano d'azione per la sostenibilit\u00e0 2025-2030<\/h3><p style=\"text-align: center;\">Sintesi<br \/>Preparato per la Provincia Carmelitana<br \/>Creato dal Comitato Salpointe per la cura del creato<\/p><h2>Panoramica<\/h2><p>La Salpointe Catholic High School \u00e8 stata fondata nel 1950 con un numero iniziale di 100 studenti. Oggi, settantacinque anni dopo, la popolazione studentesca \u00e8 cresciuta di oltre una dozzina di volte e il campus \u00e8 passato da un singolo edificio a una struttura complessa composta da dieci edifici, una pista e diversi campi di atletica. Con la pubblicazione di Papa Francesco <em>Laudato si'<\/em> Nel 2015, lo sviluppo del campus ha assunto un nuovo orientamento, con la creazione di un campus che modella la cura per la creazione in ogni suo aspetto. Salpointe ha rapidamente stabilito il suo <em>Comitato per la cura del creato, <\/em>con l'obiettivo di promuovere la gestione ambientale nello sviluppo dei programmi di studio, incorporare la sostenibilit\u00e0 nelle infrastrutture e negli aggiornamenti del campus e promuovere la giustizia sociale ambientale nel servizio, nello sviluppo spirituale e nella programmazione del campus. <em>. <\/em><\/p>\t\t\t\t\t\t\t\t<\/div>\n\t\t\t\t<\/div>\n\t\t\t\t\t<\/div>\n\t\t\t\t<\/div>\n\t\t<div data-particle_enable=\"false\" data-particle-mobile-disabled=\"false\" class=\"elementor-element elementor-element-6b02f37 e-grid e-con-boxed e-con e-parent\" data-id=\"6b02f37\" data-element_type=\"container\" data-e-type=\"container\">\n\t\t\t\t\t<div class=\"e-con-inner\">\n\t\t\t\t<div class=\"elementor-element elementor-element-242db97 elementor-widget elementor-widget-image\" data-id=\"242db97\" data-element_type=\"widget\" data-e-type=\"widget\" data-widget_type=\"image.default\">\n\t\t\t\t<div class=\"elementor-widget-container\">\n\t\t\t\t\t\t\t\t\t\t\t\t\t\t\t<img loading=\"lazy\" decoding=\"async\" width=\"314\" height=\"313\" src=\"https:\/\/carmelites.net\/wp-content\/uploads\/2025\/05\/Picture1.jpg\" class=\"attachment-large size-large wp-image-20256\" alt=\"\" srcset=\"https:\/\/carmelites.net\/wp-content\/uploads\/2025\/05\/Picture1.jpg 314w, https:\/\/carmelites.net\/wp-content\/uploads\/2025\/05\/Picture1-300x300.jpg 300w, https:\/\/carmelites.net\/wp-content\/uploads\/2025\/05\/Picture1-150x150.jpg 150w, https:\/\/carmelites.net\/wp-content\/uploads\/2025\/05\/Picture1-12x12.jpg 12w\" sizes=\"auto, (max-width: 314px) 100vw, 314px\" \/>\t\t\t\t\t\t\t\t\t\t\t\t\t\t\t<\/div>\n\t\t\t\t<\/div>\n\t\t\t\t<div class=\"elementor-element elementor-element-260c226 elementor-widget elementor-widget-image\" data-id=\"260c226\" data-element_type=\"widget\" data-e-type=\"widget\" data-widget_type=\"image.default\">\n\t\t\t\t<div class=\"elementor-widget-container\">\n\t\t\t\t\t\t\t\t\t\t\t\t\t\t\t<img loading=\"lazy\" decoding=\"async\" width=\"300\" height=\"296\" src=\"https:\/\/carmelites.net\/wp-content\/uploads\/2025\/05\/Picture2-300x296.png\" class=\"attachment-medium size-medium wp-image-20257\" alt=\"\" srcset=\"https:\/\/carmelites.net\/wp-content\/uploads\/2025\/05\/Picture2-300x296.png 300w, https:\/\/carmelites.net\/wp-content\/uploads\/2025\/05\/Picture2-768x757.png 768w, https:\/\/carmelites.net\/wp-content\/uploads\/2025\/05\/Picture2-12x12.png 12w, https:\/\/carmelites.net\/wp-content\/uploads\/2025\/05\/Picture2.png 993w\" sizes=\"auto, (max-width: 300px) 100vw, 300px\" \/>\t\t\t\t\t\t\t\t\t\t\t\t\t\t\t<\/div>\n\t\t\t\t<\/div>\n\t\t\t\t\t<\/div>\n\t\t\t\t<\/div>\n\t\t<div data-particle_enable=\"false\" data-particle-mobile-disabled=\"false\" class=\"elementor-element elementor-element-36689af e-grid e-con-boxed e-con e-parent\" data-id=\"36689af\" data-element_type=\"container\" data-e-type=\"container\">\n\t\t\t\t\t<div class=\"e-con-inner\">\n\t\t\t\t<div class=\"elementor-element elementor-element-e0a50e0 elementor-widget elementor-widget-text-editor\" data-id=\"e0a50e0\" data-element_type=\"widget\" data-e-type=\"widget\" data-widget_type=\"text-editor.default\">\n\t\t\t\t<div class=\"elementor-widget-container\">\n\t\t\t\t\t\t\t\t\t<p style=\"text-align: center;\">Salpointe, circa 1956<\/p>\t\t\t\t\t\t\t\t<\/div>\n\t\t\t\t<\/div>\n\t\t\t\t<div class=\"elementor-element elementor-element-e8495d5 elementor-widget elementor-widget-text-editor\" data-id=\"e8495d5\" data-element_type=\"widget\" data-e-type=\"widget\" data-widget_type=\"text-editor.default\">\n\t\t\t\t<div class=\"elementor-widget-container\">\n\t\t\t\t\t\t\t\t\t<p style=\"text-align: center;\">Salpointe, 2023, dopo l'incendio di luglio<\/p>\t\t\t\t\t\t\t\t<\/div>\n\t\t\t\t<\/div>\n\t\t\t\t\t<\/div>\n\t\t\t\t<\/div>\n\t\t<div data-particle_enable=\"false\" data-particle-mobile-disabled=\"false\" class=\"elementor-element elementor-element-e4248d1 e-flex e-con-boxed e-con e-parent\" data-id=\"e4248d1\" data-element_type=\"container\" data-e-type=\"container\">\n\t\t\t\t\t<div class=\"e-con-inner\">\n\t\t\t\t<div class=\"elementor-element elementor-element-349a93e elementor-widget elementor-widget-text-editor\" data-id=\"349a93e\" data-element_type=\"widget\" data-e-type=\"widget\" data-widget_type=\"text-editor.default\">\n\t\t\t\t<div class=\"elementor-widget-container\">\n\t\t\t\t\t\t\t\t\t<p><strong><em>Risultati ottenuti finora <\/em><\/strong><\/p><table width=\"668\"><tbody><tr><td width=\"77\"><p><strong>Anno <\/strong><\/p><\/td><td width=\"591\"><p><strong>Eventi significativi in relazione alla Laudato Si' e alla sostenibilit\u00e0 <\/strong><\/p><\/td><\/tr><tr><td width=\"77\"><p>2015<\/p><\/td><td width=\"591\"><p>Creazione del Comitato Laudato Si'<\/p><p>Creazione del Curriculum Laudato Si' finanziato dalla ONG Carmelitana e da Sr. Jane Remson,<\/p><p>O.Carm. e la fondazione \"Singing for Change\" di Jimmy Buffet<\/p><p>Creazione di un giardino STEM<\/p><p>Salpointe installa pannelli solari fotovoltaici sul Patio STEM<\/p><p>I Carmelitani installano pannelli solari fotovoltaici nel Priorato di Nostra Signora del Monte Carmelo<\/p><p>Salpointe crea un bacino di raccolta sul lato nord del campus per restituire l'acqua alla falda acquifera locale.<\/p><p>Le nuove costruzioni, oggi e in futuro, utilizzano asciugatori per le mani anzich\u00e9 asciugamani di carta, rubinetti automatici per l'acqua, illuminazione automatica, tende per le finestre e finestre ad alto fattore R.<\/p><\/td><\/tr><tr><td width=\"77\"><p>2016<\/p><\/td><td width=\"591\"><p>Continua il lavoro sul curriculum della Laudato Si'; documento stampato in inglese e spagnolo.<\/p><p>Salpointe adotta l'uso di piatti compostabili per il servizio di ristorazione.<\/p><p>Salpointe avvia il riciclaggio nelle aule. Gli studenti di teologia del secondo anno sono responsabili della raccolta dei contenitori per il riciclaggio. Non sono sicuro di quando sia iniziato.<\/p><\/td><\/tr><tr><td width=\"77\"><p>2017<\/p><\/td><td width=\"591\"><p>Curriculum Laudato Si' Presentato da Kay Sullivan e Kate McGarey Vasey alla <em>Segundo Congreso de Escuelas Carmelitas<\/em>Roma, 5-10 novembre 2017. Documento condiviso con oltre 40 scuole secondarie carmelitane in tutto il mondo.<\/p><p>Salpointe ha installato pannelli solari sul tetto del Kalil Family Gymnasium.<\/p><p>Salpointe rinnova il patio della gentilezza del secondo anno di liceo e di P. John Malley, O.Carm. con bacini di raccolta e un formato xeriscape, dando priorit\u00e0 alla conservazione dell'acqua utilizzando piante tolleranti alla siccit\u00e0 e tecniche di irrigazione efficienti.<\/p><\/td><\/tr><tr><td width=\"77\"><p>2018<\/p><\/td><td width=\"591\"><p>Kate McGarey Vasey ha partecipato alla conferenza \"Laudato Si': Rispondere alla visione con una rinnovata<\/p><p>Curriculum nelle scuole superiori cattoliche\", Arcidiocesi di New Orleans Leadership<\/p><p>Conferenza del 10 ottobre 2018, a nome di Salpointe e dell'Ordine Carmelitano.<\/p><\/td><\/tr><tr><td width=\"77\"><p>2019<\/p><\/td><td width=\"591\"><p>I singoli dipartimenti creano obiettivi di sostenibilit\u00e0<\/p><p>Kate McGarey Vasey ha presentato il libro \"Laudato Si'\", creato da Salpointe, per le scuole superiori.<\/p><p>Curriculum\", in occasione di \"Laudato Si\u02bc e la Chiesa cattolica statunitense\", Catholic Climate Covenant e Creighton University nel giugno 2019.<\/p><\/td><\/tr><\/tbody><\/table><table width=\"668\"><tbody><tr><td width=\"77\"><p>2020<\/p><\/td><td width=\"591\"><p>Salpointe avvia il marchio Green Lancer per comunicare con il corpo studentesco e sviluppare una cultura di sensibilizzazione alla Laudato Si'.<\/p><p>Salpointe ospita una mini-conferenza sulla Laudato Si' con partecipanti provenienti da 5 scuole carmelitane e amministratori di altre sette scuole superiori cattoliche. Scuole gesuite e altre scuole cattoliche.<\/p><p>Salpointe cambia la modalit\u00e0 dell'orario di servizio da Impact Day a XVol.<\/p><p>La pandemia di COVID porta all'installazione di sistemi di ventilazione e filtrazione ad alto rendimento.\u00a0<\/p><p>Salpointe investe nello sviluppo professionale dei suoi membri di Care for Creation inviando un rappresentante alla conferenza Green Schools per entrare in contatto con la pi\u00f9 ampia comunit\u00e0 di innovatori di campus verdi del Paese. Questa pratica continua.<\/p><\/td><\/tr><tr><td width=\"77\"><p>2021<\/p><\/td><td width=\"591\"><p>Salpointe avvia un comitato per formulare una dichiarazione di riconoscimento della terra che riconosca gli storici amministratori indigeni della terra che Salpointe ora abita.<\/p><p>Salpointe dismette il suo portafoglio non filtrato e investe nel FEG Catholic Values Composite, che consiste in portafogli istituzionali completamente discrezionali (OCIO) che includono uno screening rispetto alle linee guida stabilite dalla USCCB.<\/p><p>Salpointe lancia le sfide della classe pi\u00f9 verde per invitare gli studenti a partecipare a pratiche ecologiche basate sulle 3R - ridurre, riutilizzare, riciclare.<\/p><p>Salpointe ha istituito un premio annuale per la cura del creato, da assegnare a uno studente ogni anno come riconoscimento per i suoi sforzi eccezionali nel promuovere la giustizia ambientale, nel sostenere il cambiamento dello stile di vita sostenibile e nell'integrare la spiritualit\u00e0 consapevole nel suo rapporto con la natura.\u00a0<\/p><p>Salpointe d\u00e0 inizio alla Settimana della Terra, una settimana di celebrazioni con attivit\u00e0 studentesche e temi ambientali in massa, incentrate sulla Giornata della Terra.<\/p><\/td><\/tr><tr><td width=\"77\"><p>2022<\/p><\/td><td width=\"591\"><p>Salpointe utilizza prodotti di pulizia ecologici.<\/p><p>Salpointe allinea la Settimana della Terra con la Stagione della Creazione e la celebrazione di San Francesco d'Assisi.<\/p><p>Salpointe adotta una campagna per aumentare gli sforzi di compostaggio nella Foundation Hall (durante il pranzo). Gli studenti di teologia del secondo anno sono responsabili dello spostamento dei secchi del compost nel bidone del compost nel giardino STEM.\u00a0<\/p><p>Tre membri della commissione per la Cura del Creato partecipano alla conferenza sulle scuole verdi.<\/p><\/td><\/tr><tr><td width=\"77\"><p>2023<\/p><\/td><td width=\"591\"><p>Il Club della Terra sviluppa un sistema di compostaggio per la vicina scuola elementare Lineweaver<\/p><p>Salpointe installa luci a LED in tutte le aule, nella palestra e nella Alumni Hall.<\/p><p>Salpointe organizza la prima raccolta annuale di rifiuti elettronici, vernici e batterie.<\/p><p>Salpointe invita l'anziano Jerry Carlyle, del distretto di San Xavier dei Tohono<\/p><p>La Nazione di O\u02bcodham guider\u00e0 un cerchio di preghiera in tutto il campus per commemorare la Giornata della Terra.<\/p><\/td><\/tr><tr><td width=\"77\"><p>2024<\/p><\/td><td width=\"591\"><p>Gli studenti del Club della Terra iniziano a collaborare come volontari con le ONG ambientali locali per la rimozione di specie invasive, effettuando indagini sulle popolazioni di castori e facendo escursioni bimestrali nelle riserve naturali.\u00a0<\/p><p>Salpointe avvia un'iniziativa di compostaggio.<\/p><p>Salpointe amplia la raccolta di cibo, coperte, asciugamani e lenzuola per i rifugi per animali.<\/p><\/td><\/tr><tr><td width=\"77\"><p>2025<\/p><\/td><td width=\"591\"><p>Gli adolescenti di Kino visitano il rifugio di Nogales, in Messico, con la Kino Border Initiative.<\/p><p>Salpointe inizia a eliminare le cannucce di plastica dalla mensa.<\/p><p>Gli studenti di ingegneria progettano un caricatore a energia solare per biciclette elettriche e telefoni cellulari.<\/p><p>Negli obiettivi del WCEA, Salpointe si impegna ad ampliare la partecipazione degli studenti ai programmi ambientali che espongono gli studenti a diverse esigenze e opportunit\u00e0 di coinvolgimento con l'ambiente.<\/p><p>Salpointe avvia un progetto di cammino quaresimale Laudato Si' con gli studenti di biologia ambientale, per creare relazioni pi\u00f9 forti e significative tra l'ambiente e la comunit\u00e0 studentesca.<\/p><p>Gli studenti di biologia ambientale partecipano alla Giornata dell'ambiente presso il Campidoglio dello Stato americano per incontrare i rappresentanti e sostenere le iniziative ambientali.<\/p><\/td><\/tr><\/tbody><\/table><p><em>La nostra visione per il futuro <\/em><\/p><p><strong>Svilupperemo e attueremo un piano di sostenibilit\u00e0 completo per Salpointe, che comprender\u00e0 obiettivi e traguardi misurabili per molti progetti. Questo documento pi\u00f9 dettagliato sar\u00e0 creato in una sessione del 16 giugno convocata esplicitamente a questo scopo. La tabella seguente mostra uno o due punti salienti per ciascuno dei sette obiettivi condivisi dalla Provincia Carmelitana. Le voci in verde hanno attualmente un calendario e obiettivi misurabili.<\/strong><\/p><table width=\"653\"><tbody><tr><td width=\"653\"><p><strong><em>Risposta al grido della Terra<\/em><\/strong>. <em>Affrontare l'inquinamento, la perdita di biodiversit\u00e0 e i cambiamenti climatici e promuovere la sostenibilit\u00e0 ecologica. <\/em><\/p><p>Salpointe sta valutando attivamente l'aggiunta di pannelli solari sul lotto del QB Club e sul lotto del corpo docente\/personale.<\/p><p>Condurremo controlli regolari per valutare l'impatto ambientale della scuola e identificare le aree di miglioramento.<\/p><p>Creeremo un giardino per gli impollinatori vicino alla palestra e pianteremo specie resistenti alla siccit\u00e0 vicino all'ingresso di Cherry Street a partire dalla fine di aprile e fino ai primi mesi del prossimo semestre.<\/p><\/td><\/tr><tr><td width=\"653\"><p><strong><em>Risposta al grido dei poveri<\/em><\/strong>. <em>Promuovere la giustizia economica, lo sviluppo sostenibile e una giusta transizione. <\/em><\/p><p>Salpointe continuer\u00e0 la sua stretta collaborazione con la Kino Border Initiative, Casas Alitas, Covenant House e altre organizzazioni simili per affrontare il tema del benessere dei migranti.<\/p><p>Il 24 aprile, la Societ\u00e0 d'onore ispanica ospiter\u00e0 un evento aperto a tutta la scuola per <a href=\"https:\/\/www.youtube.com\/watch?v=5JNe-hce0sY\">tessere<\/a> <a href=\"https:\/\/www.youtube.com\/watch?v=5JNe-hce0sY\">dormire<\/a> <a href=\"https:\/\/www.youtube.com\/watch?v=5JNe-hce0sY\">tappetini<\/a> <a href=\"https:\/\/www.youtube.com\/watch?v=5JNe-hce0sY\">da<\/a> <a href=\"https:\/\/www.youtube.com\/watch?v=5JNe-hce0sY\">plastica<\/a> <a href=\"https:\/\/www.youtube.com\/watch?v=5JNe-hce0sY\">borse<\/a> da donare a chi ne ha bisogno.<\/p><p>Victoria Dunk continuer\u00e0 a chiedere ai suoi studenti di economia di creare progetti aziendali sostenibili come componente principale del loro voto.\u00a0<\/p><\/td><\/tr><tr><td width=\"653\"><p><strong><em>Economia ecologica.<\/em><\/strong> <em>Promuovere uno sviluppo economico sostenibile dal punto di vista ambientale. <\/em><\/p><p>Prima della fine dell'anno scolastico valuteremo la possibilit\u00e0 di avere un fondo ESG disponibile per i nostri piani pensionistici.<\/p><\/td><\/tr><tr><td width=\"653\"><p><strong><em>Adozione di stili di vita sostenibili.<\/em><\/strong><em> Vivere in modo consapevole dell'impatto delle nostre azioni sugli altri e sulla Terra. <\/em><\/p><p>Salpointe continuer\u00e0 a coordinare e sostenere il progetto \"Terra\", orientato alla sostenibilit\u00e0 e gestito dagli studenti.<\/p><p>Club, incoraggiare eventi a livello di campus attraverso il coordinamento con lo STUCO (Consiglio degli studenti) e collaborare con il coordinatore del benessere di Salpointe per implementare le esperienze ambientali come parte del benessere degli studenti.\u00a0<\/p><p>Salpointe realizzer\u00e0 una campagna anti-idling in occasione della Giornata della Terra e condurr\u00e0 uno studio di ricerca per valutare l'effetto della campagna confrontando i risultati con le informazioni di base ottenute in precedenza.<\/p><\/td><\/tr><tr><td width=\"653\">\u00a0<\/td><\/tr><tr><td width=\"653\"><p><strong><em>Educazione ecologica<\/em><\/strong>. <em>Ripensare e riprogettare i programmi di studio e promuovere un'educazione per un futuro sostenibile per tutti. <\/em><\/p><p>Svilupperemo una classe di leadership per la giustizia ecologica che stabilir\u00e0 l'agenda e le direzioni per tutte le iniziative di Cura del Creato nel campus.<\/p><p>Steven Weed ha proposto un corso elettivo intitolato \"Economia, giustizia ambientale e futuro sostenibile\", attualmente in fase di revisione da parte di Dennis Kalob.<\/p><p>Svilupperemo e condurremo escursioni sul campo incentrate sull'educazione ambientale in collaborazione con vari membri della facolt\u00e0.<\/p><p>In occasione della Giornata della Terra, si terr\u00e0 un concorso per identificare i richiami e le foto degli uccelli locali.<\/p><\/td><\/tr><tr><td width=\"653\"><p><strong><em>Spiritualit\u00e0 ecologica<\/em><\/strong>. <em>Abbracciare una conversione ecologica che riconosca Dio in tutte le cose. <\/em><\/p><p>Il Comitato per la Cura del Creato lavorer\u00e0 con i frati carmelitani e la facolt\u00e0 di teologia per sviluppare le attivit\u00e0.<\/p><\/td><\/tr><tr><td width=\"653\"><p><strong><em>Resilienza e responsabilizzazione della comunit\u00e0<\/em><\/strong>. <em>Immaginare un percorso sinodale di impegno comunitario e di azione partecipativa e costruire una cultura dell'incontro. <\/em><\/p><p>Promuoveremo partnership con organizzazioni ambientali locali, aziende e agenzie governative per migliorare gli sforzi di sostenibilit\u00e0.<\/p><p>Un negozio di biciclette locale ospiter\u00e0 un workshop sulla meccanica della bicicletta nell'autunno del 2025.\u00a0<\/p><\/td><\/tr><\/tbody><\/table><p>Per raggiungere questi obiettivi, collaboreremo con l'amministrazione, i docenti e le organizzazioni studentesche per integrare i principi della sostenibilit\u00e0 nelle operazioni, nelle politiche e nelle pratiche della scuola. Inoltre, ricercheremo e raccomanderemo nuove pratiche e tecnologie sostenibili man mano che verranno sviluppate.<\/p><p>Inoltre, lavoreremo con gli insegnanti per incorporare i concetti e le pratiche della Laudato Si' nei programmi di studio delle varie materie.<\/p><p><strong>NOTA: Questo piano \u00e8 solo l'inizio di un processo pi\u00f9 intenso che culminer\u00e0 nella produzione di un piano completo nel giugno 2025.<\/strong><\/p>\t\t\t\t\t\t\t\t<\/div>\n\t\t\t\t<\/div>\n\t\t\t\t<div class=\"elementor-element elementor-element-5a61a84 elementor-widget elementor-widget-button\" data-id=\"5a61a84\" data-element_type=\"widget\" data-e-type=\"widget\" data-widget_type=\"button.default\">\n\t\t\t\t<div class=\"elementor-widget-container\">\n\t\t\t\t\t\t\t\t\t<div class=\"elementor-button-wrapper\">\n\t\t\t\t\t<a class=\"elementor-button elementor-button-link elementor-size-sm\" href=\"#return\">\n\t\t\t\t\t\t<span class=\"elementor-button-content-wrapper\">\n\t\t\t\t\t\t\t\t\t<span class=\"elementor-button-text\">Torna all'indice<\/span>\n\t\t\t\t\t<\/span>\n\t\t\t\t\t<\/a>\n\t\t\t\t<\/div>\n\t\t\t\t\t\t\t\t<\/div>\n\t\t\t\t<\/div>\n\t\t\t\t<div class=\"elementor-element elementor-element-6a0d563 elementor-widget-divider--view-line elementor-widget elementor-widget-divider\" data-id=\"6a0d563\" data-element_type=\"widget\" data-e-type=\"widget\" data-widget_type=\"divider.default\">\n\t\t\t\t<div class=\"elementor-widget-container\">\n\t\t\t\t\t\t\t<div class=\"elementor-divider\">\n\t\t\t<span class=\"elementor-divider-separator\">\n\t\t\t\t\t\t<\/span>\n\t\t<\/div>\n\t\t\t\t\t\t<\/div>\n\t\t\t\t<\/div>\n\t\t\t\t<div class=\"elementor-element elementor-element-9423aef elementor-widget elementor-widget-menu-anchor\" data-id=\"9423aef\" data-element_type=\"widget\" data-e-type=\"widget\" data-widget_type=\"menu-anchor.default\">\n\t\t\t\t<div class=\"elementor-widget-container\">\n\t\t\t\t\t\t\t<div class=\"elementor-menu-anchor\" id=\"OLMCDarien\"><\/div>\n\t\t\t\t\t\t<\/div>\n\t\t\t\t<\/div>\n\t\t\t\t<div class=\"elementor-element elementor-element-a2faf6d elementor-widget elementor-widget-heading\" data-id=\"a2faf6d\" data-element_type=\"widget\" data-e-type=\"widget\" data-widget_type=\"heading.default\">\n\t\t\t\t<div class=\"elementor-widget-container\">\n\t\t\t\t\t<h2 class=\"elementor-heading-title elementor-size-default\">Nostra Signora del Monte Carmelo, Darien, IL\t<\/h2>\t\t\t\t<\/div>\n\t\t\t\t<\/div>\n\t\t\t\t<div class=\"elementor-element elementor-element-e1c16ff elementor-widget elementor-widget-text-editor\" data-id=\"e1c16ff\" data-element_type=\"widget\" data-e-type=\"widget\" data-widget_type=\"text-editor.default\">\n\t\t\t\t<div class=\"elementor-widget-container\">\n\t\t\t\t\t\t\t\t\t<p><strong>23 settembre 2025<\/strong><\/p><p><strong>\u00a0<\/strong><\/p><p><strong>Eventi passati <\/strong><\/p><p>Campagna quaresimale di digiuno di carbonio (con particolare attenzione al RE per aiutare a diffondere la parola tra i giovani parrocchiani e influenzare le famiglie).<\/p><p>Sostituire la plastica con scelte ecologiche nelle proprie necessit\u00e0 quotidiane.<\/p><p>Campagna Riduci, Riusa, Ricicla (con temi settimanali per tutta l'estate). Si concentra sull'acqua, sulla riduzione della plastica e sui consumi personali.<\/p><p>Sostituzione di argenteria e bicchieri agli eventi della Chiesa con opzioni compostabili (in corso).<\/p><p>Volontariato nelle pulizie primaverili e autunnali in occasione di eventi locali.<\/p><p>Sostenere l'orto parrocchiale attraverso la lavorazione del terreno, la pacciamatura e l'irrigazione (l'orto integra i prodotti per il banco alimentare della parrocchia OLMC).<\/p><p>Passare a prodotti di pulizia sani invece che a prodotti chimici aggressivi.<\/p><p>Ricette per detergenti fatti in casa con ingredienti naturali condivise con i parrocchiani - ricette, prodotti per la pulizia, prodotti per la carta (detergenti per la casa).<\/p><p>Fornitura di secchi con detergenti fatti in casa ai destinatari del banco alimentare OLMC, insieme a idee su come realizzare detergenti sicuri a casa propria.<\/p><p>Celebrazioni annuali della Giornata della Terra.<\/p><p>Conferenza sul giardinaggio nativo e i suoi benefici.<\/p><p>Proiezione del film \"We are all Plastic People Now\", che ha riscosso un buon successo. \u00c8 seguita una discussione con i partecipanti.<\/p><p>Molti dei nostri eventi sono collegati al programma di educazione religiosa dell'OLMC Darien per sensibilizzare le famiglie. Il motivo \u00e8 che i bambini possono essere dei grandi influenzatori in famiglia.<\/p><p>\u00a0<\/p><p><strong>Eventi attuali e futuri<\/strong><\/p><p>Sfida NEXTREX per il riciclaggio di imballaggi e pellicole di plastica (in corso). Se raggiungiamo le 1000 libbre in un anno, la parrocchia ricever\u00e0 una panchina da giardino.<\/p><p>Espansione della presenza sul sito web della parrocchia OLMC di Darien, con un angolo separato dedicato a Care for Creation (CforC) e aggiornamenti. Fornire un codice QR nel bollettino per richiamare l'angolo CforC e ridurre cos\u00ec i costi di stampa e la necessit\u00e0 di riciclare i bollettini.<\/p><p>Approfondire il coinvolgimento nella parrocchia (aumentando la partecipazione agli eventi CforC).<\/p><p>Collana di libri sulla Laudato Si' (Quaresima 2026).<\/p>\t\t\t\t\t\t\t\t<\/div>\n\t\t\t\t<\/div>\n\t\t\t\t<div class=\"elementor-element elementor-element-dae8747 elementor-widget elementor-widget-button\" data-id=\"dae8747\" data-element_type=\"widget\" data-e-type=\"widget\" data-widget_type=\"button.default\">\n\t\t\t\t<div class=\"elementor-widget-container\">\n\t\t\t\t\t\t\t\t\t<div class=\"elementor-button-wrapper\">\n\t\t\t\t\t<a class=\"elementor-button elementor-button-link elementor-size-sm\" href=\"#return\">\n\t\t\t\t\t\t<span class=\"elementor-button-content-wrapper\">\n\t\t\t\t\t\t\t\t\t<span class=\"elementor-button-text\">Torna all'indice<\/span>\n\t\t\t\t\t<\/span>\n\t\t\t\t\t<\/a>\n\t\t\t\t<\/div>\n\t\t\t\t\t\t\t\t<\/div>\n\t\t\t\t<\/div>\n\t\t\t\t<div class=\"elementor-element elementor-element-80c4738 elementor-widget-divider--view-line elementor-widget elementor-widget-divider\" data-id=\"80c4738\" data-element_type=\"widget\" data-e-type=\"widget\" data-widget_type=\"divider.default\">\n\t\t\t\t<div class=\"elementor-widget-container\">\n\t\t\t\t\t\t\t<div class=\"elementor-divider\">\n\t\t\t<span class=\"elementor-divider-separator\">\n\t\t\t\t\t\t<\/span>\n\t\t<\/div>\n\t\t\t\t\t\t<\/div>\n\t\t\t\t<\/div>\n\t\t\t\t\t<\/div>\n\t\t\t\t<\/div>\n\t\t<div data-particle_enable=\"false\" data-particle-mobile-disabled=\"false\" class=\"elementor-element elementor-element-3935d8f e-flex e-con-boxed e-con e-parent\" data-id=\"3935d8f\" data-element_type=\"container\" data-e-type=\"container\">\n\t\t\t\t\t<div class=\"e-con-inner\">\n\t\t\t\t<div class=\"elementor-element elementor-element-3ac4232 elementor-widget elementor-widget-menu-anchor\" data-id=\"3ac4232\" data-element_type=\"widget\" data-e-type=\"widget\" data-widget_type=\"menu-anchor.default\">\n\t\t\t\t<div class=\"elementor-widget-container\">\n\t\t\t\t\t\t\t<div class=\"elementor-menu-anchor\" id=\"Cecilia\"><\/div>\n\t\t\t\t\t\t<\/div>\n\t\t\t\t<\/div>\n\t\t\t\t<div class=\"elementor-element elementor-element-f047b0e elementor-widget elementor-widget-text-editor\" data-id=\"f047b0e\" data-element_type=\"widget\" data-e-type=\"widget\" data-widget_type=\"text-editor.default\">\n\t\t\t\t<div class=\"elementor-widget-container\">\n\t\t\t\t\t\t\t\t\t<h3 style=\"text-align: center;\"><strong>Piano d'azione della Laudato Si'<br \/><\/strong><strong>Parrocchia di Santa Cecilia<br \/><\/strong><strong>presentato da p. Dan O'Neill, 21 aprile 2025<\/strong><strong>\u00a0<\/strong><\/h3><p>Negli ultimi anni St. Cecilia di Englewood, NJ, ha compiuto diversi passi significativi per far fronte alle esigenze delle strutture.  In questo modo abbiamo anche migliorato la nostra posizione in risposta ai cambiamenti climatici.<\/p><p>Negli ultimi due anni Santa Cecilia ha installato tutte le nuove finestre a doppio isolamento nei nostri due edifici scolastici.<\/p><p>Quest'anno nella nostra chiesa \u00e8 stato installato un nuovo sistema di riscaldamento idronico ad alta efficienza energetica.<\/p><p>Il nostro pastore ora guida una Toyota Prius Prime ibrida.<\/p><p>Abbiamo collaborato con le parrocchie carmelitane di Tenafly e Cresskill per organizzare una serie di studi sulla Laudato Si'.<\/p><p>Singolarmente, alcuni dei nostri soci pensionati stanno decidendo di percorrere le scale piuttosto che usare l'ascensore.<\/p><p>Altri camminano per brevi commissioni e chiamate alla comunione.<\/p><p>Speriamo di continuare nello spirito di Papa Francesco!<\/p>\t\t\t\t\t\t\t\t<\/div>\n\t\t\t\t<\/div>\n\t\t\t\t<div class=\"elementor-element elementor-element-1531847 elementor-widget elementor-widget-button\" data-id=\"1531847\" data-element_type=\"widget\" data-e-type=\"widget\" data-widget_type=\"button.default\">\n\t\t\t\t<div class=\"elementor-widget-container\">\n\t\t\t\t\t\t\t\t\t<div class=\"elementor-button-wrapper\">\n\t\t\t\t\t<a class=\"elementor-button elementor-button-link elementor-size-sm\" href=\"#return\">\n\t\t\t\t\t\t<span class=\"elementor-button-content-wrapper\">\n\t\t\t\t\t\t\t\t\t<span class=\"elementor-button-text\">Torna all'indice<\/span>\n\t\t\t\t\t<\/span>\n\t\t\t\t\t<\/a>\n\t\t\t\t<\/div>\n\t\t\t\t\t\t\t\t<\/div>\n\t\t\t\t<\/div>\n\t\t\t\t<div class=\"elementor-element elementor-element-64b6122 elementor-widget-divider--view-line elementor-widget elementor-widget-divider\" data-id=\"64b6122\" data-element_type=\"widget\" data-e-type=\"widget\" data-widget_type=\"divider.default\">\n\t\t\t\t<div class=\"elementor-widget-container\">\n\t\t\t\t\t\t\t<div class=\"elementor-divider\">\n\t\t\t<span class=\"elementor-divider-separator\">\n\t\t\t\t\t\t<\/span>\n\t\t<\/div>\n\t\t\t\t\t\t<\/div>\n\t\t\t\t<\/div>\n\t\t\t\t<div class=\"elementor-element elementor-element-839c030 elementor-widget elementor-widget-menu-anchor\" data-id=\"839c030\" data-element_type=\"widget\" data-e-type=\"widget\" data-widget_type=\"menu-anchor.default\">\n\t\t\t\t<div class=\"elementor-widget-container\">\n\t\t\t\t\t\t\t<div class=\"elementor-menu-anchor\" id=\"Cresskill\"><\/div>\n\t\t\t\t\t\t<\/div>\n\t\t\t\t<\/div>\n\t\t\t\t<div class=\"elementor-element elementor-element-47de0d7 elementor-widget elementor-widget-image\" data-id=\"47de0d7\" data-element_type=\"widget\" data-e-type=\"widget\" data-widget_type=\"image.default\">\n\t\t\t\t<div class=\"elementor-widget-container\">\n\t\t\t\t\t\t\t\t\t\t\t\t\t\t\t<img loading=\"lazy\" decoding=\"async\" width=\"768\" height=\"468\" src=\"https:\/\/carmelites.net\/wp-content\/uploads\/2025\/05\/Picture3-768x468.jpg\" class=\"attachment-medium_large size-medium_large wp-image-20258\" alt=\"\" srcset=\"https:\/\/carmelites.net\/wp-content\/uploads\/2025\/05\/Picture3-768x468.jpg 768w, https:\/\/carmelites.net\/wp-content\/uploads\/2025\/05\/Picture3-300x183.jpg 300w, https:\/\/carmelites.net\/wp-content\/uploads\/2025\/05\/Picture3-1024x624.jpg 1024w, https:\/\/carmelites.net\/wp-content\/uploads\/2025\/05\/Picture3-18x12.jpg 18w, https:\/\/carmelites.net\/wp-content\/uploads\/2025\/05\/Picture3.jpg 1379w\" sizes=\"auto, (max-width: 768px) 100vw, 768px\" \/>\t\t\t\t\t\t\t\t\t\t\t\t\t\t\t<\/div>\n\t\t\t\t<\/div>\n\t\t\t\t\t<\/div>\n\t\t\t\t<\/div>\n\t\t<div data-particle_enable=\"false\" data-particle-mobile-disabled=\"false\" class=\"elementor-element elementor-element-ebc4945 e-flex e-con-boxed e-con e-parent\" data-id=\"ebc4945\" data-element_type=\"container\" data-e-type=\"container\">\n\t\t\t\t\t<div class=\"e-con-inner\">\n\t\t\t\t<div class=\"elementor-element elementor-element-089d06f elementor-widget elementor-widget-text-editor\" data-id=\"089d06f\" data-element_type=\"widget\" data-e-type=\"widget\" data-widget_type=\"text-editor.default\">\n\t\t\t\t<div class=\"elementor-widget-container\">\n\t\t\t\t\t\t\t\t\t<h4 style=\"text-align: center;\"><strong><em>Piano d'azione della Laudato Si' per Santa Teresa di Lisieux Parigi<br \/><\/em><em>Cresskill, New Jersey<br \/><\/em><em>Presentato da p. Sam Citero, 28 marzo 2025<\/em><\/strong><\/h4><p><em>Identificare e rispondere ai 7 Obiettivi dell'enciclica di Papa Francesco, <\/em>Laudato Si'<strong>\u00a0<\/strong><\/p><ol><li><strong>Risposta al grido della Terra <\/strong><em>(completo e in corso)<\/em><ul><li>termostati programmabili in tutti gli edifici<\/li><li>Luci a LED (all'interno e all'esterno di tutti gli edifici)<\/li><li>interruttori della luce con sensore di movimento nei bagni e nelle stanze che non sono pienamente utilizzate<\/li><\/ul><\/li><\/ol><p><strong><em>Futuro:<\/em><\/strong><\/p><p>Si sta valutando la possibilit\u00e0 di cambiare l'olio in gas presso l'Ufficio parrocchiale.<\/p><p>Considerare i giardini pluviali e\/o la raccolta dell'acqua piovana come un modo per ridurre l'uso dell'acqua.<\/p><p>Cercate di sostituire le vecchie finestre con altre ad alta efficienza energeticaConsiderate i pannelli solari<\/p><ol start=\"2\"><li><strong>Risposta al grido dei poveri<\/strong> (<em>completo e in corso)<\/em><ul><li>Raccolte mensili per i bisognosi della nostra zona e della nostra parrocchia adottiva di Jersey City (calze, cappelli, guanti, burro di arachidi e gelatina, materiale scolastico, ecc.<\/li><\/ul><\/li><\/ol><p><strong><em>Futuro:<\/em><\/strong><\/p><p>Esaminare come raggiungere i nostri parrocchiani anziani (guida, acquisti, ecc.)<\/p><ol start=\"3\"><li><strong>Economia ecologica - Promuovere uno sviluppo economico sostenibile dal punto di vista ambientale.<\/strong> <em>(completo e in corso)<\/em><ul><li>Contenitori per il riciclo collocati in tutti gli edifici e negli spazi comuni (vetro, plastica e carta)<\/li><li>Acquistare prodotti biodegradabili e compostabili, come piatti e bicchieri di carta e posate in bamb\u00f9 o legno, ed eliminare l'acquisto di plastica.<\/li><li>Utilizzare tovaglie di stoffa riutilizzabili<\/li><\/ul><\/li><\/ol><p><strong><em>Futuro:<\/em><\/strong><\/p><p>Installare una lavastoviglie nel centro parrocchiale per poter acquistare posate che possano essere lavate e riutilizzate.<\/p><p>Aggiungere refrigeratori d'acqua all'Armand Hall per eliminare l'uso di bottiglie d'acqua.<\/p><ol start=\"4\"><li><strong>Adozione di stili di vita sostenibili <\/strong><em>(completo e in corso)<\/em><\/li><\/ol><p style=\"padding-left: 80px;\">- Esaminare i fornitori e verificare se forniscono prodotti sostenibili.<\/p><p><strong><em>Futuro:<\/em><\/strong><\/p><p>Aggiungete contratti di manutenzione alle unit\u00e0 di riscaldamento e condizionamento per garantirne l'efficienza.<\/p><ol start=\"5\"><li><strong>Educazione ecologica<\/strong> <em>(in corso)<\/em><ul><li>Utilizzare il bollettino per fornire informazioni\/suggerimenti per la sostenibilit\u00e0 - Utilizzare i social media in modo pi\u00f9 aggressivo (sia Facebook che Instagram)<\/li><\/ul><\/li><\/ol><p><strong><em>Futuro:<\/em><\/strong><\/p><p>Aggiungere un evento per la Giornata della Terra (magari un tavolo con informazioni sulle alternative alla plastica e sul riciclaggio) e cercare un potenziale sponsor.<\/p><p>Parlare con i responsabili dell'educazione religiosa e chiedere loro di includere la gestione della terra in periodi specifici dell'anno.<\/p><p>Parlare alle Dame della Bibbia e ai Cavalieri chiedendo loro di seguire le nostre indicazioni su qualsiasi acquisto che potrebbero fare per i loro gruppi, cos\u00ec come le linee guida sul riciclaggio.<\/p><ol start=\"6\"><li><strong>Spiritualit\u00e0 ecologica<\/strong> <em>(in corso)<\/em><\/li><\/ol><p style=\"padding-left: 80px;\">Celebrare i periodi dell'anno che includono la gestione della nostra terra, come la Benedizione degli animali (ottobre), la Giornata della Terra (aprile), la Settimana della Laudato Si' (maggio).<\/p><p><strong><em>Futuro:<\/em><\/strong><\/p><p>Creare un orto parrocchiale con alcuni ortaggi<\/p><p>Creare biglietti di preghiera durante i periodi dell'anno elencati sopra.<\/p><ol start=\"7\"><li><strong>Resilienza e responsabilizzazione della comunit\u00e0<\/strong> <em>(in corso)<\/em><ul><li>Dare ai gruppi ministeriali la possibilit\u00e0 di seguire il nostro esempio in materia di riciclaggio e acquisti.<\/li><\/ul><\/li><\/ol><p><strong><em>Futuro:<\/em><\/strong><\/p><p>Reintrodurre la Giornata del servizio comunitario parrocchiale (magari facendo qualcosa al di fuori della parrocchia)<\/p><p>Incoraggiare i parrocchiani a condividere ci\u00f2 che fanno a casa per vivere una vita pi\u00f9 sostenibile e pubblicarlo mensilmente nel bollettino.<\/p>\t\t\t\t\t\t\t\t<\/div>\n\t\t\t\t<\/div>\n\t\t\t\t<div class=\"elementor-element elementor-element-83163f6 elementor-widget elementor-widget-button\" data-id=\"83163f6\" data-element_type=\"widget\" data-e-type=\"widget\" data-widget_type=\"button.default\">\n\t\t\t\t<div class=\"elementor-widget-container\">\n\t\t\t\t\t\t\t\t\t<div class=\"elementor-button-wrapper\">\n\t\t\t\t\t<a class=\"elementor-button elementor-button-link elementor-size-sm\" href=\"#return\">\n\t\t\t\t\t\t<span class=\"elementor-button-content-wrapper\">\n\t\t\t\t\t\t\t\t\t<span class=\"elementor-button-text\">Torna all'indice<\/span>\n\t\t\t\t\t<\/span>\n\t\t\t\t\t<\/a>\n\t\t\t\t<\/div>\n\t\t\t\t\t\t\t\t<\/div>\n\t\t\t\t<\/div>\n\t\t\t\t<div class=\"elementor-element elementor-element-c21f167 elementor-widget-divider--view-line elementor-widget elementor-widget-divider\" data-id=\"c21f167\" data-element_type=\"widget\" data-e-type=\"widget\" data-widget_type=\"divider.default\">\n\t\t\t\t<div class=\"elementor-widget-container\">\n\t\t\t\t\t\t\t<div class=\"elementor-divider\">\n\t\t\t<span class=\"elementor-divider-separator\">\n\t\t\t\t\t\t<\/span>\n\t\t<\/div>\n\t\t\t\t\t\t<\/div>\n\t\t\t\t<\/div>\n\t\t\t\t\t<\/div>\n\t\t\t\t<\/div>\n\t\t<div data-particle_enable=\"false\" data-particle-mobile-disabled=\"false\" class=\"elementor-element elementor-element-2d89fd4 e-flex e-con-boxed e-con e-parent\" data-id=\"2d89fd4\" data-element_type=\"container\" data-e-type=\"container\">\n\t\t\t\t\t<div class=\"e-con-inner\">\n\t\t\t\t<div class=\"elementor-element elementor-element-b3396b3 elementor-widget elementor-widget-menu-anchor\" data-id=\"b3396b3\" data-element_type=\"widget\" data-e-type=\"widget\" data-widget_type=\"menu-anchor.default\">\n\t\t\t\t<div class=\"elementor-widget-container\">\n\t\t\t\t\t\t\t<div class=\"elementor-menu-anchor\" id=\"Coahuila\"><\/div>\n\t\t\t\t\t\t<\/div>\n\t\t\t\t<\/div>\n\t\t\t\t<div class=\"elementor-element elementor-element-ddf5aa7 elementor-widget elementor-widget-text-editor\" data-id=\"ddf5aa7\" data-element_type=\"widget\" data-e-type=\"widget\" data-widget_type=\"text-editor.default\">\n\t\t\t\t<div class=\"elementor-widget-container\">\n\t\t\t\t\t\t\t\t\t<h4 style=\"text-align: center;\"><span class=\"--l sentence_highlight\">Piano d'azione della Laudato Si'<br \/><\/span><span class=\"--l sentence_highlight\">Parrocchia della Trasfigurazione del Signore di Torre\u00f3n<br \/><\/span><span class=\"--l sentence_highlight\">Avenida \u00d1ado #412<br \/><\/span><span class=\"--l sentence_highlight\">Colonia Valle Oriente<br \/><\/span><span class=\"--l --r sentence_highlight\">Torre\u00f3n, Coahuila. <\/span><span class=\"--l sentence_highlight\">C.P. 27299<br \/><\/span><span class=\"--l --r sentence_highlight\">Presentato da: <\/span><span class=\"--l sentence_highlight\">Rev. Fray Rogelio Marcelino Garcia Asencio<br \/><\/span><span class=\"--l sentence_highlight\">Data: 20 aprile 2025<\/span><\/h4><p><strong><span class=\"--l sentence_highlight\">Azioni nello spirito della Laudato Si' che sono gi\u00e0 state intraprese:<\/span><\/strong><\/p><p><span class=\"--l sentence_highlight\">1. Rispondere al grido della terra:<\/span><span class=\"--r sentence_highlight\"><br \/><\/span><\/p><p><span class=\"--l --r sentence_highlight\">- Nelle aree verdi delle cappelle sono state piantate piante endemiche della regione desertica di Torreon, come huizaches, nopal, cactus, ecc. <\/span><span class=\"--l sentence_highlight\">Sia nella chiesa parrocchiale che nelle cappelle, a partire da questo progetto nel 2023.<\/span><span class=\"--r sentence_highlight\"><br \/><\/span><\/p><p><span class=\"--l sentence_highlight\">- Nella casa parrocchiale e nella chiesa parrocchiale sono stati installati pannelli solari, che sono stati aggiornati nel 2025, per ottenere la capacit\u00e0 energetica necessaria.<\/span><span class=\"--r sentence_highlight\"><br \/><\/span><\/p><p><span class=\"--l --r sentence_highlight\"><span class=\"--l --r hover:bg-blue-100 hover:dark:bg-blue-600\">\u2013<\/span> <span class=\"--l --r hover:bg-blue-100 hover:dark:bg-blue-600\">A<\/span> <span class=\"--l --r hover:bg-blue-100 hover:dark:bg-blue-600\">verde<\/span> <span class=\"--l --r hover:bg-blue-100 hover:dark:bg-blue-600\">area<\/span> <span class=\"--l --r hover:bg-blue-100 hover:dark:bg-blue-600\">\u00e8 stato<\/span> <span class=\"--l --r hover:bg-blue-100 hover:dark:bg-blue-600\">set<\/span> <span class=\"--l --r hover:bg-blue-100 hover:dark:bg-blue-600\">su<\/span> <span class=\"--l --r hover:bg-blue-100 hover:dark:bg-blue-600\">per<\/span> <span class=\"--l --r hover:bg-blue-100 hover:dark:bg-blue-600\">compostaggio<\/span><span class=\"--l --r hover:bg-blue-100 hover:dark:bg-blue-600\">.<\/span> <\/span><span class=\"--l sentence_highlight\">Nel 2025.<\/span><span class=\"--r sentence_highlight\"><br \/><\/span><\/p><p><span class=\"--l sentence_highlight\">- Nel 2023 verr\u00e0 installato un pozzo di raccolta e assorbimento delle acque piovane per la chiesa parrocchiale.<\/span><span class=\"--r sentence_highlight\"><br \/><\/span><\/p><p><span class=\"--l sentence_highlight\">- Tutte le luci a incandescenza sono state sostituite con lampadine a risparmio energetico entro il 2023.<\/span><span class=\"--r sentence_highlight\"><br \/><\/span><\/p><p><span class=\"--l sentence_highlight\">- Installazione di orinatoi a secco nei bagni della parrocchia per risparmiare acqua, a partire dal 2024.<\/span><span class=\"--r sentence_highlight\"><br \/><\/span><\/p><p><span class=\"--l sentence_highlight\">2. Rispondere al grido dei poveri:<\/span><span class=\"--r sentence_highlight\"><br \/><\/span><\/p><p><span class=\"--l --r sentence_highlight\">- C'\u00e8 una sala da pranzo parrocchiale dove viene preparato e distribuito il cibo agli anziani, che attualmente serve pi\u00f9 di 50 anziani. <\/span><span class=\"--l sentence_highlight\">Dal 2020.<\/span><span class=\"--r sentence_highlight\"><br \/><\/span><\/p><p><span class=\"--l sentence_highlight\">- Il cibo viene preparato e distribuito provvisoriamente agli immigrati nelle aree ferroviarie, dal 2024.<\/span><span class=\"--r sentence_highlight\"><br \/><\/span><\/p><p><span class=\"--l sentence_highlight\">- Dal 2024 il cibo viene dato sporadicamente ai parenti dei malati dell'ospedale generale di Torre\u00f3n.<\/span><span class=\"--r sentence_highlight\"><br \/><\/span><\/p><p><span class=\"--l --r sentence_highlight\">3. <\/span><span class=\"--l sentence_highlight\">Promuovere l'educazione ecologica:<\/span><span class=\"--r sentence_highlight\"><br \/><\/span><\/p><p><span class=\"--l sentence_highlight\">- Nella casa parrocchiale si fa la raccolta differenziata dei rifiuti, ad esempio i rifiuti organizzati vanno nel giardino del compost, dal 2023.<\/span><span class=\"--r sentence_highlight\"><br \/><\/span><\/p><p><span class=\"--l sentence_highlight\">- Si \u00e8 consapevoli di spegnere le luci, spegnere gli elettrodomestici inutilizzati per risparmiare energia elettrica nelle cappelle, come nella chiesa parrocchiale, a partire dal 2023.<\/span><span class=\"--r sentence_highlight\"><br \/><\/span><\/p><p><span class=\"--l sentence_highlight\">- A partire dal 2023, i condizionatori d'aria nelle aule e negli uffici saranno accesi solo negli orari in cui vengono utilizzati dai diversi gruppi parrocchiali e dai lavoratori.<\/span><span class=\"--r sentence_highlight\"><br \/><\/span><\/p><p><span class=\"--l sentence_highlight\">- I pagamenti equi vengono effettuati ai lavoratori tutti al di sopra del salario minimo, dal 2022 e rivisti di anno in anno, per apportare gli opportuni adeguamenti.<\/span><\/p><p><strong><span class=\"--l sentence_highlight\">Piano d'azione:<\/span><\/strong><\/p><p><span class=\"--l sentence_highlight\">1. Rispondere al grido della Terra:<\/span><span class=\"--r sentence_highlight\"><br \/><\/span><\/p><p><span class=\"--l sentence_highlight\">- \u00c8 prevista in una delle cappelle della parrocchia l'installazione di pannelli solari, per il risparmio energetico, progetto da realizzare nel luglio 2025.<\/span><span class=\"--r sentence_highlight\"><br \/><\/span><\/p><p><span class=\"--l sentence_highlight\">- Continuare a sostenere il progetto Laudato Si', con l'installazione di pannelli solari nelle altre cappelle della parrocchia, fino al 2026.<\/span><span class=\"--r sentence_highlight\"><br \/><\/span><\/p><p><span class=\"--l sentence_highlight\">- Realizzare pi\u00f9 giardini pluviali e piantare piante endemiche, per la cura dell'acqua, fino al 2026.<\/span><span class=\"--r sentence_highlight\"><br \/><\/span><\/p><p><span class=\"--l sentence_highlight\">- Ristrutturazione dei bagni, con l'installazione di servizi igienici a risparmio idrico, entro il 2025.<\/span><span class=\"--r sentence_highlight\"><br \/><\/span><\/p><p><span class=\"--l sentence_highlight\">- Modifica e installazione di orinatoi a secco nei bagni delle cappelle entro il 2025.<\/span><span class=\"--r sentence_highlight\"><br \/><\/span><\/p><p><span class=\"--l sentence_highlight\">- Creazione di bidoni ecologici nella parrocchia e nelle cappelle, con il riciclaggio dei rifiuti, 2026.<\/span><span class=\"--r sentence_highlight\"><br \/><\/span><\/p><p><span class=\"--l sentence_highlight\">- Creazione di pi\u00f9 giardini di compost, 2026.<\/span><span class=\"--r sentence_highlight\"><br \/><\/span><\/p><p><span class=\"--l sentence_highlight\">- Creazione di un maggior numero di pozzi di raccolta e assorbimento dell'acqua piovana nelle parrocchie e nelle cappelle entro il 2026.<\/span><\/p><p><span class=\"--l sentence_highlight\">2. Rispondere al grido dei poveri:<\/span><span class=\"--r sentence_highlight\"><br \/><\/span><\/p><p><span class=\"--l sentence_highlight\">- Continuare la mensa parrocchiale, per portare cibo agli anziani, agli immigrati e ai familiari dei malati dell'ospedale generale, dal 2025.<\/span><\/p><p><span class=\"--l --r sentence_highlight\">3. <\/span><span class=\"--l sentence_highlight\">Promuovere l'educazione ecologica:<\/span><span class=\"--r sentence_highlight\"><br \/><\/span><\/p><p><span class=\"--l sentence_highlight\">- Creazione di un team ecologico parrocchiale per sensibilizzare la comunit\u00e0 parrocchiale, entro il 2025.<\/span><span class=\"--r sentence_highlight\"><br \/><\/span><\/p><p><span class=\"--l sentence_highlight\">- Celebrare l'Anno della Terra in giugno-luglio con conferenze e la piantumazione di giardini con l'aiuto della Laudato Si' e dell'\u00e9quipe ecologica parrocchiale entro il 2025.<\/span><span class=\"--r sentence_highlight\"><br \/><\/span><\/p>\t\t\t\t\t\t\t\t<\/div>\n\t\t\t\t<\/div>\n\t\t\t\t<div class=\"elementor-element elementor-element-34187b5 elementor-widget elementor-widget-button\" data-id=\"34187b5\" data-element_type=\"widget\" data-e-type=\"widget\" data-widget_type=\"button.default\">\n\t\t\t\t<div class=\"elementor-widget-container\">\n\t\t\t\t\t\t\t\t\t<div class=\"elementor-button-wrapper\">\n\t\t\t\t\t<a class=\"elementor-button elementor-button-link elementor-size-sm\" href=\"#return\">\n\t\t\t\t\t\t<span class=\"elementor-button-content-wrapper\">\n\t\t\t\t\t\t\t\t\t<span class=\"elementor-button-text\">Torna all'indice<\/span>\n\t\t\t\t\t<\/span>\n\t\t\t\t\t<\/a>\n\t\t\t\t<\/div>\n\t\t\t\t\t\t\t\t<\/div>\n\t\t\t\t<\/div>\n\t\t\t\t<div class=\"elementor-element elementor-element-d06806b elementor-widget-divider--view-line elementor-widget elementor-widget-divider\" data-id=\"d06806b\" data-element_type=\"widget\" data-e-type=\"widget\" data-widget_type=\"divider.default\">\n\t\t\t\t<div class=\"elementor-widget-container\">\n\t\t\t\t\t\t\t<div class=\"elementor-divider\">\n\t\t\t<span class=\"elementor-divider-separator\">\n\t\t\t\t\t\t<\/span>\n\t\t<\/div>\n\t\t\t\t\t\t<\/div>\n\t\t\t\t<\/div>\n\t\t\t\t\t<\/div>\n\t\t\t\t<\/div>\n\t\t<div data-particle_enable=\"false\" data-particle-mobile-disabled=\"false\" class=\"elementor-element elementor-element-fe948a7 e-flex e-con-boxed e-con e-parent\" data-id=\"fe948a7\" data-element_type=\"container\" data-e-type=\"container\">\n\t\t\t\t\t<div class=\"e-con-inner\">\n\t\t\t\t<div class=\"elementor-element elementor-element-e5bc3a0 elementor-widget elementor-widget-menu-anchor\" data-id=\"e5bc3a0\" data-element_type=\"widget\" data-e-type=\"widget\" data-widget_type=\"menu-anchor.default\">\n\t\t\t\t<div class=\"elementor-widget-container\">\n\t\t\t\t\t\t\t<div class=\"elementor-menu-anchor\" id=\"ElSalvador\"><\/div>\n\t\t\t\t\t\t<\/div>\n\t\t\t\t<\/div>\n\t\t\t\t<div class=\"elementor-element elementor-element-f82e5ca elementor-widget elementor-widget-text-editor\" data-id=\"f82e5ca\" data-element_type=\"widget\" data-e-type=\"widget\" data-widget_type=\"text-editor.default\">\n\t\t\t\t<div class=\"elementor-widget-container\">\n\t\t\t\t\t\t\t\t\t<h4 style=\"text-align: center;\"><span class=\"--l sentence_highlight\">Piano d'azione della Laudato Si'<br \/><\/span><span class=\"--l sentence_highlight\">Nome del ministero o della comunit\u00e0: Casa Sant'Alberto di Gerusalemme <br \/><\/span><span class=\"--l sentence_highlight\">Localit\u00e0: Huiz\u00facar, Dipartimento di La Libertad, El Salvador<br \/><\/span><span class=\"--l --r sentence_highlight\">Presentato da: <\/span><span class=\"--l --r sentence_highlight\">Rodolfo Aznaran Ocarm. <\/span><span class=\"--l sentence_highlight\">- Priore<br \/><\/span><span class=\"--l sentence_highlight\">Data: 20 aprile<\/span><span class=\"--r sentence_highlight\"><br \/><\/span><\/h4><p><strong><span class=\"--l sentence_highlight\">Azioni nello spirito della Laudato Si' gi\u00e0 intraprese:<\/span><\/strong><\/p><p><span class=\"--l sentence_highlight\">-Viviamo in parte di ci\u00f2 che viene coltivato e degli animali allevati alla Finca San Elias.<\/span><span class=\"--r sentence_highlight\"><br \/><\/span><\/p><p><span class=\"--l sentence_highlight\">- Riduciamo l'uso e il riutilizzo dei sacchetti di plastica. <\/span><span class=\"--r sentence_highlight\"><br \/><\/span><\/p><p><span class=\"--l sentence_highlight\">- Riutilizziamo la carta<\/span><span class=\"--r sentence_highlight\"><br \/><\/span><\/p><p><span class=\"--l sentence_highlight\">- Raccogliamo l'acqua piovana<\/span><span class=\"--r sentence_highlight\"><br \/><\/span><\/p><p><span class=\"--l sentence_highlight\">- Spegniamo le luci quando non vengono utilizzate.<\/span><span class=\"--r sentence_highlight\"><br \/><\/span><\/p><p><span class=\"--l sentence_highlight\">- I rifiuti organici vengono utilizzati per arricchire il terreno.<\/span><span class=\"--r sentence_highlight\"><br \/><\/span><\/p><p><span class=\"--l sentence_highlight\">- Stiamo passando agli erbicidi biologici.<\/span><span class=\"--r sentence_highlight\"><br \/><\/span><\/p><p><span class=\"--l sentence_highlight\">- Piantiamo alberi e coltiviamo piante ornamentali. <\/span><span class=\"--r sentence_highlight\"><br \/><\/span><\/p><p><span class=\"--l sentence_highlight\">- Ci prendiamo cura dei nostri fratelli e sorelle, soprattutto degli anziani e dei malati.<\/span><span class=\"--r sentence_highlight\"><br \/><\/span><\/p><p><span class=\"--l sentence_highlight\">- Abbiamo 2 giorni senza carne nel nostro menu<\/span><\/p><p><strong><span class=\"--l sentence_highlight\">Nel corso di quest'anno - 2025:<\/span><\/strong><span class=\"--r sentence_highlight\"><br \/><\/span><\/p><p><span class=\"--l sentence_highlight\">- Vogliamo migliorare il nostro sistema di riciclaggio, <\/span><span class=\"--r sentence_highlight\"><br \/><\/span><\/p><p><span class=\"--l sentence_highlight\">- celebrare l'Eucaristia per la Giornata della Terra.<\/span><span class=\"--r sentence_highlight\"><br \/><\/span><\/p><p><span class=\"--l sentence_highlight\">- Promuovere l'educazione dei bambini e dei giovani attraverso l'insegnamento della lingua inglese. <\/span><\/p><p><span class=\"--l sentence_highlight\">L'anno prossimo presenteremo un progetto per finanziare l'installazione di pannelli solari per ridurre il costo dell'elettricit\u00e0 e utilizzare energia sostenibile.<\/span><span class=\"--r sentence_highlight\"><br \/><\/span><\/p>\t\t\t\t\t\t\t\t<\/div>\n\t\t\t\t<\/div>\n\t\t\t\t<div class=\"elementor-element elementor-element-380b601 elementor-widget elementor-widget-button\" data-id=\"380b601\" data-element_type=\"widget\" data-e-type=\"widget\" data-widget_type=\"button.default\">\n\t\t\t\t<div class=\"elementor-widget-container\">\n\t\t\t\t\t\t\t\t\t<div class=\"elementor-button-wrapper\">\n\t\t\t\t\t<a class=\"elementor-button elementor-button-link elementor-size-sm\" href=\"#return\">\n\t\t\t\t\t\t<span class=\"elementor-button-content-wrapper\">\n\t\t\t\t\t\t\t\t\t<span class=\"elementor-button-text\">Torna all'indice<\/span>\n\t\t\t\t\t<\/span>\n\t\t\t\t\t<\/a>\n\t\t\t\t<\/div>\n\t\t\t\t\t\t\t\t<\/div>\n\t\t\t\t<\/div>\n\t\t\t\t<div class=\"elementor-element elementor-element-24f37c1 elementor-widget-divider--view-line elementor-widget elementor-widget-divider\" data-id=\"24f37c1\" data-element_type=\"widget\" data-e-type=\"widget\" data-widget_type=\"divider.default\">\n\t\t\t\t<div class=\"elementor-widget-container\">\n\t\t\t\t\t\t\t<div class=\"elementor-divider\">\n\t\t\t<span class=\"elementor-divider-separator\">\n\t\t\t\t\t\t<\/span>\n\t\t<\/div>\n\t\t\t\t\t\t<\/div>\n\t\t\t\t<\/div>\n\t\t\t\t\t<\/div>\n\t\t\t\t<\/div>\n\t\t<div data-particle_enable=\"false\" data-particle-mobile-disabled=\"false\" class=\"elementor-element elementor-element-5a730d7 e-flex e-con-boxed e-con e-parent\" data-id=\"5a730d7\" data-element_type=\"container\" data-e-type=\"container\">\n\t\t\t\t\t<div class=\"e-con-inner\">\n\t\t\t\t<div class=\"elementor-element elementor-element-c7eb2d1 elementor-widget elementor-widget-menu-anchor\" data-id=\"c7eb2d1\" data-element_type=\"widget\" data-e-type=\"widget\" data-widget_type=\"menu-anchor.default\">\n\t\t\t\t<div class=\"elementor-widget-container\">\n\t\t\t\t\t\t\t<div class=\"elementor-menu-anchor\" id=\"Tucson\"><\/div>\n\t\t\t\t\t\t<\/div>\n\t\t\t\t<\/div>\n\t\t\t\t<div class=\"elementor-element elementor-element-03eaea4 elementor-widget elementor-widget-text-editor\" data-id=\"03eaea4\" data-element_type=\"widget\" data-e-type=\"widget\" data-widget_type=\"text-editor.default\">\n\t\t\t\t<div class=\"elementor-widget-container\">\n\t\t\t\t\t\t\t\t\t<h4 style=\"text-align: center;\"><strong>Priorato carmelitano a Tucson, AZ<br \/><\/strong><strong>Piano d'azione della Laudato Si'<br \/><\/strong><strong>Presentato da p. Roberto Carlos Reyes Castillo<br \/><\/strong><strong>19 aprile 2025<\/strong><\/h4><p><strong>Cosa ha gi\u00e0 fatto la comunit\u00e0<\/strong><\/p><ul><li>Abbiamo installato pannelli solari in casa<\/li><li>Tutte le lampadine della casa, comprese quelle esterne, sono a risparmio energetico.<\/li><li>Le camere sono dotate di servizi igienici ad alta efficienza idrica<\/li><li>La casa separa la spazzatura e gli oggetti riciclabili vengono collocati negli appositi contenitori cittadini: cartone, vetro, bottiglie di plastica e lattine di alluminio.<\/li><li>La comunit\u00e0 non acquista pi\u00f9 bottiglie d'acqua, poich\u00e9 sono state installate fontane.<\/li><li>Il tetto \u00e8 stato trattato per isolare il calore e ridurre l'uso dell'aria condizionata durante l'estate.<\/li><\/ul><p><strong><br \/>Piani per il futuro<\/strong><\/p><ul><li>C'\u00e8 un progetto per trasformare il nostro giardino interno in un paesaggio sostenibile entro il prossimo anno. Questo ridurr\u00e0 l'uso dell'acqua.<\/li><li>Abbiamo intenzione di passare a un'auto completamente elettrica o ibrida plug-in.<\/li><li>Abbiamo intenzione di rimuovere le palme presenti nella nostra propriet\u00e0, poich\u00e9 non sono piante autoctone e richiedono grandi quantit\u00e0 d'acqua.<\/li><li>Dobbiamo ancora trovare il modo di raggiungere le persone bisognose.<\/li><\/ul>\t\t\t\t\t\t\t\t<\/div>\n\t\t\t\t<\/div>\n\t\t\t\t<div class=\"elementor-element elementor-element-457fe1a elementor-widget elementor-widget-button\" data-id=\"457fe1a\" data-element_type=\"widget\" data-e-type=\"widget\" data-widget_type=\"button.default\">\n\t\t\t\t<div class=\"elementor-widget-container\">\n\t\t\t\t\t\t\t\t\t<div class=\"elementor-button-wrapper\">\n\t\t\t\t\t<a class=\"elementor-button elementor-button-link elementor-size-sm\" href=\"#return\">\n\t\t\t\t\t\t<span class=\"elementor-button-content-wrapper\">\n\t\t\t\t\t\t\t\t\t<span class=\"elementor-button-text\">Torna all'indice<\/span>\n\t\t\t\t\t<\/span>\n\t\t\t\t\t<\/a>\n\t\t\t\t<\/div>\n\t\t\t\t\t\t\t\t<\/div>\n\t\t\t\t<\/div>\n\t\t\t\t<div class=\"elementor-element elementor-element-4b5a493 elementor-widget-divider--view-line elementor-widget elementor-widget-divider\" data-id=\"4b5a493\" data-element_type=\"widget\" data-e-type=\"widget\" data-widget_type=\"divider.default\">\n\t\t\t\t<div class=\"elementor-widget-container\">\n\t\t\t\t\t\t\t<div class=\"elementor-divider\">\n\t\t\t<span class=\"elementor-divider-separator\">\n\t\t\t\t\t\t<\/span>\n\t\t<\/div>\n\t\t\t\t\t\t<\/div>\n\t\t\t\t<\/div>\n\t\t\t\t\t<\/div>\n\t\t\t\t<\/div>\n\t\t<div data-particle_enable=\"false\" data-particle-mobile-disabled=\"false\" class=\"elementor-element elementor-element-747bdac e-flex e-con-boxed e-con e-parent\" data-id=\"747bdac\" data-element_type=\"container\" data-e-type=\"container\">\n\t\t\t\t\t<div class=\"e-con-inner\">\n\t\t\t\t<div class=\"elementor-element elementor-element-3074c68 elementor-widget elementor-widget-menu-anchor\" data-id=\"3074c68\" data-element_type=\"widget\" data-e-type=\"widget\" data-widget_type=\"menu-anchor.default\">\n\t\t\t\t<div class=\"elementor-widget-container\">\n\t\t\t\t\t\t\t<div class=\"elementor-menu-anchor\" id=\"StCyril\"><\/div>\n\t\t\t\t\t\t<\/div>\n\t\t\t\t<\/div>\n\t\t\t\t<div class=\"elementor-element elementor-element-d9d4386 elementor-widget elementor-widget-text-editor\" data-id=\"d9d4386\" data-element_type=\"widget\" data-e-type=\"widget\" data-widget_type=\"text-editor.default\">\n\t\t\t\t<div class=\"elementor-widget-container\">\n\t\t\t\t\t\t\t\t\t<h4 style=\"text-align: center;\"><strong><u>Laudato Si'<br \/><\/u><\/strong><strong><u>PIANO D'AZIONE 2025<br \/><\/u><\/strong><strong>Priorato di San Cirillo, Chicago<br \/><\/strong><strong>18 aprile 2025<\/strong><\/h4><p>Il nostro bisogno pi\u00f9 grande \u00e8 che la comunit\u00e0 sviluppi una crescente consapevolezza della nostra capacit\u00e0 di cambiare ci\u00f2 che \u00e8 \"normale\" nella nostra vita.  Dobbiamo identificare e ridurre le fonti di distrazione banale e sviluppare l'abilit\u00e0 di scegliere ci\u00f2 che conta davvero.<\/p><p>Come individui, ci aspettiamo coinvolgimento e sacrificio personale.<\/p><p>\u00a0\u00a0\u00a0\u00a0\u00a0\u00a0\u00a0\u00a0\u00a0\u00a0\u00a0 * Riciclare ed evitare gli sprechi<\/p><p>\u00a0\u00a0\u00a0\u00a0\u00a0\u00a0\u00a0\u00a0\u00a0\u00a0\u00a0\u00a0\u00a0\u00a0\u00a0\u00a0\u00a0\u00a0\u00a0\u00a0\u00a0\u00a0\u00a0 - soprattutto la plastica, ma anche la carta e gli avanzi di cibo.<\/p><p>\u00a0\u00a0\u00a0\u00a0\u00a0\u00a0\u00a0\u00a0\u00a0\u00a0\u00a0\u00a0\u00a0\u00a0\u00a0\u00a0\u00a0\u00a0\u00a0\u00a0\u00a0\u00a0\u00a0 - limitare ci\u00f2 che finisce in discarica<\/p><p>\u00a0\u00a0\u00a0\u00a0\u00a0\u00a0\u00a0\u00a0\u00a0\u00a0\u00a0\u00a0\u00a0\u00a0\u00a0\u00a0\u00a0\u00a0\u00a0\u00a0\u00a0\u00a0\u00a0 - spegnere le luci inutilizzate<\/p><p>\u00a0\u00a0\u00a0\u00a0\u00a0\u00a0\u00a0\u00a0\u00a0\u00a0\u00a0\u00a0\u00a0\u00a0\u00a0\u00a0\u00a0\u00a0\u00a0\u00a0\u00a0\u00a0\u00a0 - acquistare una quantit\u00e0 maggiore\u00a0\u00a0\u00a0\u00a0\u00a0\u00a0\u00a0\u00a0\u00a0\u00a0<\/p><p>\u00a0\u00a0\u00a0\u00a0\u00a0\u00a0\u00a0\u00a0\u00a0\u00a0\u00a0 * Ridurre l'uso dell'auto - prendere l'autobus<\/p><p>\u00a0\u00a0\u00a0\u00a0\u00a0\u00a0\u00a0\u00a0\u00a0\u00a0\u00a0 * Donare gli articoli inutilizzati<\/p><p>\u00a0\u00a0\u00a0\u00a0\u00a0\u00a0\u00a0\u00a0\u00a0\u00a0\u00a0 * Rivedere e utilizzare le idee di \"14 piccoli cambiamenti\".<\/p><p>Come collegamento carmelitano con la Mt. Carmel High School, possiamo anche fornire una guida e un esempio ai membri della comunit\u00e0 scolastica.  Soprattutto, possiamo aggiungere una dimensione spirituale alla nostra attivit\u00e0.  La cura della terra rafforza il nostro rapporto con Dio.  Le attivit\u00e0 non sono solo azioni simboliche, ma una formazione spirituale che lascia un'impronta duratura.\u00a0<\/p><p>La Scuola \u00e8 gi\u00e0 coinvolta in misure positive.  Come sempre, la leadership carmelitana contribuisce a rafforzare l'attivit\u00e0.<\/p><p>\u00a0\u00a0\u00a0\u00a0\u00a0\u00a0\u00a0\u00a0\u00a0\u00a0\u00a0 * Pianificano un audit per la Giornata della Terra sui rifiuti della mensa.<\/p><p>\u00a0\u00a0\u00a0\u00a0\u00a0\u00a0\u00a0\u00a0\u00a0\u00a0\u00a0 * Anche l'uso della plastica \u00e8 un obiettivo primario.<\/p><p>\u00a0\u00a0\u00a0\u00a0\u00a0\u00a0\u00a0\u00a0\u00a0\u00a0\u00a0 * Gli studenti hanno partecipato al Summit cattolico sul clima 2024 e 2025.<\/p><p>\u00a0\u00a0\u00a0\u00a0\u00a0\u00a0\u00a0\u00a0\u00a0\u00a0\u00a0 * Dispensa alimentare - Eduardo aiuta gi\u00e0.<\/p><p>\u00a0\u00a0\u00a0\u00a0\u00a0\u00a0\u00a0\u00a0\u00a0\u00a0\u00a0 * Tracy spera di collaborare con la direzione della scuola per facilitare l'impegno della comunit\u00e0 nel programma scolastico.<\/p><p>\u00a0\u00a0\u00a0\u00a0\u00a0\u00a0\u00a0\u00a0\u00a0\u00a0\u00a0 * Si sta valutando il ripristino del tetto verde.<\/p>\t\t\t\t\t\t\t\t<\/div>\n\t\t\t\t<\/div>\n\t\t\t\t<div class=\"elementor-element elementor-element-e2b6658 elementor-widget elementor-widget-button\" data-id=\"e2b6658\" data-element_type=\"widget\" data-e-type=\"widget\" data-widget_type=\"button.default\">\n\t\t\t\t<div class=\"elementor-widget-container\">\n\t\t\t\t\t\t\t\t\t<div class=\"elementor-button-wrapper\">\n\t\t\t\t\t<a class=\"elementor-button elementor-button-link elementor-size-sm\" href=\"#return\">\n\t\t\t\t\t\t<span class=\"elementor-button-content-wrapper\">\n\t\t\t\t\t\t\t\t\t<span class=\"elementor-button-text\">Torna all'indice<\/span>\n\t\t\t\t\t<\/span>\n\t\t\t\t\t<\/a>\n\t\t\t\t<\/div>\n\t\t\t\t\t\t\t\t<\/div>\n\t\t\t\t<\/div>\n\t\t\t\t<div class=\"elementor-element elementor-element-a972a7f elementor-widget-divider--view-line elementor-widget elementor-widget-divider\" data-id=\"a972a7f\" data-element_type=\"widget\" data-e-type=\"widget\" data-widget_type=\"divider.default\">\n\t\t\t\t<div class=\"elementor-widget-container\">\n\t\t\t\t\t\t\t<div class=\"elementor-divider\">\n\t\t\t<span class=\"elementor-divider-separator\">\n\t\t\t\t\t\t<\/span>\n\t\t<\/div>\n\t\t\t\t\t\t<\/div>\n\t\t\t\t<\/div>\n\t\t\t\t\t<\/div>\n\t\t\t\t<\/div>\n\t\t<div data-particle_enable=\"false\" data-particle-mobile-disabled=\"false\" class=\"elementor-element elementor-element-b30a7a6 e-flex e-con-boxed e-con e-parent\" data-id=\"b30a7a6\" data-element_type=\"container\" data-e-type=\"container\">\n\t\t\t\t\t<div class=\"e-con-inner\">\n\t\t\t\t<div class=\"elementor-element elementor-element-f236e0b elementor-widget elementor-widget-menu-anchor\" data-id=\"f236e0b\" data-element_type=\"widget\" data-e-type=\"widget\" data-widget_type=\"menu-anchor.default\">\n\t\t\t\t<div class=\"elementor-widget-container\">\n\t\t\t\t\t\t\t<div class=\"elementor-menu-anchor\" id=\"StSimon\"><\/div>\n\t\t\t\t\t\t<\/div>\n\t\t\t\t<\/div>\n\t\t\t\t<div class=\"elementor-element elementor-element-2a85502 elementor-widget elementor-widget-text-editor\" data-id=\"2a85502\" data-element_type=\"widget\" data-e-type=\"widget\" data-widget_type=\"text-editor.default\">\n\t\t\t\t<div class=\"elementor-widget-container\">\n\t\t\t\t\t\t\t\t\t<h4 style=\"text-align: center;\"><strong>Piano d'azione della Laudato Si'\n<\/strong><strong>Priorato di San Simone Stock\n<\/strong><strong>Darien, IL\n<\/strong><strong>21 aprile 2025<\/strong><strong>\u00a0<\/strong><strong>\u00a0<\/strong><\/h4>\n<strong><u>Azioni nello spirito della Laudato Si' che abbiamo gi\u00e0 intrapreso<\/u><\/strong><strong>: <\/strong><strong>\u00a0<\/strong>\n<ul>\n \t<li>Piantare numerosi alberi nel campus (dal 2020)<\/li>\n \t<li>Utilizzo di lampadine a LED per la sostituzione di tutte le lampadine (dal 2020)<\/li>\n \t<li>Spegnere la corrente quando non si \u00e8 in una stanza (dal 2018).<\/li>\n<\/ul>\n<ul>\n \t<li>Generose donazioni alle dispense alimentari durante il periodo natalizio alla Parrocchia di Nostra Signora del Monte Carmelo, Darien, e alla Parrocchia di Nostra Signora del Monte Carmelo, Joliet (dal 2022).<\/li>\n \t<li>Riciclaggio della carta presso la Winterberry House (dal 2010)<\/li>\n \t<li>Pasti senza carne una volta alla settimana alla tavola comunitaria (dal 2010)<strong>\n<\/strong><\/li>\n<\/ul>\n<strong>\u00a0<\/strong>\n\n<strong><u>Ci\u00f2 che desideriamo realizzare nel 2025 e oltre, nello spirito della Laudato Si': <\/u><\/strong><strong>\u00a0<\/strong>\n<ul>\n \t<li>Tutto quanto sopra per continuare<\/li>\n \t<li>Per l'acquisto di veicoli futuri, valutate le auto elettriche o ibride.<\/li>\n \t<li>Studiare modi per riciclare lattine e contenitori di vetro nel campus di Darien (entro il 1\u00b0 luglio 2025).<\/li>\n<\/ul>\n<ul>\n \t<li>Raccogliere i rifiuti sul terreno del campus (entro il 1\u00b0 luglio 2025)<\/li>\n<\/ul>\nCon ossequio alla comunit\u00e0, David McEvoy, O.Carm.\t\t\t\t\t\t\t\t<\/div>\n\t\t\t\t<\/div>\n\t\t\t\t<div class=\"elementor-element elementor-element-f143adc elementor-widget elementor-widget-button\" data-id=\"f143adc\" data-element_type=\"widget\" data-e-type=\"widget\" data-widget_type=\"button.default\">\n\t\t\t\t<div class=\"elementor-widget-container\">\n\t\t\t\t\t\t\t\t\t<div class=\"elementor-button-wrapper\">\n\t\t\t\t\t<a class=\"elementor-button elementor-button-link elementor-size-sm\" href=\"#return\">\n\t\t\t\t\t\t<span class=\"elementor-button-content-wrapper\">\n\t\t\t\t\t\t\t\t\t<span class=\"elementor-button-text\">Torna all'indice<\/span>\n\t\t\t\t\t<\/span>\n\t\t\t\t\t<\/a>\n\t\t\t\t<\/div>\n\t\t\t\t\t\t\t\t<\/div>\n\t\t\t\t<\/div>\n\t\t\t\t\t<\/div>\n\t\t\t\t<\/div>\n\t\t<div data-particle_enable=\"false\" data-particle-mobile-disabled=\"false\" class=\"elementor-element elementor-element-25338b4 e-flex e-con-boxed e-con e-parent\" data-id=\"25338b4\" data-element_type=\"container\" data-e-type=\"container\">\n\t\t\t\t\t<div class=\"e-con-inner\">\n\t\t\t\t<div class=\"elementor-element elementor-element-a79409c elementor-widget elementor-widget-menu-anchor\" data-id=\"a79409c\" data-element_type=\"widget\" data-e-type=\"widget\" data-widget_type=\"menu-anchor.default\">\n\t\t\t\t<div class=\"elementor-widget-container\">\n\t\t\t\t\t\t\t<div class=\"elementor-menu-anchor\" id=\"TheresePhoenix\"><\/div>\n\t\t\t\t\t\t<\/div>\n\t\t\t\t<\/div>\n\t\t\t\t<div class=\"elementor-element elementor-element-2d0be59 elementor-widget elementor-widget-text-editor\" data-id=\"2d0be59\" data-element_type=\"widget\" data-e-type=\"widget\" data-widget_type=\"text-editor.default\">\n\t\t\t\t<div class=\"elementor-widget-container\">\n\t\t\t\t\t\t\t\t\t<h4 style=\"text-align: center;\"><strong>Piano d'azione della Laudato Si'<br \/><\/strong><strong>Priorato di Santa Teresa di Lisieux<br \/><\/strong><strong>Phoenix, AZ<br \/><\/strong><strong>Inviato da: Ron Oakham<br \/><\/strong><strong>Novembre 2025<\/strong><\/h4><p><u>Azioni gi\u00e0 intraprese:<\/u><\/p><p>Ridurre il consumo di acqua nella propriet\u00e0:<\/p><p>Ridurre l'area coperta da erba che necessita di irrigazione continua \u2013<\/p><p>2023 Realizzazione di un paesaggio zero-scape nella parte anteriore delle due ali dell'edificio e lungo il fronte strada.<\/p><p>2024 Sostituzione dell'erba piantata nell'area centrale del patio con tappeto erboso<\/p><p>2025 Creazione di isole zero-scape nell'area del cortile anteriore<\/p><p><u>Piano d'azione per il 2026 e oltre:<\/u><\/p><p>Fai qualche ricerca sull'installazione dei pannelli solari.<\/p><p>da montare sulle strutture ombreggianti dell'area di parcheggio<\/p><p>o sui tetti degli edifici residenziali<\/p>\t\t\t\t\t\t\t\t<\/div>\n\t\t\t\t<\/div>\n\t\t\t\t<div class=\"elementor-element elementor-element-60d2011 elementor-widget elementor-widget-button\" data-id=\"60d2011\" data-element_type=\"widget\" data-e-type=\"widget\" data-widget_type=\"button.default\">\n\t\t\t\t<div class=\"elementor-widget-container\">\n\t\t\t\t\t\t\t\t\t<div class=\"elementor-button-wrapper\">\n\t\t\t\t\t<a class=\"elementor-button elementor-button-link elementor-size-sm\" href=\"#return\">\n\t\t\t\t\t\t<span class=\"elementor-button-content-wrapper\">\n\t\t\t\t\t\t\t\t\t<span class=\"elementor-button-text\">Torna all'indice<\/span>\n\t\t\t\t\t<\/span>\n\t\t\t\t\t<\/a>\n\t\t\t\t<\/div>\n\t\t\t\t\t\t\t\t<\/div>\n\t\t\t\t<\/div>\n\t\t\t\t\t<\/div>\n\t\t\t\t<\/div>\n\t\t\t\t<\/div>","protected":false},"excerpt":{"rendered":"<p>Unendosi a una comunit\u00e0 mondiale, la Provincia Carmelitana del Purissimo Cuore di Maria si impegna in un processo di Piano d'Azione della Laudato Si' della durata di sei anni. Questo processo comprender\u00e0 l'iscrizione alla Piattaforma d'azione della Laudato Si', la creazione di un Piano d'azione della Laudato Si' e le valutazioni e gli aggiornamenti annuali del Piano. Nel corso di questi sei anni, saranno esaminati i contributi del Consiglio provinciale e delle Commissioni provinciali. Il Consiglio provinciale e le Commissioni provinciali supervisionano tutti gli aspetti delle operazioni provinciali. Come ha scritto Papa Francesco nella Laudato Si': \"Sono necessari i talenti e il coinvolgimento di tutti\" (LS14).<\/p>","protected":false},"author":14,"featured_media":6548,"comment_status":"closed","ping_status":"open","sticky":false,"template":"","format":"standard","meta":{"rs_blank_template":"","rs_page_bg_color":"","slide_template_v7":"","_analytify_skip_tracking":false,"footnotes":""},"categories":[1],"tags":[],"class_list":["post-20255","post","type-post","status-publish","format-standard","has-post-thumbnail","hentry","category-uncategorized"],"aioseo_notices":[],"_links":{"self":[{"href":"https:\/\/carmelites.net\/it\/wp-json\/wp\/v2\/posts\/20255","targetHints":{"allow":["GET"]}}],"collection":[{"href":"https:\/\/carmelites.net\/it\/wp-json\/wp\/v2\/posts"}],"about":[{"href":"https:\/\/carmelites.net\/it\/wp-json\/wp\/v2\/types\/post"}],"author":[{"embeddable":true,"href":"https:\/\/carmelites.net\/it\/wp-json\/wp\/v2\/users\/14"}],"replies":[{"embeddable":true,"href":"https:\/\/carmelites.net\/it\/wp-json\/wp\/v2\/comments?post=20255"}],"version-history":[{"count":27,"href":"https:\/\/carmelites.net\/it\/wp-json\/wp\/v2\/posts\/20255\/revisions"}],"predecessor-version":[{"id":22552,"href":"https:\/\/carmelites.net\/it\/wp-json\/wp\/v2\/posts\/20255\/revisions\/22552"}],"wp:featuredmedia":[{"embeddable":true,"href":"https:\/\/carmelites.net\/it\/wp-json\/wp\/v2\/media\/6548"}],"wp:attachment":[{"href":"https:\/\/carmelites.net\/it\/wp-json\/wp\/v2\/media?parent=20255"}],"wp:term":[{"taxonomy":"category","embeddable":true,"href":"https:\/\/carmelites.net\/it\/wp-json\/wp\/v2\/categories?post=20255"},{"taxonomy":"post_tag","embeddable":true,"href":"https:\/\/carmelites.net\/it\/wp-json\/wp\/v2\/tags?post=20255"}],"curies":[{"name":"wp","href":"https:\/\/api.w.org\/{rel}","templated":true}]}}