{"id":5970,"date":"2025-10-19T11:11:07","date_gmt":"2025-10-19T16:11:07","guid":{"rendered":"https:\/\/carmelites.net\/?p=5970"},"modified":"2025-10-25T11:12:35","modified_gmt":"2025-10-25T16:12:35","slug":"milton-o-carm-hilary","status":"publish","type":"post","link":"https:\/\/carmelites.net\/es\/obituary\/milton-o-carm-hilary\/","title":{"rendered":"MILTON, O.Carm., Hilary"},"content":{"rendered":"<div data-elementor-type=\"wp-post\" data-elementor-id=\"5970\" class=\"elementor elementor-5970\" data-elementor-post-type=\"post\">\n\t\t\t\t\t\t<section data-particle_enable=\"false\" data-particle-mobile-disabled=\"false\" class=\"elementor-section elementor-top-section elementor-element elementor-element-a159e23 elementor-section-boxed elementor-section-height-default elementor-section-height-default\" data-id=\"a159e23\" data-element_type=\"section\" data-e-type=\"section\">\n\t\t\t\t\t\t<div class=\"elementor-container elementor-column-gap-default\">\n\t\t\t\t\t<div class=\"elementor-column elementor-col-100 elementor-top-column elementor-element elementor-element-52197be\" data-id=\"52197be\" data-element_type=\"column\" data-e-type=\"column\">\n\t\t\t<div class=\"elementor-widget-wrap elementor-element-populated\">\n\t\t\t\t\t\t<div class=\"elementor-element elementor-element-847af1f elementor-widget elementor-widget-text-editor\" data-id=\"847af1f\" data-element_type=\"widget\" data-e-type=\"widget\" data-widget_type=\"text-editor.default\">\n\t\t\t\t<div class=\"elementor-widget-container\">\n\t\t\t\t\t\t\t\t\t<h4><strong>Informaci\u00f3n necrol\u00f3gica:<\/strong><\/h4>\t\t\t\t\t\t\t\t<\/div>\n\t\t\t\t<\/div>\n\t\t\t\t<div class=\"elementor-element elementor-element-2bd3856 elementor-widget elementor-widget-image\" data-id=\"2bd3856\" data-element_type=\"widget\" data-e-type=\"widget\" data-widget_type=\"image.default\">\n\t\t\t\t<div class=\"elementor-widget-container\">\n\t\t\t\t\t\t\t\t\t\t\t\t\t\t\t<img loading=\"lazy\" decoding=\"async\" width=\"768\" height=\"1182\" src=\"https:\/\/carmelites.net\/wp-content\/uploads\/2024\/03\/HM-Prayer-Card-2-768x1182.jpg\" class=\"attachment-medium_large size-medium_large wp-image-22070\" alt=\"\" srcset=\"https:\/\/carmelites.net\/wp-content\/uploads\/2024\/03\/HM-Prayer-Card-2-768x1182.jpg 768w, https:\/\/carmelites.net\/wp-content\/uploads\/2024\/03\/HM-Prayer-Card-2-195x300.jpg 195w, https:\/\/carmelites.net\/wp-content\/uploads\/2024\/03\/HM-Prayer-Card-2-665x1024.jpg 665w, https:\/\/carmelites.net\/wp-content\/uploads\/2024\/03\/HM-Prayer-Card-2-8x12.jpg 8w, https:\/\/carmelites.net\/wp-content\/uploads\/2024\/03\/HM-Prayer-Card-2.jpg 887w\" sizes=\"auto, (max-width: 768px) 100vw, 768px\" \/>\t\t\t\t\t\t\t\t\t\t\t\t\t\t\t<\/div>\n\t\t\t\t<\/div>\n\t\t\t\t\t<\/div>\n\t\t<\/div>\n\t\t\t\t\t<\/div>\n\t\t<\/section>\n\t\t\t\t<section data-particle_enable=\"false\" data-particle-mobile-disabled=\"false\" class=\"elementor-section elementor-top-section elementor-element elementor-element-691b44a elementor-section-stretched elementor-section-boxed elementor-section-height-default elementor-section-height-default\" data-id=\"691b44a\" data-element_type=\"section\" data-e-type=\"section\" data-settings=\"{&quot;stretch_section&quot;:&quot;section-stretched&quot;}\">\n\t\t\t\t\t\t<div class=\"elementor-container elementor-column-gap-default\">\n\t\t\t\t\t<div class=\"elementor-column elementor-col-50 elementor-top-column elementor-element elementor-element-87b24fa\" data-id=\"87b24fa\" data-element_type=\"column\" data-e-type=\"column\">\n\t\t\t<div class=\"elementor-widget-wrap elementor-element-populated\">\n\t\t\t\t\t\t<div class=\"elementor-element elementor-element-ecfd5ba elementor-widget elementor-widget-image\" data-id=\"ecfd5ba\" data-element_type=\"widget\" data-e-type=\"widget\" data-widget_type=\"image.default\">\n\t\t\t\t<div class=\"elementor-widget-container\">\n\t\t\t\t\t\t\t\t\t\t\t\t\t\t\t<img loading=\"lazy\" decoding=\"async\" width=\"600\" height=\"600\" src=\"https:\/\/carmelites.net\/wp-content\/uploads\/2024\/03\/HM-Prayer-Card-1x1-1.png\" class=\"attachment-large size-large wp-image-22066\" alt=\"\" srcset=\"https:\/\/carmelites.net\/wp-content\/uploads\/2024\/03\/HM-Prayer-Card-1x1-1.png 600w, https:\/\/carmelites.net\/wp-content\/uploads\/2024\/03\/HM-Prayer-Card-1x1-1-300x300.png 300w, https:\/\/carmelites.net\/wp-content\/uploads\/2024\/03\/HM-Prayer-Card-1x1-1-150x150.png 150w, https:\/\/carmelites.net\/wp-content\/uploads\/2024\/03\/HM-Prayer-Card-1x1-1-12x12.png 12w\" sizes=\"auto, (max-width: 600px) 100vw, 600px\" \/>\t\t\t\t\t\t\t\t\t\t\t\t\t\t\t<\/div>\n\t\t\t\t<\/div>\n\t\t\t\t<div class=\"elementor-element elementor-element-f983bd4 elementor-widget elementor-widget-image\" data-id=\"f983bd4\" data-element_type=\"widget\" data-e-type=\"widget\" data-widget_type=\"image.default\">\n\t\t\t\t<div class=\"elementor-widget-container\">\n\t\t\t\t\t\t\t\t\t\t\t\t\t\t\t<img loading=\"lazy\" decoding=\"async\" width=\"460\" height=\"540\" src=\"https:\/\/carmelites.net\/wp-content\/uploads\/2025\/10\/Screenshot-2025-10-21-at-12.54.37-PM.png\" class=\"attachment-large size-large wp-image-22078\" alt=\"\" srcset=\"https:\/\/carmelites.net\/wp-content\/uploads\/2025\/10\/Screenshot-2025-10-21-at-12.54.37-PM.png 460w, https:\/\/carmelites.net\/wp-content\/uploads\/2025\/10\/Screenshot-2025-10-21-at-12.54.37-PM-256x300.png 256w, https:\/\/carmelites.net\/wp-content\/uploads\/2025\/10\/Screenshot-2025-10-21-at-12.54.37-PM-10x12.png 10w\" sizes=\"auto, (max-width: 460px) 100vw, 460px\" \/>\t\t\t\t\t\t\t\t\t\t\t\t\t\t\t<\/div>\n\t\t\t\t<\/div>\n\t\t\t\t\t<\/div>\n\t\t<\/div>\n\t\t\t\t<div class=\"elementor-column elementor-col-50 elementor-top-column elementor-element elementor-element-818d9c0\" data-id=\"818d9c0\" data-element_type=\"column\" data-e-type=\"column\">\n\t\t\t<div class=\"elementor-widget-wrap elementor-element-populated\">\n\t\t\t\t\t\t<div class=\"elementor-element elementor-element-75b74bf elementor-widget elementor-widget-text-editor\" data-id=\"75b74bf\" data-element_type=\"widget\" data-e-type=\"widget\" data-widget_type=\"text-editor.default\">\n\t\t\t\t<div class=\"elementor-widget-container\">\n\t\t\t\t\t\t\t\t\t<h4><strong>Rev. Hilary Milton, O.Carm.<\/strong><br \/>29 de junio de 1936 - 19 de octubre de 2025<\/h4>\t\t\t\t\t\t\t\t<\/div>\n\t\t\t\t<\/div>\n\t\t\t\t<div class=\"elementor-element elementor-element-ca459e7 elementor-widget elementor-widget-text-editor\" data-id=\"ca459e7\" data-element_type=\"widget\" data-e-type=\"widget\" data-widget_type=\"text-editor.default\">\n\t\t\t\t<div class=\"elementor-widget-container\">\n\t\t\t\t\t\t\t\t\t<p>El Rev. Hilary Milton, O.Carm., de 89 a\u00f1os, falleci\u00f3 el 19 de octubre de 2025 en Salem,<br \/>Massachusetts. Habr\u00e1 una visita en la Parroquia de Santo Tom\u00e1s Ap\u00f3stol en<br \/>Salem, Massachusetts, el jueves 23 de octubre de 2025, a las 10.00 horas, seguido de<br \/>la Misa Funeral a las 11:00 AM. El entierro seguir\u00e1 en el Cementerio de Santa Mar\u00eda.<br \/>en Salem.<\/p><p>Nacido de John Milton y Mary E. (Donnelly) Milton, el 29 de junio de 1936, en Melrose,<br \/>Massachusetts, fue bautizado como John Joseph Milton en la iglesia del Sagrado Coraz\u00f3n de<br \/>Malden, Massachusetts, el 23 de agosto de 1936. Estudi\u00f3 en St.<br \/>Escuela Primaria en Sommerville, Massachusetts, de 1942 a 1950.<\/p><p>El P. Hilary ingres\u00f3 en el Seminario Menor Carmelita de Hamilton, Massachusetts en<br \/>1950. Tras terminar el bachillerato y cursar un a\u00f1o de estudios universitarios en Mount<br \/>Carmel College en Niagara Falls, Ontario, Canad\u00e1, ingres\u00f3 en el Carmelo<br \/>Noviciado en New Baltimore, Pensilvania, en 1956, donde tom\u00f3 el<br \/>nombre de Hilario. Profes\u00f3 sus votos simples como carmelita en Nueva Baltimore.<br \/>el 22 de agosto de 1957, y sus votos solemnes en el Whitefriars Hall de Washington, D.C.<br \/>el 22 de agosto de 1960. Fue ordenado sacerdote en el Santuario de La Salette.<br \/>en Ipswich, Massachusetts, el 25 de mayo de 1963.<\/p><p>Antes de su ordenaci\u00f3n sacerdotal, el P. Hilary hab\u00eda obtenido una licenciatura en Letras<br \/>en Filosof\u00eda por la Universidad de San Buenaventura de Olean, Nueva York, en 1960.<br \/>Mientras estudiaba teolog\u00eda en Whitefriars Hall, entre 1960 y 1964, estudi\u00f3 tambi\u00e9n<br \/>Espa\u00f1ol en la Universidad de Georgetown de 1961 a 1963. Posteriormente obtuvo un m\u00e1ster<br \/>John's University, Brooklyn, Nueva York.<br \/>York, en 1974, y Master of Divinity Degree por la Princeton Theological<br \/>Seminario de Princeton, Nueva Jersey, en 1976.<\/p><p>El P. Hilary form\u00f3 parte del profesorado de la DeSales High School de Louisville, Kentucky, del<br \/>1964-1965. Durante los cuatro a\u00f1os siguientes, 1965-1969, el P. Hilary estuvo destinado en Lima,<br \/>Per\u00fa, formando parte del claustro de profesores del colegio Nuestra Se\u00f1ora del Carmen.<br \/>Escuela y sirviendo en la Parroquia Nuestra Se\u00f1ora del Carmen en Miraflores, Lima. El P.<br \/>Hilary tambi\u00e9n regres\u00f3 a Lima, 1971-1972, como pastora asociada en la iglesia de Miraflores.<br \/>parroquia.<\/p><p>El P. Hilary sirvi\u00f3 en numerosas parroquias carmelitas de Nueva Jersey durante cincuenta a\u00f1os.<br \/>per\u00edodo 1969-2019. Esto incluy\u00f3 puestos como Pastor Asociado en St.<br \/>Parroquia, Bogot\u00e1, 1969-1970, Parroquia San Juan, Leonia, 1970-1971, Santa Anastasia<br \/>Parish, Teaneck, 1972-1975, en Team Ministry en St. John Parish en Leonia, <br \/>1975-1978, p\u00e1rroco de la parroquia de St. John, Leonia, de 1978-1984, p\u00e1rroco en St.<br \/>Joseph Parish Demarest, 1984-1990, p\u00e1rroco de St. Anastasia Parish, Teaneck,<br \/>de 1990 a 2002, vicario parroquial en la parroquia de Santa Cecilia, Englewood, de 2002 a 2008,<br \/>y p\u00e1rroco de la parroquia de Santa Cecilia, Englewood, 2008-2019. Adem\u00e1s de su<br \/>Adem\u00e1s de su labor parroquial, el P. Hilary tambi\u00e9n fue director del cementerio de Mount Carmel en<br \/>Tenafly, Nueva Jersey, de 1994 a 2001.<\/p><p>El padre Hilary se retir\u00f3 al Priorato de Santa Cecilia en Englewood, Nueva Jersey, en 2019, y<br \/>Desde 2024 resid\u00eda con su hermana gemela, Mary Milton, en Salem, Massachusetts.<br \/>Le sobreviven su hermana, Mary Milton, y sus hermanos carmelitas del<br \/>Provincia del Pur\u00edsimo Coraz\u00f3n de Mar\u00eda.<\/p><p>Que el P. Hilary descanse en la paz de Cristo, a quien sirvi\u00f3 tan fielmente con el<br \/>comunidad carmelita desde hace 75 a\u00f1os.<\/p><p>Las donaciones en memoria del P. Hilary pueden hacerse a la Sociedad del Monte Carmelo,<br \/>1317 North Frontage Road, Darien, Illinois 60561.<\/p>\t\t\t\t\t\t\t\t<\/div>\n\t\t\t\t<\/div>\n\t\t\t\t\t<\/div>\n\t\t<\/div>\n\t\t\t\t\t<\/div>\n\t\t<\/section>\n\t\t\t\t<section data-particle_enable=\"false\" data-particle-mobile-disabled=\"false\" class=\"elementor-section elementor-top-section elementor-element elementor-element-cb776b1 elementor-section-boxed elementor-section-height-default elementor-section-height-default\" data-id=\"cb776b1\" data-element_type=\"section\" data-e-type=\"section\">\n\t\t\t\t\t\t<div class=\"elementor-container elementor-column-gap-default\">\n\t\t\t\t\t<div class=\"elementor-column elementor-col-50 elementor-top-column elementor-element elementor-element-2e8cbcc\" data-id=\"2e8cbcc\" data-element_type=\"column\" data-e-type=\"column\">\n\t\t\t<div class=\"elementor-widget-wrap elementor-element-populated\">\n\t\t\t\t\t\t<div class=\"elementor-element elementor-element-48d3af5 elementor-align-center elementor-widget elementor-widget-button\" data-id=\"48d3af5\" data-element_type=\"widget\" data-e-type=\"widget\" data-widget_type=\"button.default\">\n\t\t\t\t<div class=\"elementor-widget-container\">\n\t\t\t\t\t\t\t\t\t<div class=\"elementor-button-wrapper\">\n\t\t\t\t\t<a class=\"elementor-button elementor-button-link elementor-size-sm\" href=\"http:\/\/carmelites.net\/es\/friars-of-pcm\/\">\n\t\t\t\t\t\t<span class=\"elementor-button-content-wrapper\">\n\t\t\t\t\t\t\t\t\t<span class=\"elementor-button-text\">Volver a todos los frailes<\/span>\n\t\t\t\t\t<\/span>\n\t\t\t\t\t<\/a>\n\t\t\t\t<\/div>\n\t\t\t\t\t\t\t\t<\/div>\n\t\t\t\t<\/div>\n\t\t\t\t\t<\/div>\n\t\t<\/div>\n\t\t\t\t<div class=\"elementor-column elementor-col-50 elementor-top-column elementor-element elementor-element-ccb0d95\" data-id=\"ccb0d95\" data-element_type=\"column\" data-e-type=\"column\">\n\t\t\t<div class=\"elementor-widget-wrap elementor-element-populated\">\n\t\t\t\t\t\t\t<\/div>\n\t\t<\/div>\n\t\t\t\t\t<\/div>\n\t\t<\/section>\n\t\t\t\t<\/div>","protected":false},"excerpt":{"rendered":"<p>Obituary Info: Rev. Hilary Milton, O.Carm.June 29, 1936 \u2013 October 19, 2025 Rev. Hilary Milton, O.Carm., age 89, died on October 19, 2025, in Salem,Massachusetts. There will be a visitation [&hellip;]<\/p>\n","protected":false},"author":1,"featured_media":5971,"comment_status":"closed","ping_status":"open","sticky":false,"template":"","format":"standard","meta":{"rs_blank_template":"","rs_page_bg_color":"","slide_template_v7":"","_analytify_skip_tracking":false,"footnotes":""},"categories":[257],"tags":[28],"class_list":["post-5970","post","type-post","status-publish","format-standard","has-post-thumbnail","hentry","category-obituary","tag-m"],"aioseo_notices":[],"_links":{"self":[{"href":"https:\/\/carmelites.net\/es\/wp-json\/wp\/v2\/posts\/5970","targetHints":{"allow":["GET"]}}],"collection":[{"href":"https:\/\/carmelites.net\/es\/wp-json\/wp\/v2\/posts"}],"about":[{"href":"https:\/\/carmelites.net\/es\/wp-json\/wp\/v2\/types\/post"}],"author":[{"embeddable":true,"href":"https:\/\/carmelites.net\/es\/wp-json\/wp\/v2\/users\/1"}],"replies":[{"embeddable":true,"href":"https:\/\/carmelites.net\/es\/wp-json\/wp\/v2\/comments?post=5970"}],"version-history":[{"count":64,"href":"https:\/\/carmelites.net\/es\/wp-json\/wp\/v2\/posts\/5970\/revisions"}],"predecessor-version":[{"id":22100,"href":"https:\/\/carmelites.net\/es\/wp-json\/wp\/v2\/posts\/5970\/revisions\/22100"}],"wp:featuredmedia":[{"embeddable":true,"href":"https:\/\/carmelites.net\/es\/wp-json\/wp\/v2\/media\/5971"}],"wp:attachment":[{"href":"https:\/\/carmelites.net\/es\/wp-json\/wp\/v2\/media?parent=5970"}],"wp:term":[{"taxonomy":"category","embeddable":true,"href":"https:\/\/carmelites.net\/es\/wp-json\/wp\/v2\/categories?post=5970"},{"taxonomy":"post_tag","embeddable":true,"href":"https:\/\/carmelites.net\/es\/wp-json\/wp\/v2\/tags?post=5970"}],"curies":[{"name":"wp","href":"https:\/\/api.w.org\/{rel}","templated":true}]}}