{"id":5956,"date":"2024-04-25T19:42:32","date_gmt":"2024-04-26T00:42:32","guid":{"rendered":"https:\/\/carmelites.net\/?p=5956"},"modified":"2025-08-06T19:29:58","modified_gmt":"2025-08-07T00:29:58","slug":"marsh-o-carm-ivan-cormac","status":"publish","type":"post","link":"https:\/\/carmelites.net\/es\/obituary\/marsh-o-carm-ivan-cormac\/","title":{"rendered":"MARSH, O.Carm., Ivan Cormac"},"content":{"rendered":"<div data-elementor-type=\"wp-post\" data-elementor-id=\"5956\" class=\"elementor elementor-5956\" data-elementor-post-type=\"post\">\n\t\t\t\t\t\t<section data-particle_enable=\"false\" data-particle-mobile-disabled=\"false\" class=\"elementor-section elementor-top-section elementor-element elementor-element-a159e23 elementor-section-boxed elementor-section-height-default elementor-section-height-default\" data-id=\"a159e23\" data-element_type=\"section\" data-e-type=\"section\">\n\t\t\t\t\t\t<div class=\"elementor-container elementor-column-gap-default\">\n\t\t\t\t\t<div class=\"elementor-column elementor-col-100 elementor-top-column elementor-element elementor-element-52197be\" data-id=\"52197be\" data-element_type=\"column\" data-e-type=\"column\">\n\t\t\t<div class=\"elementor-widget-wrap elementor-element-populated\">\n\t\t\t\t\t\t<div class=\"elementor-element elementor-element-847af1f elementor-widget elementor-widget-text-editor\" data-id=\"847af1f\" data-element_type=\"widget\" data-e-type=\"widget\" data-widget_type=\"text-editor.default\">\n\t\t\t\t<div class=\"elementor-widget-container\">\n\t\t\t\t\t\t\t\t\t<h2><b><span data-contrast=\"none\">FALLECE EL SACERDOTE CARMELITA IVAN CORMAC MARSH<\/span><\/b><span data-ccp-props=\"{&quot;335551550&quot;:2,&quot;335551620&quot;:2}\">\u00a0<\/span><\/h2><p><span data-ccp-props=\"{&quot;335551550&quot;:2,&quot;335551620&quot;:2}\">\u00a0<\/span><span data-contrast=\"auto\">(25 de abril de 2024; Darien, IL) La Provincia del Pur\u00edsimo Coraz\u00f3n de Mar\u00eda (PCM), Orden de los Carmelitas, lamenta la muerte del Reverendo Ivan Cormac March, O. Carm., fallecido a la edad de 87 a\u00f1os el 25 de abril de 2024.<\/span><span data-ccp-props=\"{&quot;335559731&quot;:720,&quot;335559739&quot;:120}\">\u00a0<\/span><\/p><p><span data-contrast=\"auto\">El velatorio del padre Ivan se celebrar\u00e1 en la iglesia cat\u00f3lica del Santo Rosario, 1420 31<\/span><span data-contrast=\"auto\">st<\/span><span data-contrast=\"auto\"> Street, Galveston, Texas, 77550, el s\u00e1bado 11 de mayo de 2024, a las 9:30 a.m., y ser\u00e1 seguido inmediatamente por una Misa Funeral a las 11:00 a.m.. Inmediatamente despu\u00e9s de la Misa, el entierro tendr\u00e1 lugar en Mt. Olivet Cemetery, 7801 Gulf Fwy, Dickinson, TX, 77539.\u00a0<\/span><span data-ccp-props=\"{&quot;335559731&quot;:720,&quot;335559739&quot;:120}\">\u00a0<\/span><\/p><p><span data-contrast=\"auto\">Ivan naci\u00f3 el 16 de enero de 1937 en Weeks Island, Luisiana, hijo de Robert Marsh y Beulah (Dixon) Marsh. Su nombre de bautismo era Ivan John.\u00a0<\/span><span data-ccp-props=\"{&quot;335559731&quot;:720,&quot;335559739&quot;:120}\">\u00a0<\/span><\/p><p><span data-contrast=\"auto\">Ivan estudi\u00f3 en el Holy Rosary Grade School y en el Central High School de Galveston, Texas. Ivan ingres\u00f3 en los Hermanos de las Escuelas Cristianas e hizo los votos temporales en 1957. Posteriormente, obtuvo la licenciatura (1960) y el m\u00e1ster en Educaci\u00f3n (1965) en el St Mary's College de Winona, Minnesota. Tambi\u00e9n obtuvo un m\u00e1ster en Manhattan College (1970) en Bronx, NY. De 1960 a 1975, el Hno. Ivan fue profesor en seis escuelas secundarias de los Hermanos de las Escuelas Cristianas y, de 1975 a 1978, fue director del Centro de Retiros de los Hermanos de las Escuelas Cristianas en Joliet, Illinois.\u00a0<\/span><span data-ccp-props=\"{&quot;335559731&quot;:720,&quot;335559739&quot;:120}\">\u00a0<\/span><\/p><p><span data-contrast=\"auto\">En 1978, Ivan ingres\u00f3 en el Carmelo y emiti\u00f3 los votos solemnes el 14 de diciembre de 1979. Obtuvo un Master en Divinidad en el Seminario de la Inmaculada Concepci\u00f3n (1980) en Darlington, Nueva Jersey, y fue ordenado sacerdote el 14 de diciembre de 1979.<\/span> <span data-contrast=\"auto\">sacerdote carmelita el 17 de mayo de 1980.  Mientras continuaba sus estudios teol\u00f3gicos en el Seminario de la Inmaculada Concepci\u00f3n, desempe\u00f1\u00f3 su labor parroquial en la Parroquia de Santa Anastasia en Teaneck, NJ, sirviendo consecutivamente como interno, di\u00e1cono, director local de vocaciones, y finalmente como p\u00e1rroco asociado. En junio de 1982, el P. Ivan se traslad\u00f3 al Priorato de San El\u00edas en Joliet, Illinois. Durante dos a\u00f1os trabaj\u00f3 como Ministro\/Director del Campus en la Universidad de Lewis y como Director de Vocaciones del Medio Oeste. Luego, despu\u00e9s de un a\u00f1o sab\u00e1tico para estudios de espiritualidad en la Universidad de St. Louis, se traslad\u00f3 al Priorato de Nuestra Se\u00f1ora del Monte Carmelo en Williamstown, MA para servir como maestro de novicios de 1985 a 1987. El P. Ivan se traslad\u00f3 a Whitefriars Hall en Washington, DC, donde ejerci\u00f3 como Ministro del Campus de la Universidad de Georgetown (1987 a 1994) y despu\u00e9s como Director en funciones del Ministerio del Campus (1994 a 1996), al tiempo que impart\u00eda clases en la universidad. En 1996 el P. Ivan se traslad\u00f3 a Mahwah, NJ, donde sirvi\u00f3 como Director Espiritual en el Retiro Carmelita y luego a Houston, TX en 2000 donde sirvi\u00f3 como Director Espiritual en el Seminario St. Finalmente, en 2007, el P. Ivan se retir\u00f3 al Priorato de San Cirilo de Alejandr\u00eda en Tucson, AZ. En 2014 se traslad\u00f3 al Priorato de Nuestra Se\u00f1ora del Monte Carmelo, tambi\u00e9n en Tucson, AZ. Debido a las necesidades de atenci\u00f3n m\u00e9dica, en 2019<\/span> <span data-contrast=\"auto\">El P. Ivan se traslad\u00f3 a la residencia Sunrise at River Road Assisted Living Facility en Tucson, AZ, donde permaneci\u00f3 hasta su muerte.<\/span><span data-ccp-props=\"{&quot;335559731&quot;:720,&quot;335559739&quot;:120}\">\u00a0<\/span><\/p><p><span data-contrast=\"auto\">Que descanse en paz.<\/span><span data-ccp-props=\"{&quot;335559731&quot;:720,&quot;335559739&quot;:120}\">\u00a0<\/span><\/p><p><span data-contrast=\"auto\">Las donaciones en honor del Reverendo Ivan Cormac March, O. Carm., pueden hacerse a: The Society of Mount Carmel, 1317 North Frontage Road, Darien, Illinois, 60561.\u00a0<\/span><span data-ccp-props=\"{&quot;335559739&quot;:120}\">\u00a0<\/span><\/p><p><span data-contrast=\"auto\">Para m\u00e1s informaci\u00f3n sobre el Reverendo Ivan Cormac Marsh, O. Carm., o la Orden de los Carmelitas, p\u00f3ngase en contacto con Carmelite Media en el (630) 971-0724 o visite la p\u00e1gina web de los Carmelitas en www.carmelites.net.<\/span><span data-ccp-props=\"{&quot;335559731&quot;:720,&quot;335559739&quot;:120}\">\u00a0<\/span><\/p>\t\t\t\t\t\t\t\t<\/div>\n\t\t\t\t<\/div>\n\t\t\t\t\t<\/div>\n\t\t<\/div>\n\t\t\t\t\t<\/div>\n\t\t<\/section>\n\t\t\t\t<\/div>","protected":false},"excerpt":{"rendered":"<p>CARMELITE PRIEST IVAN CORMAC MARSH DIES\u00a0 \u00a0(April 25, 2024; Darien, IL) The Province of the Most Pure Heart of Mary (PCM), Order of Carmelites, mourns the death of the Reverend [&hellip;]<\/p>\n","protected":false},"author":1,"featured_media":5957,"comment_status":"closed","ping_status":"open","sticky":false,"template":"","format":"standard","meta":{"rs_blank_template":"","rs_page_bg_color":"","slide_template_v7":"","_analytify_skip_tracking":false,"footnotes":""},"categories":[257],"tags":[28],"class_list":["post-5956","post","type-post","status-publish","format-standard","has-post-thumbnail","hentry","category-obituary","tag-m"],"aioseo_notices":[],"_links":{"self":[{"href":"https:\/\/carmelites.net\/es\/wp-json\/wp\/v2\/posts\/5956","targetHints":{"allow":["GET"]}}],"collection":[{"href":"https:\/\/carmelites.net\/es\/wp-json\/wp\/v2\/posts"}],"about":[{"href":"https:\/\/carmelites.net\/es\/wp-json\/wp\/v2\/types\/post"}],"author":[{"embeddable":true,"href":"https:\/\/carmelites.net\/es\/wp-json\/wp\/v2\/users\/1"}],"replies":[{"embeddable":true,"href":"https:\/\/carmelites.net\/es\/wp-json\/wp\/v2\/comments?post=5956"}],"version-history":[{"count":22,"href":"https:\/\/carmelites.net\/es\/wp-json\/wp\/v2\/posts\/5956\/revisions"}],"predecessor-version":[{"id":21091,"href":"https:\/\/carmelites.net\/es\/wp-json\/wp\/v2\/posts\/5956\/revisions\/21091"}],"wp:featuredmedia":[{"embeddable":true,"href":"https:\/\/carmelites.net\/es\/wp-json\/wp\/v2\/media\/5957"}],"wp:attachment":[{"href":"https:\/\/carmelites.net\/es\/wp-json\/wp\/v2\/media?parent=5956"}],"wp:term":[{"taxonomy":"category","embeddable":true,"href":"https:\/\/carmelites.net\/es\/wp-json\/wp\/v2\/categories?post=5956"},{"taxonomy":"post_tag","embeddable":true,"href":"https:\/\/carmelites.net\/es\/wp-json\/wp\/v2\/tags?post=5956"}],"curies":[{"name":"wp","href":"https:\/\/api.w.org\/{rel}","templated":true}]}}