{"id":27483,"date":"2026-09-01T20:36:02","date_gmt":"2026-09-02T01:36:02","guid":{"rendered":"https:\/\/carmelites.net\/?p=27483"},"modified":"2026-09-01T20:39:44","modified_gmt":"2026-09-02T01:39:44","slug":"newsletter-for-september-2026-no-18","status":"publish","type":"post","link":"https:\/\/carmelites.net\/es\/laudato-si\/newsletter-for-september-2026-no-18\/","title":{"rendered":"Newsletter for September 2026, No. 18"},"content":{"rendered":"<div data-elementor-type=\"wp-post\" data-elementor-id=\"27483\" class=\"elementor elementor-27483\" data-elementor-post-type=\"post\">\n\t\t\t\t<div data-particle_enable=\"false\" data-particle-mobile-disabled=\"false\" class=\"elementor-element elementor-element-c1eb727 e-flex e-con-boxed e-con e-parent\" data-id=\"c1eb727\" data-element_type=\"container\" data-e-type=\"container\" data-settings=\"{&quot;background_background&quot;:&quot;classic&quot;}\">\n\t\t\t\t\t<div class=\"e-con-inner\">\n\t\t\t\t<div class=\"elementor-element elementor-element-f477680 elementor-widget elementor-widget-image\" data-id=\"f477680\" data-element_type=\"widget\" data-e-type=\"widget\" data-widget_type=\"image.default\">\n\t\t\t\t<div class=\"elementor-widget-container\">\n\t\t\t\t\t\t\t\t\t\t\t\t\t\t\t<img loading=\"lazy\" decoding=\"async\" width=\"800\" height=\"359\" src=\"https:\/\/carmelites.net\/wp-content\/uploads\/2025\/03\/Spanish1200.png\" class=\"attachment-large size-large wp-image-19783\" alt=\"\" srcset=\"https:\/\/carmelites.net\/wp-content\/uploads\/2025\/03\/Spanish1200.png 1200w, https:\/\/carmelites.net\/wp-content\/uploads\/2025\/03\/Spanish1200-300x135.png 300w, https:\/\/carmelites.net\/wp-content\/uploads\/2025\/03\/Spanish1200-1024x461.png 1024w, https:\/\/carmelites.net\/wp-content\/uploads\/2025\/03\/Spanish1200-768x346.png 768w, https:\/\/carmelites.net\/wp-content\/uploads\/2025\/03\/Spanish1200-18x8.png 18w\" sizes=\"auto, (max-width: 800px) 100vw, 800px\" \/>\t\t\t\t\t\t\t\t\t\t\t\t\t\t\t<\/div>\n\t\t\t\t<\/div>\n\t\t\t\t<div class=\"elementor-element elementor-element-5861f7a elementor-widget elementor-widget-text-editor\" data-id=\"5861f7a\" data-element_type=\"widget\" data-e-type=\"widget\" data-widget_type=\"text-editor.default\">\n\t\t\t\t<div class=\"elementor-widget-container\">\n\t\t\t\t\t\t\t\t\t<h3 style=\"text-align: center;\"><strong>Laudato Si\u2019 Action Plan Newsletter for September 2026, No. 18<\/strong><\/h3>\t\t\t\t\t\t\t\t<\/div>\n\t\t\t\t<\/div>\n\t\t\t\t<div class=\"elementor-element elementor-element-87ba131 elementor-widget elementor-widget-text-editor\" data-id=\"87ba131\" data-element_type=\"widget\" data-e-type=\"widget\" data-widget_type=\"text-editor.default\">\n\t\t\t\t<div class=\"elementor-widget-container\">\n\t\t\t\t\t\t\t\t\t<p><em>Welcome to the eighteenth edition of the Laudato Si&#8217; Action Plan Newsletter of the Carmelite PCM Province. This electronic newsletter is intended to inform the members and partners of this province on our collective commitment to living the values of Laudato Si&#8217; \u2013hearing and responding to the cries of the earth and the cries of the poor.\u00a0 It is prepared by Laudato Si\u2019 Action Plan Coordinator, Dennis Kalob.<\/em><\/p>\t\t\t\t\t\t\t\t<\/div>\n\t\t\t\t<\/div>\n\t\t\t\t<div class=\"elementor-element elementor-element-6f236e8 elementor-widget-divider--view-line elementor-widget elementor-widget-divider\" data-id=\"6f236e8\" data-element_type=\"widget\" data-e-type=\"widget\" data-widget_type=\"divider.default\">\n\t\t\t\t<div class=\"elementor-widget-container\">\n\t\t\t\t\t\t\t<div class=\"elementor-divider\">\n\t\t\t<span class=\"elementor-divider-separator\">\n\t\t\t\t\t\t<\/span>\n\t\t<\/div>\n\t\t\t\t\t\t<\/div>\n\t\t\t\t<\/div>\n\t\t\t\t<div class=\"elementor-element elementor-element-aac7b30 elementor-widget elementor-widget-heading\" data-id=\"aac7b30\" data-element_type=\"widget\" data-e-type=\"widget\" data-widget_type=\"heading.default\">\n\t\t\t\t<div class=\"elementor-widget-container\">\n\t\t\t\t\t<h1 class=\"elementor-heading-title elementor-size-default\">UN MENSAJE MUY IMPORTANTE PARA TODOS VOSOTROS:<\/h1>\t\t\t\t<\/div>\n\t\t\t\t<\/div>\n\t\t\t\t<div class=\"elementor-element elementor-element-10f5095 elementor-widget-divider--view-line elementor-widget elementor-widget-divider\" data-id=\"10f5095\" data-element_type=\"widget\" data-e-type=\"widget\" data-widget_type=\"divider.default\">\n\t\t\t\t<div class=\"elementor-widget-container\">\n\t\t\t\t\t\t\t<div class=\"elementor-divider\">\n\t\t\t<span class=\"elementor-divider-separator\">\n\t\t\t\t\t\t<\/span>\n\t\t<\/div>\n\t\t\t\t\t\t<\/div>\n\t\t\t\t<\/div>\n\t\t\t\t<div class=\"elementor-element elementor-element-50b5b8c elementor-widget elementor-widget-text-editor\" data-id=\"50b5b8c\" data-element_type=\"widget\" data-e-type=\"widget\" data-widget_type=\"text-editor.default\">\n\t\t\t\t<div class=\"elementor-widget-container\">\n\t\t\t\t\t\t\t\t\t<p>If you or a member of your ministry or community submitted a plan that was included in our province\u2019s report last year, we ask that you review it now and submit any updates that you may have, including successful projects and promising works in progress.\u00a0 <strong><u>Estaremos pendientes de las actualizaciones para el 4 de octubre, que es la fiesta de San Francisco.<\/u><\/strong>\u00a0<\/p><p>Adem\u00e1s, os pedimos que consider\u00e9is la posibilidad de a\u00f1adir nuevos objetivos que perseguir en 2027 y en los a\u00f1os posteriores. Recordad que estos planes de acci\u00f3n est\u00e1n concebidos como documentos din\u00e1micos, no est\u00e1ticos.\u00a0<\/p><p>If your community or ministry did not have an opportunity to submit an action plan last year, you may do so this year and you will be included in the updated provincial report.\u00a0<\/p><p>Puede encontrar el actual Plan de Acci\u00f3n Laudato Si\u2019 de la Provincia del PCM <a href=\"https:\/\/carmelites.net\/es\/uncategorized\/laudato-si-action-plan-may-2025\/\">aqu\u00ed<\/a>.  Por favor, enviadme vuestras preguntas y comentarios, as\u00ed como los planes de acci\u00f3n nuevos o revisados, a m\u00ed, Dennis Kalob, coordinador del Plan de Acci\u00f3n \u2019Laudato Si\u2019\u00bb: <a href=\"mailto:LSCoordinator@Carmelites.net\">LSCoordinator@Carmelites.net<\/a>.<\/p><p>Thank you most sincerely!<\/p>\t\t\t\t\t\t\t\t<\/div>\n\t\t\t\t<\/div>\n\t\t\t\t<div class=\"elementor-element elementor-element-60ef1a1 elementor-widget-divider--view-line elementor-widget elementor-widget-divider\" data-id=\"60ef1a1\" data-element_type=\"widget\" data-e-type=\"widget\" data-widget_type=\"divider.default\">\n\t\t\t\t<div class=\"elementor-widget-container\">\n\t\t\t\t\t\t\t<div class=\"elementor-divider\">\n\t\t\t<span class=\"elementor-divider-separator\">\n\t\t\t\t\t\t<\/span>\n\t\t<\/div>\n\t\t\t\t\t\t<\/div>\n\t\t\t\t<\/div>\n\t\t\t\t<div class=\"elementor-element elementor-element-691fa30 elementor-widget elementor-widget-heading\" data-id=\"691fa30\" data-element_type=\"widget\" data-e-type=\"widget\" data-widget_type=\"heading.default\">\n\t\t\t\t<div class=\"elementor-widget-container\">\n\t\t\t\t\t<h1 class=\"elementor-heading-title elementor-size-default\">WE ARE IN THE SEASON OF CREATION!<\/h1>\t\t\t\t<\/div>\n\t\t\t\t<\/div>\n\t\t\t\t<div class=\"elementor-element elementor-element-b436f7b elementor-widget elementor-widget-text-editor\" data-id=\"b436f7b\" data-element_type=\"widget\" data-e-type=\"widget\" data-widget_type=\"text-editor.default\">\n\t\t\t\t<div class=\"elementor-widget-container\">\n\t\t\t\t\t\t\t\t\t<p><strong>The Season of Creation began on September 1, the World Day of Prayer for the Care of Creation, and ends on October 4, the Feast of St. Francis of Assisi.<\/strong><\/p><p><strong>The theme of this year\u2019s season is \u201cliving water.\u201d<\/strong><\/p><p><strong>For more information, including some great resources to help you, your community and ministry celebrate the season, you can check out this dedicated webpage (in English or Spanish) from our friends at Catholic Climate Covenant:<\/strong><\/p><p><a href=\"https:\/\/catholicclimatecovenant.org\/resources\/season-of-creation-2026\/\"><strong>https:\/\/catholicclimatecovenant.org\/resources\/season-of-creation-2026\/<\/strong><\/a><\/p>\t\t\t\t\t\t\t\t<\/div>\n\t\t\t\t<\/div>\n\t\t\t\t<div class=\"elementor-element elementor-element-39158a3 elementor-widget-divider--view-line elementor-widget elementor-widget-divider\" data-id=\"39158a3\" data-element_type=\"widget\" data-e-type=\"widget\" data-widget_type=\"divider.default\">\n\t\t\t\t<div class=\"elementor-widget-container\">\n\t\t\t\t\t\t\t<div class=\"elementor-divider\">\n\t\t\t<span class=\"elementor-divider-separator\">\n\t\t\t\t\t\t<\/span>\n\t\t<\/div>\n\t\t\t\t\t\t<\/div>\n\t\t\t\t<\/div>\n\t\t\t\t<div class=\"elementor-element elementor-element-79d85b3 elementor-widget elementor-widget-text-editor\" data-id=\"79d85b3\" data-element_type=\"widget\" data-e-type=\"widget\" data-widget_type=\"text-editor.default\">\n\t\t\t\t<div class=\"elementor-widget-container\">\n\t\t\t\t\t\t\t\t\t<h5><strong>How we live the values of Laudato Si\u2019 is, in part,<br \/>determined by our actions as consumers.<\/strong><\/h5>\t\t\t\t\t\t\t\t<\/div>\n\t\t\t\t<\/div>\n\t\t\t\t<div class=\"elementor-element elementor-element-473869d elementor-widget elementor-widget-text-editor\" data-id=\"473869d\" data-element_type=\"widget\" data-e-type=\"widget\" data-widget_type=\"text-editor.default\">\n\t\t\t\t<div class=\"elementor-widget-container\">\n\t\t\t\t\t\t\t\t\t<p>There are many ways we can hear and respond to the cries of the earth and the cries of the poor.\u00a0 One way is by determining what we choose to purchase.<\/p><p><strong><em>It is good for people to realize that purchasing is always a moral \u2013 and not simply economic \u2013 act. Hence the consumer has a specific social responsibility, which goes hand-in-hand with the social responsibility of the enterprise.<\/em><\/strong> \u2013 Pope Benedict XVI (<a href=\"http:\/\/www.vatican.va\/holy_father\/benedict_xvi\/encyclicals\/documents\/hf_ben-xvi_enc_20090629_caritas-in-veritate_en.html\"><em>Caritas in Veritate<\/em><\/a>)<\/p>\t\t\t\t\t\t\t\t<\/div>\n\t\t\t\t<\/div>\n\t\t\t\t<div class=\"elementor-element elementor-element-b103565 elementor-widget-divider--view-line elementor-widget elementor-widget-divider\" data-id=\"b103565\" data-element_type=\"widget\" data-e-type=\"widget\" data-widget_type=\"divider.default\">\n\t\t\t\t<div class=\"elementor-widget-container\">\n\t\t\t\t\t\t\t<div class=\"elementor-divider\">\n\t\t\t<span class=\"elementor-divider-separator\">\n\t\t\t\t\t\t<\/span>\n\t\t<\/div>\n\t\t\t\t\t\t<\/div>\n\t\t\t\t<\/div>\n\t\t<div data-particle_enable=\"false\" data-particle-mobile-disabled=\"false\" class=\"elementor-element elementor-element-9a34baf e-grid e-con-full e-con e-child\" data-id=\"9a34baf\" data-element_type=\"container\" data-e-type=\"container\">\n\t\t\t\t<div class=\"elementor-element elementor-element-de6b809 elementor-widget elementor-widget-image\" data-id=\"de6b809\" data-element_type=\"widget\" data-e-type=\"widget\" data-widget_type=\"image.default\">\n\t\t\t\t<div class=\"elementor-widget-container\">\n\t\t\t\t\t\t\t\t\t\t\t\t\t\t\t<img loading=\"lazy\" decoding=\"async\" width=\"458\" height=\"610\" src=\"https:\/\/carmelites.net\/wp-content\/uploads\/2026\/09\/Picture1.png\" class=\"attachment-large size-large wp-image-27491\" alt=\"Dennis Car Products\" srcset=\"https:\/\/carmelites.net\/wp-content\/uploads\/2026\/09\/Picture1.png 458w, https:\/\/carmelites.net\/wp-content\/uploads\/2026\/09\/Picture1-225x300.png 225w, https:\/\/carmelites.net\/wp-content\/uploads\/2026\/09\/Picture1-9x12.png 9w\" sizes=\"auto, (max-width: 458px) 100vw, 458px\" \/>\t\t\t\t\t\t\t\t\t\t\t\t\t\t\t<\/div>\n\t\t\t\t<\/div>\n\t\t\t\t<div class=\"elementor-element elementor-element-9d68a43 elementor-widget elementor-widget-text-editor\" data-id=\"9d68a43\" data-element_type=\"widget\" data-e-type=\"widget\" data-widget_type=\"text-editor.default\">\n\t\t\t\t<div class=\"elementor-widget-container\">\n\t\t\t\t\t\t\t\t\t<p>Here I am, standing against the car I bought last year.\u00a0 It is a hybrid and gets 50 miles per gallon.\u00a0 This is good for the environment and for my wallet.<\/p><p>Two products are sitting on the hood of my car.\u00a0 The red bag contains 10 pounds of coffee beans.\u00a0 They are from Equal Exchange, a company that is known for their fair trade and organic products, particularly coffee and chocolate.<\/p><p>Fair trade products guarantee small producers a fair price for their goods (in the case of the coffee, small farmers mostly in Latin America).<\/p><p>It is also awesome that this coffee is delicious!\u00a0 It (whole bean or ground and usually in 12 ounce bags) can be purchased in many stores, as well as <a href=\"https:\/\/shop.equalexchange.coop\/?srsltid=AfmBOoqJxGEcTvJPbBZ-dKMhXYGR49IPF2DUp3rfYI6pmSRt-v2ldqMs\">online<\/a> (where you can also buy their wonderful chocolates).<\/p><p>Equal Exchange, organized as a worker-owned cooperative, is celebrating 40 years of ethical economic action in support of small farms and sustainable agriculture.<\/p><p>The other little boxes that are next to the bag of coffee are products from Cleanomic: thirteen-gallon kitchen trash bags and quart and gallon zip bags ideal for food storage. These bags are compostable (plant-based and yet sturdy).\u00a0 They are good for the environment, especially compared to conventional oil-based plastics.\u00a0 And they are better for human health, addressing the problem of microplastics leaching into the food we consume.\u00a0 <a href=\"https:\/\/cleanomic.com\/?srsltid=AfmBOooWfSDjKRTgWulgDnMxQNOQujdTcE3jyOZAc7fpl7s8tOffK09O\">Cleanomic<\/a> is one of several companies now producing these compostable products. (They can be pricey, but they also offer special deals.)<\/p><p>I do not share this information with you to illustrate how ethical I am in my consumer behavior.\u00a0 I frequently fail to be as ethical as I should in my purchasing.\u00a0 I do buy unhealthy and unsustainable products.\u00a0 It is hard to act justly within the context of an unjust system.\u00a0 I do know, however, that I could try harder (and I pledge to do so).\u00a0 In any case, I do believe that each of us should do <em>what we can<\/em>.\u00a0 If we buy and enjoy coffee, for example, why not try to purchase it from a worker coop that specializes in organic and fair-traded goods?!<\/p><p>So, as we try to do what we can to serve others and the planet, I encourage everyone to find little ways to do so each day.\u00a0 One time to do so is when we shop.\u00a0 (By the way, such ethical shopping can be included in your Laudato Si\u2019 Action Plans.)<\/p>\t\t\t\t\t\t\t\t<\/div>\n\t\t\t\t<\/div>\n\t\t\t\t<\/div>\n\t\t\t\t<div class=\"elementor-element elementor-element-77878ca elementor-widget-divider--view-line elementor-widget elementor-widget-divider\" data-id=\"77878ca\" data-element_type=\"widget\" data-e-type=\"widget\" data-widget_type=\"divider.default\">\n\t\t\t\t<div class=\"elementor-widget-container\">\n\t\t\t\t\t\t\t<div class=\"elementor-divider\">\n\t\t\t<span class=\"elementor-divider-separator\">\n\t\t\t\t\t\t<\/span>\n\t\t<\/div>\n\t\t\t\t\t\t<\/div>\n\t\t\t\t<\/div>\n\t\t\t\t<div class=\"elementor-element elementor-element-e71b3f4 elementor-widget elementor-widget-text-editor\" data-id=\"e71b3f4\" data-element_type=\"widget\" data-e-type=\"widget\" data-widget_type=\"text-editor.default\">\n\t\t\t\t<div class=\"elementor-widget-container\">\n\t\t\t\t\t\t\t\t\t<p><strong>On the Lighter Side\u2026<\/strong><\/p><p>On August 11, the Chicago White Sox held a promotional evening at their baseball park that featured the giving away of some 35,000 replica papal miters.\u00a0 It was a way of celebrating their connection to the world\u2019s most famous Chicago native and White Sox fan, Robert Prevost, better known today as Pope Leo XIV.<\/p><p>Haga clic en <a href=\"https:\/\/www.americamagazine.org\/ideas\/2026\/08\/12\/pope-leo-hat-game-white-sox-chicago-mlb\/\">aqu\u00ed<\/a> for a story from <em>Am\u00e9rica<\/em> <em>Magazine<\/em> about that evening at the ballpark, which also featured a Catholic sister throwing out the first pitch and a 5<sup>th<\/sup> inning \u201csign of peace.\u201d<\/p>\t\t\t\t\t\t\t\t<\/div>\n\t\t\t\t<\/div>\n\t\t\t\t\t<\/div>\n\t\t\t\t<\/div>\n\t\t<div data-particle_enable=\"false\" data-particle-mobile-disabled=\"false\" class=\"elementor-element elementor-element-68f7745 e-flex e-con-boxed e-con e-parent\" data-id=\"68f7745\" data-element_type=\"container\" data-e-type=\"container\">\n\t\t\t\t\t<div class=\"e-con-inner\">\n\t\t<div data-particle_enable=\"false\" data-particle-mobile-disabled=\"false\" class=\"elementor-element elementor-element-03314b4 e-con-full e-flex e-con e-child\" data-id=\"03314b4\" data-element_type=\"container\" data-e-type=\"container\">\n\t\t\t\t<div class=\"elementor-element elementor-element-0ea3902 elementor-widget-divider--view-line elementor-widget elementor-widget-divider\" data-id=\"0ea3902\" data-element_type=\"widget\" data-e-type=\"widget\" data-widget_type=\"divider.default\">\n\t\t\t\t<div class=\"elementor-widget-container\">\n\t\t\t\t\t\t\t<div class=\"elementor-divider\">\n\t\t\t<span class=\"elementor-divider-separator\">\n\t\t\t\t\t\t<\/span>\n\t\t<\/div>\n\t\t\t\t\t\t<\/div>\n\t\t\t\t<\/div>\n\t\t<div data-particle_enable=\"false\" data-particle-mobile-disabled=\"false\" class=\"elementor-element elementor-element-01af610 e-con-full e-flex e-con e-child\" data-id=\"01af610\" data-element_type=\"container\" data-e-type=\"container\">\n\t\t\t\t<div class=\"elementor-element elementor-element-0026577 elementor-post-navigation-borders-yes elementor-widget elementor-widget-post-navigation\" data-id=\"0026577\" data-element_type=\"widget\" data-e-type=\"widget\" data-widget_type=\"post-navigation.default\">\n\t\t\t\t<div class=\"elementor-widget-container\">\n\t\t\t\t\t\t\t<div class=\"elementor-post-navigation\" role=\"navigation\" aria-label=\"Navegaci\u00f3n de entrada\">\n\t\t\t<div class=\"elementor-post-navigation__prev elementor-post-navigation__link\">\n\t\t\t\t<a href=\"https:\/\/carmelites.net\/es\/laudato-si\/newsletter-for-august-2026-no-17\/\" rel=\"prev\"><span class=\"post-navigation__arrow-wrapper post-navigation__arrow-prev\"><i aria-hidden=\"true\" class=\"fas fa-angle-left\"><\/i><span class=\"elementor-screen-only\">Hormiga<\/span><\/span><span class=\"elementor-post-navigation__link__prev\"><span class=\"post-navigation__prev--label\">Anterior<\/span><span class=\"post-navigation__prev--title\">Bolet\u00edn informativo de agosto de 2026, n.\u00ba 17<\/span><\/span><\/a>\t\t\t<\/div>\n\t\t\t\t\t\t\t<div class=\"elementor-post-navigation__separator-wrapper\">\n\t\t\t\t\t<div class=\"elementor-post-navigation__separator\"><\/div>\n\t\t\t\t<\/div>\n\t\t\t\t\t\t<div class=\"elementor-post-navigation__next elementor-post-navigation__link\">\n\t\t\t\t\t\t\t<\/div>\n\t\t<\/div>\n\t\t\t\t\t\t<\/div>\n\t\t\t\t<\/div>\n\t\t\t\t<\/div>\n\t\t\t\t<\/div>\n\t\t\t\t\t<\/div>\n\t\t\t\t<\/div>\n\t\t\t\t<\/div>","protected":false},"excerpt":{"rendered":"<p>How we live the values of Laudato Si\u2019 is, in part, determined by our actions as consumers.<\/p>","protected":false},"author":14,"featured_media":27495,"comment_status":"closed","ping_status":"open","sticky":false,"template":"","format":"standard","meta":{"rs_blank_template":"","rs_page_bg_color":"","slide_template_v7":"","_analytify_skip_tracking":false,"footnotes":""},"categories":[82],"tags":[391,227,390,392],"class_list":["post-27483","post","type-post","status-publish","format-standard","has-post-thumbnail","hentry","category-laudato-si","tag-action","tag-environment","tag-laudato","tag-plan"],"aioseo_notices":[],"aioseo_head":"\n\t\t<!-- All in One SEO Pro 5.0.1.1 - aioseo.com -->\n\t<meta name=\"description\" content=\"How we live the values of Laudato Si\u2019 is, in part, determined by our actions as consumers.\" \/>\n\t<meta name=\"robots\" content=\"max-image-preview:large\" \/>\n\t<meta name=\"author\" content=\"KJ Pino\"\/>\n\t<link rel=\"canonical\" href=\"https:\/\/carmelites.net\/es\/laudato-si\/newsletter-for-september-2026-no-18\/\" \/>\n\t<meta name=\"generator\" content=\"All in One SEO Pro (AIOSEO) 5.0.1.1\" \/>\n\t\t<meta property=\"og:locale\" content=\"es_ES\" \/>\n\t\t<meta property=\"og:site_name\" content=\"Order of Carmelites - Province of the Most Pure Heart of Mary\" \/>\n\t\t<meta property=\"og:type\" content=\"article\" \/>\n\t\t<meta property=\"og:title\" content=\"Newsletter for September 2026, No. 18 - Order of Carmelites\" \/>\n\t\t<meta property=\"og:description\" content=\"How we live the values of Laudato Si\u2019 is, in part, determined by our actions as consumers.\" \/>\n\t\t<meta property=\"og:url\" content=\"https:\/\/carmelites.net\/es\/laudato-si\/newsletter-for-september-2026-no-18\/\" \/>\n\t\t<meta property=\"og:image\" content=\"https:\/\/carmelites.net\/wp-content\/uploads\/2021\/07\/logo100.png\" \/>\n\t\t<meta property=\"og:image:secure_url\" content=\"https:\/\/carmelites.net\/wp-content\/uploads\/2021\/07\/logo100.png\" \/>\n\t\t<meta property=\"article:published_time\" content=\"2026-09-02T01:36:02+00:00\" \/>\n\t\t<meta property=\"article:modified_time\" content=\"2026-09-02T01:39:44+00:00\" \/>\n\t\t<meta property=\"article:publisher\" content=\"https:\/\/www.facebook.com\/Carmelites\/\" \/>\n\t\t<meta name=\"twitter:card\" content=\"summary_large_image\" \/>\n\t\t<meta name=\"twitter:title\" content=\"Newsletter for September 2026, No. 18 - Order of Carmelites\" \/>\n\t\t<meta name=\"twitter:description\" content=\"How we live the values of Laudato Si\u2019 is, in part, determined by our actions as consumers.\" \/>\n\t\t<meta name=\"twitter:image\" content=\"https:\/\/carmelites.net\/wp-content\/uploads\/2021\/07\/logo100.png\" \/>\n\t\t<script type=\"application\/ld+json\" class=\"aioseo-schema\">\n\t\t\t{\"@context\":\"https:\\\/\\\/schema.org\",\"@graph\":[{\"@type\":\"BlogPosting\",\"@id\":\"https:\\\/\\\/carmelites.net\\\/es\\\/laudato-si\\\/newsletter-for-september-2026-no-18\\\/#blogposting\",\"name\":\"Newsletter for September 2026, No. 18 - Order of Carmelites\",\"headline\":\"Newsletter for September 2026, No. 18\",\"author\":{\"@id\":\"https:\\\/\\\/carmelites.net\\\/es\\\/author\\\/kjpino\\\/#author\"},\"publisher\":{\"@id\":\"https:\\\/\\\/carmelites.net\\\/es\\\/#organization\"},\"image\":{\"@type\":\"ImageObject\",\"url\":\"https:\\\/\\\/carmelites.net\\\/wp-content\\\/uploads\\\/2026\\\/09\\\/pexels-sarah-chai-7262990-scaled.jpg\",\"width\":2560,\"height\":1707},\"datePublished\":\"2026-09-01T20:36:02-05:00\",\"dateModified\":\"2026-09-01T20:39:44-05:00\",\"inLanguage\":\"es-ES\",\"mainEntityOfPage\":{\"@id\":\"https:\\\/\\\/carmelites.net\\\/es\\\/laudato-si\\\/newsletter-for-september-2026-no-18\\\/#webpage\"},\"isPartOf\":{\"@id\":\"https:\\\/\\\/carmelites.net\\\/es\\\/laudato-si\\\/newsletter-for-september-2026-no-18\\\/#webpage\"},\"articleSection\":\"Laudato Si, Action, Environment, Laudato, Plan\"},{\"@type\":\"BreadcrumbList\",\"@id\":\"https:\\\/\\\/carmelites.net\\\/es\\\/laudato-si\\\/newsletter-for-september-2026-no-18\\\/#breadcrumblist\",\"itemListElement\":[{\"@type\":\"ListItem\",\"@id\":\"https:\\\/\\\/carmelites.net\\\/es#listItem\",\"position\":1,\"name\":\"Home\",\"item\":\"https:\\\/\\\/carmelites.net\\\/es\",\"nextItem\":{\"@type\":\"ListItem\",\"@id\":\"https:\\\/\\\/carmelites.net\\\/es\\\/category\\\/laudato-si\\\/#listItem\",\"name\":\"Laudato Si\"}},{\"@type\":\"ListItem\",\"@id\":\"https:\\\/\\\/carmelites.net\\\/es\\\/category\\\/laudato-si\\\/#listItem\",\"position\":2,\"name\":\"Laudato Si\",\"item\":\"https:\\\/\\\/carmelites.net\\\/es\\\/category\\\/laudato-si\\\/\",\"nextItem\":{\"@type\":\"ListItem\",\"@id\":\"https:\\\/\\\/carmelites.net\\\/es\\\/laudato-si\\\/newsletter-for-september-2026-no-18\\\/#listItem\",\"name\":\"Newsletter for September 2026, No. 18\"},\"previousItem\":{\"@type\":\"ListItem\",\"@id\":\"https:\\\/\\\/carmelites.net\\\/es#listItem\",\"name\":\"Home\"}},{\"@type\":\"ListItem\",\"@id\":\"https:\\\/\\\/carmelites.net\\\/es\\\/laudato-si\\\/newsletter-for-september-2026-no-18\\\/#listItem\",\"position\":3,\"name\":\"Newsletter for September 2026, No. 18\",\"previousItem\":{\"@type\":\"ListItem\",\"@id\":\"https:\\\/\\\/carmelites.net\\\/es\\\/category\\\/laudato-si\\\/#listItem\",\"name\":\"Laudato Si\"}}]},{\"@type\":\"Organization\",\"@id\":\"https:\\\/\\\/carmelites.net\\\/es\\\/#organization\",\"name\":\"Order of Carmelites\",\"description\":\"Province of the Most Pure Heart of Mary\",\"url\":\"https:\\\/\\\/carmelites.net\\\/es\\\/\",\"telephone\":\"+16309710050\",\"logo\":{\"@type\":\"ImageObject\",\"url\":\"https:\\\/\\\/carmelites.net\\\/wp-content\\\/uploads\\\/2021\\\/07\\\/logo100.png\",\"@id\":\"https:\\\/\\\/carmelites.net\\\/es\\\/laudato-si\\\/newsletter-for-september-2026-no-18\\\/#organizationLogo\",\"width\":345,\"height\":100},\"image\":{\"@id\":\"https:\\\/\\\/carmelites.net\\\/es\\\/laudato-si\\\/newsletter-for-september-2026-no-18\\\/#organizationLogo\"},\"sameAs\":[\"https:\\\/\\\/www.facebook.com\\\/Carmelites\\\/\",\"https:\\\/\\\/www.instagram.com\\\/carmelites\\\/\",\"https:\\\/\\\/www.youtube.com\\\/@CarmelitesPCM\"]},{\"@type\":\"Person\",\"@id\":\"https:\\\/\\\/carmelites.net\\\/es\\\/author\\\/kjpino\\\/#author\",\"url\":\"https:\\\/\\\/carmelites.net\\\/es\\\/author\\\/kjpino\\\/\",\"name\":\"KJ Pino\",\"image\":{\"@type\":\"ImageObject\",\"@id\":\"https:\\\/\\\/carmelites.net\\\/es\\\/laudato-si\\\/newsletter-for-september-2026-no-18\\\/#authorImage\",\"url\":\"https:\\\/\\\/secure.gravatar.com\\\/avatar\\\/ea6cc4ae84d0bfae6191ee86cb6bf7261952812e142feef209f4dfa9324b1617?s=96&d=mm&r=g\",\"width\":96,\"height\":96,\"caption\":\"KJ Pino\"}},{\"@type\":\"WebPage\",\"@id\":\"https:\\\/\\\/carmelites.net\\\/es\\\/laudato-si\\\/newsletter-for-september-2026-no-18\\\/#webpage\",\"url\":\"https:\\\/\\\/carmelites.net\\\/es\\\/laudato-si\\\/newsletter-for-september-2026-no-18\\\/\",\"name\":\"Newsletter for September 2026, No. 18 - Order of Carmelites\",\"description\":\"How we live the values of Laudato Si\\u2019 is, in part, determined by our actions as consumers.\",\"inLanguage\":\"es-ES\",\"isPartOf\":{\"@id\":\"https:\\\/\\\/carmelites.net\\\/es\\\/#website\"},\"breadcrumb\":{\"@id\":\"https:\\\/\\\/carmelites.net\\\/es\\\/laudato-si\\\/newsletter-for-september-2026-no-18\\\/#breadcrumblist\"},\"author\":{\"@id\":\"https:\\\/\\\/carmelites.net\\\/es\\\/author\\\/kjpino\\\/#author\"},\"creator\":{\"@id\":\"https:\\\/\\\/carmelites.net\\\/es\\\/author\\\/kjpino\\\/#author\"},\"image\":{\"@type\":\"ImageObject\",\"url\":\"https:\\\/\\\/carmelites.net\\\/wp-content\\\/uploads\\\/2026\\\/09\\\/pexels-sarah-chai-7262990-scaled.jpg\",\"@id\":\"https:\\\/\\\/carmelites.net\\\/es\\\/laudato-si\\\/newsletter-for-september-2026-no-18\\\/#mainImage\",\"width\":2560,\"height\":1707},\"primaryImageOfPage\":{\"@id\":\"https:\\\/\\\/carmelites.net\\\/es\\\/laudato-si\\\/newsletter-for-september-2026-no-18\\\/#mainImage\"},\"datePublished\":\"2026-09-01T20:36:02-05:00\",\"dateModified\":\"2026-09-01T20:39:44-05:00\"},{\"@type\":\"WebSite\",\"@id\":\"https:\\\/\\\/carmelites.net\\\/es\\\/#website\",\"url\":\"https:\\\/\\\/carmelites.net\\\/es\\\/\",\"name\":\"Order of Carmelites\",\"description\":\"Province of the Most Pure Heart of Mary\",\"inLanguage\":\"es-ES\",\"publisher\":{\"@id\":\"https:\\\/\\\/carmelites.net\\\/es\\\/#organization\"}}]}\n\t\t<\/script>\n\t\t<!-- All in One SEO Pro -->\r\n\t\t<title>Newsletter for September 2026, No. 18 - Order of Carmelites<\/title>\n\n","aioseo_head_json":{"title":"Newsletter for September 2026, No. 18 - Order of Carmelites","description":"How we live the values of Laudato Si\u2019 is, in part, determined by our actions as consumers.","canonical_url":"https:\/\/carmelites.net\/es\/laudato-si\/newsletter-for-september-2026-no-18\/","robots":"max-image-preview:large","keywords":"","webmasterTools":{"miscellaneous":""},"schema":{"@context":"https:\/\/schema.org","@graph":[{"@type":"BlogPosting","@id":"https:\/\/carmelites.net\/es\/laudato-si\/newsletter-for-september-2026-no-18\/#blogposting","name":"Newsletter for September 2026, No. 18 - Order of Carmelites","headline":"Newsletter for September 2026, No. 18","author":{"@id":"https:\/\/carmelites.net\/es\/author\/kjpino\/#author"},"publisher":{"@id":"https:\/\/carmelites.net\/es\/#organization"},"image":{"@type":"ImageObject","url":"https:\/\/carmelites.net\/wp-content\/uploads\/2026\/09\/pexels-sarah-chai-7262990-scaled.jpg","width":2560,"height":1707},"datePublished":"2026-09-01T20:36:02-05:00","dateModified":"2026-09-01T20:39:44-05:00","inLanguage":"es-ES","mainEntityOfPage":{"@id":"https:\/\/carmelites.net\/es\/laudato-si\/newsletter-for-september-2026-no-18\/#webpage"},"isPartOf":{"@id":"https:\/\/carmelites.net\/es\/laudato-si\/newsletter-for-september-2026-no-18\/#webpage"},"articleSection":"Laudato Si, Action, Environment, Laudato, Plan"},{"@type":"BreadcrumbList","@id":"https:\/\/carmelites.net\/es\/laudato-si\/newsletter-for-september-2026-no-18\/#breadcrumblist","itemListElement":[{"@type":"ListItem","@id":"https:\/\/carmelites.net\/es#listItem","position":1,"name":"Home","item":"https:\/\/carmelites.net\/es","nextItem":{"@type":"ListItem","@id":"https:\/\/carmelites.net\/es\/category\/laudato-si\/#listItem","name":"Laudato Si"}},{"@type":"ListItem","@id":"https:\/\/carmelites.net\/es\/category\/laudato-si\/#listItem","position":2,"name":"Laudato Si","item":"https:\/\/carmelites.net\/es\/category\/laudato-si\/","nextItem":{"@type":"ListItem","@id":"https:\/\/carmelites.net\/es\/laudato-si\/newsletter-for-september-2026-no-18\/#listItem","name":"Newsletter for September 2026, No. 18"},"previousItem":{"@type":"ListItem","@id":"https:\/\/carmelites.net\/es#listItem","name":"Home"}},{"@type":"ListItem","@id":"https:\/\/carmelites.net\/es\/laudato-si\/newsletter-for-september-2026-no-18\/#listItem","position":3,"name":"Newsletter for September 2026, No. 18","previousItem":{"@type":"ListItem","@id":"https:\/\/carmelites.net\/es\/category\/laudato-si\/#listItem","name":"Laudato Si"}}]},{"@type":"Organization","@id":"https:\/\/carmelites.net\/es\/#organization","name":"Order of Carmelites","description":"Province of the Most Pure Heart of Mary","url":"https:\/\/carmelites.net\/es\/","telephone":"+16309710050","logo":{"@type":"ImageObject","url":"https:\/\/carmelites.net\/wp-content\/uploads\/2021\/07\/logo100.png","@id":"https:\/\/carmelites.net\/es\/laudato-si\/newsletter-for-september-2026-no-18\/#organizationLogo","width":345,"height":100},"image":{"@id":"https:\/\/carmelites.net\/es\/laudato-si\/newsletter-for-september-2026-no-18\/#organizationLogo"},"sameAs":["https:\/\/www.facebook.com\/Carmelites\/","https:\/\/www.instagram.com\/carmelites\/","https:\/\/www.youtube.com\/@CarmelitesPCM"]},{"@type":"Person","@id":"https:\/\/carmelites.net\/es\/author\/kjpino\/#author","url":"https:\/\/carmelites.net\/es\/author\/kjpino\/","name":"KJ Pino","image":{"@type":"ImageObject","@id":"https:\/\/carmelites.net\/es\/laudato-si\/newsletter-for-september-2026-no-18\/#authorImage","url":"https:\/\/secure.gravatar.com\/avatar\/ea6cc4ae84d0bfae6191ee86cb6bf7261952812e142feef209f4dfa9324b1617?s=96&d=mm&r=g","width":96,"height":96,"caption":"KJ Pino"}},{"@type":"WebPage","@id":"https:\/\/carmelites.net\/es\/laudato-si\/newsletter-for-september-2026-no-18\/#webpage","url":"https:\/\/carmelites.net\/es\/laudato-si\/newsletter-for-september-2026-no-18\/","name":"Newsletter for September 2026, No. 18 - Order of Carmelites","description":"How we live the values of Laudato Si\u2019 is, in part, determined by our actions as consumers.","inLanguage":"es-ES","isPartOf":{"@id":"https:\/\/carmelites.net\/es\/#website"},"breadcrumb":{"@id":"https:\/\/carmelites.net\/es\/laudato-si\/newsletter-for-september-2026-no-18\/#breadcrumblist"},"author":{"@id":"https:\/\/carmelites.net\/es\/author\/kjpino\/#author"},"creator":{"@id":"https:\/\/carmelites.net\/es\/author\/kjpino\/#author"},"image":{"@type":"ImageObject","url":"https:\/\/carmelites.net\/wp-content\/uploads\/2026\/09\/pexels-sarah-chai-7262990-scaled.jpg","@id":"https:\/\/carmelites.net\/es\/laudato-si\/newsletter-for-september-2026-no-18\/#mainImage","width":2560,"height":1707},"primaryImageOfPage":{"@id":"https:\/\/carmelites.net\/es\/laudato-si\/newsletter-for-september-2026-no-18\/#mainImage"},"datePublished":"2026-09-01T20:36:02-05:00","dateModified":"2026-09-01T20:39:44-05:00"},{"@type":"WebSite","@id":"https:\/\/carmelites.net\/es\/#website","url":"https:\/\/carmelites.net\/es\/","name":"Order of Carmelites","description":"Province of the Most Pure Heart of Mary","inLanguage":"es-ES","publisher":{"@id":"https:\/\/carmelites.net\/es\/#organization"}}]},"og:locale":"es_ES","og:site_name":"Order of Carmelites - Province of the Most Pure Heart of Mary","og:type":"article","og:title":"Newsletter for September 2026, No. 18 - Order of Carmelites","og:description":"How we live the values of Laudato Si\u2019 is, in part, determined by our actions as consumers.","og:url":"https:\/\/carmelites.net\/es\/laudato-si\/newsletter-for-september-2026-no-18\/","og:image":"https:\/\/carmelites.net\/wp-content\/uploads\/2021\/07\/logo100.png","og:image:secure_url":"https:\/\/carmelites.net\/wp-content\/uploads\/2021\/07\/logo100.png","article:published_time":"2026-09-02T01:36:02+00:00","article:modified_time":"2026-09-02T01:39:44+00:00","article:publisher":"https:\/\/www.facebook.com\/Carmelites\/","twitter:card":"summary_large_image","twitter:title":"Newsletter for September 2026, No. 18 - Order of Carmelites","twitter:description":"How we live the values of Laudato Si\u2019 is, in part, determined by our actions as consumers.","twitter:image":"https:\/\/carmelites.net\/wp-content\/uploads\/2021\/07\/logo100.png"},"aioseo_meta_data":{"post_id":"27483","title":null,"description":null,"keywords":null,"keyphrases":{"focus":[],"additional":[]},"primary_term":null,"canonical_url":null,"og_title":null,"og_description":null,"og_object_type":"default","og_image_type":"default","og_image_url":null,"og_image_width":null,"og_image_height":null,"og_image_custom_url":null,"og_image_custom_fields":null,"og_video":null,"og_custom_url":null,"og_article_section":null,"og_article_tags":null,"twitter_use_og":false,"twitter_card":"default","twitter_image_type":"default","twitter_image_url":null,"twitter_image_custom_url":null,"twitter_image_custom_fields":null,"twitter_title":null,"twitter_description":null,"schema":{"blockGraphs":[],"customGraphs":[],"default":{"data":{"Article":[],"Course":[],"Dataset":[],"FAQPage":[],"Movie":[],"Person":[],"Product":[],"ProductReview":[],"Car":[],"Recipe":[],"Service":[],"SoftwareApplication":[],"WebPage":[]},"graphName":"","isEnabled":true},"graphs":[]},"schema_type":"default","schema_type_options":null,"pillar_content":false,"robots_default":true,"robots_noindex":false,"robots_noarchive":false,"robots_nosnippet":false,"robots_nofollow":false,"robots_noimageindex":false,"robots_noodp":false,"robots_notranslate":false,"robots_max_snippet":null,"robots_max_videopreview":null,"robots_max_imagepreview":"large","priority":null,"frequency":null,"local_seo":null,"seo_analyzer_scan_date":"2026-09-02 01:40:35","breadcrumb_settings":null,"limit_modified_date":false,"reviewed_by":null,"open_ai":null,"ai":null,"created":"2026-09-02 01:18:48","updated":"2026-09-02 01:56:00","focus_keyword":null,"additional_keywords":null,"truseo_locale":null},"aioseo_breadcrumb":"<div class=\"aioseo-breadcrumbs\"><span class=\"aioseo-breadcrumb\">\n\t<a href=\"https:\/\/carmelites.net\/es\" title=\"Home\">Home<\/a>\n<\/span><span class=\"aioseo-breadcrumb-separator\">&raquo;<\/span><span class=\"aioseo-breadcrumb\">\n\t<a href=\"https:\/\/carmelites.net\/es\/category\/laudato-si\/\" title=\"Laudato Si\">Laudato Si<\/a>\n<\/span><span class=\"aioseo-breadcrumb-separator\">&raquo;<\/span><span class=\"aioseo-breadcrumb\">\n\tNewsletter for September 2026, No. 18\n<\/span><\/div>","aioseo_breadcrumb_json":[{"label":"Home","link":"https:\/\/carmelites.net\/es"},{"label":"Laudato Si","link":"https:\/\/carmelites.net\/es\/category\/laudato-si\/"},{"label":"Newsletter for September 2026, No. 18","link":"https:\/\/carmelites.net\/es\/laudato-si\/newsletter-for-september-2026-no-18\/"}],"_links":{"self":[{"href":"https:\/\/carmelites.net\/es\/wp-json\/wp\/v2\/posts\/27483","targetHints":{"allow":["GET"]}}],"collection":[{"href":"https:\/\/carmelites.net\/es\/wp-json\/wp\/v2\/posts"}],"about":[{"href":"https:\/\/carmelites.net\/es\/wp-json\/wp\/v2\/types\/post"}],"author":[{"embeddable":true,"href":"https:\/\/carmelites.net\/es\/wp-json\/wp\/v2\/users\/14"}],"replies":[{"embeddable":true,"href":"https:\/\/carmelites.net\/es\/wp-json\/wp\/v2\/comments?post=27483"}],"version-history":[{"count":13,"href":"https:\/\/carmelites.net\/es\/wp-json\/wp\/v2\/posts\/27483\/revisions"}],"predecessor-version":[{"id":27498,"href":"https:\/\/carmelites.net\/es\/wp-json\/wp\/v2\/posts\/27483\/revisions\/27498"}],"wp:featuredmedia":[{"embeddable":true,"href":"https:\/\/carmelites.net\/es\/wp-json\/wp\/v2\/media\/27495"}],"wp:attachment":[{"href":"https:\/\/carmelites.net\/es\/wp-json\/wp\/v2\/media?parent=27483"}],"wp:term":[{"taxonomy":"category","embeddable":true,"href":"https:\/\/carmelites.net\/es\/wp-json\/wp\/v2\/categories?post=27483"},{"taxonomy":"post_tag","embeddable":true,"href":"https:\/\/carmelites.net\/es\/wp-json\/wp\/v2\/tags?post=27483"}],"curies":[{"name":"wp","href":"https:\/\/api.w.org\/{rel}","templated":true}]}}