{"id":27329,"date":"2026-08-30T12:01:24","date_gmt":"2026-08-30T17:01:24","guid":{"rendered":"https:\/\/carmelites.net\/uncategorized\/twenty-second-sunday-in-ordinary-time\/"},"modified":"2026-08-30T15:16:58","modified_gmt":"2026-08-30T20:16:58","slug":"twenty-second-sunday-in-ordinary-time","status":"publish","type":"post","link":"https:\/\/carmelites.net\/es\/fr-tracy\/twenty-second-sunday-in-ordinary-time\/","title":{"rendered":"VIG\u00c9SIMO SEGUNDO DOMINGO DEL TIEMPO ORDINARIO"},"content":{"rendered":"<div>\n<div class=\"separator\"><a href=\"https:\/\/blogger.googleusercontent.com\/img\/b\/R29vZ2xl\/AVvXsEgTSKQwVX0aeLRVrvSSxam8l_HjunNJX9YcEYYdTZrK4GMuquTgdU_qZtNgVenlF2nozvWEQ5rlNN0JaPWXpS2h-Blc_UVi8LhgOSyrzmNIOCmv06oCjEQzFrI5uVGtx4QlS-JuIRVDtAIAbUN5jlrzl_vSUuQx4z8WUZT5NTO8KjSTAH3_O6CcluHCoSJg\/s1408\/1000270782.png\"><\/a><\/div>\n<p><\/p>\n<div>Mateo 16, 21-27&nbsp;<\/div>\n<div>Queridos amigos: Al principio del Evangelio de Juan encontramos la esencia del plan de salvaci\u00f3n de Dios. La proclamaci\u00f3n que sacudi\u00f3 al mundo: \u201cEl Verbo se hizo carne\u201d. (Jn 1, 14) es el plan de Dios. As\u00ed es como Jes\u00fas acept\u00f3 la llamada para salvar al mundo. Hacerse carne no fue un acontecimiento aislado. Es al aceptar la totalidad de su humanidad como fuimos salvados. Esto signific\u00f3 que Jes\u00fas nos acept\u00f3 a todos tal y como somos. Nos acogi\u00f3 a todos en nuestra condici\u00f3n quebrantada y pecadora como parte de su realidad. Para Jes\u00fas, esto supuso un encuentro con el mal que le llevar\u00eda a su Pasi\u00f3n y muerte.<\/div>\n<p> As\u00ed pues, cuando Jes\u00fas nombr\u00f3 a Pedro como la roca sobre la que construir\u00eda su Iglesia, acept\u00f3 a Pedro \u2014y a todos nosotros, sus seguidores\u2014 tal y como somos: imperfectos y con necesidad de ser sanados.  Por eso nos cuesta tanto entender la Iglesia. Es un hogar para los pecadores que necesitan sanaci\u00f3n, un hogar para los quebrantados y los perdidos que necesitan plenitud y un nuevo rumbo.<\/p>\n<p> En el pasaje de Mateo de hoy, Jes\u00fas le revela a Pedro, y a todos nosotros, el camino que \u00c9l ha elegido para la salvaci\u00f3n. Iba a restaurar el mundo sumergi\u00e9ndose en el dolor y el sufrimiento de nuestra humanidad, verdaderamente imperfecta, para sanarla desde dentro. El sufrimiento y la muerte de Jes\u00fas son las consecuencias definitivas de que \u201cel Verbo se hizo carne\u201d. (Jn 1, 14) <\/p>\n<p> Pedro no pod\u00eda asimilar las palabras de Jes\u00fas sobre la cruz, el rechazo, la negaci\u00f3n y la muerte. Lo m\u00e1s probable es que le resultara muy dif\u00edcil aceptar la posible p\u00e9rdida de poder y prestigio personales, junto con la inimaginable invitaci\u00f3n a cargar con su cruz. Pedro se sinti\u00f3 conmocionado por el nuevo rumbo que tomaba Jes\u00fas, un camino que sin duda no hab\u00eda previsto ni deseado. Jes\u00fas estaba sustituyendo las expectativas populares de poder\u00edo militar, prosperidad privilegiada y poder para el Pueblo Elegido de Dios. Ahora Pedro se enfrentaba a la cruz y a la p\u00e9rdida de su comodidad y sus privilegios. As\u00ed pues, hizo lo que hemos venido haciendo a lo largo de la historia del cristianismo: remodelar a Jes\u00fas a nuestra imagen, en lugar de aceptar a Dios seg\u00fan su Palabra, que es Jes\u00fas encarnado. Solo en Jes\u00fas tenemos una expresi\u00f3n aut\u00e9ntica del plan de salvaci\u00f3n de Dios.<\/p>\n<p> La orden de Jes\u00fas es muy contundente: \u201c\u00a1Ap\u00e1rtate de m\u00ed, Satan\u00e1s!\u201d (Mt 16, 18). A Pedro acababan de llamarle \u201croca\u201d, pero ahora se hab\u00eda convertido en una piedra de tropiezo. <\/p>\n<p>Por un lado, Jes\u00fas rechaza la afirmaci\u00f3n err\u00f3nea de Pedro. Por otro lado, se trata de un mensaje de perd\u00f3n. Jes\u00fas le dice que se mantenga a su lado y que sea un disc\u00edpulo fiel sigui\u00e9ndole. Aunque Jes\u00fas es muy claro en su rechazo, sigue confiando en Pedro y le perdona.<\/p>\n<p>Jes\u00fas comprend\u00eda perfectamente que el discipulado es un proceso, casi siempre largo y arduo, marcado por el ensayo y el error. Esta experiencia de Pedro es uno de los muchos momentos en los que Jes\u00fas se muestra paciente, amable y comprensivo con \u00e9l, tal y como lo es con nosotros cuando, con tanta frecuencia, tropezamos en el camino hacia Jerusal\u00e9n.<\/p>\n<p> El anuncio de hoy sobre el camino a Jerusal\u00e9n, que conduce al rechazo, al sufrimiento y a la muerte, es el primero de tres proclamaciones de este tipo que aparecen en los pr\u00f3ximos cap\u00edtulos del Evangelio de Mateo. En cada episodio, los disc\u00edpulos no entienden en absoluto de qu\u00e9 se trata.<\/p>\n<p> Seguimos con la dif\u00edcil tarea de aceptar a Jes\u00fas seg\u00fan sus condiciones y no seg\u00fan las nuestras. La Iglesia se encuentra siempre en la lucha por buscar la integridad del mensaje evang\u00e9lico. Nunca estamos lejos de la tentaci\u00f3n de decirle a Jes\u00fas c\u00f3mo hacerlo a nuestra manera, tal y como hizo Pedro.  Seguimos viviendo con falsas expectativas de tener una comunidad perfecta y una vida personal sin problemas para llevar adelante el ministerio del Evangelio. Nos cuesta aceptar que Jes\u00fas nos ha acogido plenamente en nuestra fragilidad y confusi\u00f3n. \u00c9l nos ha elegido como los vasos de barro que somos para proclamar y celebrar el mensaje del Evangelio.<\/p>\n<p> No podemos soportar el esc\u00e1ndalo sexual, el clericalismo, las declaraciones mis\u00f3ginas de los responsables del Vaticano, la riqueza desmesurada y un sinf\u00edn de cosas m\u00e1s. La Iglesia puede resultar verdaderamente angustiosa, con tanta claridad en sus documentos y tanta mediocridad en su realidad.  Sin embargo, estas mismas deficiencias siempre se mezclan con la incre\u00edble fidelidad de tantas familias que luchan contra viento y marea, de buenos sacerdotes que se esfuerzan al m\u00e1ximo, de religiosas que siguen siendo hero\u00ednas silenciosas y ocultas del Evangelio, y del sufrimiento silencioso y amoroso de tantas vidas ocultas.   La ciza\u00f1a y el trigo estar\u00e1n con nosotros hasta el final.<\/p>\n<p> Jes\u00fas quiere que estemos abiertos al misterio de la Encarnaci\u00f3n. Debemos aceptarnos unos a otros en nuestra fragilidad, tal y como hizo Jes\u00fas cuando se hizo carne. Pablo expresa la maravilla de este acontecimiento en su gran himno de la carta a los filipenses:<\/p>\n<p><\/p>\n<blockquote><p>Aunque ten\u00eda la naturaleza de Dios,<\/p>\n<p>Jes\u00fas no consider\u00f3 que la igualdad con Dios<\/p>\n<p>algo a lo que aferrarse.<\/p>\n<p>M\u00e1s bien, se despoj\u00f3 de s\u00ed mismo <\/p>\n<p>Y adopt\u00f3 la forma de un esclavo, naciendo a semejanza de los hombres<\/p>\n<p>Se sab\u00eda que era de condici\u00f3n humana,<\/p>\n<p>Y as\u00ed fue como se humill\u00f3 a s\u00ed mismo,<\/p>\n<p>Aceptando con obediencia incluso la muerte,<\/p>\n<p>\u00a1Muerte en la cruz! (Filipenses 2:6-8)<\/p><\/blockquote>\n<p><\/div>","protected":false},"excerpt":{"rendered":"<p>Matthew 16: 21-27&nbsp; Dear Friends, In the beginning of the Gospel of John we have the heart of God&rsquo;s plan of salvation. The world-shattering proclamation, &ldquo;The Word became flesh.&rdquo; (Jn [&hellip;]<\/p>\n","protected":false},"author":234,"featured_media":27330,"comment_status":"closed","ping_status":"open","sticky":false,"template":"","format":"standard","meta":{"rs_blank_template":"","rs_page_bg_color":"","slide_template_v7":"","_analytify_skip_tracking":false,"footnotes":""},"categories":[358],"tags":[],"class_list":["post-27329","post","type-post","status-publish","format-standard","has-post-thumbnail","hentry","category-fr-tracy"],"aioseo_notices":[],"aioseo_head":"\n\t\t<!-- All in One SEO Pro 5.0.1.1 - aioseo.com -->\n\t<meta name=\"description\" content=\"Matthew 16: 21-27 Dear Friends, In the beginning of the Gospel of John we have the heart of God\u2019s plan of salvation. The world-shattering proclamation, \u201cThe Word became flesh.\u201d (Jn 1:14) is God\u2019s plan. This is how Jesus accepted the call to save the world. Becoming flesh was not an isolated event. It is in accepting\" \/>\n\t<meta name=\"robots\" content=\"max-image-preview:large\" \/>\n\t<meta name=\"author\" content=\"Tracy O&#039;Sullivan\"\/>\n\t<link rel=\"canonical\" href=\"https:\/\/carmelites.net\/es\/fr-tracy\/twenty-second-sunday-in-ordinary-time\/\" \/>\n\t<meta name=\"generator\" content=\"All in One SEO Pro (AIOSEO) 5.0.1.1\" \/>\n\t\t<meta property=\"og:locale\" content=\"es_ES\" \/>\n\t\t<meta property=\"og:site_name\" content=\"Order of Carmelites - Province of the Most Pure Heart of Mary\" \/>\n\t\t<meta property=\"og:type\" content=\"article\" \/>\n\t\t<meta property=\"og:title\" content=\"TWENTY-SECOND SUNDAY IN ORDINARY TIME - Order of Carmelites\" \/>\n\t\t<meta property=\"og:description\" content=\"Matthew 16: 21-27 Dear Friends, In the beginning of the Gospel of John we have the heart of God\u2019s plan of salvation. The world-shattering proclamation, \u201cThe Word became flesh.\u201d (Jn 1:14) is God\u2019s plan. This is how Jesus accepted the call to save the world. Becoming flesh was not an isolated event. It is in accepting\" \/>\n\t\t<meta property=\"og:url\" content=\"https:\/\/carmelites.net\/es\/fr-tracy\/twenty-second-sunday-in-ordinary-time\/\" \/>\n\t\t<meta property=\"og:image\" content=\"https:\/\/carmelites.net\/wp-content\/uploads\/2021\/07\/logo100.png\" \/>\n\t\t<meta property=\"og:image:secure_url\" content=\"https:\/\/carmelites.net\/wp-content\/uploads\/2021\/07\/logo100.png\" \/>\n\t\t<meta property=\"article:published_time\" content=\"2026-08-30T17:01:24+00:00\" \/>\n\t\t<meta property=\"article:modified_time\" content=\"2026-08-30T20:16:58+00:00\" \/>\n\t\t<meta property=\"article:publisher\" content=\"https:\/\/www.facebook.com\/Carmelites\/\" \/>\n\t\t<meta name=\"twitter:card\" content=\"summary_large_image\" \/>\n\t\t<meta name=\"twitter:title\" content=\"TWENTY-SECOND SUNDAY IN ORDINARY TIME - Order of Carmelites\" \/>\n\t\t<meta name=\"twitter:description\" content=\"Matthew 16: 21-27 Dear Friends, In the beginning of the Gospel of John we have the heart of God\u2019s plan of salvation. The world-shattering proclamation, \u201cThe Word became flesh.\u201d (Jn 1:14) is God\u2019s plan. This is how Jesus accepted the call to save the world. Becoming flesh was not an isolated event. It is in accepting\" \/>\n\t\t<meta name=\"twitter:image\" content=\"https:\/\/carmelites.net\/wp-content\/uploads\/2021\/07\/logo100.png\" \/>\n\t\t<script type=\"application\/ld+json\" class=\"aioseo-schema\">\n\t\t\t{\"@context\":\"https:\\\/\\\/schema.org\",\"@graph\":[{\"@type\":\"BlogPosting\",\"@id\":\"https:\\\/\\\/carmelites.net\\\/es\\\/fr-tracy\\\/twenty-second-sunday-in-ordinary-time\\\/#blogposting\",\"name\":\"TWENTY-SECOND SUNDAY IN ORDINARY TIME - Order of Carmelites\",\"headline\":\"TWENTY-SECOND SUNDAY IN ORDINARY TIME\",\"author\":{\"@id\":\"https:\\\/\\\/carmelites.net\\\/es\\\/author\\\/wpra-source-author-site-1\\\/#author\"},\"publisher\":{\"@id\":\"https:\\\/\\\/carmelites.net\\\/es\\\/#organization\"},\"image\":{\"@type\":\"ImageObject\",\"url\":\"https:\\\/\\\/carmelites.net\\\/wp-content\\\/uploads\\\/2026\\\/08\\\/1000270782.png\",\"width\":1408,\"height\":768},\"datePublished\":\"2026-08-30T12:01:24-05:00\",\"dateModified\":\"2026-08-30T15:16:58-05:00\",\"inLanguage\":\"es-ES\",\"mainEntityOfPage\":{\"@id\":\"https:\\\/\\\/carmelites.net\\\/es\\\/fr-tracy\\\/twenty-second-sunday-in-ordinary-time\\\/#webpage\"},\"isPartOf\":{\"@id\":\"https:\\\/\\\/carmelites.net\\\/es\\\/fr-tracy\\\/twenty-second-sunday-in-ordinary-time\\\/#webpage\"},\"articleSection\":\"Fr Tracy\"},{\"@type\":\"BreadcrumbList\",\"@id\":\"https:\\\/\\\/carmelites.net\\\/es\\\/fr-tracy\\\/twenty-second-sunday-in-ordinary-time\\\/#breadcrumblist\",\"itemListElement\":[{\"@type\":\"ListItem\",\"@id\":\"https:\\\/\\\/carmelites.net\\\/es#listItem\",\"position\":1,\"name\":\"Home\",\"item\":\"https:\\\/\\\/carmelites.net\\\/es\",\"nextItem\":{\"@type\":\"ListItem\",\"@id\":\"https:\\\/\\\/carmelites.net\\\/es\\\/category\\\/fr-tracy\\\/#listItem\",\"name\":\"Fr Tracy\"}},{\"@type\":\"ListItem\",\"@id\":\"https:\\\/\\\/carmelites.net\\\/es\\\/category\\\/fr-tracy\\\/#listItem\",\"position\":2,\"name\":\"Fr Tracy\",\"item\":\"https:\\\/\\\/carmelites.net\\\/es\\\/category\\\/fr-tracy\\\/\",\"nextItem\":{\"@type\":\"ListItem\",\"@id\":\"https:\\\/\\\/carmelites.net\\\/es\\\/fr-tracy\\\/twenty-second-sunday-in-ordinary-time\\\/#listItem\",\"name\":\"TWENTY-SECOND SUNDAY IN ORDINARY TIME\"},\"previousItem\":{\"@type\":\"ListItem\",\"@id\":\"https:\\\/\\\/carmelites.net\\\/es#listItem\",\"name\":\"Home\"}},{\"@type\":\"ListItem\",\"@id\":\"https:\\\/\\\/carmelites.net\\\/es\\\/fr-tracy\\\/twenty-second-sunday-in-ordinary-time\\\/#listItem\",\"position\":3,\"name\":\"TWENTY-SECOND SUNDAY IN ORDINARY TIME\",\"previousItem\":{\"@type\":\"ListItem\",\"@id\":\"https:\\\/\\\/carmelites.net\\\/es\\\/category\\\/fr-tracy\\\/#listItem\",\"name\":\"Fr Tracy\"}}]},{\"@type\":\"Organization\",\"@id\":\"https:\\\/\\\/carmelites.net\\\/es\\\/#organization\",\"name\":\"Order of Carmelites\",\"description\":\"Province of the Most Pure Heart of Mary\",\"url\":\"https:\\\/\\\/carmelites.net\\\/es\\\/\",\"telephone\":\"+16309710050\",\"logo\":{\"@type\":\"ImageObject\",\"url\":\"https:\\\/\\\/carmelites.net\\\/wp-content\\\/uploads\\\/2021\\\/07\\\/logo100.png\",\"@id\":\"https:\\\/\\\/carmelites.net\\\/es\\\/fr-tracy\\\/twenty-second-sunday-in-ordinary-time\\\/#organizationLogo\",\"width\":345,\"height\":100},\"image\":{\"@id\":\"https:\\\/\\\/carmelites.net\\\/es\\\/fr-tracy\\\/twenty-second-sunday-in-ordinary-time\\\/#organizationLogo\"},\"sameAs\":[\"https:\\\/\\\/www.facebook.com\\\/Carmelites\\\/\",\"https:\\\/\\\/www.instagram.com\\\/carmelites\\\/\",\"https:\\\/\\\/www.youtube.com\\\/@CarmelitesPCM\"]},{\"@type\":\"Person\",\"@id\":\"https:\\\/\\\/carmelites.net\\\/es\\\/author\\\/wpra-source-author-site-1\\\/#author\",\"url\":\"https:\\\/\\\/carmelites.net\\\/es\\\/author\\\/wpra-source-author-site-1\\\/\",\"name\":\"Tracy O'Sullivan\",\"image\":{\"@type\":\"ImageObject\",\"@id\":\"https:\\\/\\\/carmelites.net\\\/es\\\/fr-tracy\\\/twenty-second-sunday-in-ordinary-time\\\/#authorImage\",\"url\":\"https:\\\/\\\/secure.gravatar.com\\\/avatar\\\/2bf513fc466a5199a6e9830e1ef015e7551f69f05171d89e5d6639c69c350904?s=96&d=mm&r=g\",\"width\":96,\"height\":96,\"caption\":\"Tracy O'Sullivan\"}},{\"@type\":\"WebPage\",\"@id\":\"https:\\\/\\\/carmelites.net\\\/es\\\/fr-tracy\\\/twenty-second-sunday-in-ordinary-time\\\/#webpage\",\"url\":\"https:\\\/\\\/carmelites.net\\\/es\\\/fr-tracy\\\/twenty-second-sunday-in-ordinary-time\\\/\",\"name\":\"TWENTY-SECOND SUNDAY IN ORDINARY TIME - Order of Carmelites\",\"description\":\"Matthew 16: 21-27 Dear Friends, In the beginning of the Gospel of John we have the heart of God\\u2019s plan of salvation. The world-shattering proclamation, \\u201cThe Word became flesh.\\u201d (Jn 1:14) is God\\u2019s plan. This is how Jesus accepted the call to save the world. Becoming flesh was not an isolated event. It is in accepting\",\"inLanguage\":\"es-ES\",\"isPartOf\":{\"@id\":\"https:\\\/\\\/carmelites.net\\\/es\\\/#website\"},\"breadcrumb\":{\"@id\":\"https:\\\/\\\/carmelites.net\\\/es\\\/fr-tracy\\\/twenty-second-sunday-in-ordinary-time\\\/#breadcrumblist\"},\"author\":{\"@id\":\"https:\\\/\\\/carmelites.net\\\/es\\\/author\\\/wpra-source-author-site-1\\\/#author\"},\"creator\":{\"@id\":\"https:\\\/\\\/carmelites.net\\\/es\\\/author\\\/wpra-source-author-site-1\\\/#author\"},\"image\":{\"@type\":\"ImageObject\",\"url\":\"https:\\\/\\\/carmelites.net\\\/wp-content\\\/uploads\\\/2026\\\/08\\\/1000270782.png\",\"@id\":\"https:\\\/\\\/carmelites.net\\\/es\\\/fr-tracy\\\/twenty-second-sunday-in-ordinary-time\\\/#mainImage\",\"width\":1408,\"height\":768},\"primaryImageOfPage\":{\"@id\":\"https:\\\/\\\/carmelites.net\\\/es\\\/fr-tracy\\\/twenty-second-sunday-in-ordinary-time\\\/#mainImage\"},\"datePublished\":\"2026-08-30T12:01:24-05:00\",\"dateModified\":\"2026-08-30T15:16:58-05:00\"},{\"@type\":\"WebSite\",\"@id\":\"https:\\\/\\\/carmelites.net\\\/es\\\/#website\",\"url\":\"https:\\\/\\\/carmelites.net\\\/es\\\/\",\"name\":\"Order of Carmelites\",\"description\":\"Province of the Most Pure Heart of Mary\",\"inLanguage\":\"es-ES\",\"publisher\":{\"@id\":\"https:\\\/\\\/carmelites.net\\\/es\\\/#organization\"}}]}\n\t\t<\/script>\n\t\t<!-- All in One SEO Pro -->\r\n\t\t<title>TWENTY-SECOND SUNDAY IN ORDINARY TIME - Order of Carmelites<\/title>\n\n","aioseo_head_json":{"title":"TWENTY-SECOND SUNDAY IN ORDINARY TIME - Order of Carmelites","description":"Matthew 16: 21-27 Dear Friends, In the beginning of the Gospel of John we have the heart of God\u2019s plan of salvation. The world-shattering proclamation, \u201cThe Word became flesh.\u201d (Jn 1:14) is God\u2019s plan. This is how Jesus accepted the call to save the world. Becoming flesh was not an isolated event. It is in accepting","canonical_url":"https:\/\/carmelites.net\/es\/fr-tracy\/twenty-second-sunday-in-ordinary-time\/","robots":"max-image-preview:large","keywords":"","webmasterTools":{"miscellaneous":""},"schema":{"@context":"https:\/\/schema.org","@graph":[{"@type":"BlogPosting","@id":"https:\/\/carmelites.net\/es\/fr-tracy\/twenty-second-sunday-in-ordinary-time\/#blogposting","name":"TWENTY-SECOND SUNDAY IN ORDINARY TIME - Order of Carmelites","headline":"TWENTY-SECOND SUNDAY IN ORDINARY TIME","author":{"@id":"https:\/\/carmelites.net\/es\/author\/wpra-source-author-site-1\/#author"},"publisher":{"@id":"https:\/\/carmelites.net\/es\/#organization"},"image":{"@type":"ImageObject","url":"https:\/\/carmelites.net\/wp-content\/uploads\/2026\/08\/1000270782.png","width":1408,"height":768},"datePublished":"2026-08-30T12:01:24-05:00","dateModified":"2026-08-30T15:16:58-05:00","inLanguage":"es-ES","mainEntityOfPage":{"@id":"https:\/\/carmelites.net\/es\/fr-tracy\/twenty-second-sunday-in-ordinary-time\/#webpage"},"isPartOf":{"@id":"https:\/\/carmelites.net\/es\/fr-tracy\/twenty-second-sunday-in-ordinary-time\/#webpage"},"articleSection":"Fr Tracy"},{"@type":"BreadcrumbList","@id":"https:\/\/carmelites.net\/es\/fr-tracy\/twenty-second-sunday-in-ordinary-time\/#breadcrumblist","itemListElement":[{"@type":"ListItem","@id":"https:\/\/carmelites.net\/es#listItem","position":1,"name":"Home","item":"https:\/\/carmelites.net\/es","nextItem":{"@type":"ListItem","@id":"https:\/\/carmelites.net\/es\/category\/fr-tracy\/#listItem","name":"Fr Tracy"}},{"@type":"ListItem","@id":"https:\/\/carmelites.net\/es\/category\/fr-tracy\/#listItem","position":2,"name":"Fr Tracy","item":"https:\/\/carmelites.net\/es\/category\/fr-tracy\/","nextItem":{"@type":"ListItem","@id":"https:\/\/carmelites.net\/es\/fr-tracy\/twenty-second-sunday-in-ordinary-time\/#listItem","name":"TWENTY-SECOND SUNDAY IN ORDINARY TIME"},"previousItem":{"@type":"ListItem","@id":"https:\/\/carmelites.net\/es#listItem","name":"Home"}},{"@type":"ListItem","@id":"https:\/\/carmelites.net\/es\/fr-tracy\/twenty-second-sunday-in-ordinary-time\/#listItem","position":3,"name":"TWENTY-SECOND SUNDAY IN ORDINARY TIME","previousItem":{"@type":"ListItem","@id":"https:\/\/carmelites.net\/es\/category\/fr-tracy\/#listItem","name":"Fr Tracy"}}]},{"@type":"Organization","@id":"https:\/\/carmelites.net\/es\/#organization","name":"Order of Carmelites","description":"Province of the Most Pure Heart of Mary","url":"https:\/\/carmelites.net\/es\/","telephone":"+16309710050","logo":{"@type":"ImageObject","url":"https:\/\/carmelites.net\/wp-content\/uploads\/2021\/07\/logo100.png","@id":"https:\/\/carmelites.net\/es\/fr-tracy\/twenty-second-sunday-in-ordinary-time\/#organizationLogo","width":345,"height":100},"image":{"@id":"https:\/\/carmelites.net\/es\/fr-tracy\/twenty-second-sunday-in-ordinary-time\/#organizationLogo"},"sameAs":["https:\/\/www.facebook.com\/Carmelites\/","https:\/\/www.instagram.com\/carmelites\/","https:\/\/www.youtube.com\/@CarmelitesPCM"]},{"@type":"Person","@id":"https:\/\/carmelites.net\/es\/author\/wpra-source-author-site-1\/#author","url":"https:\/\/carmelites.net\/es\/author\/wpra-source-author-site-1\/","name":"Tracy O'Sullivan","image":{"@type":"ImageObject","@id":"https:\/\/carmelites.net\/es\/fr-tracy\/twenty-second-sunday-in-ordinary-time\/#authorImage","url":"https:\/\/secure.gravatar.com\/avatar\/2bf513fc466a5199a6e9830e1ef015e7551f69f05171d89e5d6639c69c350904?s=96&d=mm&r=g","width":96,"height":96,"caption":"Tracy O'Sullivan"}},{"@type":"WebPage","@id":"https:\/\/carmelites.net\/es\/fr-tracy\/twenty-second-sunday-in-ordinary-time\/#webpage","url":"https:\/\/carmelites.net\/es\/fr-tracy\/twenty-second-sunday-in-ordinary-time\/","name":"TWENTY-SECOND SUNDAY IN ORDINARY TIME - Order of Carmelites","description":"Matthew 16: 21-27 Dear Friends, In the beginning of the Gospel of John we have the heart of God\u2019s plan of salvation. The world-shattering proclamation, \u201cThe Word became flesh.\u201d (Jn 1:14) is God\u2019s plan. This is how Jesus accepted the call to save the world. Becoming flesh was not an isolated event. It is in accepting","inLanguage":"es-ES","isPartOf":{"@id":"https:\/\/carmelites.net\/es\/#website"},"breadcrumb":{"@id":"https:\/\/carmelites.net\/es\/fr-tracy\/twenty-second-sunday-in-ordinary-time\/#breadcrumblist"},"author":{"@id":"https:\/\/carmelites.net\/es\/author\/wpra-source-author-site-1\/#author"},"creator":{"@id":"https:\/\/carmelites.net\/es\/author\/wpra-source-author-site-1\/#author"},"image":{"@type":"ImageObject","url":"https:\/\/carmelites.net\/wp-content\/uploads\/2026\/08\/1000270782.png","@id":"https:\/\/carmelites.net\/es\/fr-tracy\/twenty-second-sunday-in-ordinary-time\/#mainImage","width":1408,"height":768},"primaryImageOfPage":{"@id":"https:\/\/carmelites.net\/es\/fr-tracy\/twenty-second-sunday-in-ordinary-time\/#mainImage"},"datePublished":"2026-08-30T12:01:24-05:00","dateModified":"2026-08-30T15:16:58-05:00"},{"@type":"WebSite","@id":"https:\/\/carmelites.net\/es\/#website","url":"https:\/\/carmelites.net\/es\/","name":"Order of Carmelites","description":"Province of the Most Pure Heart of Mary","inLanguage":"es-ES","publisher":{"@id":"https:\/\/carmelites.net\/es\/#organization"}}]},"og:locale":"es_ES","og:site_name":"Order of Carmelites - Province of the Most Pure Heart of Mary","og:type":"article","og:title":"TWENTY-SECOND SUNDAY IN ORDINARY TIME - Order of Carmelites","og:description":"Matthew 16: 21-27 Dear Friends, In the beginning of the Gospel of John we have the heart of God\u2019s plan of salvation. The world-shattering proclamation, \u201cThe Word became flesh.\u201d (Jn 1:14) is God\u2019s plan. This is how Jesus accepted the call to save the world. Becoming flesh was not an isolated event. It is in accepting","og:url":"https:\/\/carmelites.net\/es\/fr-tracy\/twenty-second-sunday-in-ordinary-time\/","og:image":"https:\/\/carmelites.net\/wp-content\/uploads\/2021\/07\/logo100.png","og:image:secure_url":"https:\/\/carmelites.net\/wp-content\/uploads\/2021\/07\/logo100.png","article:published_time":"2026-08-30T17:01:24+00:00","article:modified_time":"2026-08-30T20:16:58+00:00","article:publisher":"https:\/\/www.facebook.com\/Carmelites\/","twitter:card":"summary_large_image","twitter:title":"TWENTY-SECOND SUNDAY IN ORDINARY TIME - Order of Carmelites","twitter:description":"Matthew 16: 21-27 Dear Friends, In the beginning of the Gospel of John we have the heart of God\u2019s plan of salvation. The world-shattering proclamation, \u201cThe Word became flesh.\u201d (Jn 1:14) is God\u2019s plan. This is how Jesus accepted the call to save the world. Becoming flesh was not an isolated event. It is in accepting","twitter:image":"https:\/\/carmelites.net\/wp-content\/uploads\/2021\/07\/logo100.png"},"aioseo_meta_data":{"post_id":"27329","title":null,"description":null,"keywords":null,"keyphrases":{"focus":[],"additional":[]},"primary_term":null,"canonical_url":null,"og_title":null,"og_description":null,"og_object_type":"default","og_image_type":"default","og_image_url":null,"og_image_width":null,"og_image_height":null,"og_image_custom_url":null,"og_image_custom_fields":null,"og_video":null,"og_custom_url":null,"og_article_section":null,"og_article_tags":null,"twitter_use_og":false,"twitter_card":"default","twitter_image_type":"default","twitter_image_url":null,"twitter_image_custom_url":null,"twitter_image_custom_fields":null,"twitter_title":null,"twitter_description":null,"schema":{"blockGraphs":[],"customGraphs":[],"default":{"data":{"Article":[],"Course":[],"Dataset":[],"FAQPage":[],"Movie":[],"Person":[],"Product":[],"ProductReview":[],"Car":[],"Recipe":[],"Service":[],"SoftwareApplication":[],"WebPage":[]},"graphName":"","isEnabled":true},"graphs":[]},"schema_type":"default","schema_type_options":null,"pillar_content":false,"robots_default":true,"robots_noindex":false,"robots_noarchive":false,"robots_nosnippet":false,"robots_nofollow":false,"robots_noimageindex":false,"robots_noodp":false,"robots_notranslate":false,"robots_max_snippet":null,"robots_max_videopreview":null,"robots_max_imagepreview":"large","priority":null,"frequency":null,"local_seo":null,"seo_analyzer_scan_date":"2026-08-30 20:19:32","breadcrumb_settings":null,"limit_modified_date":false,"reviewed_by":null,"open_ai":null,"ai":null,"created":"2026-08-30 20:16:54","updated":"2026-08-30 23:23:18","focus_keyword":null,"additional_keywords":null,"truseo_locale":null},"aioseo_breadcrumb":"<div class=\"aioseo-breadcrumbs\"><span class=\"aioseo-breadcrumb\">\n\t<a href=\"https:\/\/carmelites.net\/es\" title=\"Home\">Home<\/a>\n<\/span><span class=\"aioseo-breadcrumb-separator\">&raquo;<\/span><span class=\"aioseo-breadcrumb\">\n\t<a href=\"https:\/\/carmelites.net\/es\/category\/fr-tracy\/\" title=\"Fr Tracy\">Fr Tracy<\/a>\n<\/span><span class=\"aioseo-breadcrumb-separator\">&raquo;<\/span><span class=\"aioseo-breadcrumb\">\n\tTWENTY-SECOND SUNDAY IN ORDINARY TIME\n<\/span><\/div>","aioseo_breadcrumb_json":[{"label":"Home","link":"https:\/\/carmelites.net\/es"},{"label":"Fr Tracy","link":"https:\/\/carmelites.net\/es\/category\/fr-tracy\/"},{"label":"TWENTY-SECOND SUNDAY IN ORDINARY TIME","link":"https:\/\/carmelites.net\/es\/fr-tracy\/twenty-second-sunday-in-ordinary-time\/"}],"_links":{"self":[{"href":"https:\/\/carmelites.net\/es\/wp-json\/wp\/v2\/posts\/27329","targetHints":{"allow":["GET"]}}],"collection":[{"href":"https:\/\/carmelites.net\/es\/wp-json\/wp\/v2\/posts"}],"about":[{"href":"https:\/\/carmelites.net\/es\/wp-json\/wp\/v2\/types\/post"}],"author":[{"embeddable":true,"href":"https:\/\/carmelites.net\/es\/wp-json\/wp\/v2\/users\/234"}],"replies":[{"embeddable":true,"href":"https:\/\/carmelites.net\/es\/wp-json\/wp\/v2\/comments?post=27329"}],"version-history":[{"count":1,"href":"https:\/\/carmelites.net\/es\/wp-json\/wp\/v2\/posts\/27329\/revisions"}],"predecessor-version":[{"id":27331,"href":"https:\/\/carmelites.net\/es\/wp-json\/wp\/v2\/posts\/27329\/revisions\/27331"}],"wp:featuredmedia":[{"embeddable":true,"href":"https:\/\/carmelites.net\/es\/wp-json\/wp\/v2\/media\/27330"}],"wp:attachment":[{"href":"https:\/\/carmelites.net\/es\/wp-json\/wp\/v2\/media?parent=27329"}],"wp:term":[{"taxonomy":"category","embeddable":true,"href":"https:\/\/carmelites.net\/es\/wp-json\/wp\/v2\/categories?post=27329"},{"taxonomy":"post_tag","embeddable":true,"href":"https:\/\/carmelites.net\/es\/wp-json\/wp\/v2\/tags?post=27329"}],"curies":[{"name":"wp","href":"https:\/\/api.w.org\/{rel}","templated":true}]}}