{"id":21586,"date":"2025-09-12T11:48:48","date_gmt":"2025-09-12T16:48:48","guid":{"rendered":"https:\/\/carmelites.net\/?p=21586"},"modified":"2025-09-12T11:53:48","modified_gmt":"2025-09-12T16:53:48","slug":"book-review-2","status":"publish","type":"post","link":"https:\/\/carmelites.net\/es\/carmelite-review\/book-review-2\/","title":{"rendered":"RESE\u00d1A DEL LIBRO"},"content":{"rendered":"<div data-elementor-type=\"wp-post\" data-elementor-id=\"21586\" class=\"elementor elementor-21586\" data-elementor-post-type=\"post\">\n\t\t\t\t<div data-particle_enable=\"false\" data-particle-mobile-disabled=\"false\" class=\"elementor-element elementor-element-0d23b97 e-flex e-con-boxed e-con e-parent\" data-id=\"0d23b97\" data-element_type=\"container\" data-e-type=\"container\">\n\t\t\t\t\t<div class=\"e-con-inner\">\n\t\t\t\t<div class=\"elementor-element elementor-element-8053a50 elementor-widget elementor-widget-image\" data-id=\"8053a50\" data-element_type=\"widget\" data-e-type=\"widget\" data-widget_type=\"image.default\">\n\t\t\t\t<div class=\"elementor-widget-container\">\n\t\t\t\t\t\t\t\t\t\t\t\t\t\t\t<img loading=\"lazy\" decoding=\"async\" width=\"216\" height=\"300\" src=\"https:\/\/carmelites.net\/wp-content\/uploads\/2025\/09\/cover-1-216x300.png\" class=\"attachment-medium size-medium wp-image-21589\" alt=\"\" srcset=\"https:\/\/carmelites.net\/wp-content\/uploads\/2025\/09\/cover-1-216x300.png 216w, https:\/\/carmelites.net\/wp-content\/uploads\/2025\/09\/cover-1-736x1024.png 736w, https:\/\/carmelites.net\/wp-content\/uploads\/2025\/09\/cover-1-768x1069.png 768w, https:\/\/carmelites.net\/wp-content\/uploads\/2025\/09\/cover-1-1104x1536.png 1104w, https:\/\/carmelites.net\/wp-content\/uploads\/2025\/09\/cover-1-1471x2048.png 1471w, https:\/\/carmelites.net\/wp-content\/uploads\/2025\/09\/cover-1-9x12.png 9w, https:\/\/carmelites.net\/wp-content\/uploads\/2025\/09\/cover-1-scaled.png 1839w\" sizes=\"auto, (max-width: 216px) 100vw, 216px\" \/>\t\t\t\t\t\t\t\t\t\t\t\t\t\t\t<\/div>\n\t\t\t\t<\/div>\n\t\t\t\t<div class=\"elementor-element elementor-element-1dc9bd7 elementor-widget elementor-widget-text-editor\" data-id=\"1dc9bd7\" data-element_type=\"widget\" data-e-type=\"widget\" data-widget_type=\"text-editor.default\">\n\t\t\t\t<div class=\"elementor-widget-container\">\n\t\t\t\t\t\t\t\t\t<h4><strong>El Carmelo y la m\u00fasica<\/strong><\/h4><p><strong>por Simon Nolan, O.Carm. | <\/strong><strong>Carmelite Media, 2020, 109 pp<br \/><\/strong><em>revisado por Gregory Houck, O.Carm.<\/em><\/p><p>El Carmelo y la M\u00fasica es un estudio cronol\u00f3gico de ocho siglos de m\u00fasica lit\u00fargica carmelita, junto con compositores notables que trataron temas carmelitas. El P. Simon Nolan escribe para un p\u00fablico general, pero el libro atraer\u00e1 especialmente a los oyentes de m\u00fasica vocal cl\u00e1sica, incluidos los carmelitas.<\/p><p>En el primer cap\u00edtulo, \"El Carmelo y la m\u00fasica en la Edad Media y el Renacimiento\", no reconoc\u00ed a la mayor\u00eda de los compositores carmelitas mencionados, as\u00ed que recurr\u00ed a Spotify, donde, para mi sorpresa, todos ten\u00edan grabaciones disponibles. Los dos cap\u00edtulos siguientes se centran en los carmelitas Manuel Cardoso y Benedictus de San Jos\u00e9. Tampoco hab\u00eda o\u00eddo hablar de ellos, pero su m\u00fasica tambi\u00e9n es f\u00e1cil de encontrar en Spotify, prueba de que estas figuras son muy conocidas en los c\u00edrculos musicales. A continuaci\u00f3n, Nolan trata de compositores famosos y sus conexiones con el Carmelo (George Frideric Handel, Felix Mendelssohn, Lennox Berkeley y John Tavener), todos ellos bien representados en los servicios de streaming. La \u00fanica excepci\u00f3n en mi b\u00fasqueda fue Hermann Cohen, que recibe un cap\u00edtulo completo pero (hasta ahora) no tiene presencia en Spotify.<\/p><p>En general, aprend\u00ed mucho sobre el Carmelo y la m\u00fasica. Aunque me considero aficionado a la m\u00fasica cl\u00e1sica (y carmelita), me di cuenta de lo poco que sab\u00eda en realidad sobre el tema.<\/p><p>Desde el principio, el autor se enfrenta al aparente problema de que la m\u00fasica es auditiva, pero un libro es visual, al afirmar: \"Pero las palabras pueden empujarnos en la direcci\u00f3n correcta y actuar como se\u00f1ales \u00fatiles para ayudarnos en nuestra exploraci\u00f3n de la m\u00fasica\".  Pero no tiene por qu\u00e9 ser una cosa o la otra. Despu\u00e9s de haber recurrido a Spotify una y otra vez, me complace saber que ya hay un recurso disponible que aborda esta cuesti\u00f3n y otro en fase de producci\u00f3n.<\/p><p><em><strong>En colaboraci\u00f3n con el Carmelite Institute of North America (CINA), el P. Nolan present\u00f3 un seminario web extra\u00eddo de Carmel and Music, disponible en el <a href=\"https:\/\/carmeliteinstitute.net\/webinars\/\" target=\"_blank\" rel=\"noopener\">P\u00e1gina web del CINA<\/a>. El CINA y el P. Nolan tambi\u00e9n han grabado una serie de v\u00eddeos de varias partes que incluye muestras de toda la m\u00fasica tratada en el libro. La serie se espera para principios de 2026; considere unirse a la lista de correo electr\u00f3nico de CINA para ser notificado cuando se publique.<\/strong><\/em><\/p>\t\t\t\t\t\t\t\t<\/div>\n\t\t\t\t<\/div>\n\t\t\t\t<div class=\"elementor-element elementor-element-1e51121 elementor-widget-divider--view-line elementor-widget elementor-widget-divider\" data-id=\"1e51121\" data-element_type=\"widget\" data-e-type=\"widget\" data-widget_type=\"divider.default\">\n\t\t\t\t<div class=\"elementor-widget-container\">\n\t\t\t\t\t\t\t<div class=\"elementor-divider\">\n\t\t\t<span class=\"elementor-divider-separator\">\n\t\t\t\t\t\t<\/span>\n\t\t<\/div>\n\t\t\t\t\t\t<\/div>\n\t\t\t\t<\/div>\n\t\t<div data-particle_enable=\"false\" data-particle-mobile-disabled=\"false\" class=\"elementor-element elementor-element-95e1885 e-grid e-con-full e-con e-child\" data-id=\"95e1885\" data-element_type=\"container\" data-e-type=\"container\">\n\t\t\t\t<div class=\"elementor-element elementor-element-505eb0a elementor-widget elementor-widget-text-editor\" data-id=\"505eb0a\" data-element_type=\"widget\" data-e-type=\"widget\" data-widget_type=\"text-editor.default\">\n\t\t\t\t<div class=\"elementor-widget-container\">\n\t\t\t\t\t\t\t\t\t<h2><strong>El Carmelo y la m\u00fasica<\/strong><\/h2><h2><em>est\u00e1 disponible en el sitio web de Carmelite Media Publications:<\/em><\/h2><h2><a href=\"https:\/\/publications.carmelitemedia.org\" target=\"_blank\" rel=\"noopener\"><em>https:\/\/publications.carmelitemedia.org\u00a0<\/em><\/a><\/h2>\t\t\t\t\t\t\t\t<\/div>\n\t\t\t\t<\/div>\n\t\t\t\t<div class=\"elementor-element elementor-element-117ac0d elementor-widget elementor-widget-image\" data-id=\"117ac0d\" data-element_type=\"widget\" data-e-type=\"widget\" data-widget_type=\"image.default\">\n\t\t\t\t<div class=\"elementor-widget-container\">\n\t\t\t\t\t\t\t\t\t\t\t\t\t\t\t\t<a href=\"https:\/\/publications.carmelitemedia.org\">\n\t\t\t\t\t\t\t<img loading=\"lazy\" decoding=\"async\" width=\"216\" height=\"300\" src=\"https:\/\/carmelites.net\/wp-content\/uploads\/2025\/09\/cover-216x300.png\" class=\"attachment-medium size-medium wp-image-21588\" alt=\"\" srcset=\"https:\/\/carmelites.net\/wp-content\/uploads\/2025\/09\/cover-216x300.png 216w, https:\/\/carmelites.net\/wp-content\/uploads\/2025\/09\/cover-736x1024.png 736w, https:\/\/carmelites.net\/wp-content\/uploads\/2025\/09\/cover-768x1069.png 768w, https:\/\/carmelites.net\/wp-content\/uploads\/2025\/09\/cover-1104x1536.png 1104w, https:\/\/carmelites.net\/wp-content\/uploads\/2025\/09\/cover-1471x2048.png 1471w, https:\/\/carmelites.net\/wp-content\/uploads\/2025\/09\/cover-9x12.png 9w, https:\/\/carmelites.net\/wp-content\/uploads\/2025\/09\/cover-scaled.png 1839w\" sizes=\"auto, (max-width: 216px) 100vw, 216px\" \/>\t\t\t\t\t\t\t\t<\/a>\n\t\t\t\t\t\t\t\t\t\t\t\t\t\t\t<\/div>\n\t\t\t\t<\/div>\n\t\t\t\t<\/div>\n\t\t\t\t\t<\/div>\n\t\t\t\t<\/div>\n\t\t<div data-particle_enable=\"false\" data-particle-mobile-disabled=\"false\" class=\"elementor-element elementor-element-d4a9ab7 e-flex e-con-boxed e-con e-parent\" data-id=\"d4a9ab7\" data-element_type=\"container\" data-e-type=\"container\">\n\t\t\t\t\t<div class=\"e-con-inner\">\n\t\t\t\t<div class=\"elementor-element elementor-element-0feb23e elementor-widget-divider--view-line elementor-widget elementor-widget-divider\" data-id=\"0feb23e\" data-element_type=\"widget\" data-e-type=\"widget\" data-widget_type=\"divider.default\">\n\t\t\t\t<div class=\"elementor-widget-container\">\n\t\t\t\t\t\t\t<div class=\"elementor-divider\">\n\t\t\t<span class=\"elementor-divider-separator\">\n\t\t\t\t\t\t<\/span>\n\t\t<\/div>\n\t\t\t\t\t\t<\/div>\n\t\t\t\t<\/div>\n\t\t\t\t<div class=\"elementor-element elementor-element-26532f3 elementor-post-navigation-borders-yes elementor-widget elementor-widget-post-navigation\" data-id=\"26532f3\" data-element_type=\"widget\" data-e-type=\"widget\" data-widget_type=\"post-navigation.default\">\n\t\t\t\t<div class=\"elementor-widget-container\">\n\t\t\t\t\t\t\t<div class=\"elementor-post-navigation\" role=\"navigation\" aria-label=\"Navegaci\u00f3n de entrada\">\n\t\t\t<div class=\"elementor-post-navigation__prev elementor-post-navigation__link\">\n\t\t\t\t<a href=\"https:\/\/carmelites.net\/es\/carmelite-review\/therese-relics-on-display\/\" rel=\"prev\"><span class=\"post-navigation__arrow-wrapper post-navigation__arrow-prev\"><i aria-hidden=\"true\" class=\"fas fa-angle-left\"><\/i><span class=\"elementor-screen-only\">Hormiga<\/span><\/span><span class=\"elementor-post-navigation__link__prev\"><span class=\"post-navigation__prev--label\">Anterior<\/span><span class=\"post-navigation__prev--title\">Exposici\u00f3n de reliquias de Teresa<\/span><\/span><\/a>\t\t\t<\/div>\n\t\t\t\t\t\t\t<div class=\"elementor-post-navigation__separator-wrapper\">\n\t\t\t\t\t<div class=\"elementor-post-navigation__separator\"><\/div>\n\t\t\t\t<\/div>\n\t\t\t\t\t\t<div class=\"elementor-post-navigation__next elementor-post-navigation__link\">\n\t\t\t\t<a href=\"https:\/\/carmelites.net\/es\/carmelite-review\/who-is-albert-of-jerusalem\/\" rel=\"next\"><span class=\"elementor-post-navigation__link__next\"><span class=\"post-navigation__next--label\">Siguiente<\/span><span class=\"post-navigation__next--title\">\u00bfQui\u00e9n es Alberto de Jerusal\u00e9n?<\/span><\/span><span class=\"post-navigation__arrow-wrapper post-navigation__arrow-next\"><i aria-hidden=\"true\" class=\"fas fa-angle-right\"><\/i><span class=\"elementor-screen-only\">Siguiente<\/span><\/span><\/a>\t\t\t<\/div>\n\t\t<\/div>\n\t\t\t\t\t\t<\/div>\n\t\t\t\t<\/div>\n\t\t\t\t\t<\/div>\n\t\t\t\t<\/div>\n\t\t\t\t<\/div>","protected":false},"excerpt":{"rendered":"<p>El Carmelo y la m\u00fasica<\/p>\n<p>por Simon Nolan, O.Carm. | Carmelite Media, 2020, 109 pp.<br \/>\nrevisado por Gregory Houck, O.Carm.<\/p>","protected":false},"author":14,"featured_media":21588,"comment_status":"closed","ping_status":"open","sticky":false,"template":"","format":"standard","meta":{"rs_blank_template":"","rs_page_bg_color":"","slide_template_v7":"","_analytify_skip_tracking":false,"footnotes":""},"categories":[71],"tags":[80,274,102,250],"class_list":["post-21586","post","type-post","status-publish","format-standard","has-post-thumbnail","hentry","category-carmelite-review","tag-carmel","tag-composers","tag-history","tag-music"],"aioseo_notices":[],"_links":{"self":[{"href":"https:\/\/carmelites.net\/es\/wp-json\/wp\/v2\/posts\/21586","targetHints":{"allow":["GET"]}}],"collection":[{"href":"https:\/\/carmelites.net\/es\/wp-json\/wp\/v2\/posts"}],"about":[{"href":"https:\/\/carmelites.net\/es\/wp-json\/wp\/v2\/types\/post"}],"author":[{"embeddable":true,"href":"https:\/\/carmelites.net\/es\/wp-json\/wp\/v2\/users\/14"}],"replies":[{"embeddable":true,"href":"https:\/\/carmelites.net\/es\/wp-json\/wp\/v2\/comments?post=21586"}],"version-history":[{"count":10,"href":"https:\/\/carmelites.net\/es\/wp-json\/wp\/v2\/posts\/21586\/revisions"}],"predecessor-version":[{"id":21599,"href":"https:\/\/carmelites.net\/es\/wp-json\/wp\/v2\/posts\/21586\/revisions\/21599"}],"wp:featuredmedia":[{"embeddable":true,"href":"https:\/\/carmelites.net\/es\/wp-json\/wp\/v2\/media\/21588"}],"wp:attachment":[{"href":"https:\/\/carmelites.net\/es\/wp-json\/wp\/v2\/media?parent=21586"}],"wp:term":[{"taxonomy":"category","embeddable":true,"href":"https:\/\/carmelites.net\/es\/wp-json\/wp\/v2\/categories?post=21586"},{"taxonomy":"post_tag","embeddable":true,"href":"https:\/\/carmelites.net\/es\/wp-json\/wp\/v2\/tags?post=21586"}],"curies":[{"name":"wp","href":"https:\/\/api.w.org\/{rel}","templated":true}]}}