{"id":21455,"date":"2025-09-07T14:29:34","date_gmt":"2025-09-07T19:29:34","guid":{"rendered":"https:\/\/carmelites.net\/?p=21455"},"modified":"2025-09-12T11:15:57","modified_gmt":"2025-09-12T16:15:57","slug":"pilgrimage","status":"publish","type":"post","link":"https:\/\/carmelites.net\/es\/carmelite-review\/pilgrimage\/","title":{"rendered":"PEREGRINACI\u00d3N"},"content":{"rendered":"<div data-elementor-type=\"wp-post\" data-elementor-id=\"21455\" class=\"elementor elementor-21455\" data-elementor-post-type=\"post\">\n\t\t\t\t<div data-particle_enable=\"false\" data-particle-mobile-disabled=\"false\" class=\"elementor-element elementor-element-e56aa22 e-flex e-con-boxed e-con e-parent\" data-id=\"e56aa22\" data-element_type=\"container\" data-e-type=\"container\">\n\t\t\t\t\t<div class=\"e-con-inner\">\n\t\t\t\t<div class=\"elementor-element elementor-element-bcefd57 elementor-widget__width-initial e-transform elementor-widget elementor-widget-video\" data-id=\"bcefd57\" data-element_type=\"widget\" data-e-type=\"widget\" data-settings=\"{&quot;video_type&quot;:&quot;hosted&quot;,&quot;_transform_scale_effect&quot;:{&quot;unit&quot;:&quot;px&quot;,&quot;size&quot;:0,&quot;sizes&quot;:[]},&quot;controls&quot;:&quot;yes&quot;,&quot;_transform_scale_effect_tablet&quot;:{&quot;unit&quot;:&quot;px&quot;,&quot;size&quot;:&quot;&quot;,&quot;sizes&quot;:[]},&quot;_transform_scale_effect_mobile&quot;:{&quot;unit&quot;:&quot;px&quot;,&quot;size&quot;:&quot;&quot;,&quot;sizes&quot;:[]}}\" data-widget_type=\"video.default\">\n\t\t\t\t<div class=\"elementor-widget-container\">\n\t\t\t\t\t\t\t<div class=\"e-hosted-video elementor-wrapper elementor-open-inline\">\n\t\t\t\t\t<video class=\"elementor-video\" src=\"https:\/\/carmelites.net\/wp-content\/uploads\/2025\/08\/2026-Pilgrimage-Vertical.mp4\" controls=\"\" preload=\"metadata\" controlslist=\"nodownload\"><\/video>\n\t\t\t\t<\/div>\n\t\t\t\t\t\t<\/div>\n\t\t\t\t<\/div>\n\t\t\t\t<div class=\"elementor-element elementor-element-4c1af97 elementor-widget elementor-widget-text-editor\" data-id=\"4c1af97\" data-element_type=\"widget\" data-e-type=\"widget\" data-widget_type=\"text-editor.default\">\n\t\t\t\t<div class=\"elementor-widget-container\">\n\t\t\t\t\t\t\t\t\t<h3><strong>Peregrinaci\u00f3n del Carmelo: Pa\u00edses Bajos y Alemania, 18-28 de mayo de 2026<\/strong><\/h3><p>El Instituto Carmelita de Norteam\u00e9rica te invita cordialmente a unirte a una peregrinaci\u00f3n muy especial a trav\u00e9s de los Pa\u00edses Bajos y Alemania del 18 al 28 de mayo de 2026. Este viaje ser\u00e1 guiado por el P. Nepi Willemsen, O.Carm., un fraile carmelita germano-americano originario de esta regi\u00f3n, junto con Lourdes Crabtree, Directora del Instituto Carmelita de Norteam\u00e9rica.<\/p><p><em><strong>En el centro de esta peregrinaci\u00f3n se encuentran dos extraordinarios testigos de la fe:<br \/><\/strong><\/em>Santa Edith Stein (Teresa Benedicta de la Cruz), fil\u00f3sofa, conversa, monja carmelita y m\u00e1rtir de Auschwitz.<br \/>San Tito Brandsma, periodista, erudito y fraile carmelita, que resisti\u00f3 valientemente a la opresi\u00f3n nazi.<\/p><p><em><strong>Los peregrinos visitar\u00e1n los lugares que dieron forma a sus vidas:<br \/><\/strong><\/em>\u00c1msterdam, con sus canales y calles hist\u00f3ricas, para comenzar el viaje.<br \/>Frisia, lugar de nacimiento de Tito Brandsma, incluida la misa en una parroquia dedicada a su memoria.<br \/>Echt, donde Edith Stein vivi\u00f3 en el monasterio carmelita antes de su detenci\u00f3n.<br \/>Estas visitas ofrecen un encuentro vivo con el valor, el sufrimiento y la fe de dos santos que encarnan el esp\u00edritu carmelita en el mundo moderno.<\/p><p><strong>La peregrinaci\u00f3n contin\u00faa por Alemania a trav\u00e9s de Paisajes Sagrados y Belleza Espiritual:<\/strong><br \/>Arnhem, Colonia, M\u00fanich y Dachau, lugares marcados tanto por la belleza como por la fe resistente que surgi\u00f3 del profundo sufrimiento.<br \/>Los Alpes b\u00e1varos, con sus majestuosas cumbres, ofrecen la belleza natural como tel\u00f3n de fondo para la oraci\u00f3n y la reflexi\u00f3n.<br \/>El castillo de cuento de hadas de Neuschwanstein y la misa en la capilla Wieskirche.<br \/>El santuario mariano de Alt\u00f6tting, el lugar de peregrinaci\u00f3n m\u00e1s apreciado de Alemania, irradia una gracia tranquila.<br \/>A lo largo del camino, los peregrinos celebrar\u00e1n Misa, compartir\u00e1n la oraci\u00f3n y reflexionar\u00e1n juntos, permitiendo que el ritmo de la espiritualidad carmelita d\u00e9 forma a cada d\u00eda.<\/p><p><em><strong>Esta peregrinaci\u00f3n es m\u00e1s que un viaje... es una invitaci\u00f3n a:<br \/><\/strong><\/em>Profundiza en tu vida de oraci\u00f3n a trav\u00e9s de la tradici\u00f3n carmelita de la contemplaci\u00f3n.<br \/>Renu\u00e9vate espiritualmente mientras caminas junto al legado de los santos carmelitas.<br \/>Descubra la belleza y la historia, desde las v\u00edas fluviales y las llanuras de los Pa\u00edses Bajos hasta los Alpes b\u00e1varos.<br \/>Comparta comunidad con otros peregrinos, guiados por el Instituto Carmelita de Norteam\u00e9rica.<\/p><p><strong>En palabras del P. Willemsen:<\/strong> <em>\"Ser\u00e1 un tiempo de renovaci\u00f3n espiritual, de oraci\u00f3n y de profunda inspiraci\u00f3n. Caminaremos con los santos carmelitas que se mantuvieron firmes ante la oscuridad y que ahora caminan con nosotros en la fe.\"<\/em><\/p><p><em><strong>\u00danete a nosotros en 2026 para experimentar la belleza, la historia y la espiritualidad del Carmelo en Europa. Camina con los santos, descubre la profundidad de la oraci\u00f3n carmelita y vuelve renovado en la fe y el esp\u00edritu.<\/strong><\/em><\/p>\t\t\t\t\t\t\t\t<\/div>\n\t\t\t\t<\/div>\n\t\t\t\t<div class=\"elementor-element elementor-element-79d9d05 elementor-widget-divider--view-line elementor-widget elementor-widget-divider\" data-id=\"79d9d05\" data-element_type=\"widget\" data-e-type=\"widget\" data-widget_type=\"divider.default\">\n\t\t\t\t<div class=\"elementor-widget-container\">\n\t\t\t\t\t\t\t<div class=\"elementor-divider\">\n\t\t\t<span class=\"elementor-divider-separator\">\n\t\t\t\t\t\t<\/span>\n\t\t<\/div>\n\t\t\t\t\t\t<\/div>\n\t\t\t\t<\/div>\n\t\t\t\t<div class=\"elementor-element elementor-element-b810ccc elementor-widget elementor-widget-text-editor\" data-id=\"b810ccc\" data-element_type=\"widget\" data-e-type=\"widget\" data-widget_type=\"text-editor.default\">\n\t\t\t\t<div class=\"elementor-widget-container\">\n\t\t\t\t\t\t\t\t\t<p><strong>Para m\u00e1s informaci\u00f3n e inscribirse en la peregrinaci\u00f3n, visite <a href=\"https:\/\/carmeliteinstitute.net\/pilgrimage-to-germany-netherlands\/\" target=\"_blank\" rel=\"noopener\">Instituto Carmelita de Norteam\u00e9rica<\/a> para descargar el PDF informativo y de inscripci\u00f3n.<\/strong><\/p>\t\t\t\t\t\t\t\t<\/div>\n\t\t\t\t<\/div>\n\t\t\t\t<div class=\"elementor-element elementor-element-ba1c26e elementor-widget-divider--view-line elementor-widget elementor-widget-divider\" data-id=\"ba1c26e\" data-element_type=\"widget\" data-e-type=\"widget\" data-widget_type=\"divider.default\">\n\t\t\t\t<div class=\"elementor-widget-container\">\n\t\t\t\t\t\t\t<div class=\"elementor-divider\">\n\t\t\t<span class=\"elementor-divider-separator\">\n\t\t\t\t\t\t<\/span>\n\t\t<\/div>\n\t\t\t\t\t\t<\/div>\n\t\t\t\t<\/div>\n\t\t\t\t<div class=\"elementor-element elementor-element-e62013b elementor-post-navigation-borders-yes elementor-widget elementor-widget-post-navigation\" data-id=\"e62013b\" data-element_type=\"widget\" data-e-type=\"widget\" data-widget_type=\"post-navigation.default\">\n\t\t\t\t<div class=\"elementor-widget-container\">\n\t\t\t\t\t\t\t<div class=\"elementor-post-navigation\" role=\"navigation\" aria-label=\"Navegaci\u00f3n de entrada\">\n\t\t\t<div class=\"elementor-post-navigation__prev elementor-post-navigation__link\">\n\t\t\t\t<a href=\"https:\/\/carmelites.net\/es\/carmelite-review\/book-review\/\" rel=\"prev\"><span class=\"post-navigation__arrow-wrapper post-navigation__arrow-prev\"><i aria-hidden=\"true\" class=\"fas fa-angle-left\"><\/i><span class=\"elementor-screen-only\">Hormiga<\/span><\/span><span class=\"elementor-post-navigation__link__prev\"><span class=\"post-navigation__prev--label\">Anterior<\/span><span class=\"post-navigation__prev--title\">RESE\u00d1A DEL LIBRO<\/span><\/span><\/a>\t\t\t<\/div>\n\t\t\t\t\t\t\t<div class=\"elementor-post-navigation__separator-wrapper\">\n\t\t\t\t\t<div class=\"elementor-post-navigation__separator\"><\/div>\n\t\t\t\t<\/div>\n\t\t\t\t\t\t<div class=\"elementor-post-navigation__next elementor-post-navigation__link\">\n\t\t\t\t<a href=\"https:\/\/carmelites.net\/es\/carmelite-review\/remembering-fr-john-jay-comerford-o-carm\/\" rel=\"next\"><span class=\"elementor-post-navigation__link__next\"><span class=\"post-navigation__next--label\">Siguiente<\/span><span class=\"post-navigation__next--title\">Recordando al P. John \"Jay\" Comerford, O.Carm.<\/span><\/span><span class=\"post-navigation__arrow-wrapper post-navigation__arrow-next\"><i aria-hidden=\"true\" class=\"fas fa-angle-right\"><\/i><span class=\"elementor-screen-only\">Siguiente<\/span><\/span><\/a>\t\t\t<\/div>\n\t\t<\/div>\n\t\t\t\t\t\t<\/div>\n\t\t\t\t<\/div>\n\t\t\t\t\t<\/div>\n\t\t\t\t<\/div>\n\t\t\t\t<\/div>","protected":false},"excerpt":{"rendered":"<p>Peregrinaci\u00f3n del Carmelo: Pa\u00edses Bajos y Alemania, 18-28 de mayo de 2026<\/p>\n<p>El Instituto Carmelita de Norteam\u00e9rica te invita cordialmente a unirte a una peregrinaci\u00f3n muy especial a trav\u00e9s de los Pa\u00edses Bajos y Alemania del 18 al 28 de mayo de 2026. Este viaje ser\u00e1 guiado por el P. Nepi Willemsen, O.Carm., un fraile carmelita germano-americano originario de esta regi\u00f3n, junto con Lourdes Crabtree, Directora del Instituto Carmelita de Norteam\u00e9rica.<\/p>","protected":false},"author":14,"featured_media":21460,"comment_status":"closed","ping_status":"open","sticky":false,"template":"","format":"standard","meta":{"rs_blank_template":"","rs_page_bg_color":"","slide_template_v7":"","_analytify_skip_tracking":false,"footnotes":""},"categories":[71],"tags":[],"class_list":["post-21455","post","type-post","status-publish","format-standard","has-post-thumbnail","hentry","category-carmelite-review"],"aioseo_notices":[],"_links":{"self":[{"href":"https:\/\/carmelites.net\/es\/wp-json\/wp\/v2\/posts\/21455","targetHints":{"allow":["GET"]}}],"collection":[{"href":"https:\/\/carmelites.net\/es\/wp-json\/wp\/v2\/posts"}],"about":[{"href":"https:\/\/carmelites.net\/es\/wp-json\/wp\/v2\/types\/post"}],"author":[{"embeddable":true,"href":"https:\/\/carmelites.net\/es\/wp-json\/wp\/v2\/users\/14"}],"replies":[{"embeddable":true,"href":"https:\/\/carmelites.net\/es\/wp-json\/wp\/v2\/comments?post=21455"}],"version-history":[{"count":10,"href":"https:\/\/carmelites.net\/es\/wp-json\/wp\/v2\/posts\/21455\/revisions"}],"predecessor-version":[{"id":21579,"href":"https:\/\/carmelites.net\/es\/wp-json\/wp\/v2\/posts\/21455\/revisions\/21579"}],"wp:featuredmedia":[{"embeddable":true,"href":"https:\/\/carmelites.net\/es\/wp-json\/wp\/v2\/media\/21460"}],"wp:attachment":[{"href":"https:\/\/carmelites.net\/es\/wp-json\/wp\/v2\/media?parent=21455"}],"wp:term":[{"taxonomy":"category","embeddable":true,"href":"https:\/\/carmelites.net\/es\/wp-json\/wp\/v2\/categories?post=21455"},{"taxonomy":"post_tag","embeddable":true,"href":"https:\/\/carmelites.net\/es\/wp-json\/wp\/v2\/tags?post=21455"}],"curies":[{"name":"wp","href":"https:\/\/api.w.org\/{rel}","templated":true}]}}