{"id":20317,"date":"2025-06-02T19:27:04","date_gmt":"2025-06-03T00:27:04","guid":{"rendered":"https:\/\/carmelites.net\/?p=20317"},"modified":"2025-06-03T10:37:55","modified_gmt":"2025-06-03T15:37:55","slug":"newsletter-for-july-2025-no-8","status":"publish","type":"post","link":"https:\/\/carmelites.net\/es\/laudato-si\/newsletter-for-july-2025-no-8\/","title":{"rendered":"Bolet\u00edn de julio de 2025, n\u00ba 8"},"content":{"rendered":"<div data-elementor-type=\"wp-post\" data-elementor-id=\"20317\" class=\"elementor elementor-20317\" data-elementor-post-type=\"post\">\n\t\t\t\t<div data-particle_enable=\"false\" data-particle-mobile-disabled=\"false\" class=\"elementor-element elementor-element-c1eb727 e-flex e-con-boxed e-con e-parent\" data-id=\"c1eb727\" data-element_type=\"container\" data-e-type=\"container\" data-settings=\"{&quot;background_background&quot;:&quot;classic&quot;}\">\n\t\t\t\t\t<div class=\"e-con-inner\">\n\t\t\t\t<div class=\"elementor-element elementor-element-f477680 elementor-widget elementor-widget-image\" data-id=\"f477680\" data-element_type=\"widget\" data-e-type=\"widget\" data-widget_type=\"image.default\">\n\t\t\t\t<div class=\"elementor-widget-container\">\n\t\t\t\t\t\t\t\t\t\t\t\t\t\t\t<img loading=\"lazy\" decoding=\"async\" width=\"800\" height=\"359\" src=\"https:\/\/carmelites.net\/wp-content\/uploads\/2025\/03\/Spanish1200.png\" class=\"attachment-large size-large wp-image-19783\" alt=\"\" srcset=\"https:\/\/carmelites.net\/wp-content\/uploads\/2025\/03\/Spanish1200.png 1200w, https:\/\/carmelites.net\/wp-content\/uploads\/2025\/03\/Spanish1200-300x135.png 300w, https:\/\/carmelites.net\/wp-content\/uploads\/2025\/03\/Spanish1200-1024x461.png 1024w, https:\/\/carmelites.net\/wp-content\/uploads\/2025\/03\/Spanish1200-768x346.png 768w, https:\/\/carmelites.net\/wp-content\/uploads\/2025\/03\/Spanish1200-18x8.png 18w\" sizes=\"auto, (max-width: 800px) 100vw, 800px\" \/>\t\t\t\t\t\t\t\t\t\t\t\t\t\t\t<\/div>\n\t\t\t\t<\/div>\n\t\t\t\t<div class=\"elementor-element elementor-element-5861f7a elementor-widget elementor-widget-text-editor\" data-id=\"5861f7a\" data-element_type=\"widget\" data-e-type=\"widget\" data-widget_type=\"text-editor.default\">\n\t\t\t\t<div class=\"elementor-widget-container\">\n\t\t\t\t\t\t\t\t\t<h3 style=\"text-align: center;\"><strong>Bolet\u00edn del Plan de Acci\u00f3n Laudato Si' de junio de 2025, n\u00ba 8<\/strong><\/h3>\t\t\t\t\t\t\t\t<\/div>\n\t\t\t\t<\/div>\n\t\t\t\t<div class=\"elementor-element elementor-element-6f236e8 elementor-widget-divider--view-line elementor-widget elementor-widget-divider\" data-id=\"6f236e8\" data-element_type=\"widget\" data-e-type=\"widget\" data-widget_type=\"divider.default\">\n\t\t\t\t<div class=\"elementor-widget-container\">\n\t\t\t\t\t\t\t<div class=\"elementor-divider\">\n\t\t\t<span class=\"elementor-divider-separator\">\n\t\t\t\t\t\t<\/span>\n\t\t<\/div>\n\t\t\t\t\t\t<\/div>\n\t\t\t\t<\/div>\n\t\t<div data-particle_enable=\"false\" data-particle-mobile-disabled=\"false\" class=\"elementor-element elementor-element-7c33243 e-grid e-con-full e-con e-child\" data-id=\"7c33243\" data-element_type=\"container\" data-e-type=\"container\">\n\t\t\t\t<div class=\"elementor-element elementor-element-58a1b4f elementor-widget elementor-widget-image\" data-id=\"58a1b4f\" data-element_type=\"widget\" data-e-type=\"widget\" data-widget_type=\"image.default\">\n\t\t\t\t<div class=\"elementor-widget-container\">\n\t\t\t\t\t\t\t\t\t\t\t\t\t\t\t<img loading=\"lazy\" decoding=\"async\" width=\"231\" height=\"300\" src=\"https:\/\/carmelites.net\/wp-content\/uploads\/2025\/06\/Picture1-231x300.png\" class=\"attachment-medium size-medium wp-image-20319\" alt=\"\" srcset=\"https:\/\/carmelites.net\/wp-content\/uploads\/2025\/06\/Picture1-231x300.png 231w, https:\/\/carmelites.net\/wp-content\/uploads\/2025\/06\/Picture1-9x12.png 9w, https:\/\/carmelites.net\/wp-content\/uploads\/2025\/06\/Picture1.png 323w\" sizes=\"auto, (max-width: 231px) 100vw, 231px\" \/>\t\t\t\t\t\t\t\t\t\t\t\t\t\t\t<\/div>\n\t\t\t\t<\/div>\n\t\t\t\t<div class=\"elementor-element elementor-element-c9143b8 elementor-widget elementor-widget-text-editor\" data-id=\"c9143b8\" data-element_type=\"widget\" data-e-type=\"widget\" data-widget_type=\"text-editor.default\">\n\t\t\t\t<div class=\"elementor-widget-container\">\n\t\t\t\t\t\t\t\t\t<h5><em><strong>Bienvenidos a la octava edici\u00f3n del Bolet\u00edn del Plan de Acci\u00f3n Laudato Si' de la Provincia Carmelita PCM. Este bolet\u00edn electr\u00f3nico pretende informar a los miembros y socios de esta provincia sobre nuestro compromiso colectivo de vivir los valores de Laudato Si' -escuchar y responder a los gritos de la tierra y a los gritos de los pobres.<\/strong> <\/em><\/h5>\t\t\t\t\t\t\t\t<\/div>\n\t\t\t\t<\/div>\n\t\t\t\t<\/div>\n\t\t\t\t<div class=\"elementor-element elementor-element-8b3feba elementor-widget-divider--view-line elementor-widget elementor-widget-divider\" data-id=\"8b3feba\" data-element_type=\"widget\" data-e-type=\"widget\" data-widget_type=\"divider.default\">\n\t\t\t\t<div class=\"elementor-widget-container\">\n\t\t\t\t\t\t\t<div class=\"elementor-divider\">\n\t\t\t<span class=\"elementor-divider-separator\">\n\t\t\t\t\t\t<\/span>\n\t\t<\/div>\n\t\t\t\t\t\t<\/div>\n\t\t\t\t<\/div>\n\t\t<div data-particle_enable=\"false\" data-particle-mobile-disabled=\"false\" class=\"elementor-element elementor-element-51ad449 e-grid e-con-boxed e-con e-child\" data-id=\"51ad449\" data-element_type=\"container\" data-e-type=\"container\">\n\t\t\t\t\t<div class=\"e-con-inner\">\n\t\t\t\t<div class=\"elementor-element elementor-element-48dded5 elementor-widget elementor-widget-text-editor\" data-id=\"48dded5\" data-element_type=\"widget\" data-e-type=\"widget\" data-widget_type=\"text-editor.default\">\n\t\t\t\t<div class=\"elementor-widget-container\">\n\t\t\t\t\t\t\t\t\t<p><strong><em>Te pido, en el nombre de Dios,<br \/>para defender a la Madre Tierra.<br \/><\/em><\/strong><strong>- Papa Francisco<\/strong><\/p>\t\t\t\t\t\t\t\t<\/div>\n\t\t\t\t<\/div>\n\t\t\t\t<div class=\"elementor-element elementor-element-8ef43b7 elementor-widget elementor-widget-text-editor\" data-id=\"8ef43b7\" data-element_type=\"widget\" data-e-type=\"widget\" data-widget_type=\"text-editor.default\">\n\t\t\t\t<div class=\"elementor-widget-container\">\n\t\t\t\t\t\t\t\t\t<p><strong>Lamentamos el fallecimiento de nuestro querido Papa Francisco, autor de la enc\u00edclica, <em>Laudato Si': Sobre el cuidado de la casa com\u00fan<\/em>.\u00a0 <\/strong><\/p>\t\t\t\t\t\t\t\t<\/div>\n\t\t\t\t<\/div>\n\t\t\t\t\t<\/div>\n\t\t\t\t<\/div>\n\t\t\t\t\t<\/div>\n\t\t\t\t<\/div>\n\t\t<div data-particle_enable=\"false\" data-particle-mobile-disabled=\"false\" class=\"elementor-element elementor-element-68f7745 e-flex e-con-boxed e-con e-parent\" data-id=\"68f7745\" data-element_type=\"container\" data-e-type=\"container\">\n\t\t\t\t\t<div class=\"e-con-inner\">\n\t\t<div data-particle_enable=\"false\" data-particle-mobile-disabled=\"false\" class=\"elementor-element elementor-element-03314b4 e-con-full e-flex e-con e-child\" data-id=\"03314b4\" data-element_type=\"container\" data-e-type=\"container\">\n\t\t\t\t<div class=\"elementor-element elementor-element-d9e66c1 elementor-widget-divider--view-line elementor-widget elementor-widget-divider\" data-id=\"d9e66c1\" data-element_type=\"widget\" data-e-type=\"widget\" data-widget_type=\"divider.default\">\n\t\t\t\t<div class=\"elementor-widget-container\">\n\t\t\t\t\t\t\t<div class=\"elementor-divider\">\n\t\t\t<span class=\"elementor-divider-separator\">\n\t\t\t\t\t\t<\/span>\n\t\t<\/div>\n\t\t\t\t\t\t<\/div>\n\t\t\t\t<\/div>\n\t\t\t\t<div class=\"elementor-element elementor-element-2839f66 elementor-widget elementor-widget-text-editor\" data-id=\"2839f66\" data-element_type=\"widget\" data-e-type=\"widget\" data-widget_type=\"text-editor.default\">\n\t\t\t\t<div class=\"elementor-widget-container\">\n\t\t\t\t\t\t\t\t\t<h5><strong>\u00a1Nuestro nuevo Plan de Acci\u00f3n Laudato Si'!<br \/><\/strong><strong>Mensaje de Dennis Kalob, Coordinador del Plan de Acci\u00f3n Laudato Si'<\/strong><\/h5>\t\t\t\t\t\t\t\t<\/div>\n\t\t\t\t<\/div>\n\t\t\t\t<div class=\"elementor-element elementor-element-8ad1a9b elementor-widget elementor-widget-text-editor\" data-id=\"8ad1a9b\" data-element_type=\"widget\" data-e-type=\"widget\" data-widget_type=\"text-editor.default\">\n\t\t\t\t<div class=\"elementor-widget-container\">\n\t\t\t\t\t\t\t\t\t<p>El mes pasado publicamos nuestro nuevo Plan de Acci\u00f3n Laudato Si' para toda la provincia (durante la Semana Laudato Si' y mientras el mundo conmemoraba el 10\u00ba aniversario de la Declaraci\u00f3n Universal de Derechos Humanos).<sup>th<\/sup> aniversario de la enc\u00edclica).  Se envi\u00f3 un correo electr\u00f3nico con ese anuncio.  En caso de que te lo hayas perdido, te invito a leer nuestro plan, que incluye informes espec\u00edficos de 15 diferentes ministerios y comunidades de la Provincia PCM.  Haz clic en <a href=\"https:\/\/carmelites.net\/es\/uncategorized\/laudato-si-action-plan-may-2025\/\">aqu\u00ed<\/a> para el informe.  El documento est\u00e1 en el sitio web de nuestra provincia y se ha subido a la Plataforma de Acci\u00f3n Laudato Si' (un proyecto del Dicasterio Vaticano para la Promoci\u00f3n del Desarrollo Humano Integral).\u00a0<\/p><p>Todo esto es muy impresionante, este compromiso de vivir los valores y la visi\u00f3n de Laudato Si'.  Mi m\u00e1s sincero agradecimiento a todos los que han presentado sus planes.<\/p><p>S\u00e9 que hay otros que no han podido cumplir el plazo para ser incluidos en este informe.  Tambi\u00e9n hay quienes presentaron sus planes, pero me han notificado su deseo de editarlos en las pr\u00f3ximas semanas.  A todos ellos les digo que pueden presentar sus planes o modificarlos en cualquier momento.  Este es un documento vivo y lo actualizar\u00e9 peri\u00f3dicamente para incluir nueva informaci\u00f3n.  Actualmente estoy pensando en actualizar nuestro Plan de Acci\u00f3n a mediados de agosto, a tiempo para la Temporada de la Creaci\u00f3n (del 1 de septiembre al 4 de octubre).<\/p><p>P\u00f3ngase en contacto conmigo si tiene alguna pregunta o desea consultarme por tel\u00e9fono, virtualmente o en persona.  Mi correo electr\u00f3nico es <a href=\"mailto:lscoordinator@carmelites.net\">lscoordinator@carmelites.net<\/a>.  Gracias.<\/p>\t\t\t\t\t\t\t\t<\/div>\n\t\t\t\t<\/div>\n\t\t\t\t<div class=\"elementor-element elementor-element-ffca333 elementor-widget-divider--view-line elementor-widget elementor-widget-divider\" data-id=\"ffca333\" data-element_type=\"widget\" data-e-type=\"widget\" data-widget_type=\"divider.default\">\n\t\t\t\t<div class=\"elementor-widget-container\">\n\t\t\t\t\t\t\t<div class=\"elementor-divider\">\n\t\t\t<span class=\"elementor-divider-separator\">\n\t\t\t\t\t\t<\/span>\n\t\t<\/div>\n\t\t\t\t\t\t<\/div>\n\t\t\t\t<\/div>\n\t\t\t\t<div class=\"elementor-element elementor-element-2aff1f4 elementor-widget elementor-widget-text-editor\" data-id=\"2aff1f4\" data-element_type=\"widget\" data-e-type=\"widget\" data-widget_type=\"text-editor.default\">\n\t\t\t\t<div class=\"elementor-widget-container\">\n\t\t\t\t\t\t\t\t\t<p><strong>Le invito a ver este seminario web muy informativo e inspirador de Catholic Climate Covenant:\u00a0<\/strong><\/p><p><strong><a href=\"https:\/\/catholicclimatecovenant.org\/resources\/laudato-si-at-10-a-time-to-celebrate-a-time-to-commit\/\">Laudato Si' a las 10: Tiempo de celebrar, tiempo de comprometerse<\/a>.<\/strong><\/p>\t\t\t\t\t\t\t\t<\/div>\n\t\t\t\t<\/div>\n\t\t\t\t<div class=\"elementor-element elementor-element-7ea28b2 elementor-widget-divider--view-line elementor-widget elementor-widget-divider\" data-id=\"7ea28b2\" data-element_type=\"widget\" data-e-type=\"widget\" data-widget_type=\"divider.default\">\n\t\t\t\t<div class=\"elementor-widget-container\">\n\t\t\t\t\t\t\t<div class=\"elementor-divider\">\n\t\t\t<span class=\"elementor-divider-separator\">\n\t\t\t\t\t\t<\/span>\n\t\t<\/div>\n\t\t\t\t\t\t<\/div>\n\t\t\t\t<\/div>\n\t\t\t\t<div class=\"elementor-element elementor-element-8b87ba6 elementor-widget elementor-widget-text-editor\" data-id=\"8b87ba6\" data-element_type=\"widget\" data-e-type=\"widget\" data-widget_type=\"text-editor.default\">\n\t\t\t\t<div class=\"elementor-widget-container\">\n\t\t\t\t\t\t\t\t\t<h3><strong>Recordando al Papa Francisco<\/strong><strong>\u00a0<\/strong><\/h3>\t\t\t\t\t\t\t\t<\/div>\n\t\t\t\t<\/div>\n\t\t\t\t<div class=\"elementor-element elementor-element-7e2175f elementor-widget elementor-widget-text-editor\" data-id=\"7e2175f\" data-element_type=\"widget\" data-e-type=\"widget\" data-widget_type=\"text-editor.default\">\n\t\t\t\t<div class=\"elementor-widget-container\">\n\t\t\t\t\t\t\t\t\t<p>Los 12 a\u00f1os de papado del Papa Francisco han sido transformadores para la Iglesia y han tenido una influencia excepcional en todo el mundo.  Por supuesto, la profunda y hermosa enc\u00edclica, <em>Laudato Si': Sobre el cuidado de la casa com\u00fan<\/em>.  Tambi\u00e9n hab\u00eda <em>Fratelli Tutti, Laudate Deum, <\/em>y <em>Evangelii Gaudium<\/em>entre otros documentos que forman una parte significativa del legado del Papa Francisco.  Ten\u00eda mucho que decir sobre el estado de la humanidad y de toda la creaci\u00f3n, as\u00ed como sobre nuestra responsabilidad de actuar para hacer del mundo un lugar mejor y, al hacerlo, servir a Dios.<\/p><p>El coraz\u00f3n de Francisco era grande y eso se ve\u00eda no s\u00f3lo por su pasi\u00f3n por la justicia y la paz, sino tambi\u00e9n por c\u00f3mo trataba a la gente en sus interacciones cotidianas.  La gente siempre destacaba su amabilidad, gentileza y compasi\u00f3n.  Siempre estaba atento a las necesidades de los que le rodeaban, as\u00ed como de los que estaban al otro lado del mundo.<\/p><p>Aunque tantos apreciaron los extraordinarios dones del Papa Francisco, es triste que hubiera quienes no supieran ver la profundidad de la bondad del hombre ni la verdadera urgencia de su mensaje.<\/p><p>Por lo tanto, nos queda a aquellos de nosotros que \u00e9l dej\u00f3 en esta Tierra continuar y volver a dedicarnos a la causa de la justicia social y ecol\u00f3gica.  Esa es la mejor manera en que podemos honrar al Papa Francisco.  Que esta labor sea nuestra oraci\u00f3n.<\/p><p><strong>Del Prior General:<\/strong><\/p><p>Hermanos y hermanas en Carmel,<\/p><p>El mundo llora la partida de este mundo del Papa Francisco, en la ma\u00f1ana del Lunes de Pascua. El Domingo de Pascua estaba plenamente vivo en mente y coraz\u00f3n, en un cuerpo que no pod\u00eda dar m\u00e1s de s\u00ed. Es como una muerte en nuestra familia. Estaba tan cerca de nosotros.<\/p><p>Su visi\u00f3n y su espiritualidad eran muy claras. Proced\u00edan del Evangelio. Se inspiraban en Mar\u00eda y en la santidad de los santos, de los grandes santos y de los santos de al lado. La salvaci\u00f3n, la misericordia y la paz est\u00e1n en Jesucristo y se dan a quienes le miran y ven en \u00c9l la verdad que puede hacernos libres. Hijos del \u00fanico Padre, cada uno de nosotros, somos hermanos y hermanas los unos de los otros. Esa es nuestra mayor dignidad y todo lo que necesitamos saber los unos de los otros, para construir y vivir en un mundo donde esa dignidad sea el imperio de la ley y no otra. Hay un grito en el coraz\u00f3n humano, y en el propio mundo creado, que los seguidores de Cristo, los pastores y los l\u00edderes pol\u00edticos necesitan o\u00edr. Hay un modo de tratar a los dem\u00e1s seres humanos y no es el modo de los intereses tortuosos o el recurso a las armas de la violencia, sino el modo de la ternura y la misericordia para con todos. Cuando reconocemos que la Eucarist\u00eda no es la recompensa por la santidad sino la mayor ayuda que tenemos hacia la santidad, reconocemos el coraz\u00f3n del ministerio del Papa Francisco y la forma en que \u00e9l mismo celebra cada vez que se para en el altar.<\/p><p>Carmelitas de todo el mundo, demos gracias a Dios por la vida, el testimonio y las ense\u00f1anzas del Papa Francisco y recemos por su felicidad eterna, mientras atesoramos nuestra propia vocaci\u00f3n de seguir las huellas de Jesucristo y predicar su Evangelio. Mar\u00eda, Madre de la Palabra encarnada,\u00a0<em>salus populi,<\/em>\u00a0recen por nosotros en nuestro dolor, y abran nuestros corazones en acci\u00f3n de gracias por las maravillas de la misericordia de Dios que se nos han mostrado en la vida del Papa Francisco. Que descanse en paz.<\/p><p>M\u00ed\u010be\u00e1l O'Neill<br \/>Prior General<br \/>24<sup>th<\/sup>\u00a0de abril de 2025<\/p>\t\t\t\t\t\t\t\t<\/div>\n\t\t\t\t<\/div>\n\t\t\t\t<div class=\"elementor-element elementor-element-02251df elementor-widget-divider--view-line elementor-widget elementor-widget-divider\" data-id=\"02251df\" data-element_type=\"widget\" data-e-type=\"widget\" data-widget_type=\"divider.default\">\n\t\t\t\t<div class=\"elementor-widget-container\">\n\t\t\t\t\t\t\t<div class=\"elementor-divider\">\n\t\t\t<span class=\"elementor-divider-separator\">\n\t\t\t\t\t\t<\/span>\n\t\t<\/div>\n\t\t\t\t\t\t<\/div>\n\t\t\t\t<\/div>\n\t\t\t\t<div class=\"elementor-element elementor-element-2d6c593 elementor-widget elementor-widget-text-editor\" data-id=\"2d6c593\" data-element_type=\"widget\" data-e-type=\"widget\" data-widget_type=\"text-editor.default\">\n\t\t\t\t<div class=\"elementor-widget-container\">\n\t\t\t\t\t\t\t\t\t<p><strong>Homenaje de las Naciones Unidas al Papa Francisco:<\/strong> <br \/><a href=\"https:\/\/webtv.un.org\/en\/asset\/k1w\/k1w70mg947\">https:\/\/webtv.un.org\/en\/asset\/k1w\/k1w70mg947<\/a><\/p><p>Para su informaci\u00f3n: La presentaci\u00f3n del Secretario General comienza alrededor del minuto 5. La presentaci\u00f3n del representante de la Santa Sede comienza a las 29:25. El programa completo dura aproximadamente una hora.<\/p>\t\t\t\t\t\t\t\t<\/div>\n\t\t\t\t<\/div>\n\t\t\t\t<div class=\"elementor-element elementor-element-31076e9 elementor-widget-divider--view-line elementor-widget elementor-widget-divider\" data-id=\"31076e9\" data-element_type=\"widget\" data-e-type=\"widget\" data-widget_type=\"divider.default\">\n\t\t\t\t<div class=\"elementor-widget-container\">\n\t\t\t\t\t\t\t<div class=\"elementor-divider\">\n\t\t\t<span class=\"elementor-divider-separator\">\n\t\t\t\t\t\t<\/span>\n\t\t<\/div>\n\t\t\t\t\t\t<\/div>\n\t\t\t\t<\/div>\n\t\t\t\t<div class=\"elementor-element elementor-element-1db3618 elementor-widget elementor-widget-text-editor\" data-id=\"1db3618\" data-element_type=\"widget\" data-e-type=\"widget\" data-widget_type=\"text-editor.default\">\n\t\t\t\t<div class=\"elementor-widget-container\">\n\t\t\t\t\t\t\t\t\t<p><em>\"<\/em>Como l\u00edder espiritual que gui\u00f3 a nuestra Iglesia durante 12 a\u00f1os, el Papa Francisco insufl\u00f3 nueva vida a siglos de ense\u00f1anza cat\u00f3lica. Como el hombre que me inspir\u00f3 a m\u00ed y a nuestro movimiento, su calidez, humildad y compromiso con el bien com\u00fan nos mostraron un nuevo camino a seguir. Despert\u00f3 un sentimiento de nueva esperanza y nuevos comienzos para muchos, por lo que es apropiado que el Papa Francisco haya pasado al descanso eterno durante la Pascua, cuando celebramos la renovaci\u00f3n de toda la vida. Damos gracias por el don del Papa Francisco y por compartir sus preciosos pocos momentos en la Tierra.\"<\/p><p><strong>-Lorna Gold, Directora Ejecutiva del Movimiento Laudato Si'<\/strong><\/p><p><strong>\"<\/strong>Como primer Papa del Sur Global, el Papa Francisco trajo a Roma un profundo sentido de solidaridad global. Como primer Papa que lleva el nombre de San Francisco de As\u00eds, subray\u00f3 c\u00f3mo \"el grito de la tierra y el grito de los pobres\" son un grito interconectado.  Mientras lloramos la muerte del Papa de las periferias, inspiraci\u00f3n y gu\u00eda espiritual del Movimiento Laudato Si', volvamos a comprometernos a cantar 'Laudato Si' y a alabar a nuestro Creador a\u00fan m\u00e1s fervientemente.\"<\/p><p>\u2014<strong>Tom\u00e1s Insua, Director Ejecutivo Fundador del Movimiento Laudato Si'<\/strong><\/p><p>\"El Papa Francisco nos record\u00f3 que la crisis clim\u00e1tica no es s\u00f3lo una emergencia medioambiental, sino un desaf\u00edo moral. Habl\u00f3 muchas veces de la crisis del clima y de la naturaleza, alzando su voz en favor de los menos responsables pero m\u00e1s afectados: los pobres, los marginados y las generaciones futuras. Con la valent\u00eda de sus convicciones, nos llam\u00f3 a cuidar de nuestra casa com\u00fan y a reconocer que el destino de la Tierra y el destino de la humanidad son uno y el mismo. Su liderazgo impuls\u00f3 un nuevo tipo de solidaridad, basada en la compasi\u00f3n, la justicia y la profunda comprensi\u00f3n de que todos estamos conectados\".<\/p><p>\u2014<strong>Mary Robinson, ex Presidenta de Irlanda (1990-1997) y Alta Comisionada de las Naciones Unidas para los Derechos Humanos (1997-2002)<br \/><br \/><\/strong><\/p><p><strong>El Papa Francisco sobre la migraci\u00f3n<\/strong><\/p><p><strong>El 17 de febrero de 2016, el Papa Francisco visit\u00f3 la frontera entre M\u00e9xico y Estados Unidos y ofici\u00f3 una misa.  A continuaci\u00f3n, extractos de su homil\u00eda:<\/strong><\/p><p>\"No podemos negar la crisis humanitaria que en los \u00faltimos a\u00f1os ha supuesto la migraci\u00f3n de miles de personas, ya sea en tren, por carretera o a pie, atravesando cientos de kil\u00f3metros a trav\u00e9s de monta\u00f1as, desiertos y zonas inh\u00f3spitas. La tragedia humana que suponen las migraciones forzosas es hoy un fen\u00f3meno global. Esta crisis que puede medirse en cifras y estad\u00edsticas, queremos en cambio medirla con nombres, historias, familias. Son los hermanos y hermanas de los expulsados por la pobreza y la violencia, por el narcotr\u00e1fico y las organizaciones criminales. Enfrentados a tantos vac\u00edos legales, quedan atrapados en una red que atrapa y siempre destruye a los m\u00e1s pobres. No s\u00f3lo sufren la pobreza, sino que tambi\u00e9n deben soportar todas estas formas de violencia...<\/p><p>\"Pidamos juntos a nuestro Dios el don de la conversi\u00f3n, el don de las l\u00e1grimas, pid\u00e1mosle que nos d\u00e9 corazones abiertos como los ninivitas, abiertos a su llamada que se escucha en los rostros sufrientes de innumerables hombres y mujeres. \u00a1No m\u00e1s muerte! \u00a1No m\u00e1s explotaci\u00f3n! Siempre hay tiempo para cambiar, siempre hay una salida y siempre hay una oportunidad, siempre hay tiempo para implorar la misericordia de Dios...<\/p><p>\"Y ahora tambi\u00e9n quiero saludar desde aqu\u00ed a todos nuestros queridos hermanos y hermanas que se nos unen simult\u00e1neamente desde el otro lado de la frontera, especialmente a los que est\u00e1n reunidos en el Estadio de la Universidad de El Paso, conocido como The Sun Bowl, bajo la gu\u00eda de vuestro Obispo, Monse\u00f1or Mark Seitz. Gracias a la tecnolog\u00eda, podemos rezar, cantar y celebrar juntos ese amor misericordioso que Dios nos regala, y que ninguna frontera puede impedirnos compartir. Gracias, hermanos y hermanas de El Paso, por hacernos sentir una sola familia y una misma comunidad cristiana.\"<\/p><p><em>Para consultar el texto completo de la homil\u00eda del Papa Francisco, haga clic en <\/em><a href=\"https:\/\/www.vatican.va\/content\/francesco\/en\/homilies\/2016\/documents\/papa-francesco_20160217_omelia-messico-ciudad-jaurez.html\"><em>aqu\u00ed<\/em><\/a><em>. <\/em><\/p><p><strong>El Papa Francisco sobre Gaza<\/strong><\/p><p>El Papa Francisco tambi\u00e9n abord\u00f3 la grave situaci\u00f3n de Gaza.  Por la noche, habl\u00f3 con una comunidad cristiana de all\u00ed, expresando su sincera preocupaci\u00f3n por su bienestar y el de todos los que viv\u00edan all\u00ed. Tambi\u00e9n pidi\u00f3 una investigaci\u00f3n sobre las acusaciones de que Israel estaba cometiendo un genocidio.<\/p><p>El 22 de diciembre de 2024, el Papa Francisco dijo: \"...con dolor pienso en Gaza, en tanta crueldad; en los ni\u00f1os ametrallados, el bombardeo de escuelas y hospitales... \u00a1Tanta crueldad!\".<\/p><p>Se inform\u00f3 de que uno de los \u00faltimos actos del papa Francisco fue donar a C\u00e1ritas Jerusal\u00e9n el papam\u00f3vil de su visita a Tierra Santa en 2014. Pidi\u00f3 que se transformara en una cl\u00ednica m\u00f3vil para prestar asistencia sanitaria a los ni\u00f1os de Gaza.<\/p>\t\t\t\t\t\t\t\t<\/div>\n\t\t\t\t<\/div>\n\t\t\t\t<div class=\"elementor-element elementor-element-7cddd45 elementor-widget-divider--view-line elementor-widget elementor-widget-divider\" data-id=\"7cddd45\" data-element_type=\"widget\" data-e-type=\"widget\" data-widget_type=\"divider.default\">\n\t\t\t\t<div class=\"elementor-widget-container\">\n\t\t\t\t\t\t\t<div class=\"elementor-divider\">\n\t\t\t<span class=\"elementor-divider-separator\">\n\t\t\t\t\t\t<\/span>\n\t\t<\/div>\n\t\t\t\t\t\t<\/div>\n\t\t\t\t<\/div>\n\t\t\t\t<div class=\"elementor-element elementor-element-9047d8e elementor-widget elementor-widget-text-editor\" data-id=\"9047d8e\" data-element_type=\"widget\" data-e-type=\"widget\" data-widget_type=\"text-editor.default\">\n\t\t\t\t<div class=\"elementor-widget-container\">\n\t\t\t\t\t\t\t\t\t<p><em>Est\u00e1is llamados a cuidar de la creaci\u00f3n no s\u00f3lo como ciudadanos responsables, sino tambi\u00e9n como seguidores de Cristo. Respetar el medio ambiente significa algo m\u00e1s que utilizar productos m\u00e1s limpios o reciclar lo que usamos. Son aspectos importantes, pero no suficientes. Necesitamos ver, con los ojos de la fe, la belleza del plan salv\u00edfico de Dios, el v\u00ednculo entre el entorno natural y la dignidad de la persona humana.<\/em><\/p><p><strong>-Papa Francisco, en encuentro con j\u00f3venes, Universidad Santo Tom\u00e1s, Manila, 18 de enero de 2015.<\/strong><\/p>\t\t\t\t\t\t\t\t<\/div>\n\t\t\t\t<\/div>\n\t\t\t\t<div class=\"elementor-element elementor-element-a7efb92 elementor-widget-divider--view-line elementor-widget elementor-widget-divider\" data-id=\"a7efb92\" data-element_type=\"widget\" data-e-type=\"widget\" data-widget_type=\"divider.default\">\n\t\t\t\t<div class=\"elementor-widget-container\">\n\t\t\t\t\t\t\t<div class=\"elementor-divider\">\n\t\t\t<span class=\"elementor-divider-separator\">\n\t\t\t\t\t\t<\/span>\n\t\t<\/div>\n\t\t\t\t\t\t<\/div>\n\t\t\t\t<\/div>\n\t\t\t\t<div class=\"elementor-element elementor-element-36bfabf elementor-widget elementor-widget-text-editor\" data-id=\"36bfabf\" data-element_type=\"widget\" data-e-type=\"widget\" data-widget_type=\"text-editor.default\">\n\t\t\t\t<div class=\"elementor-widget-container\">\n\t\t\t\t\t\t\t\t\t<p><strong>Damos la \u00faltima palabra a nuestro nuevo Papa, Le\u00f3n XIV (25 de mayo de 2025):<\/strong><\/p><p><em>\"Hace diez a\u00f1os,\u00a0<\/em><a href=\"https:\/\/app.getresponse.com\/click.html?x=a62b&amp;co=QtzQEO&amp;lc=zEP0tO&amp;mc=It&amp;s=BWm5etj&amp;u=Qsqav&amp;z=EF89FGl&amp;\"><em>Papa Francisco<\/em><\/a><em>\u00a0firm\u00f3 la Carta Enc\u00edclica\u00a0<\/em><em><a href=\"https:\/\/app.getresponse.com\/click.html?x=a62b&amp;co=QtzQEO&amp;lc=zEP0C4&amp;mc=It&amp;s=BWm5etj&amp;u=Qsqav&amp;z=E9KRIFj&amp;\">Laudato Si'<\/a>dedicado al cuidado de nuestra casa com\u00fan. Ha tenido un impacto extraordinario, inspirando innumerables iniciativas y ense\u00f1ando a todos a escuchar el doble grito de la Tierra y de los pobres. Saludo y animo al movimiento Laudato Si' y a todos los que llevan adelante este compromiso.\"<\/em><\/p>\t\t\t\t\t\t\t\t<\/div>\n\t\t\t\t<\/div>\n\t\t\t\t<div class=\"elementor-element elementor-element-51489e8 elementor-widget elementor-widget-image\" data-id=\"51489e8\" data-element_type=\"widget\" data-e-type=\"widget\" data-widget_type=\"image.default\">\n\t\t\t\t<div class=\"elementor-widget-container\">\n\t\t\t\t\t\t\t\t\t\t\t\t\t\t\t<img loading=\"lazy\" decoding=\"async\" width=\"300\" height=\"199\" src=\"https:\/\/carmelites.net\/wp-content\/uploads\/2025\/06\/image-300x199.png\" class=\"attachment-medium size-medium wp-image-20320\" alt=\"\" srcset=\"https:\/\/carmelites.net\/wp-content\/uploads\/2025\/06\/image-300x199.png 300w, https:\/\/carmelites.net\/wp-content\/uploads\/2025\/06\/image-1024x681.png 1024w, https:\/\/carmelites.net\/wp-content\/uploads\/2025\/06\/image-768x510.png 768w, https:\/\/carmelites.net\/wp-content\/uploads\/2025\/06\/image-1536x1021.png 1536w, https:\/\/carmelites.net\/wp-content\/uploads\/2025\/06\/image-18x12.png 18w, https:\/\/carmelites.net\/wp-content\/uploads\/2025\/06\/image.png 1923w\" sizes=\"auto, (max-width: 300px) 100vw, 300px\" \/>\t\t\t\t\t\t\t\t\t\t\t\t\t\t\t<\/div>\n\t\t\t\t<\/div>\n\t\t<div data-particle_enable=\"false\" data-particle-mobile-disabled=\"false\" class=\"elementor-element elementor-element-01af610 e-con-full e-flex e-con e-child\" data-id=\"01af610\" data-element_type=\"container\" data-e-type=\"container\">\n\t\t\t\t<div class=\"elementor-element elementor-element-0026577 elementor-post-navigation-borders-yes elementor-widget elementor-widget-post-navigation\" data-id=\"0026577\" data-element_type=\"widget\" data-e-type=\"widget\" data-widget_type=\"post-navigation.default\">\n\t\t\t\t<div class=\"elementor-widget-container\">\n\t\t\t\t\t\t\t<div class=\"elementor-post-navigation\" role=\"navigation\" aria-label=\"Navegaci\u00f3n de entrada\">\n\t\t\t<div class=\"elementor-post-navigation__prev elementor-post-navigation__link\">\n\t\t\t\t<a href=\"https:\/\/carmelites.net\/es\/laudato-si\/newsletter-for-april-2025-no-7\/\" rel=\"prev\"><span class=\"post-navigation__arrow-wrapper post-navigation__arrow-prev\"><i aria-hidden=\"true\" class=\"fas fa-angle-left\"><\/i><span class=\"elementor-screen-only\">Hormiga<\/span><\/span><span class=\"elementor-post-navigation__link__prev\"><span class=\"post-navigation__prev--label\">Anterior<\/span><span class=\"post-navigation__prev--title\">Bolet\u00edn de abril de 2025, n\u00ba 7<\/span><\/span><\/a>\t\t\t<\/div>\n\t\t\t\t\t\t\t<div class=\"elementor-post-navigation__separator-wrapper\">\n\t\t\t\t\t<div class=\"elementor-post-navigation__separator\"><\/div>\n\t\t\t\t<\/div>\n\t\t\t\t\t\t<div class=\"elementor-post-navigation__next elementor-post-navigation__link\">\n\t\t\t\t<a href=\"https:\/\/carmelites.net\/es\/laudato-si\/newsletter-for-august-2025-no-9\/\" rel=\"next\"><span class=\"elementor-post-navigation__link__next\"><span class=\"post-navigation__next--label\">Siguiente<\/span><span class=\"post-navigation__next--title\">Bolet\u00edn de agosto de 2025, n\u00ba 9<\/span><\/span><span class=\"post-navigation__arrow-wrapper post-navigation__arrow-next\"><i aria-hidden=\"true\" class=\"fas fa-angle-right\"><\/i><span class=\"elementor-screen-only\">Siguiente<\/span><\/span><\/a>\t\t\t<\/div>\n\t\t<\/div>\n\t\t\t\t\t\t<\/div>\n\t\t\t\t<\/div>\n\t\t\t\t<\/div>\n\t\t\t\t<\/div>\n\t\t\t\t\t<\/div>\n\t\t\t\t<\/div>\n\t\t\t\t<\/div>","protected":false},"excerpt":{"rendered":"<p>Bienvenidos a la octava edici\u00f3n del Bolet\u00edn del Plan de Acci\u00f3n Laudato Si' de la Provincia Carmelita PCM. Este bolet\u00edn electr\u00f3nico pretende informar a los miembros y socios de esta provincia sobre nuestro compromiso colectivo de vivir los valores de Laudato Si' -escuchar y responder a los gritos de la tierra y a los gritos de los pobres.<\/p>","protected":false},"author":14,"featured_media":20319,"comment_status":"closed","ping_status":"open","sticky":false,"template":"","format":"standard","meta":{"rs_blank_template":"","rs_page_bg_color":"","slide_template_v7":"","_analytify_skip_tracking":false,"footnotes":""},"categories":[82],"tags":[],"class_list":["post-20317","post","type-post","status-publish","format-standard","has-post-thumbnail","hentry","category-laudato-si"],"aioseo_notices":[],"_links":{"self":[{"href":"https:\/\/carmelites.net\/es\/wp-json\/wp\/v2\/posts\/20317","targetHints":{"allow":["GET"]}}],"collection":[{"href":"https:\/\/carmelites.net\/es\/wp-json\/wp\/v2\/posts"}],"about":[{"href":"https:\/\/carmelites.net\/es\/wp-json\/wp\/v2\/types\/post"}],"author":[{"embeddable":true,"href":"https:\/\/carmelites.net\/es\/wp-json\/wp\/v2\/users\/14"}],"replies":[{"embeddable":true,"href":"https:\/\/carmelites.net\/es\/wp-json\/wp\/v2\/comments?post=20317"}],"version-history":[{"count":7,"href":"https:\/\/carmelites.net\/es\/wp-json\/wp\/v2\/posts\/20317\/revisions"}],"predecessor-version":[{"id":20326,"href":"https:\/\/carmelites.net\/es\/wp-json\/wp\/v2\/posts\/20317\/revisions\/20326"}],"wp:featuredmedia":[{"embeddable":true,"href":"https:\/\/carmelites.net\/es\/wp-json\/wp\/v2\/media\/20319"}],"wp:attachment":[{"href":"https:\/\/carmelites.net\/es\/wp-json\/wp\/v2\/media?parent=20317"}],"wp:term":[{"taxonomy":"category","embeddable":true,"href":"https:\/\/carmelites.net\/es\/wp-json\/wp\/v2\/categories?post=20317"},{"taxonomy":"post_tag","embeddable":true,"href":"https:\/\/carmelites.net\/es\/wp-json\/wp\/v2\/tags?post=20317"}],"curies":[{"name":"wp","href":"https:\/\/api.w.org\/{rel}","templated":true}]}}