{"id":18514,"date":"2025-01-17T17:23:29","date_gmt":"2025-01-17T23:23:29","guid":{"rendered":"https:\/\/carmelites.net\/?p=18514"},"modified":"2025-02-19T13:27:30","modified_gmt":"2025-02-19T19:27:30","slug":"carmelite-institute-webinar-conversing-with-god-in-scripture","status":"publish","type":"post","link":"https:\/\/carmelites.net\/es\/carmelite-review\/carmelite-institute-webinar-conversing-with-god-in-scripture\/","title":{"rendered":"WEBINAR del Instituto Carmelita: Conversar con Dios en la Escritura"},"content":{"rendered":"\t\t<div data-elementor-type=\"wp-post\" data-elementor-id=\"18514\" class=\"elementor elementor-18514\" data-elementor-post-type=\"post\">\n\t\t\t\t<div data-particle_enable=\"false\" data-particle-mobile-disabled=\"false\" class=\"elementor-element elementor-element-8456fcc e-flex e-con-boxed e-con e-parent\" data-id=\"8456fcc\" data-element_type=\"container\" data-e-type=\"container\">\n\t\t\t\t\t<div class=\"e-con-inner\">\n\t\t\t\t<div class=\"elementor-element elementor-element-af5ccc4 elementor-widget elementor-widget-heading\" data-id=\"af5ccc4\" data-element_type=\"widget\" data-e-type=\"widget\" data-widget_type=\"heading.default\">\n\t\t\t\t<div class=\"elementor-widget-container\">\n\t\t\t\t\t<h2 class=\"elementor-heading-title elementor-size-default\">Check out the recorded version of The Carmelite Institute of North America webinar from February 8th<\/h2>\t\t\t\t<\/div>\n\t\t\t\t<\/div>\n\t\t\t\t\t<\/div>\n\t\t\t\t<\/div>\n\t\t<div data-particle_enable=\"false\" data-particle-mobile-disabled=\"false\" class=\"elementor-element elementor-element-2f0485d e-flex e-con-boxed e-con e-parent\" data-id=\"2f0485d\" data-element_type=\"container\" data-e-type=\"container\">\n\t\t\t\t\t<div class=\"e-con-inner\">\n\t\t<div data-particle_enable=\"false\" data-particle-mobile-disabled=\"false\" class=\"elementor-element elementor-element-4b2c8ec e-con-full e-flex e-con e-child\" data-id=\"4b2c8ec\" data-element_type=\"container\" data-e-type=\"container\">\n\t\t<div data-particle_enable=\"false\" data-particle-mobile-disabled=\"false\" class=\"elementor-element elementor-element-e177eea e-grid e-con-full e-con e-child\" data-id=\"e177eea\" data-element_type=\"container\" data-e-type=\"container\">\n\t\t\t\t<div class=\"elementor-element elementor-element-7113413 elementor-widget elementor-widget-image\" data-id=\"7113413\" data-element_type=\"widget\" data-e-type=\"widget\" data-widget_type=\"image.default\">\n\t\t\t\t<div class=\"elementor-widget-container\">\n\t\t\t\t\t\t\t\t\t\t\t\t\t\t\t<img loading=\"lazy\" decoding=\"async\" width=\"768\" height=\"768\" src=\"https:\/\/carmelites.net\/wp-content\/uploads\/2025\/01\/S-Benz-Square-Graphic-768x768.jpg\" class=\"attachment-medium_large size-medium_large wp-image-18516\" alt=\"Stephen Binz 2025 Institute Webinar\" srcset=\"https:\/\/carmelites.net\/wp-content\/uploads\/2025\/01\/S-Benz-Square-Graphic-768x768.jpg 768w, https:\/\/carmelites.net\/wp-content\/uploads\/2025\/01\/S-Benz-Square-Graphic-300x300.jpg 300w, https:\/\/carmelites.net\/wp-content\/uploads\/2025\/01\/S-Benz-Square-Graphic-1024x1024.jpg 1024w, https:\/\/carmelites.net\/wp-content\/uploads\/2025\/01\/S-Benz-Square-Graphic-150x150.jpg 150w, https:\/\/carmelites.net\/wp-content\/uploads\/2025\/01\/S-Benz-Square-Graphic-1536x1536.jpg 1536w, https:\/\/carmelites.net\/wp-content\/uploads\/2025\/01\/S-Benz-Square-Graphic-2048x2048.jpg 2048w, https:\/\/carmelites.net\/wp-content\/uploads\/2025\/01\/S-Benz-Square-Graphic-12x12.jpg 12w\" sizes=\"auto, (max-width: 768px) 100vw, 768px\" \/>\t\t\t\t\t\t\t\t\t\t\t\t\t\t\t<\/div>\n\t\t\t\t<\/div>\n\t\t\t\t<div class=\"elementor-element elementor-element-37863ec elementor-widget__width-initial elementor-widget elementor-widget-video\" data-id=\"37863ec\" data-element_type=\"widget\" data-e-type=\"widget\" data-settings=\"{&quot;video_type&quot;:&quot;hosted&quot;,&quot;autoplay&quot;:&quot;yes&quot;,&quot;mute&quot;:&quot;yes&quot;,&quot;loop&quot;:&quot;yes&quot;,&quot;play_on_mobile&quot;:&quot;yes&quot;,&quot;controls&quot;:&quot;yes&quot;}\" data-widget_type=\"video.default\">\n\t\t\t\t<div class=\"elementor-widget-container\">\n\t\t\t\t\t\t\t<div class=\"e-hosted-video elementor-wrapper elementor-open-inline\">\n\t\t\t\t\t<video class=\"elementor-video\" src=\"https:\/\/carmelites.net\/wp-content\/uploads\/2025\/01\/Stephen-Binz-Webinar.mp4\" autoplay=\"\" loop=\"\" controls=\"\" muted=\"muted\" playsinline=\"\" controlsList=\"nodownload\"><\/video>\n\t\t\t\t<\/div>\n\t\t\t\t\t\t<\/div>\n\t\t\t\t<\/div>\n\t\t\t\t<\/div>\n\t\t\t\t<\/div>\n\t\t<div data-particle_enable=\"false\" data-particle-mobile-disabled=\"false\" class=\"elementor-element elementor-element-080b272 e-con-full e-flex e-con e-child\" data-id=\"080b272\" data-element_type=\"container\" data-e-type=\"container\">\n\t\t\t\t<div class=\"elementor-element elementor-element-f870139 elementor-widget elementor-widget-shortcode\" data-id=\"f870139\" data-element_type=\"widget\" data-e-type=\"widget\" data-widget_type=\"shortcode.default\">\n\t\t\t\t<div class=\"elementor-widget-container\">\n\t\t\t\t\t\t\t<div class=\"elementor-shortcode\">\t\t<div data-elementor-type=\"section\" data-elementor-id=\"18909\" class=\"elementor elementor-18909\" data-elementor-post-type=\"elementor_library\">\n\t\t\t<div data-particle_enable=\"false\" data-particle-mobile-disabled=\"false\" class=\"elementor-element elementor-element-0aa8c3a e-flex e-con-boxed e-con e-parent\" data-id=\"0aa8c3a\" data-element_type=\"container\" data-e-type=\"container\">\n\t\t\t\t\t<div class=\"e-con-inner\">\n\t\t<div data-particle_enable=\"false\" data-particle-mobile-disabled=\"false\" class=\"elementor-element elementor-element-5be38c0 e-con-full e-flex e-con e-child\" data-id=\"5be38c0\" data-element_type=\"container\" data-e-type=\"container\" data-settings=\"{&quot;background_background&quot;:&quot;classic&quot;}\">\n\t\t\t\t<div class=\"elementor-element elementor-element-181769f elementor-widget elementor-widget-text-editor\" data-id=\"181769f\" data-element_type=\"widget\" data-e-type=\"widget\" data-widget_type=\"text-editor.default\">\n\t\t\t\t<div class=\"elementor-widget-container\">\n\t\t\t\t\t\t\t\t\t<p>Recent Articles<\/p>\t\t\t\t\t\t\t\t<\/div>\n\t\t\t\t<\/div>\n\t\t\t\t<div class=\"elementor-element elementor-element-2f4c9ec elementor-grid-1 elementor-posts--thumbnail-none elementor-grid-tablet-2 elementor-grid-mobile-1 elementor-widget elementor-widget-posts\" data-id=\"2f4c9ec\" data-element_type=\"widget\" data-e-type=\"widget\" data-settings=\"{&quot;classic_columns&quot;:&quot;1&quot;,&quot;classic_row_gap&quot;:{&quot;unit&quot;:&quot;px&quot;,&quot;size&quot;:15,&quot;sizes&quot;:[]},&quot;classic_columns_tablet&quot;:&quot;2&quot;,&quot;classic_columns_mobile&quot;:&quot;1&quot;,&quot;classic_row_gap_tablet&quot;:{&quot;unit&quot;:&quot;px&quot;,&quot;size&quot;:&quot;&quot;,&quot;sizes&quot;:[]},&quot;classic_row_gap_mobile&quot;:{&quot;unit&quot;:&quot;px&quot;,&quot;size&quot;:&quot;&quot;,&quot;sizes&quot;:[]}}\" data-widget_type=\"posts.classic\">\n\t\t\t\t<div class=\"elementor-widget-container\">\n\t\t\t\t\t\t\t<div class=\"elementor-posts-container elementor-posts elementor-posts--skin-classic elementor-grid\" role=\"list\">\n\t\t\t\t<article class=\"elementor-post elementor-grid-item post-27499 post type-post status-publish format-standard has-post-thumbnail hentry category-carmelite-review tag-contemplation tag-contemplative tag-contemplative-prayer tag-john-of-the-cross tag-larkin tag-prayer tag-rule tag-spirituality tag-the-practice-of-the-presence-of-god\" role=\"listitem\">\n\t\t\t\t<div class=\"elementor-post__text\">\n\t\t\t\t<p class=\"elementor-post__title\">\n\t\t\t<a href=\"https:\/\/carmelites.net\/es\/carmelite-review\/the-enduring-wisdom-of-carmel-larkin\/\" >\n\t\t\t\tThe Prayer Journey of St John of the Cross\t\t\t<\/a>\n\t\t<\/p>\n\t\t\t\t<\/div>\n\t\t\t\t<\/article>\n\t\t\t\t<article class=\"elementor-post elementor-grid-item post-27449 post type-post status-publish format-standard has-post-thumbnail hentry category-carmelite-review tag-attention tag-choices tag-jesus tag-social-media tag-x\" role=\"listitem\">\n\t\t\t\t<div class=\"elementor-post__text\">\n\t\t\t\t<p class=\"elementor-post__title\">\n\t\t\t<a href=\"https:\/\/carmelites.net\/es\/carmelite-review\/would-jesus-social-media-posts-appear-in-our-feeds\/\" >\n\t\t\t\tWould Jesus\u2019 social media posts appear in our feeds?\t\t\t<\/a>\n\t\t<\/p>\n\t\t\t\t<\/div>\n\t\t\t\t<\/article>\n\t\t\t\t<article class=\"elementor-post elementor-grid-item post-27439 post type-post status-publish format-standard has-post-thumbnail hentry category-carmelite-review tag-holy-land tag-pilgrimage tag-retreat tag-travel\" role=\"listitem\">\n\t\t\t\t<div class=\"elementor-post__text\">\n\t\t\t\t<p class=\"elementor-post__title\">\n\t\t\t<a href=\"https:\/\/carmelites.net\/es\/carmelite-review\/a-pilgrimage-within-reach\/\" >\n\t\t\t\tA Pilgrimage Within Reach\t\t\t<\/a>\n\t\t<\/p>\n\t\t\t\t<\/div>\n\t\t\t\t<\/article>\n\t\t\t\t<article class=\"elementor-post elementor-grid-item post-27303 post type-post status-publish format-standard has-post-thumbnail hentry category-carmelite-review tag-contemplative-prayer tag-novena tag-prayer tag-spirituality tag-the-practice-of-the-presence-of-god\" role=\"listitem\">\n\t\t\t\t<div class=\"elementor-post__text\">\n\t\t\t\t<p class=\"elementor-post__title\">\n\t\t\t<a href=\"https:\/\/carmelites.net\/es\/carmelite-review\/why-do-we-pray-a-novena\/\" >\n\t\t\t\tWhy do we Pray a Novena?\t\t\t<\/a>\n\t\t<\/p>\n\t\t\t\t<\/div>\n\t\t\t\t<\/article>\n\t\t\t\t<article class=\"elementor-post elementor-grid-item post-27181 post type-post status-publish format-standard has-post-thumbnail hentry category-carmelite-review tag-contemplation tag-contemplative tag-contemplative-prayer tag-larkin tag-prayer tag-rule tag-spirituality tag-the-practice-of-the-presence-of-god\" role=\"listitem\">\n\t\t\t\t<div class=\"elementor-post__text\">\n\t\t\t\t<p class=\"elementor-post__title\">\n\t\t\t<a href=\"https:\/\/carmelites.net\/es\/carmelite-review\/the-enduring-wisdom-of-carmel-prayer-as-presence\/\" >\n\t\t\t\tThe Enduring Wisdom of Carmel: Prayer as Presence\t\t\t<\/a>\n\t\t<\/p>\n\t\t\t\t<\/div>\n\t\t\t\t<\/article>\n\t\t\t\t<article class=\"elementor-post elementor-grid-item post-27125 post type-post status-publish format-standard has-post-thumbnail hentry category-carmelite-review tag-cresskill tag-nj tag-new-jersey tag-social-concerns tag-therese\" role=\"listitem\">\n\t\t\t\t<div class=\"elementor-post__text\">\n\t\t\t\t<p class=\"elementor-post__title\">\n\t\t\t<a href=\"https:\/\/carmelites.net\/es\/carmelite-review\/social-concerns-room-st-therese-cresskill\/\" >\n\t\t\t\tSocial Concerns Room | St. Th\u00e9r\u00e8se, Cresskill\t\t\t<\/a>\n\t\t<\/p>\n\t\t\t\t<\/div>\n\t\t\t\t<\/article>\n\t\t\t\t<\/div>\n\t\t\n\t\t\t\t\t\t<\/div>\n\t\t\t\t<\/div>\n\t\t\t\t<\/div>\n\t\t\t\t\t<\/div>\n\t\t\t\t<\/div>\n\t\t\t\t<\/div>\n\t\t<\/div>\n\t\t\t\t\t\t<\/div>\n\t\t\t\t<\/div>\n\t\t\t\t<\/div>\n\t\t\t\t\t<\/div>\n\t\t\t\t<\/div>\n\t\t<div data-particle_enable=\"false\" data-particle-mobile-disabled=\"false\" class=\"elementor-element elementor-element-2acb62f e-flex e-con-boxed e-con e-parent\" data-id=\"2acb62f\" data-element_type=\"container\" data-e-type=\"container\">\n\t\t\t\t\t<div class=\"e-con-inner\">\n\t\t\t\t<div class=\"elementor-element elementor-element-477477d elementor-widget elementor-widget-text-editor\" data-id=\"477477d\" data-element_type=\"widget\" data-e-type=\"widget\" data-widget_type=\"text-editor.default\">\n\t\t\t\t<div class=\"elementor-widget-container\">\n\t\t\t\t\t\t\t\t\t<p style=\"text-align: center;\"><strong>Visit the Carmelite Institute website for more information and to purchase access to view the recorded webinar at<\/strong><\/p><p style=\"text-align: center;\"><strong><a href=\"https:\/\/carmeliteinstitute.net\/product\/webinar-34\/\">https:\/\/carmeliteinstitute.net\/product\/webinar-34\/<\/a><\/strong><\/p><p style=\"text-align: center;\"><strong>Contact the Carmelite Institute to be notified of future events and don&#8217;t forget that if you are a CINAmp Member<br \/>you get this and all future 2025 webinars included in your membership!<\/strong><\/p>\t\t\t\t\t\t\t\t<\/div>\n\t\t\t\t<\/div>\n\t\t\t\t<div class=\"elementor-element elementor-element-d02b668 elementor-widget-divider--view-line elementor-widget elementor-widget-divider\" data-id=\"d02b668\" data-element_type=\"widget\" data-e-type=\"widget\" data-widget_type=\"divider.default\">\n\t\t\t\t<div class=\"elementor-widget-container\">\n\t\t\t\t\t\t\t<div class=\"elementor-divider\">\n\t\t\t<span class=\"elementor-divider-separator\">\n\t\t\t\t\t\t<\/span>\n\t\t<\/div>\n\t\t\t\t\t\t<\/div>\n\t\t\t\t<\/div>\n\t\t<div data-particle_enable=\"false\" data-particle-mobile-disabled=\"false\" class=\"elementor-element elementor-element-b06be78 e-con-full e-flex e-con e-child\" data-id=\"b06be78\" data-element_type=\"container\" data-e-type=\"container\">\n\t\t\t\t<div class=\"elementor-element elementor-element-512af8f elementor-post-navigation-borders-yes elementor-widget elementor-widget-post-navigation\" data-id=\"512af8f\" data-element_type=\"widget\" data-e-type=\"widget\" data-widget_type=\"post-navigation.default\">\n\t\t\t\t<div class=\"elementor-widget-container\">\n\t\t\t\t\t\t\t<div class=\"elementor-post-navigation\" role=\"navigation\" aria-label=\"Navegaci\u00f3n de la entrada\">\n\t\t\t<div class=\"elementor-post-navigation__prev elementor-post-navigation__link\">\n\t\t\t\t<a href=\"https:\/\/carmelites.net\/es\/carmelite-review\/the-life-of-st-therese\/\" rel=\"prev\"><span class=\"post-navigation__arrow-wrapper post-navigation__arrow-prev\"><i aria-hidden=\"true\" class=\"fas fa-angle-left\"><\/i><span class=\"elementor-screen-only\">Ant<\/span><\/span><span class=\"elementor-post-navigation__link__prev\"><span class=\"post-navigation__prev--label\">Previous<\/span><span class=\"post-navigation__prev--title\">The Life of St. Th\u00e9r\u00e8se<\/span><\/span><\/a>\t\t\t<\/div>\n\t\t\t\t\t\t\t<div class=\"elementor-post-navigation__separator-wrapper\">\n\t\t\t\t\t<div class=\"elementor-post-navigation__separator\"><\/div>\n\t\t\t\t<\/div>\n\t\t\t\t\t\t<div class=\"elementor-post-navigation__next elementor-post-navigation__link\">\n\t\t\t\t<a href=\"https:\/\/carmelites.net\/es\/carmelite-review\/the-enduring-wisdom-of-carmel-prayer-as-presence\/\" rel=\"next\"><span class=\"elementor-post-navigation__link__next\"><span class=\"post-navigation__next--label\">Next<\/span><span class=\"post-navigation__next--title\">The Enduring Wisdom of Carmel: Prayer as Presence<\/span><\/span><span class=\"post-navigation__arrow-wrapper post-navigation__arrow-next\"><i aria-hidden=\"true\" class=\"fas fa-angle-right\"><\/i><span class=\"elementor-screen-only\">Siguiente<\/span><\/span><\/a>\t\t\t<\/div>\n\t\t<\/div>\n\t\t\t\t\t\t<\/div>\n\t\t\t\t<\/div>\n\t\t\t\t<div class=\"elementor-element elementor-element-aeaf236 elementor-widget-divider--view-line elementor-widget elementor-widget-divider\" data-id=\"aeaf236\" data-element_type=\"widget\" data-e-type=\"widget\" data-widget_type=\"divider.default\">\n\t\t\t\t<div class=\"elementor-widget-container\">\n\t\t\t\t\t\t\t<div class=\"elementor-divider\">\n\t\t\t<span class=\"elementor-divider-separator\">\n\t\t\t\t\t\t<\/span>\n\t\t<\/div>\n\t\t\t\t\t\t<\/div>\n\t\t\t\t<\/div>\n\t\t\t\t<\/div>\n\t\t\t\t\t<\/div>\n\t\t\t\t<\/div>\n\t\t<div data-particle_enable=\"false\" data-particle-mobile-disabled=\"false\" class=\"elementor-element elementor-element-6fa4624 e-flex e-con-boxed e-con e-parent\" data-id=\"6fa4624\" data-element_type=\"container\" data-e-type=\"container\">\n\t\t\t\t\t<div class=\"e-con-inner\">\n\t\t\t\t<div class=\"elementor-element elementor-element-97bb2f5 elementor-widget elementor-widget-shortcode\" data-id=\"97bb2f5\" data-element_type=\"widget\" data-e-type=\"widget\" data-widget_type=\"shortcode.default\">\n\t\t\t\t<div class=\"elementor-widget-container\">\n\t\t\t\t\t\t\t<div class=\"elementor-shortcode\"><!-- Noptin Newsletter Plugin v4.3.6 - https:\/\/wordpress.org\/plugins\/newsletter-optin-box\/ --><div id=\"noptin-form-1__wrapper\" class=\"noptin-optin-main-wrapper noptin-form-id-18217 noptin-inpost-main-wrapper\" aria-labelledby=\"noptin-form-1__title\" ><style>.noptin-form-id-18217 .noptin-optin-form-wrapper *{} #noptin-form-1__wrapper {--noptin-background-color: #eeeeee; --noptin-border-color: #eeeeee; --noptin-title-color: #313131; --noptin-description-color: #32373c; --noptin-prefix-color: #313131; --noptin-note-color: #607D8B;}<\/style><div style=\"max-width:620px; min-height:280px;border-style: solid;border-width: 4px;border-color: #eeeeee;\" class=\"noptin-optin-form-wrapper no-image\" ><!-- Form ID: 18217 --><form id=\"noptin-form-1\" class=\"noptin-optin-form noptin-form-new-line noptin-label-show noptin-form-1\" method=\"post\" novalidate >\t\t\t\t\t<div class=\"noptin-form-header no-image\">\n\t\t\t\t\t\t\t\t\t\t\t\t<div class=\"noptin-form-header-text\">\n\n\t\t\t\t\t\t\t\n\t\t\t\t\t\t\t\t\t\t\t\t\t\t\t<div style=\"color: #313131;font-size: 30px; font-weight: 700; line-height: 1.5;\" class=\"noptin-form-heading\">\n\t\t\t\t\t\t\t\t\tSubscribe to Carmelite Review<br>\t\t\t\t\t\t\t\t<\/div>\n\t\t\t\t\t\t\t\n\t\t\t\t\t\t\t\t\t\t\t\t\t\t\t<div style=\"color: #32373c;font-size: 16px; font-weight: 500; line-height: 1.3;\" class=\"noptin-form-description\">\n\t\t\t\t\t\t\t\t\tAnd get notified when we publish a new article.\t\t\t\t\t\t\t\t<\/div>\n\t\t\t\t\t\t\t\n\t\t\t\t\t\t<\/div>\n\t\t\t\t\t\t\n\t\t\t\t\t\t\n\t\t\t\t\t<\/div>\n\t\t\t\t<div class=\"noptin-form-footer\"><div class=\"noptin-form-fields\">\t\t\t<div class=\"noptin-form-field-wrapper noptin-form-field-email noptin-optin-field-wrapper noptin-optin-field-email\" id=\"noptin-form-1__field-email--wrapper\" >\n\t\t<div class=\"noptin-field-email\">\n\t\t\t<label class=\"noptin-label\" for=\"noptin-form-1__field-email\">Email Address<\/label>\n\t\t\t<input name=\"noptin_fields[email]\" id=\"noptin-form-1__field-email\" type=\"email\" class=\"noptin-text noptin-form-field noptin-form-field__email noptin-form-field__has-no-placeholder\" placeholder=\"Email Address\" required \/>\n\n\t\t<\/div><\/div>\t\t\t<div class=\"noptin-form-field-wrapper noptin-form-field-first_name noptin-optin-field-wrapper noptin-optin-field-first_name\" id=\"noptin-form-1__field-first_name--wrapper\" >\n\t\t<div class=\"noptin-field-first_name\">\n\t\t\t<label class=\"noptin-label\" for=\"noptin-form-1__field-first_name\">First Name<\/label>\n\t\t\t<input name=\"noptin_fields[first_name]\" id=\"noptin-form-1__field-first_name\" type=\"text\" class=\"noptin-text noptin-form-field noptin-form-field__first_name noptin-form-field__has-no-placeholder\" placeholder=\"First Name\" \/>\n\n\t\t<\/div><\/div>\t\t\t<div class=\"noptin-form-field-wrapper noptin-form-field-last_name noptin-optin-field-wrapper noptin-optin-field-last_name\" id=\"noptin-form-1__field-last_name--wrapper\" >\n\t\t<div class=\"noptin-field-last_name\">\n\t\t\t<label class=\"noptin-label\" for=\"noptin-form-1__field-last_name\">Last Name<\/label>\n\t\t\t<input name=\"noptin_fields[last_name]\" id=\"noptin-form-1__field-last_name\" type=\"text\" class=\"noptin-text noptin-form-field noptin-form-field__last_name noptin-form-field__has-no-placeholder\" placeholder=\"Last Name\" \/>\n\n\t\t<\/div><\/div>\t\t\t<div class=\"noptin-form-field-wrapper noptin-form-field- noptin-optin-field-wrapper noptin-optin-field-\" id=\"noptin-form-1__field---wrapper\" >\n\t\t<\/div><div class=\"g-recaptcha hizzle-recaptcha\" style=\"max-width: 100%; overflow: hidden; margin-top: 10px; margin-bottom: 10px;\" data-sitekey=\"6LfF_4UtAAAAAIMOLlVUhqhAgR_FFf8gkMt5Lqba\"><\/div>\t\t\t<div class=\"noptin-form-field-wrapper noptin-form-field-submit noptin-optin-field-wrapper noptin-optin-field-submit\" >\n\t\t\n\t\t\t<input type=\"submit\" id=\"noptin-form-1__submit\" class=\"noptin-form-submit btn button btn-primary button-primary wp-element-button noptin-form-button-block\" name=\"noptin-submit\" value=\"Subscribe Now\"  \/>\n\n\t\t<\/div><\/div>\t\t\t\t\t\t\t<div style=\"color: #607D8B;font-size: 14px; font-weight: 400; line-height: 1;\" class=\"noptin-form-note\">\n\t\t\t\t\tBy subscribing, you agree with our <a href=\"\">privacy policy<\/a> and our terms of service.\t\t\t\t<\/div>\n\t\t\t\t\t\t<div class=\"noptin-form-notice noptin-response\" role=\"alert\"><\/div>\n\t\t\t<\/div>\n\t\t\t<input type=\"hidden\" name=\"noptin_element_id\" value=\"1\" \/><input type=\"hidden\" name=\"source\" value=\"18217\" \/><input type=\"hidden\" name=\"form_action\" value=\"subscribe\" \/><input type=\"hidden\" name=\"noptin-config\" value=\"Yd77j7X38eEIzZFcu7P39ifHnXEF4MUA5mu.DuhBYk2_Mfo2PRY41irRS2s_zPdp\" \/><input type=\"hidden\" name=\"noptin_form_id\" value=\"18217\" \/><\/form><\/div><!-- \/Form ID: 18217 --><\/div><!-- \/ Noptin Newsletter Plugin --><\/div>\n\t\t\t\t\t\t<\/div>\n\t\t\t\t<\/div>\n\t\t\t\t\t<\/div>\n\t\t\t\t<\/div>\n\t\t\t\t<\/div>\n\t\t","protected":false},"excerpt":{"rendered":"<p>NUEVO SEMINARIO WEB DEL INSTITUTO CARMELITA...<br \/>\nINSCR\u00cdBASE HOY MISMO<\/p>","protected":false},"author":14,"featured_media":18516,"comment_status":"closed","ping_status":"open","sticky":false,"template":"","format":"standard","meta":{"rs_blank_template":"","rs_page_bg_color":"","slide_template_v7":"","_analytify_skip_tracking":false,"footnotes":""},"categories":[71],"tags":[109,92,105,107,108,106],"class_list":["post-18514","post","type-post","status-publish","format-standard","has-post-thumbnail","hentry","category-carmelite-review","tag-binz","tag-education","tag-institute","tag-scripture","tag-stephen-binz","tag-webinar"],"aioseo_notices":[],"aioseo_head":"\n\t\t<!-- All in One SEO Pro 5.0.1.1 - aioseo.com -->\n\t<meta name=\"description\" content=\"An interview with Gina Marie Loiacono about the Social Concerns Room, called \u201cIn Our Little Way\u201d, at St. Th\u00e9r\u00e8se in Cresskill, NJ, and is dedicated for the purpose of doing service projects to serve our less fortunate brothers and sisters.\" \/>\n\t<meta name=\"robots\" content=\"max-image-preview:large\" \/>\n\t<meta name=\"author\" content=\"KJ Pino\"\/>\n\t<link rel=\"canonical\" href=\"https:\/\/carmelites.net\/es\/carmelite-review\/social-concerns-room-st-therese-cresskill\/\" \/>\n\t<meta name=\"generator\" content=\"All in One SEO Pro (AIOSEO) 5.0.1.1\" \/>\n\t\t<meta property=\"og:locale\" content=\"es_ES\" \/>\n\t\t<meta property=\"og:site_name\" content=\"Order of Carmelites - Province of the Most Pure Heart of Mary\" \/>\n\t\t<meta property=\"og:type\" content=\"article\" \/>\n\t\t<meta property=\"og:title\" content=\"Social Concerns Room | St. Th\u00e9r\u00e8se, Cresskill - Order of Carmelites\" \/>\n\t\t<meta property=\"og:description\" content=\"An interview with Gina Marie Loiacono about the Social Concerns Room, called \u201cIn Our Little Way\u201d, at St. Th\u00e9r\u00e8se in Cresskill, NJ, and is dedicated for the purpose of doing service projects to serve our less fortunate brothers and sisters.\" \/>\n\t\t<meta property=\"og:url\" content=\"https:\/\/carmelites.net\/es\/carmelite-review\/social-concerns-room-st-therese-cresskill\/\" \/>\n\t\t<meta property=\"og:image\" content=\"https:\/\/carmelites.net\/wp-content\/uploads\/2021\/07\/logo100.png\" \/>\n\t\t<meta property=\"og:image:secure_url\" content=\"https:\/\/carmelites.net\/wp-content\/uploads\/2021\/07\/logo100.png\" \/>\n\t\t<meta property=\"article:published_time\" content=\"2026-08-21T18:43:00+00:00\" \/>\n\t\t<meta property=\"article:modified_time\" content=\"2026-08-22T13:58:03+00:00\" \/>\n\t\t<meta property=\"article:publisher\" content=\"https:\/\/www.facebook.com\/Carmelites\/\" \/>\n\t\t<meta name=\"twitter:card\" content=\"summary_large_image\" \/>\n\t\t<meta name=\"twitter:title\" content=\"Social Concerns Room | St. Th\u00e9r\u00e8se, Cresskill - Order of Carmelites\" \/>\n\t\t<meta name=\"twitter:description\" content=\"An interview with Gina Marie Loiacono about the Social Concerns Room, called \u201cIn Our Little Way\u201d, at St. Th\u00e9r\u00e8se in Cresskill, NJ, and is dedicated for the purpose of doing service projects to serve our less fortunate brothers and sisters.\" \/>\n\t\t<meta name=\"twitter:image\" content=\"https:\/\/carmelites.net\/wp-content\/uploads\/2021\/07\/logo100.png\" \/>\n\t\t<script type=\"application\/ld+json\" class=\"aioseo-schema\">\n\t\t\t{\"@context\":\"https:\\\/\\\/schema.org\",\"@graph\":[{\"@type\":\"BlogPosting\",\"@id\":\"https:\\\/\\\/carmelites.net\\\/es\\\/carmelite-review\\\/social-concerns-room-st-therese-cresskill\\\/#blogposting\",\"name\":\"Social Concerns Room | St. Th\\u00e9r\\u00e8se, Cresskill - Order of Carmelites\",\"headline\":\"Social Concerns Room | St. Th\\u00e9r\\u00e8se, Cresskill\",\"author\":{\"@id\":\"https:\\\/\\\/carmelites.net\\\/es\\\/author\\\/kjpino\\\/#author\"},\"publisher\":{\"@id\":\"https:\\\/\\\/carmelites.net\\\/es\\\/#organization\"},\"image\":{\"@type\":\"ImageObject\",\"url\":\"https:\\\/\\\/carmelites.net\\\/wp-content\\\/uploads\\\/2026\\\/08\\\/Gina-NJ-Social-Concerns-Cresskill-scaled.jpg\",\"width\":2560,\"height\":1440},\"datePublished\":\"2026-08-21T13:43:00-05:00\",\"dateModified\":\"2026-08-22T08:58:03-05:00\",\"inLanguage\":\"es-ES\",\"mainEntityOfPage\":{\"@id\":\"https:\\\/\\\/carmelites.net\\\/es\\\/carmelite-review\\\/social-concerns-room-st-therese-cresskill\\\/#webpage\"},\"isPartOf\":{\"@id\":\"https:\\\/\\\/carmelites.net\\\/es\\\/carmelite-review\\\/social-concerns-room-st-therese-cresskill\\\/#webpage\"},\"articleSection\":\"Review, Cresskill, g. New Jersey, New Jersey, Social Concerns, Therese\"},{\"@type\":\"BreadcrumbList\",\"@id\":\"https:\\\/\\\/carmelites.net\\\/es\\\/carmelite-review\\\/social-concerns-room-st-therese-cresskill\\\/#breadcrumblist\",\"itemListElement\":[{\"@type\":\"ListItem\",\"@id\":\"https:\\\/\\\/carmelites.net\\\/es#listItem\",\"position\":1,\"name\":\"Home\",\"item\":\"https:\\\/\\\/carmelites.net\\\/es\",\"nextItem\":{\"@type\":\"ListItem\",\"@id\":\"https:\\\/\\\/carmelites.net\\\/es\\\/category\\\/carmelite-review\\\/#listItem\",\"name\":\"Review\"}},{\"@type\":\"ListItem\",\"@id\":\"https:\\\/\\\/carmelites.net\\\/es\\\/category\\\/carmelite-review\\\/#listItem\",\"position\":2,\"name\":\"Review\",\"item\":\"https:\\\/\\\/carmelites.net\\\/es\\\/category\\\/carmelite-review\\\/\",\"nextItem\":{\"@type\":\"ListItem\",\"@id\":\"https:\\\/\\\/carmelites.net\\\/es\\\/carmelite-review\\\/carmelite-institute-webinar-conversing-with-god-in-scripture\\\/#listItem\",\"name\":\"Carmelite Institute WEBINAR: Conversing with God in Scripture\"},\"previousItem\":{\"@type\":\"ListItem\",\"@id\":\"https:\\\/\\\/carmelites.net\\\/es#listItem\",\"name\":\"Home\"}},{\"@type\":\"ListItem\",\"@id\":\"https:\\\/\\\/carmelites.net\\\/es\\\/carmelite-review\\\/carmelite-institute-webinar-conversing-with-god-in-scripture\\\/#listItem\",\"position\":3,\"name\":\"Carmelite Institute WEBINAR: Conversing with God in Scripture\",\"previousItem\":{\"@type\":\"ListItem\",\"@id\":\"https:\\\/\\\/carmelites.net\\\/es\\\/category\\\/carmelite-review\\\/#listItem\",\"name\":\"Review\"}}]},{\"@type\":\"Organization\",\"@id\":\"https:\\\/\\\/carmelites.net\\\/es\\\/#organization\",\"name\":\"Order of Carmelites\",\"description\":\"Province of the Most Pure Heart of Mary\",\"url\":\"https:\\\/\\\/carmelites.net\\\/es\\\/\",\"telephone\":\"+16309710050\",\"logo\":{\"@type\":\"ImageObject\",\"url\":\"https:\\\/\\\/carmelites.net\\\/wp-content\\\/uploads\\\/2021\\\/07\\\/logo100.png\",\"@id\":\"https:\\\/\\\/carmelites.net\\\/es\\\/carmelite-review\\\/social-concerns-room-st-therese-cresskill\\\/#organizationLogo\",\"width\":345,\"height\":100},\"image\":{\"@id\":\"https:\\\/\\\/carmelites.net\\\/es\\\/carmelite-review\\\/social-concerns-room-st-therese-cresskill\\\/#organizationLogo\"},\"sameAs\":[\"https:\\\/\\\/www.facebook.com\\\/Carmelites\\\/\",\"https:\\\/\\\/www.instagram.com\\\/carmelites\\\/\",\"https:\\\/\\\/www.youtube.com\\\/@CarmelitesPCM\"]},{\"@type\":\"Person\",\"@id\":\"https:\\\/\\\/carmelites.net\\\/es\\\/author\\\/kjpino\\\/#author\",\"url\":\"https:\\\/\\\/carmelites.net\\\/es\\\/author\\\/kjpino\\\/\",\"name\":\"KJ Pino\",\"image\":{\"@type\":\"ImageObject\",\"@id\":\"https:\\\/\\\/carmelites.net\\\/es\\\/carmelite-review\\\/social-concerns-room-st-therese-cresskill\\\/#authorImage\",\"url\":\"https:\\\/\\\/secure.gravatar.com\\\/avatar\\\/ea6cc4ae84d0bfae6191ee86cb6bf7261952812e142feef209f4dfa9324b1617?s=96&d=mm&r=g\",\"width\":96,\"height\":96,\"caption\":\"KJ Pino\"}},{\"@type\":\"WebPage\",\"@id\":\"https:\\\/\\\/carmelites.net\\\/es\\\/carmelite-review\\\/social-concerns-room-st-therese-cresskill\\\/#webpage\",\"url\":\"https:\\\/\\\/carmelites.net\\\/es\\\/carmelite-review\\\/social-concerns-room-st-therese-cresskill\\\/\",\"name\":\"Social Concerns Room | St. Th\\u00e9r\\u00e8se, Cresskill - Order of Carmelites\",\"description\":\"An interview with Gina Marie Loiacono about the Social Concerns Room, called \\u201cIn Our Little Way\\u201d, at St. Th\\u00e9r\\u00e8se in Cresskill, NJ, and is dedicated for the purpose of doing service projects to serve our less fortunate brothers and sisters.\",\"inLanguage\":\"es-ES\",\"isPartOf\":{\"@id\":\"https:\\\/\\\/carmelites.net\\\/es\\\/#website\"},\"breadcrumb\":{\"@id\":\"https:\\\/\\\/carmelites.net\\\/es\\\/carmelite-review\\\/social-concerns-room-st-therese-cresskill\\\/#breadcrumblist\"},\"author\":{\"@id\":\"https:\\\/\\\/carmelites.net\\\/es\\\/author\\\/kjpino\\\/#author\"},\"creator\":{\"@id\":\"https:\\\/\\\/carmelites.net\\\/es\\\/author\\\/kjpino\\\/#author\"},\"image\":{\"@type\":\"ImageObject\",\"url\":\"https:\\\/\\\/carmelites.net\\\/wp-content\\\/uploads\\\/2026\\\/08\\\/Gina-NJ-Social-Concerns-Cresskill-scaled.jpg\",\"@id\":\"https:\\\/\\\/carmelites.net\\\/es\\\/carmelite-review\\\/social-concerns-room-st-therese-cresskill\\\/#mainImage\",\"width\":2560,\"height\":1440},\"primaryImageOfPage\":{\"@id\":\"https:\\\/\\\/carmelites.net\\\/es\\\/carmelite-review\\\/social-concerns-room-st-therese-cresskill\\\/#mainImage\"},\"datePublished\":\"2026-08-21T13:43:00-05:00\",\"dateModified\":\"2026-08-22T08:58:03-05:00\"},{\"@type\":\"WebSite\",\"@id\":\"https:\\\/\\\/carmelites.net\\\/es\\\/#website\",\"url\":\"https:\\\/\\\/carmelites.net\\\/es\\\/\",\"name\":\"Order of Carmelites\",\"description\":\"Province of the Most Pure Heart of Mary\",\"inLanguage\":\"es-ES\",\"publisher\":{\"@id\":\"https:\\\/\\\/carmelites.net\\\/es\\\/#organization\"}}]}\n\t\t<\/script>\n\t\t<!-- All in One SEO Pro -->\r\n\t\t<title>Social Concerns Room | St. Th\u00e9r\u00e8se, Cresskill - Order of Carmelites<\/title>\n\n","aioseo_head_json":{"title":"Sala de Asuntos Sociales | Santa Teresa, Cresskill - Orden de los Carmelitas","description":"Entrevista con Gina Marie Loiacono sobre la Sala de Compromiso Social, denominada \u201cIn Our Little Way\u201d, de la escuela St. Th\u00e9r\u00e8se de Cresskill (Nueva Jersey), dedicada a llevar a cabo proyectos de servicio en favor de nuestros hermanos y hermanas m\u00e1s desfavorecidos.","canonical_url":"https:\/\/carmelites.net\/es\/carmelite-review\/social-concerns-room-st-therese-cresskill\/","robots":"max-image-preview:large","keywords":"","webmasterTools":{"miscellaneous":""},"schema":{"@context":"https:\/\/schema.org","@graph":[{"@type":"BlogPosting","@id":"https:\/\/carmelites.net\/es\/carmelite-review\/social-concerns-room-st-therese-cresskill\/#blogposting","name":"Social Concerns Room | St. Th\u00e9r\u00e8se, Cresskill - Order of Carmelites","headline":"Social Concerns Room | St. Th\u00e9r\u00e8se, Cresskill","author":{"@id":"https:\/\/carmelites.net\/es\/author\/kjpino\/#author"},"publisher":{"@id":"https:\/\/carmelites.net\/es\/#organization"},"image":{"@type":"ImageObject","url":"https:\/\/carmelites.net\/wp-content\/uploads\/2026\/08\/Gina-NJ-Social-Concerns-Cresskill-scaled.jpg","width":2560,"height":1440},"datePublished":"2026-08-21T13:43:00-05:00","dateModified":"2026-08-22T08:58:03-05:00","inLanguage":"es-ES","mainEntityOfPage":{"@id":"https:\/\/carmelites.net\/es\/carmelite-review\/social-concerns-room-st-therese-cresskill\/#webpage"},"isPartOf":{"@id":"https:\/\/carmelites.net\/es\/carmelite-review\/social-concerns-room-st-therese-cresskill\/#webpage"},"articleSection":"Review, Cresskill, g. New Jersey, New Jersey, Social Concerns, Therese"},{"@type":"BreadcrumbList","@id":"https:\/\/carmelites.net\/es\/carmelite-review\/social-concerns-room-st-therese-cresskill\/#breadcrumblist","itemListElement":[{"@type":"ListItem","@id":"https:\/\/carmelites.net\/es#listItem","position":1,"name":"Home","item":"https:\/\/carmelites.net\/es","nextItem":{"@type":"ListItem","@id":"https:\/\/carmelites.net\/es\/category\/carmelite-review\/#listItem","name":"Review"}},{"@type":"ListItem","@id":"https:\/\/carmelites.net\/es\/category\/carmelite-review\/#listItem","position":2,"name":"Review","item":"https:\/\/carmelites.net\/es\/category\/carmelite-review\/","nextItem":{"@type":"ListItem","@id":"https:\/\/carmelites.net\/es\/carmelite-review\/carmelite-institute-webinar-conversing-with-god-in-scripture\/#listItem","name":"Carmelite Institute WEBINAR: Conversing with God in Scripture"},"previousItem":{"@type":"ListItem","@id":"https:\/\/carmelites.net\/es#listItem","name":"Home"}},{"@type":"ListItem","@id":"https:\/\/carmelites.net\/es\/carmelite-review\/carmelite-institute-webinar-conversing-with-god-in-scripture\/#listItem","position":3,"name":"Carmelite Institute WEBINAR: Conversing with God in Scripture","previousItem":{"@type":"ListItem","@id":"https:\/\/carmelites.net\/es\/category\/carmelite-review\/#listItem","name":"Review"}}]},{"@type":"Organization","@id":"https:\/\/carmelites.net\/es\/#organization","name":"Order of Carmelites","description":"Province of the Most Pure Heart of Mary","url":"https:\/\/carmelites.net\/es\/","telephone":"+16309710050","logo":{"@type":"ImageObject","url":"https:\/\/carmelites.net\/wp-content\/uploads\/2021\/07\/logo100.png","@id":"https:\/\/carmelites.net\/es\/carmelite-review\/social-concerns-room-st-therese-cresskill\/#organizationLogo","width":345,"height":100},"image":{"@id":"https:\/\/carmelites.net\/es\/carmelite-review\/social-concerns-room-st-therese-cresskill\/#organizationLogo"},"sameAs":["https:\/\/www.facebook.com\/Carmelites\/","https:\/\/www.instagram.com\/carmelites\/","https:\/\/www.youtube.com\/@CarmelitesPCM"]},{"@type":"Person","@id":"https:\/\/carmelites.net\/es\/author\/kjpino\/#author","url":"https:\/\/carmelites.net\/es\/author\/kjpino\/","name":"KJ Pino","image":{"@type":"ImageObject","@id":"https:\/\/carmelites.net\/es\/carmelite-review\/social-concerns-room-st-therese-cresskill\/#authorImage","url":"https:\/\/secure.gravatar.com\/avatar\/ea6cc4ae84d0bfae6191ee86cb6bf7261952812e142feef209f4dfa9324b1617?s=96&d=mm&r=g","width":96,"height":96,"caption":"KJ Pino"}},{"@type":"WebPage","@id":"https:\/\/carmelites.net\/es\/carmelite-review\/social-concerns-room-st-therese-cresskill\/#webpage","url":"https:\/\/carmelites.net\/es\/carmelite-review\/social-concerns-room-st-therese-cresskill\/","name":"Social Concerns Room | St. Th\u00e9r\u00e8se, Cresskill - Order of Carmelites","description":"An interview with Gina Marie Loiacono about the Social Concerns Room, called \u201cIn Our Little Way\u201d, at St. Th\u00e9r\u00e8se in Cresskill, NJ, and is dedicated for the purpose of doing service projects to serve our less fortunate brothers and sisters.","inLanguage":"es-ES","isPartOf":{"@id":"https:\/\/carmelites.net\/es\/#website"},"breadcrumb":{"@id":"https:\/\/carmelites.net\/es\/carmelite-review\/social-concerns-room-st-therese-cresskill\/#breadcrumblist"},"author":{"@id":"https:\/\/carmelites.net\/es\/author\/kjpino\/#author"},"creator":{"@id":"https:\/\/carmelites.net\/es\/author\/kjpino\/#author"},"image":{"@type":"ImageObject","url":"https:\/\/carmelites.net\/wp-content\/uploads\/2026\/08\/Gina-NJ-Social-Concerns-Cresskill-scaled.jpg","@id":"https:\/\/carmelites.net\/es\/carmelite-review\/social-concerns-room-st-therese-cresskill\/#mainImage","width":2560,"height":1440},"primaryImageOfPage":{"@id":"https:\/\/carmelites.net\/es\/carmelite-review\/social-concerns-room-st-therese-cresskill\/#mainImage"},"datePublished":"2026-08-21T13:43:00-05:00","dateModified":"2026-08-22T08:58:03-05:00"},{"@type":"WebSite","@id":"https:\/\/carmelites.net\/es\/#website","url":"https:\/\/carmelites.net\/es\/","name":"Order of Carmelites","description":"Province of the Most Pure Heart of Mary","inLanguage":"es-ES","publisher":{"@id":"https:\/\/carmelites.net\/es\/#organization"}}]},"og:locale":"es_ES","og:site_name":"Order of Carmelites - Province of the Most Pure Heart of Mary","og:type":"article","og:title":"Social Concerns Room | St. Th\u00e9r\u00e8se, Cresskill - Order of Carmelites","og:description":"An interview with Gina Marie Loiacono about the Social Concerns Room, called \u201cIn Our Little Way\u201d, at St. Th\u00e9r\u00e8se in Cresskill, NJ, and is dedicated for the purpose of doing service projects to serve our less fortunate brothers and sisters.","og:url":"https:\/\/carmelites.net\/es\/carmelite-review\/social-concerns-room-st-therese-cresskill\/","og:image":"https:\/\/carmelites.net\/wp-content\/uploads\/2021\/07\/logo100.png","og:image:secure_url":"https:\/\/carmelites.net\/wp-content\/uploads\/2021\/07\/logo100.png","article:published_time":"2026-08-21T18:43:00+00:00","article:modified_time":"2026-08-22T13:58:03+00:00","article:publisher":"https:\/\/www.facebook.com\/Carmelites\/","twitter:card":"summary_large_image","twitter:title":"Social Concerns Room | St. Th\u00e9r\u00e8se, Cresskill - Order of Carmelites","twitter:description":"An interview with Gina Marie Loiacono about the Social Concerns Room, called \u201cIn Our Little Way\u201d, at St. Th\u00e9r\u00e8se in Cresskill, NJ, and is dedicated for the purpose of doing service projects to serve our less fortunate brothers and sisters.","twitter:image":"https:\/\/carmelites.net\/wp-content\/uploads\/2021\/07\/logo100.png"},"aioseo_meta_data":{"post_id":"18514","title":null,"description":null,"keywords":null,"keyphrases":null,"primary_term":null,"canonical_url":null,"og_title":null,"og_description":null,"og_object_type":"default","og_image_type":"default","og_image_url":null,"og_image_width":null,"og_image_height":null,"og_image_custom_url":null,"og_image_custom_fields":null,"og_video":null,"og_custom_url":null,"og_article_section":null,"og_article_tags":null,"twitter_use_og":false,"twitter_card":"default","twitter_image_type":"default","twitter_image_url":null,"twitter_image_custom_url":null,"twitter_image_custom_fields":null,"twitter_title":null,"twitter_description":null,"schema":{"blockGraphs":[],"customGraphs":[],"default":{"data":{"Article":[],"Course":[],"Dataset":[],"FAQPage":[],"Movie":[],"Person":[],"Product":[],"ProductReview":[],"Car":[],"Recipe":[],"Service":[],"SoftwareApplication":[],"WebPage":[]},"graphName":"","isEnabled":true},"graphs":[]},"schema_type":"default","schema_type_options":null,"pillar_content":false,"robots_default":true,"robots_noindex":false,"robots_noarchive":false,"robots_nosnippet":false,"robots_nofollow":false,"robots_noimageindex":false,"robots_noodp":false,"robots_notranslate":false,"robots_max_snippet":null,"robots_max_videopreview":null,"robots_max_imagepreview":"large","priority":null,"frequency":null,"local_seo":null,"seo_analyzer_scan_date":"2026-07-15 19:14:19","breadcrumb_settings":null,"limit_modified_date":false,"reviewed_by":null,"open_ai":null,"ai":null,"created":"2026-01-16 18:43:02","updated":"2026-07-15 19:14:19","focus_keyword":null,"additional_keywords":null,"truseo_locale":null},"aioseo_breadcrumb":"<div class=\"aioseo-breadcrumbs\"><span class=\"aioseo-breadcrumb\">\n\t<a href=\"https:\/\/carmelites.net\/es\" title=\"Home\">Home<\/a>\n<\/span><span class=\"aioseo-breadcrumb-separator\">&raquo;<\/span><span class=\"aioseo-breadcrumb\">\n\t<a href=\"https:\/\/carmelites.net\/es\/category\/carmelite-review\/\" title=\"Review\">Review<\/a>\n<\/span><span class=\"aioseo-breadcrumb-separator\">&raquo;<\/span><span class=\"aioseo-breadcrumb\">\n\tCarmelite Institute WEBINAR: Conversing with God in Scripture\n<\/span><\/div>","aioseo_breadcrumb_json":[{"label":"Home","link":"https:\/\/carmelites.net\/es"},{"label":"Review","link":"https:\/\/carmelites.net\/es\/category\/carmelite-review\/"},{"label":"Carmelite Institute WEBINAR: Conversing with God in Scripture","link":"https:\/\/carmelites.net\/es\/carmelite-review\/carmelite-institute-webinar-conversing-with-god-in-scripture\/"}],"_links":{"self":[{"href":"https:\/\/carmelites.net\/es\/wp-json\/wp\/v2\/posts\/18514","targetHints":{"allow":["GET"]}}],"collection":[{"href":"https:\/\/carmelites.net\/es\/wp-json\/wp\/v2\/posts"}],"about":[{"href":"https:\/\/carmelites.net\/es\/wp-json\/wp\/v2\/types\/post"}],"author":[{"embeddable":true,"href":"https:\/\/carmelites.net\/es\/wp-json\/wp\/v2\/users\/14"}],"replies":[{"embeddable":true,"href":"https:\/\/carmelites.net\/es\/wp-json\/wp\/v2\/comments?post=18514"}],"version-history":[{"count":40,"href":"https:\/\/carmelites.net\/es\/wp-json\/wp\/v2\/posts\/18514\/revisions"}],"predecessor-version":[{"id":19073,"href":"https:\/\/carmelites.net\/es\/wp-json\/wp\/v2\/posts\/18514\/revisions\/19073"}],"wp:featuredmedia":[{"embeddable":true,"href":"https:\/\/carmelites.net\/es\/wp-json\/wp\/v2\/media\/18516"}],"wp:attachment":[{"href":"https:\/\/carmelites.net\/es\/wp-json\/wp\/v2\/media?parent=18514"}],"wp:term":[{"taxonomy":"category","embeddable":true,"href":"https:\/\/carmelites.net\/es\/wp-json\/wp\/v2\/categories?post=18514"},{"taxonomy":"post_tag","embeddable":true,"href":"https:\/\/carmelites.net\/es\/wp-json\/wp\/v2\/tags?post=18514"}],"curies":[{"name":"wp","href":"https:\/\/api.w.org\/{rel}","templated":true}]}}