{"id":6525,"date":"2024-03-29T17:47:28","date_gmt":"2024-03-29T22:47:28","guid":{"rendered":"https:\/\/carmelites.net\/?p=6525"},"modified":"2026-04-20T16:01:14","modified_gmt":"2026-04-20T21:01:14","slug":"weil-o-carm-frank","status":"publish","type":"post","link":"https:\/\/carmelites.net\/de\/friars\/weil-o-carm-frank\/","title":{"rendered":"WEIL, O.Carm., Frank"},"content":{"rendered":"<div data-elementor-type=\"wp-post\" data-elementor-id=\"6525\" class=\"elementor elementor-6525\" data-elementor-post-type=\"post\">\n\t\t\t\t\t\t<section data-particle_enable=\"false\" data-particle-mobile-disabled=\"false\" class=\"elementor-section elementor-top-section elementor-element elementor-element-a159e23 elementor-section-boxed elementor-section-height-default elementor-section-height-default\" data-id=\"a159e23\" data-element_type=\"section\" data-e-type=\"section\">\n\t\t\t\t\t\t<div class=\"elementor-container elementor-column-gap-default\">\n\t\t\t\t\t<div class=\"elementor-column elementor-col-100 elementor-top-column elementor-element elementor-element-52197be\" data-id=\"52197be\" data-element_type=\"column\" data-e-type=\"column\">\n\t\t\t<div class=\"elementor-widget-wrap elementor-element-populated\">\n\t\t\t\t\t\t<div class=\"elementor-element elementor-element-847af1f elementor-widget elementor-widget-text-editor\" data-id=\"847af1f\" data-element_type=\"widget\" data-e-type=\"widget\" data-widget_type=\"text-editor.default\">\n\t\t\t\t<div class=\"elementor-widget-container\">\n\t\t\t\t\t\t\t\t\t<h4><strong>Nachruf-Infos:<\/strong><\/h4><p><strong>Pfarrer Frank Granger Weil, O.Carm.<br \/><\/strong><strong>10. M\u00e4rz 1941 - 16. April 2026<\/strong><\/p><p><strong>\u00a0<\/strong>Pater Frank Granger Weil, O.Carm., starb am 16. April 2026 im Alter von 85 Jahren in der Gemeinschaft der Zions-Eremiten vom Berg Karmel in Bowie, Arizona.\u00a0<\/p><p>Pater Frank wurde am 10. M\u00e4rz 1941 in Port Huron, Michigan, als Sohn von Frank Granger Weil und Mary Louise (Karrer) Weil geboren.  Er wurde am 30. M\u00e4rz 1941 getauft. Vor ihm starben seine Eltern, sein Bruder Stephen Weil und seine Schwester Mary Weil Smith.  Er hinterl\u00e4sst seine Schwester Ann Durand aus Port Huron, Michigan, seinen Cousin, Pater David Simpson, O.Carm., andere Familienmitglieder und Karmelitenbr\u00fcder.<\/p><p>P. Frank schloss 1958 die St. Stephen High School in Port Huron, Michigan, ab.  Im folgenden September trat er in das Mount Carmel College in Niagara Falls, Ontario, Kanada, ein und begann seine Ausbildung im Karmelitenorden.  Seine einfachen Gel\u00fcbde als Karmelit legte er am 15. August 1961 in New Baltimore, Pennsylvania, ab, seine feierlichen Gel\u00fcbde am 10. Februar 1965 in Washington, DC, und wurde am 11. Februar 1967 im Nationalheiligtum der Unbefleckten Empf\u00e4ngnis in Washington, DC, zum Priester geweiht.<\/p><p>Pater Frank erwarb 1964 einen Bachelor of Arts in Philosophie an der St. Bonaventure University in Olean, New York, und schloss sein Theologiestudium an der Whitefriars Hall in Washington, DC, ab.  Sp\u00e4ter erwarb er 1973 einen Master of Arts in Religionsp\u00e4dagogik an der Loyola University in Chicago.<\/p><p>Nach seiner Priesterweihe war Pater Frank von 1967 bis 1973 Mitglied des Lehrk\u00f6rpers der Salpointe Catholic High School in Tucson, Arizona.  W\u00e4hrend dieser Zeit war er auch in der Berufungspastoral t\u00e4tig und diente als Oberleutnant in der Air National Guard.<\/p><p>Pater Frank widmete sich zunehmend einer kontemplativen und eremitischen Berufung.  Er lebte l\u00e4ngere Zeit als Einsiedler, vor allem in Arizona, und war mit dem Elias Desert House und den Zion-Karmelitengemeinschaften in Kansas, Maine und Arizona verbunden.  Von 1976 bis 1978 war er Mitverwalter der Pfarrei St. Boniface in Scipio, Kansas.<\/p><p>Nachdem er sein eremitisches Leben in Arizona fortgesetzt hatte, diente er seit 2003 bei den Zion Hermit Monks of Mount Carmel in Bowie.  Sein Leben spiegelte ein anhaltendes Engagement f\u00fcr das Gebet, die Einsamkeit und die kontemplative Dimension des karmelitischen Charismas wider.  M\u00f6ge er in Frieden ruhen.<\/p><p>Die Beerdigungsmodalit\u00e4ten sind privat.<\/p><p>Spenden zu Ehren von Pfarrer Frank Weil, O.Carm., k\u00f6nnen an The Society of Mount Carmel, 1317 North Frontage Road, Darien, Illinois 60561, gerichtet werden.<\/p><p>F\u00fcr weitere Informationen \u00fcber Pfarrer Frank Weil, O.Carm., oder den Orden der Karmeliten wenden Sie sich bitte an Carmelite Media unter (630) 971-0724 oder besuchen Sie die Website der Karmeliten unter <a href=\"https:\/\/carmelites.net\/de\/\">www.carmelites.net<\/a><\/p><p>\u00a0<\/p>\t\t\t\t\t\t\t\t<\/div>\n\t\t\t\t<\/div>\n\t\t\t\t\t<\/div>\n\t\t<\/div>\n\t\t\t\t\t<\/div>\n\t\t<\/section>\n\t\t\t\t<section data-particle_enable=\"false\" data-particle-mobile-disabled=\"false\" class=\"elementor-section elementor-top-section elementor-element elementor-element-4fe1e43 elementor-section-stretched elementor-section-boxed elementor-section-height-default elementor-section-height-default\" data-id=\"4fe1e43\" data-element_type=\"section\" data-e-type=\"section\" data-settings=\"{&quot;stretch_section&quot;:&quot;section-stretched&quot;}\">\n\t\t\t\t\t\t<div class=\"elementor-container elementor-column-gap-default\">\n\t\t\t\t\t<div class=\"elementor-column elementor-col-25 elementor-top-column elementor-element elementor-element-48006f6\" data-id=\"48006f6\" data-element_type=\"column\" data-e-type=\"column\">\n\t\t\t<div class=\"elementor-widget-wrap elementor-element-populated\">\n\t\t\t\t\t\t\t\t\t\n\t\t<img class=\"e-image-base\" \n\t\t\t\t\tdata-interaction-id=\"3c1d7a8\" \n\t\t \n\t\t data-e-type=\"widget\" data-id=\"3c1d7a8\"\n\t\t\t\t\t\t\t\t\tid=\"24340\"\n\t\t\t\t\t\t\t\t\t\t\t\tsrc=\"https:\/\/carmelites.net\/wp-content\/uploads\/2026\/04\/Card-Front.jpg\"\n\t\t\t\t\t\t\t\t\t\t\t\twidth=\"900\"\n\t\t\t\t\t\t\t\t\t\t\t\theight=\"1426\"\n\t\t\t\t\t\t\t\t\t\t\t\tsrcset=\"https:\/\/carmelites.net\/wp-content\/uploads\/2026\/04\/Card-Front.jpg 900w, https:\/\/carmelites.net\/wp-content\/uploads\/2026\/04\/Card-Front-189x300.jpg 189w, https:\/\/carmelites.net\/wp-content\/uploads\/2026\/04\/Card-Front-646x1024.jpg 646w, https:\/\/carmelites.net\/wp-content\/uploads\/2026\/04\/Card-Front-768x1217.jpg 768w, https:\/\/carmelites.net\/wp-content\/uploads\/2026\/04\/Card-Front-8x12.jpg 8w\"\n\t\t\t\t\t\t\t\t\t\t\t\talt=\"Memorial card featuring a portrait of Fr. Frank Weil, O. Carm., with the tribute text and dates March 10, 1941 \u2013 April 16, 2026.\"\n\t\t\t\t\t\t\/>\n\t\t\t\t\t\t<\/div>\n\t\t<\/div>\n\t\t\t\t<div class=\"elementor-column elementor-col-25 elementor-top-column elementor-element elementor-element-3f8428f\" data-id=\"3f8428f\" data-element_type=\"column\" data-e-type=\"column\">\n\t\t\t<div class=\"elementor-widget-wrap elementor-element-populated\">\n\t\t\t\t\t\t\t\t\t\n\t\t<img class=\"e-image-base\" \n\t\t\t\t\tdata-interaction-id=\"58c574e\" \n\t\t \n\t\t data-e-type=\"widget\" data-id=\"58c574e\"\n\t\t\t\t\t\t\t\t\tid=\"24341\"\n\t\t\t\t\t\t\t\t\t\t\t\tsrc=\"https:\/\/carmelites.net\/wp-content\/uploads\/2026\/04\/Back-of-Card.jpg\"\n\t\t\t\t\t\t\t\t\t\t\t\twidth=\"900\"\n\t\t\t\t\t\t\t\t\t\t\t\theight=\"1426\"\n\t\t\t\t\t\t\t\t\t\t\t\tsrcset=\"https:\/\/carmelites.net\/wp-content\/uploads\/2026\/04\/Back-of-Card.jpg 900w, https:\/\/carmelites.net\/wp-content\/uploads\/2026\/04\/Back-of-Card-189x300.jpg 189w, https:\/\/carmelites.net\/wp-content\/uploads\/2026\/04\/Back-of-Card-646x1024.jpg 646w, https:\/\/carmelites.net\/wp-content\/uploads\/2026\/04\/Back-of-Card-768x1217.jpg 768w, https:\/\/carmelites.net\/wp-content\/uploads\/2026\/04\/Back-of-Card-8x12.jpg 8w\"\n\t\t\t\t\t\t\t\t\t\t\t\talt=\"Memorial banner for Fr. Frank Weil, O.Carm., listing birth and death dates, vows and ordination dates, a decorative wave motif with sun icons, the Micah 6:8 verse, and the phrase \u2018MAY HE REST IN PEACE\u2019 at the bottom.\"\n\t\t\t\t\t\t\/>\n\t\t\t\t\t\t<\/div>\n\t\t<\/div>\n\t\t\t\t<div class=\"elementor-column elementor-col-25 elementor-top-column elementor-element elementor-element-d28b2ec\" data-id=\"d28b2ec\" data-element_type=\"column\" data-e-type=\"column\">\n\t\t\t<div class=\"elementor-widget-wrap\">\n\t\t\t\t\t\t\t<\/div>\n\t\t<\/div>\n\t\t\t\t<div class=\"elementor-column elementor-col-25 elementor-top-column elementor-element elementor-element-b3393ba\" data-id=\"b3393ba\" data-element_type=\"column\" data-e-type=\"column\">\n\t\t\t<div class=\"elementor-widget-wrap\">\n\t\t\t\t\t\t\t<\/div>\n\t\t<\/div>\n\t\t\t\t\t<\/div>\n\t\t<\/section>\n\t\t\t\t<section data-particle_enable=\"false\" data-particle-mobile-disabled=\"false\" class=\"elementor-section elementor-top-section elementor-element elementor-element-f96159b elementor-section-boxed elementor-section-height-default elementor-section-height-default\" data-id=\"f96159b\" data-element_type=\"section\" data-e-type=\"section\">\n\t\t\t\t\t\t<div class=\"elementor-container elementor-column-gap-default\">\n\t\t\t\t\t<div class=\"elementor-column elementor-col-50 elementor-top-column elementor-element elementor-element-e709575\" data-id=\"e709575\" data-element_type=\"column\" data-e-type=\"column\">\n\t\t\t<div class=\"elementor-widget-wrap elementor-element-populated\">\n\t\t\t\t\t\t<div class=\"elementor-element elementor-element-9091a11 elementor-align-center elementor-widget elementor-widget-button\" data-id=\"9091a11\" data-element_type=\"widget\" data-e-type=\"widget\" data-widget_type=\"button.default\">\n\t\t\t\t<div class=\"elementor-widget-container\">\n\t\t\t\t\t\t\t\t\t<div class=\"elementor-button-wrapper\">\n\t\t\t\t\t<a class=\"elementor-button elementor-button-link elementor-size-sm\" href=\"http:\/\/carmelites.net\/de\/friars-of-pcm\/\">\n\t\t\t\t\t\t<span class=\"elementor-button-content-wrapper\">\n\t\t\t\t\t\t\t\t\t<span class=\"elementor-button-text\">Zur\u00fcck zu allen Br\u00fcdern<\/span>\n\t\t\t\t\t<\/span>\n\t\t\t\t\t<\/a>\n\t\t\t\t<\/div>\n\t\t\t\t\t\t\t\t<\/div>\n\t\t\t\t<\/div>\n\t\t\t\t\t<\/div>\n\t\t<\/div>\n\t\t\t\t<div class=\"elementor-column elementor-col-50 elementor-top-column elementor-element elementor-element-de4d2f5\" data-id=\"de4d2f5\" data-element_type=\"column\" data-e-type=\"column\">\n\t\t\t<div class=\"elementor-widget-wrap elementor-element-populated\">\n\t\t\t\t\t\t\t<\/div>\n\t\t<\/div>\n\t\t\t\t\t<\/div>\n\t\t<\/section>\n\t\t\t\t<\/div>","protected":false},"excerpt":{"rendered":"<p>Obituary Info: Rev. Frank Granger Weil, O.Carm.March 10, 1941 \u2013 April 16, 2026 \u00a0Rev. Frank Granger Weil, O.Carm., died on April 16, 2026, at the age of 85, at the [&hellip;]<\/p>\n","protected":false},"author":1,"featured_media":23231,"comment_status":"closed","ping_status":"open","sticky":false,"template":"","format":"standard","meta":{"rs_blank_template":"","rs_page_bg_color":"","slide_template_v7":"","_analytify_skip_tracking":false,"footnotes":""},"categories":[27,257],"tags":[34],"class_list":["post-6525","post","type-post","status-publish","format-standard","has-post-thumbnail","hentry","category-friars","category-obituary","tag-w"],"aioseo_notices":[],"_links":{"self":[{"href":"https:\/\/carmelites.net\/de\/wp-json\/wp\/v2\/posts\/6525","targetHints":{"allow":["GET"]}}],"collection":[{"href":"https:\/\/carmelites.net\/de\/wp-json\/wp\/v2\/posts"}],"about":[{"href":"https:\/\/carmelites.net\/de\/wp-json\/wp\/v2\/types\/post"}],"author":[{"embeddable":true,"href":"https:\/\/carmelites.net\/de\/wp-json\/wp\/v2\/users\/1"}],"replies":[{"embeddable":true,"href":"https:\/\/carmelites.net\/de\/wp-json\/wp\/v2\/comments?post=6525"}],"version-history":[{"count":37,"href":"https:\/\/carmelites.net\/de\/wp-json\/wp\/v2\/posts\/6525\/revisions"}],"predecessor-version":[{"id":24344,"href":"https:\/\/carmelites.net\/de\/wp-json\/wp\/v2\/posts\/6525\/revisions\/24344"}],"wp:featuredmedia":[{"embeddable":true,"href":"https:\/\/carmelites.net\/de\/wp-json\/wp\/v2\/media\/23231"}],"wp:attachment":[{"href":"https:\/\/carmelites.net\/de\/wp-json\/wp\/v2\/media?parent=6525"}],"wp:term":[{"taxonomy":"category","embeddable":true,"href":"https:\/\/carmelites.net\/de\/wp-json\/wp\/v2\/categories?post=6525"},{"taxonomy":"post_tag","embeddable":true,"href":"https:\/\/carmelites.net\/de\/wp-json\/wp\/v2\/tags?post=6525"}],"curies":[{"name":"wp","href":"https:\/\/api.w.org\/{rel}","templated":true}]}}