{"id":5956,"date":"2024-04-25T19:42:32","date_gmt":"2024-04-26T00:42:32","guid":{"rendered":"https:\/\/carmelites.net\/?p=5956"},"modified":"2025-08-06T19:29:58","modified_gmt":"2025-08-07T00:29:58","slug":"marsh-o-carm-ivan-cormac","status":"publish","type":"post","link":"https:\/\/carmelites.net\/de\/obituary\/marsh-o-carm-ivan-cormac\/","title":{"rendered":"MARSH, O.Carm., Ivan Cormac"},"content":{"rendered":"<div data-elementor-type=\"wp-post\" data-elementor-id=\"5956\" class=\"elementor elementor-5956\" data-elementor-post-type=\"post\">\n\t\t\t\t\t\t<section data-particle_enable=\"false\" data-particle-mobile-disabled=\"false\" class=\"elementor-section elementor-top-section elementor-element elementor-element-a159e23 elementor-section-boxed elementor-section-height-default elementor-section-height-default\" data-id=\"a159e23\" data-element_type=\"section\" data-e-type=\"section\">\n\t\t\t\t\t\t<div class=\"elementor-container elementor-column-gap-default\">\n\t\t\t\t\t<div class=\"elementor-column elementor-col-100 elementor-top-column elementor-element elementor-element-52197be\" data-id=\"52197be\" data-element_type=\"column\" data-e-type=\"column\">\n\t\t\t<div class=\"elementor-widget-wrap elementor-element-populated\">\n\t\t\t\t\t\t<div class=\"elementor-element elementor-element-847af1f elementor-widget elementor-widget-text-editor\" data-id=\"847af1f\" data-element_type=\"widget\" data-e-type=\"widget\" data-widget_type=\"text-editor.default\">\n\t\t\t\t<div class=\"elementor-widget-container\">\n\t\t\t\t\t\t\t\t\t<h2><b><span data-contrast=\"none\">KARMELITERPRIESTER IVAN CORMAC MARSH STIRBT<\/span><\/b><span data-ccp-props=\"{&quot;335551550&quot;:2,&quot;335551620&quot;:2}\">\u00a0<\/span><\/h2><p><span data-ccp-props=\"{&quot;335551550&quot;:2,&quot;335551620&quot;:2}\">\u00a0<\/span><span data-contrast=\"auto\">(25. April 2024; Darien, IL) Die Provinz vom Reinsten Herzen Mariens (PCM), Orden der Karmeliten, trauert um Hochw\u00fcrden Ivan Cormac March, O. Carm., der am 25. April 2024 im Alter von 87 Jahren verstorben ist.<\/span><span data-ccp-props=\"{&quot;335559731&quot;:720,&quot;335559739&quot;:120}\">\u00a0<\/span><\/p><p><span data-contrast=\"auto\">Die Trauerfeier f\u00fcr Pater Ivan findet in der katholischen Kirche Holy Rosary, 1420 31<\/span><span data-contrast=\"auto\">st<\/span><span data-contrast=\"auto\"> Street, Galveston, Texas, 77550, am Samstag, dem 11. Mai 2024, um 9.30 Uhr, mit anschlie\u00dfender Trauermesse um 11.00 Uhr. Unmittelbar nach der Messe findet die Beisetzung auf dem Mt. Olivet Cemetery, 7801 Gulf Fwy, Dickinson, TX, 77539 statt.\u00a0<\/span><span data-ccp-props=\"{&quot;335559731&quot;:720,&quot;335559739&quot;:120}\">\u00a0<\/span><\/p><p><span data-contrast=\"auto\">Ivan wurde als Sohn von (dem verstorbenen) Robert Marsh und (der verstorbenen) Beulah (Dixon) Marsh am 16. Januar 1937 in Weeks Island, Louisiana, geboren. Sein Vorname bei der Taufe war Ivan John.\u00a0<\/span><span data-ccp-props=\"{&quot;335559731&quot;:720,&quot;335559739&quot;:120}\">\u00a0<\/span><\/p><p><span data-contrast=\"auto\">Ivan besuchte die Holy Rosary Grade School und die Central High School in Galveston, Texas. Ivan trat den Christlichen Br\u00fcdern bei und legte 1957 die einfachen Gel\u00fcbde ab. Danach erwarb er seinen B.A. (1960) und MA of Education (1965) am St. Mary's College in Winona, Minnesota. Au\u00dferdem erwarb er einen MA am Manhattan College (1970) in Bronx, NY. Von 1960 bis 1975 war Fr. Ivan als Lehrer an sechs verschiedenen High Schools der Christlichen Br\u00fcder t\u00e4tig, und von 1975 bis 1978 leitete er das Exerzitienhaus der Christlichen Br\u00fcder in Joliet, Illinois.\u00a0<\/span><span data-ccp-props=\"{&quot;335559731&quot;:720,&quot;335559739&quot;:120}\">\u00a0<\/span><\/p><p><span data-contrast=\"auto\">Im Jahr 1978 trat Ivan in den Karmel ein und legte am 14. Dezember 1979 die feierlichen Gel\u00fcbde ab. Anschlie\u00dfend erwarb er einen MA of Divinity am Immaculate Conception Seminary (1980) in Darlington, NJ, und wurde zum Priester geweiht.<\/span> <span data-contrast=\"auto\">am 17. Mai 1980 zum Karmelitenpriester.  W\u00e4hrend er sein Theologiestudium am Priesterseminar Immaculate Conception fortsetzte, war er in der Pfarrei St. Anastasia in Teaneck, NJ, t\u00e4tig, wo er nacheinander als Praktikant, Diakon, \u00f6rtlicher Berufungsleiter und schlie\u00dflich als assoziierter Pfarrer diente. Im Juni 1982 wechselte Pater Ivan in das Priorat St. Elias in Joliet, Illinois. Zwei Jahre lang diente er als Campus-Minister\/Direktor an der Lewis University und als Midwest Vocation Director. Nach einem einj\u00e4hrigen Sabbatjahr f\u00fcr spirituelle Studien an der Universit\u00e4t von St. Louis wechselte er ins Priorat Our Lady of Mount Carmel in Williamstown, MA, um von 1985 bis 1987 als Novizenmeister zu dienen. Pater Ivan zog nach Whitefriars Hall in Washington, DC, wo er als Campus-Minister der Georgetown University (1987 bis 1994) und dann als amtierender Direktor der Campus-Ministerie (1994 bis 1996) diente, w\u00e4hrend er gleichzeitig an der Universit\u00e4t lehrte. 1996 zog P. Ivan nach Mahwah, NJ, wo er als Geistlicher Leiter der Karmelitischen Exerzitien diente, und dann im Jahr 2000 nach Houston, TX, wo er als Geistlicher Leiter des St. Mary's Seminary t\u00e4tig war. Schlie\u00dflich zog sich P. Ivan 2007 in das Priorat St. Cyril of Alexandria in Tucson, AZ, zur\u00fcck. Im Jahr 2014 wechselte er in das Priorat Our Lady of Mount Carmel, ebenfalls in Tucson, AZ. Aufgrund von gesundheitlichen Problemen wird er 2019<\/span> <span data-contrast=\"auto\">Pater Ivan zog in die Sunrise at River Road Assisted Living Facility in Tucson, AZ, wo er bis zu seinem Tod lebte.<\/span><span data-ccp-props=\"{&quot;335559731&quot;:720,&quot;335559739&quot;:120}\">\u00a0<\/span><\/p><p><span data-contrast=\"auto\">M\u00f6ge er in Frieden ruhen.<\/span><span data-ccp-props=\"{&quot;335559731&quot;:720,&quot;335559739&quot;:120}\">\u00a0<\/span><\/p><p><span data-contrast=\"auto\">Spenden zu Ehren von Reverend Ivan Cormac March, O. Carm. k\u00f6nnen gemacht werden an: The Society of Mount Carmel, 1317 North Frontage Road, Darien, Illinois, 60561.\u00a0<\/span><span data-ccp-props=\"{&quot;335559739&quot;:120}\">\u00a0<\/span><\/p><p><span data-contrast=\"auto\">F\u00fcr weitere Informationen \u00fcber Reverend Ivan Cormac Marsh, O. Carm. oder den Orden der Karmeliten wenden Sie sich bitte an Carmelite Media unter (630) 971-0724 oder besuchen Sie die Website der Karmeliten unter www.carmelites.net.<\/span><span data-ccp-props=\"{&quot;335559731&quot;:720,&quot;335559739&quot;:120}\">\u00a0<\/span><\/p>\t\t\t\t\t\t\t\t<\/div>\n\t\t\t\t<\/div>\n\t\t\t\t\t<\/div>\n\t\t<\/div>\n\t\t\t\t\t<\/div>\n\t\t<\/section>\n\t\t\t\t<\/div>","protected":false},"excerpt":{"rendered":"<p>CARMELITE PRIEST IVAN CORMAC MARSH DIES\u00a0 \u00a0(April 25, 2024; Darien, IL) The Province of the Most Pure Heart of Mary (PCM), Order of Carmelites, mourns the death of the Reverend [&hellip;]<\/p>\n","protected":false},"author":1,"featured_media":5957,"comment_status":"closed","ping_status":"open","sticky":false,"template":"","format":"standard","meta":{"rs_blank_template":"","rs_page_bg_color":"","slide_template_v7":"","_analytify_skip_tracking":false,"footnotes":""},"categories":[257],"tags":[28],"class_list":["post-5956","post","type-post","status-publish","format-standard","has-post-thumbnail","hentry","category-obituary","tag-m"],"aioseo_notices":[],"_links":{"self":[{"href":"https:\/\/carmelites.net\/de\/wp-json\/wp\/v2\/posts\/5956","targetHints":{"allow":["GET"]}}],"collection":[{"href":"https:\/\/carmelites.net\/de\/wp-json\/wp\/v2\/posts"}],"about":[{"href":"https:\/\/carmelites.net\/de\/wp-json\/wp\/v2\/types\/post"}],"author":[{"embeddable":true,"href":"https:\/\/carmelites.net\/de\/wp-json\/wp\/v2\/users\/1"}],"replies":[{"embeddable":true,"href":"https:\/\/carmelites.net\/de\/wp-json\/wp\/v2\/comments?post=5956"}],"version-history":[{"count":22,"href":"https:\/\/carmelites.net\/de\/wp-json\/wp\/v2\/posts\/5956\/revisions"}],"predecessor-version":[{"id":21091,"href":"https:\/\/carmelites.net\/de\/wp-json\/wp\/v2\/posts\/5956\/revisions\/21091"}],"wp:featuredmedia":[{"embeddable":true,"href":"https:\/\/carmelites.net\/de\/wp-json\/wp\/v2\/media\/5957"}],"wp:attachment":[{"href":"https:\/\/carmelites.net\/de\/wp-json\/wp\/v2\/media?parent=5956"}],"wp:term":[{"taxonomy":"category","embeddable":true,"href":"https:\/\/carmelites.net\/de\/wp-json\/wp\/v2\/categories?post=5956"},{"taxonomy":"post_tag","embeddable":true,"href":"https:\/\/carmelites.net\/de\/wp-json\/wp\/v2\/tags?post=5956"}],"curies":[{"name":"wp","href":"https:\/\/api.w.org\/{rel}","templated":true}]}}