{"id":4749,"date":"2025-09-05T15:25:40","date_gmt":"2025-09-05T20:25:40","guid":{"rendered":"https:\/\/carmelites.net\/?p=4749"},"modified":"2025-10-08T10:03:40","modified_gmt":"2025-10-08T15:03:40","slug":"comerford-o-carm-john","status":"publish","type":"post","link":"https:\/\/carmelites.net\/de\/obituary\/comerford-o-carm-john\/","title":{"rendered":"COMERFORD, O.Carm., John \"Jay\""},"content":{"rendered":"<div data-elementor-type=\"wp-post\" data-elementor-id=\"4749\" class=\"elementor elementor-4749\" data-elementor-post-type=\"post\">\n\t\t\t\t\t\t<section data-particle_enable=\"false\" data-particle-mobile-disabled=\"false\" class=\"elementor-section elementor-top-section elementor-element elementor-element-a159e23 elementor-section-boxed elementor-section-height-default elementor-section-height-default\" data-id=\"a159e23\" data-element_type=\"section\" data-e-type=\"section\">\n\t\t\t\t\t\t<div class=\"elementor-container elementor-column-gap-default\">\n\t\t\t\t\t<div class=\"elementor-column elementor-col-100 elementor-top-column elementor-element elementor-element-52197be\" data-id=\"52197be\" data-element_type=\"column\" data-e-type=\"column\">\n\t\t\t<div class=\"elementor-widget-wrap elementor-element-populated\">\n\t\t\t\t\t\t<div class=\"elementor-element elementor-element-6727730 elementor-widget elementor-widget-video\" data-id=\"6727730\" data-element_type=\"widget\" data-e-type=\"widget\" data-settings=\"{&quot;youtube_url&quot;:&quot;https:\\\/\\\/youtu.be\\\/aaggyIKqo9g?si=zuSk8pDjYR0jrKu2&quot;,&quot;video_type&quot;:&quot;youtube&quot;,&quot;controls&quot;:&quot;yes&quot;}\" data-widget_type=\"video.default\">\n\t\t\t\t<div class=\"elementor-widget-container\">\n\t\t\t\t\t\t\t<div class=\"elementor-wrapper elementor-open-inline\">\n\t\t\t<div class=\"elementor-video\"><\/div>\t\t<\/div>\n\t\t\t\t\t\t<\/div>\n\t\t\t\t<\/div>\n\t\t\t\t\t<\/div>\n\t\t<\/div>\n\t\t\t\t\t<\/div>\n\t\t<\/section>\n\t\t\t\t<section data-particle_enable=\"false\" data-particle-mobile-disabled=\"false\" class=\"elementor-section elementor-top-section elementor-element elementor-element-b96e216 elementor-section-stretched elementor-section-boxed elementor-section-height-default elementor-section-height-default\" data-id=\"b96e216\" data-element_type=\"section\" data-e-type=\"section\" data-settings=\"{&quot;stretch_section&quot;:&quot;section-stretched&quot;}\">\n\t\t\t\t\t\t<div class=\"elementor-container elementor-column-gap-default\">\n\t\t\t\t\t<div class=\"elementor-column elementor-col-50 elementor-top-column elementor-element elementor-element-0ebfd8e\" data-id=\"0ebfd8e\" data-element_type=\"column\" data-e-type=\"column\">\n\t\t\t<div class=\"elementor-widget-wrap elementor-element-populated\">\n\t\t\t\t\t\t<div class=\"elementor-element elementor-element-9922042 elementor-widget elementor-widget-text-editor\" data-id=\"9922042\" data-element_type=\"widget\" data-e-type=\"widget\" data-widget_type=\"text-editor.default\">\n\t\t\t\t<div class=\"elementor-widget-container\">\n\t\t\t\t\t\t\t\t\t<p>Aufgrund eines technischen Problems ist der Ton der Predigt im Live-Stream nicht zu h\u00f6ren.\u00a0\u00a0<\/p>\t\t\t\t\t\t\t\t<\/div>\n\t\t\t\t<\/div>\n\t\t\t\t<div class=\"elementor-element elementor-element-ba2c07a elementor-widget elementor-widget-text-editor\" data-id=\"ba2c07a\" data-element_type=\"widget\" data-e-type=\"widget\" data-widget_type=\"text-editor.default\">\n\t\t\t\t<div class=\"elementor-widget-container\">\n\t\t\t\t\t\t\t\t\t<iframe loading=\"lazy\" title=\"YouTube-Video-Player\" src=\"https:\/\/www.youtube.com\/embed\/i2NOK6Wewx4?si=xHEilB8DssGeIY36\" width=\"560\" height=\"315\" frameborder=\"0\" allowfullscreen=\"allowfullscreen\"><\/iframe>\n\n<iframe loading=\"lazy\" title=\"YouTube-Video-Player\" src=\"https:\/\/online.fliphtml5.com\/omno\/gtaz\/\" width=\"100%\" height=\"450\" frameborder=\"0\" allowfullscreen=\"allowfullscreen\"><\/iframe>\n\t\t\t\t\t\t\t\t<\/div>\n\t\t\t\t<\/div>\n\t\t\t\t\t<\/div>\n\t\t<\/div>\n\t\t\t\t<div class=\"elementor-column elementor-col-50 elementor-top-column elementor-element elementor-element-0f82fe4\" data-id=\"0f82fe4\" data-element_type=\"column\" data-e-type=\"column\">\n\t\t\t<div class=\"elementor-widget-wrap elementor-element-populated\">\n\t\t\t\t\t\t<div class=\"elementor-element elementor-element-847af1f elementor-widget elementor-widget-text-editor\" data-id=\"847af1f\" data-element_type=\"widget\" data-e-type=\"widget\" data-widget_type=\"text-editor.default\">\n\t\t\t\t<div class=\"elementor-widget-container\">\n\t\t\t\t\t\t\t\t\t<h4><strong>Nachruf-Infos:<\/strong><\/h4>\t\t\t\t\t\t\t\t<\/div>\n\t\t\t\t<\/div>\n\t\t\t\t<div class=\"elementor-element elementor-element-e671ba7 elementor-widget elementor-widget-text-editor\" data-id=\"e671ba7\" data-element_type=\"widget\" data-e-type=\"widget\" data-widget_type=\"text-editor.default\">\n\t\t\t\t<div class=\"elementor-widget-container\">\n\t\t\t\t\t\t\t\t\t<h2><strong>Pfarrer John Jay Comerford, O.Carm.<\/strong><\/h2><h4><strong>18. Februar 1948 - 5. September 2025<\/strong><\/h4><p><strong>\u00a0<\/strong>Pater John Jay Comerford, O.Carm., den meisten als \"Pater Jay\" bekannt, starb am 5. September 2025 im Alter von 77 Jahren in der St. Patrick Residence in Naperville, Illinois.\u00a0<\/p><p>Der Besuch f\u00fcr Pater Jay findet am Dienstag, den 9. September, um 17.00 Uhr im Nationalheiligtum von St. Therese, 8501 Bailey Road, Darien, Illinois, statt, gefolgt von der Trauermesse um 19.00 Uhr.  Die Beisetzung findet am Mittwoch, dem 10. September, um 10.00 Uhr auf dem St. Mary's Cemetery in Minooka, Illinois, statt.<\/p><p>Er wurde am 18. Februar 1948 als Sohn von Joseph Thomas und Elizabeth Angela (Donahue) Comerford in Joliet, Illinois, geboren und am 7. M\u00e4rz 1948 in der Pfarrei St. Patrick in Joliet getauft.  Er besuchte die St. Patrick Elementary School, die er 1962 abschloss, und machte 1966 seinen Abschluss an der Joliet Catholic High School.<\/p><p>P. Jay trat 1966 in das Ausbildungsprogramm der Karmeliten ein und besuchte das Mount Carmel College in Niagara Falls, Ontario, Kanada. Er trat in das Karmeliten-Noviziat in New Baltimore, Pennsylvania, ein und legte am 22. August 1968 die einfachen Gel\u00fcbde ab.  Am 18. April 1976 legte er die feierlichen Gel\u00fcbde als Karmelit ab.  Nach Abschluss seines Theologiestudiums an der Washington Theological Union wurde er am 27. Mai 1977 zum Priester geweiht.<\/p><p>Pater Jay erwarb 1971 an der Marquette University einen Bachelor of Arts in Sprecherziehung, eine Grundlage, die seinen lebenslangen Dienst im Bildungswesen pr\u00e4gte.  Er unterrichtete zun\u00e4chst von 1971-1972 an der Salpointe Catholic High School in Tucson, Arizona, und diente dann von 1972-1974 mit dem Jesuit Volunteer Corps an der Monroe Catholic High School in Fairbanks, Alaska.\u00a0<\/p><p>Nach seiner Priesterweihe setzte P. Jay seine lange Karriere im katholischen Sekundarschulwesen fort.  Er unterrichtete von 1978-1988 an der Joliet Catholic High School, diente von 1988-1994 als Dekan an der Crespi Carmelite High School in Encino, Kalifornien, und war von 1994-2003 Lehrer an der Carmel Catholic High School in Mundelein, Illinois.  Anschlie\u00dfend kehrte er an die Joliet Catholic Academy zur\u00fcck, wo er von 2003 bis 2005 als Lehrer und Campusseelsorger t\u00e4tig war.<\/p><p>Im Jahr 2006 begann P. Jay seinen Dienst als Kaplan im Carmelite Carefree Village in Darien, Illinois, wo er das Leben unz\u00e4hliger Bewohner durch seine seelsorgerische Betreuung ber\u00fchrte.  In dieser Zeit diente er auch der Di\u00f6zese Joliet als Vikar f\u00fcr Ordensleute und als Mitglied des Kollegiums der Konsultoren.<\/p><p>Von 2012 bis 2018 war P. Jay Exerzitienleiter im Mount Carmel Spiritual Centre in Niagara Falls, Ontario, Kanada, bevor er nach Illinois zur\u00fcckkehrte und sich im Titus Brandsma Priory in Darien, Illinois, zur Ruhe setzte.<\/p><p>W\u00e4hrend seiner 57 Jahre als Karmelit wird P. Jay f\u00fcr seine Gro\u00dfz\u00fcgigkeit, seine Begabung als Erzieher und seine F\u00e4higkeit, mit jedem, den er traf, in Kontakt zu treten, in Erinnerung bleiben.<\/p><p>Pater Jay sind seine Eltern und sein Bruder Joseph im Tod vorausgegangen.  Er hinterl\u00e4sst seine Neffen John Comerford und Thomas Comerford, seine Karmelitenbr\u00fcder und viele ehemalige Studenten, Kollegen und Freunde, die durch seine Anwesenheit gesegnet wurden.<\/p><p>Spenden f\u00fcr Pater Jay k\u00f6nnen an die Society of Mount Carmel, 1317 N. Frontage Road, Darien, Illinois, 60561, gerichtet werden.<\/p>\t\t\t\t\t\t\t\t<\/div>\n\t\t\t\t<\/div>\n\t\t\t\t\t<\/div>\n\t\t<\/div>\n\t\t\t\t\t<\/div>\n\t\t<\/section>\n\t\t\t\t<section data-particle_enable=\"false\" data-particle-mobile-disabled=\"false\" class=\"elementor-section elementor-top-section elementor-element elementor-element-f81a450 elementor-section-boxed elementor-section-height-default elementor-section-height-default\" data-id=\"f81a450\" data-element_type=\"section\" data-e-type=\"section\">\n\t\t\t\t\t\t<div class=\"elementor-container elementor-column-gap-default\">\n\t\t\t\t\t<div class=\"elementor-column elementor-col-50 elementor-top-column elementor-element elementor-element-24d50ac\" data-id=\"24d50ac\" data-element_type=\"column\" data-e-type=\"column\">\n\t\t\t<div class=\"elementor-widget-wrap elementor-element-populated\">\n\t\t\t\t\t\t<div class=\"elementor-element elementor-element-3a75b9c elementor-align-center elementor-widget elementor-widget-button\" data-id=\"3a75b9c\" data-element_type=\"widget\" data-e-type=\"widget\" data-widget_type=\"button.default\">\n\t\t\t\t<div class=\"elementor-widget-container\">\n\t\t\t\t\t\t\t\t\t<div class=\"elementor-button-wrapper\">\n\t\t\t\t\t<a class=\"elementor-button elementor-button-link elementor-size-sm\" href=\"http:\/\/carmelites.net\/de\/friars-of-pcm\/\">\n\t\t\t\t\t\t<span class=\"elementor-button-content-wrapper\">\n\t\t\t\t\t\t\t\t\t<span class=\"elementor-button-text\">Zur\u00fcck zu allen Br\u00fcdern<\/span>\n\t\t\t\t\t<\/span>\n\t\t\t\t\t<\/a>\n\t\t\t\t<\/div>\n\t\t\t\t\t\t\t\t<\/div>\n\t\t\t\t<\/div>\n\t\t\t\t\t<\/div>\n\t\t<\/div>\n\t\t\t\t<div class=\"elementor-column elementor-col-50 elementor-top-column elementor-element elementor-element-8faca92\" data-id=\"8faca92\" data-element_type=\"column\" data-e-type=\"column\">\n\t\t\t<div class=\"elementor-widget-wrap elementor-element-populated\">\n\t\t\t\t\t\t\t<\/div>\n\t\t<\/div>\n\t\t\t\t\t<\/div>\n\t\t<\/section>\n\t\t\t\t<\/div>","protected":false},"excerpt":{"rendered":"<p>https:\/\/youtu.be\/aaggyIKqo9g?si=zuSk8pDjYR0jrKu2 Due to a technical difficulty the audio for the homily is not audible on the live-stream.\u00a0\u00a0 Obituary Info: Rev. John Jay Comerford, O.Carm. February 18, 1948\u2014September 5, 2025 \u00a0Rev. [&hellip;]<\/p>\n","protected":false},"author":1,"featured_media":4750,"comment_status":"closed","ping_status":"open","sticky":false,"template":"","format":"standard","meta":{"rs_blank_template":"","rs_page_bg_color":"","slide_template_v7":"","_analytify_skip_tracking":false,"footnotes":""},"categories":[257],"tags":[30],"class_list":["post-4749","post","type-post","status-publish","format-standard","has-post-thumbnail","hentry","category-obituary","tag-c"],"aioseo_notices":[],"_links":{"self":[{"href":"https:\/\/carmelites.net\/de\/wp-json\/wp\/v2\/posts\/4749","targetHints":{"allow":["GET"]}}],"collection":[{"href":"https:\/\/carmelites.net\/de\/wp-json\/wp\/v2\/posts"}],"about":[{"href":"https:\/\/carmelites.net\/de\/wp-json\/wp\/v2\/types\/post"}],"author":[{"embeddable":true,"href":"https:\/\/carmelites.net\/de\/wp-json\/wp\/v2\/users\/1"}],"replies":[{"embeddable":true,"href":"https:\/\/carmelites.net\/de\/wp-json\/wp\/v2\/comments?post=4749"}],"version-history":[{"count":100,"href":"https:\/\/carmelites.net\/de\/wp-json\/wp\/v2\/posts\/4749\/revisions"}],"predecessor-version":[{"id":21609,"href":"https:\/\/carmelites.net\/de\/wp-json\/wp\/v2\/posts\/4749\/revisions\/21609"}],"wp:featuredmedia":[{"embeddable":true,"href":"https:\/\/carmelites.net\/de\/wp-json\/wp\/v2\/media\/4750"}],"wp:attachment":[{"href":"https:\/\/carmelites.net\/de\/wp-json\/wp\/v2\/media?parent=4749"}],"wp:term":[{"taxonomy":"category","embeddable":true,"href":"https:\/\/carmelites.net\/de\/wp-json\/wp\/v2\/categories?post=4749"},{"taxonomy":"post_tag","embeddable":true,"href":"https:\/\/carmelites.net\/de\/wp-json\/wp\/v2\/tags?post=4749"}],"curies":[{"name":"wp","href":"https:\/\/api.w.org\/{rel}","templated":true}]}}