{"id":27406,"date":"2023-05-23T19:47:46","date_gmt":"2023-05-24T00:47:46","guid":{"rendered":"https:\/\/carmelites.net\/?p=27406"},"modified":"2026-08-31T20:12:30","modified_gmt":"2026-09-01T01:12:30","slug":"buggert-o-carm-donald","status":"publish","type":"post","link":"https:\/\/carmelites.net\/de\/obituary\/buggert-o-carm-donald\/","title":{"rendered":"BUGGERT, O.Carm. Donald"},"content":{"rendered":"<div data-elementor-type=\"wp-post\" data-elementor-id=\"27406\" class=\"elementor elementor-27406\" data-elementor-post-type=\"post\">\n\t\t\t\t\t\t<section data-particle_enable=\"false\" data-particle-mobile-disabled=\"false\" class=\"elementor-section elementor-top-section elementor-element elementor-element-a159e23 elementor-section-boxed elementor-section-height-default elementor-section-height-default\" data-id=\"a159e23\" data-element_type=\"section\" data-e-type=\"section\">\n\t\t\t\t\t\t<div class=\"elementor-container elementor-column-gap-default\">\n\t\t\t\t\t<div class=\"elementor-column elementor-col-100 elementor-top-column elementor-element elementor-element-52197be\" data-id=\"52197be\" data-element_type=\"column\" data-e-type=\"column\">\n\t\t\t<div class=\"elementor-widget-wrap elementor-element-populated\">\n\t\t\t\t\t\t<div class=\"elementor-element elementor-element-bd99274 elementor-widget elementor-widget-html\" data-id=\"bd99274\" data-element_type=\"widget\" data-e-type=\"widget\" data-widget_type=\"html.default\">\n\t\t\t\t<div class=\"elementor-widget-container\">\n\t\t\t\t\t<iframe loading=\"lazy\" width=\"560\" height=\"315\" src=\"https:\/\/www.youtube.com\/embed\/zhxDopt6hjQ?si=mbdVzWDTga5ISPmQ\" title=\"YouTube-Video-Player\" frameborder=\"0\" allow=\"accelerometer; autoplay; clipboard-write; encrypted-media; gyroscope; picture-in-picture; web-share\" referrerpolicy=\"strict-origin-when-cross-origin\" allowfullscreen><\/iframe>\t\t\t\t<\/div>\n\t\t\t\t<\/div>\n\t\t\t\t<div class=\"elementor-element elementor-element-847af1f elementor-widget elementor-widget-text-editor\" data-id=\"847af1f\" data-element_type=\"widget\" data-e-type=\"widget\" data-widget_type=\"text-editor.default\">\n\t\t\t\t<div class=\"elementor-widget-container\">\n\t\t\t\t\t\t\t\t\t<h4><strong>OBITUARY Info:<\/strong><\/h4><h2><strong>Karmeliterpriester Donald Buggert stirbt<\/strong><\/h2><p>(May 23, 2023; Darien, IL) <br \/>The Province of the Most Pure Heart of Mary (PCM), Order of Carmelites, mourns the death of the Reverend Donald Buggert, O.Carm., who died at the age of 82 on May 23, 2023 in Naperville, Illinois.<\/p><p>Die Visitation f\u00fcr Reverend Donald Buggert, O.Carm., findet am Mittwoch, den 31. Mai 2023, um 16:30 Uhr CDT im National Shrine of St. Th\u00e9r\u00e8se, 8501 Bailey Road, Darien, IL 60561, statt, die Beerdigung folgt um 19:00 Uhr CDT. F\u00fcr diejenigen, die nicht an der Beerdigung teilnehmen k\u00f6nnen, wird die Beerdigungsmesse per Livestream \u00fcbertragen unter <a href=\"https:\/\/carmelitemedia.tiny.us\/Buggert\">https:\/\/carmelitemedia.tiny.us\/Buggert<\/a>. Die Beisetzung findet am folgenden Tag, Donnerstag, dem 1. Juni 2023, auf dem Mt. Olivet Cemetery, 2755 West 111th Street, Chicago, IL 60655, um 10.00 Uhr CST statt.<\/p><p>Donald wurde als Sohn von (dem verstorbenen) William Buggert und (der verstorbenen) Marcella (Daley) Buggert Prim am 1. August 1940 in Harvey, Illinois, geboren. Sein Vorname bei der Taufe war William Frederick. Er hinterl\u00e4sst seine Schwester Mary McDermed und ihren Ehemann Edward H. McDermed sowie seine Stiefschwestern Jean Zenere und June Englehardt.<\/p><p>William besuchte die Ascension Parish Grade School in Harvey, Illinois. Anschlie\u00dfend besuchte er von 1954 bis 1956 das Karmeliterseminar in Niagara Falls, Ontario, und von 1956 bis 1958 das Karmeliterseminar in Hamilton, Massachusetts. Von 1958 bis 1960 besuchte er das Mount Carmel College in Niagara Falls, Ontario, und legte am 15. August 1960 die einfachen Gel\u00fcbde bei den Karmeliten ab und nahm den Ordensnamen Donald an. Im Jahr 1964 erwarb Donald einen B.A. in Philosophie an der St. Bonaventure University in Olean, New York, und setzte dann sein Studium an der Duquesne University in Pittsburgh, Pennsylvania, von 1965 bis 1967 fort. Am 5. Februar 1964 legte er die feierlichen Gel\u00fcbde bei den Karmeliten ab und wurde am 28. Mai 1966 zum Priester geweiht. Anschlie\u00dfend erwarb er einen S.T.L. in Theologie (1967) und einen S.T.D. in Systematischer Theologie (1978), beide von der Catholic University of America, Washington, D.C.<\/p><p>Von 1967 bis 1968 war er zun\u00e4chst in der Pfarrei St. Leo in Pittsburgh, Pennsylvania, t\u00e4tig. Danach unterrichtete er ein Jahr lang an der DeSales High School und am Bellarmine College, beide in Louisville, Kentucky. Er war Dozent f\u00fcr Systematische Theologie an der Washington Theological Coalition (1969-1972) und, nach einer Beurlaubung f\u00fcr die Arbeit an seiner Dissertation, Vorsitzender des Lehrstuhls f\u00fcr Systematische Theologie und Assistenzprofessor an der Washington Theological Union (1978-2011). Au\u00dferdem war er Vorsitzender des Gemeinsamen Ausschusses der katholischen gelehrten Gesellschaften und Wissenschaftler (1986) und Exekutivsekret\u00e4r der Kommission der Bisch\u00f6fe und Wissenschaftler (1987).<\/p><p>In 2011, Father retired to St. Elias Priory in Joliet, Illinois. Wishing to remain active, he taught one semester at Washington Theological Union (January to May, 2012), and provided Parish assistance for the Diocese of Joliet from 2012 to 2023 at St. Mary Immaculate Parish in Plainfield, St. Joseph\u2019s in Rockdale, and St. Patrick\u2019s in Wilton Center. On February 4, 2023, Father suffered at stroke and was admitted to St. Joseph Medical Center in Joliet, Illinois.\u00a0 In May of 2023 he was moved to St. Patrick Residence and Rehabilitation Center. On the morning of May 23, 2023, Father passed away at Edwards Hospital in Naperville, Illinois.<\/p><p>M\u00f6ge er in Frieden ruhen.<\/p><p>Donations in honor of the Reverend Donald Buggert, O.Carm., may be made to the Society of Mount Carmel, 1317 North Frontage Road, Darien, Illinois, 60561.<\/p><p>For further information on the Reverend Donald Buggert, O.Carm., or the Order of Carmelites, please contact Carmelite Media at (630) 971-0724 or visit the Carmelite website at <a href=\"https:\/\/carmelites.net\/de\/\">www.carmelites.net<\/a>.<\/p>\t\t\t\t\t\t\t\t<\/div>\n\t\t\t\t<\/div>\n\t\t\t\t\t<\/div>\n\t\t<\/div>\n\t\t\t\t\t<\/div>\n\t\t<\/section>\n\t\t\t\t<section data-particle_enable=\"false\" data-particle-mobile-disabled=\"false\" class=\"elementor-section elementor-top-section elementor-element elementor-element-e6eef07 elementor-section-stretched elementor-section-boxed elementor-section-height-default elementor-section-height-default\" data-id=\"e6eef07\" data-element_type=\"section\" data-e-type=\"section\" data-settings=\"{&quot;stretch_section&quot;:&quot;section-stretched&quot;}\">\n\t\t\t\t\t\t<div class=\"elementor-container elementor-column-gap-default\">\n\t\t\t\t\t<div class=\"elementor-column elementor-col-25 elementor-top-column elementor-element elementor-element-697ae24\" data-id=\"697ae24\" data-element_type=\"column\" data-e-type=\"column\">\n\t\t\t<div class=\"elementor-widget-wrap elementor-element-populated\">\n\t\t\t\t\t\t<div class=\"elementor-element elementor-element-761ad30 elementor-widget elementor-widget-image\" data-id=\"761ad30\" data-element_type=\"widget\" data-e-type=\"widget\" data-widget_type=\"image.default\">\n\t\t\t\t<div class=\"elementor-widget-container\">\n\t\t\t\t\t\t\t\t\t\t\t\t\t\t\t<img loading=\"lazy\" decoding=\"async\" width=\"662\" height=\"1024\" src=\"https:\/\/carmelites.net\/wp-content\/uploads\/2023\/05\/DB-Card-Front-662x1024.jpg\" class=\"attachment-large size-large wp-image-27411\" alt=\"\" srcset=\"https:\/\/carmelites.net\/wp-content\/uploads\/2023\/05\/DB-Card-Front-662x1024.jpg 662w, https:\/\/carmelites.net\/wp-content\/uploads\/2023\/05\/DB-Card-Front-194x300.jpg 194w, https:\/\/carmelites.net\/wp-content\/uploads\/2023\/05\/DB-Card-Front-768x1188.jpg 768w, https:\/\/carmelites.net\/wp-content\/uploads\/2023\/05\/DB-Card-Front-8x12.jpg 8w, https:\/\/carmelites.net\/wp-content\/uploads\/2023\/05\/DB-Card-Front.jpg 900w\" sizes=\"auto, (max-width: 662px) 100vw, 662px\" \/>\t\t\t\t\t\t\t\t\t\t\t\t\t\t\t<\/div>\n\t\t\t\t<\/div>\n\t\t\t\t\t<\/div>\n\t\t<\/div>\n\t\t\t\t<div class=\"elementor-column elementor-col-25 elementor-top-column elementor-element elementor-element-a42580b\" data-id=\"a42580b\" data-element_type=\"column\" data-e-type=\"column\">\n\t\t\t<div class=\"elementor-widget-wrap elementor-element-populated\">\n\t\t\t\t\t\t<div class=\"elementor-element elementor-element-1718d2c elementor-widget elementor-widget-image\" data-id=\"1718d2c\" data-element_type=\"widget\" data-e-type=\"widget\" data-widget_type=\"image.default\">\n\t\t\t\t<div class=\"elementor-widget-container\">\n\t\t\t\t\t\t\t\t\t\t\t\t\t\t\t<img loading=\"lazy\" decoding=\"async\" width=\"646\" height=\"1024\" src=\"https:\/\/carmelites.net\/wp-content\/uploads\/2023\/05\/DB-Card-Back-646x1024.jpg\" class=\"attachment-large size-large wp-image-27412\" alt=\"\" srcset=\"https:\/\/carmelites.net\/wp-content\/uploads\/2023\/05\/DB-Card-Back-646x1024.jpg 646w, https:\/\/carmelites.net\/wp-content\/uploads\/2023\/05\/DB-Card-Back-189x300.jpg 189w, https:\/\/carmelites.net\/wp-content\/uploads\/2023\/05\/DB-Card-Back-768x1217.jpg 768w, https:\/\/carmelites.net\/wp-content\/uploads\/2023\/05\/DB-Card-Back-8x12.jpg 8w, https:\/\/carmelites.net\/wp-content\/uploads\/2023\/05\/DB-Card-Back.jpg 900w\" sizes=\"auto, (max-width: 646px) 100vw, 646px\" \/>\t\t\t\t\t\t\t\t\t\t\t\t\t\t\t<\/div>\n\t\t\t\t<\/div>\n\t\t\t\t\t<\/div>\n\t\t<\/div>\n\t\t\t\t<div class=\"elementor-column elementor-col-25 elementor-top-column elementor-element elementor-element-955d1c5\" data-id=\"955d1c5\" data-element_type=\"column\" data-e-type=\"column\">\n\t\t\t<div class=\"elementor-widget-wrap\">\n\t\t\t\t\t\t\t<\/div>\n\t\t<\/div>\n\t\t\t\t<div class=\"elementor-column elementor-col-25 elementor-top-column elementor-element elementor-element-9edfe44\" data-id=\"9edfe44\" data-element_type=\"column\" data-e-type=\"column\">\n\t\t\t<div class=\"elementor-widget-wrap\">\n\t\t\t\t\t\t\t<\/div>\n\t\t<\/div>\n\t\t\t\t\t<\/div>\n\t\t<\/section>\n\t\t\t\t<section data-particle_enable=\"false\" data-particle-mobile-disabled=\"false\" class=\"elementor-section elementor-top-section elementor-element elementor-element-603badb elementor-section-boxed elementor-section-height-default elementor-section-height-default\" data-id=\"603badb\" data-element_type=\"section\" data-e-type=\"section\">\n\t\t\t\t\t\t<div class=\"elementor-container elementor-column-gap-default\">\n\t\t\t\t\t<div class=\"elementor-column elementor-col-50 elementor-top-column elementor-element elementor-element-a4f36b8\" data-id=\"a4f36b8\" data-element_type=\"column\" data-e-type=\"column\">\n\t\t\t<div class=\"elementor-widget-wrap elementor-element-populated\">\n\t\t\t\t\t\t<div class=\"elementor-element elementor-element-89069a9 elementor-align-center elementor-widget elementor-widget-button\" data-id=\"89069a9\" data-element_type=\"widget\" data-e-type=\"widget\" data-widget_type=\"button.default\">\n\t\t\t\t<div class=\"elementor-widget-container\">\n\t\t\t\t\t\t\t\t\t<div class=\"elementor-button-wrapper\">\n\t\t\t\t\t<a class=\"elementor-button elementor-button-link elementor-size-sm\" href=\"https:\/\/carmelites.net\/de\/friars-of-pcm\/\">\n\t\t\t\t\t\t<span class=\"elementor-button-content-wrapper\">\n\t\t\t\t\t\t\t\t\t<span class=\"elementor-button-text\">Zur\u00fcck zu allen Br\u00fcdern<\/span>\n\t\t\t\t\t<\/span>\n\t\t\t\t\t<\/a>\n\t\t\t\t<\/div>\n\t\t\t\t\t\t\t\t<\/div>\n\t\t\t\t<\/div>\n\t\t\t\t\t<\/div>\n\t\t<\/div>\n\t\t\t\t<div class=\"elementor-column elementor-col-50 elementor-top-column elementor-element elementor-element-26759e1\" data-id=\"26759e1\" data-element_type=\"column\" data-e-type=\"column\">\n\t\t\t<div class=\"elementor-widget-wrap elementor-element-populated\">\n\t\t\t\t\t\t\t<\/div>\n\t\t<\/div>\n\t\t\t\t\t<\/div>\n\t\t<\/section>\n\t\t\t\t<\/div>","protected":false},"excerpt":{"rendered":"<p>OBITUARY Info: Carmelite Priest Donald Buggert Dies (May 23, 2023; Darien, IL) The Province of the Most Pure Heart of Mary (PCM), Order of Carmelites, mourns the death of the [&hellip;]<\/p>\n","protected":false},"author":1,"featured_media":27434,"comment_status":"closed","ping_status":"open","sticky":false,"template":"","format":"standard","meta":{"rs_blank_template":"","rs_page_bg_color":"","slide_template_v7":"","_analytify_skip_tracking":false,"footnotes":""},"categories":[257],"tags":[38],"class_list":["post-27406","post","type-post","status-publish","format-standard","has-post-thumbnail","hentry","category-obituary","tag-b"],"aioseo_notices":[],"aioseo_head":"\n\t\t<!-- All in One SEO Pro 5.0.1.1 - aioseo.com -->\n\t<meta name=\"description\" content=\"OBITUARY Info:Carmelite Priest Donald Buggert Dies(May 23, 2023; Darien, IL) The Province of the Most Pure Heart of Mary (PCM), Order of Carmelites, mourns the death of the Reverend Donald Buggert, O.Carm., who died at the age of 82 on May 23, 2023 in Naperville, Illinois.Visitation for Reverend Donald Buggert, O.Carm., will be held at\" \/>\n\t<meta name=\"robots\" content=\"max-image-preview:large\" \/>\n\t<meta name=\"author\" content=\"admin\"\/>\n\t<link rel=\"canonical\" href=\"https:\/\/carmelites.net\/de\/obituary\/buggert-o-carm-donald\/\" \/>\n\t<meta name=\"generator\" content=\"All in One SEO Pro (AIOSEO) 5.0.1.1\" \/>\n\t\t<meta property=\"og:locale\" content=\"de_DE\" \/>\n\t\t<meta property=\"og:site_name\" content=\"Order of Carmelites - Province of the Most Pure Heart of Mary\" \/>\n\t\t<meta property=\"og:type\" content=\"article\" \/>\n\t\t<meta property=\"og:title\" content=\"BUGGERT, O.Carm. Donald - Order of Carmelites\" \/>\n\t\t<meta property=\"og:description\" content=\"OBITUARY Info:Carmelite Priest Donald Buggert Dies(May 23, 2023; Darien, IL) The Province of the Most Pure Heart of Mary (PCM), Order of Carmelites, mourns the death of the Reverend Donald Buggert, O.Carm., who died at the age of 82 on May 23, 2023 in Naperville, Illinois.Visitation for Reverend Donald Buggert, O.Carm., will be held at\" \/>\n\t\t<meta property=\"og:url\" content=\"https:\/\/carmelites.net\/de\/obituary\/buggert-o-carm-donald\/\" \/>\n\t\t<meta property=\"og:image\" content=\"https:\/\/carmelites.net\/wp-content\/uploads\/2021\/07\/logo100.png\" \/>\n\t\t<meta property=\"og:image:secure_url\" content=\"https:\/\/carmelites.net\/wp-content\/uploads\/2021\/07\/logo100.png\" \/>\n\t\t<meta property=\"article:published_time\" content=\"2023-05-24T00:47:46+00:00\" \/>\n\t\t<meta property=\"article:modified_time\" content=\"2026-09-01T01:12:30+00:00\" \/>\n\t\t<meta property=\"article:publisher\" content=\"https:\/\/www.facebook.com\/Carmelites\/\" \/>\n\t\t<meta name=\"twitter:card\" content=\"summary_large_image\" \/>\n\t\t<meta name=\"twitter:title\" content=\"BUGGERT, O.Carm. Donald - Order of Carmelites\" \/>\n\t\t<meta name=\"twitter:description\" content=\"OBITUARY Info:Carmelite Priest Donald Buggert Dies(May 23, 2023; Darien, IL) The Province of the Most Pure Heart of Mary (PCM), Order of Carmelites, mourns the death of the Reverend Donald Buggert, O.Carm., who died at the age of 82 on May 23, 2023 in Naperville, Illinois.Visitation for Reverend Donald Buggert, O.Carm., will be held at\" \/>\n\t\t<meta name=\"twitter:image\" content=\"https:\/\/carmelites.net\/wp-content\/uploads\/2021\/07\/logo100.png\" \/>\n\t\t<script type=\"application\/ld+json\" class=\"aioseo-schema\">\n\t\t\t{\"@context\":\"https:\\\/\\\/schema.org\",\"@graph\":[{\"@type\":\"BlogPosting\",\"@id\":\"https:\\\/\\\/carmelites.net\\\/de\\\/obituary\\\/buggert-o-carm-donald\\\/#blogposting\",\"name\":\"BUGGERT, O.Carm. Donald - Order of Carmelites\",\"headline\":\"BUGGERT, O.Carm. Donald\",\"author\":{\"@id\":\"https:\\\/\\\/carmelites.net\\\/de\\\/author\\\/admin\\\/#author\"},\"publisher\":{\"@id\":\"https:\\\/\\\/carmelites.net\\\/de\\\/#organization\"},\"image\":{\"@type\":\"ImageObject\",\"url\":\"https:\\\/\\\/carmelites.net\\\/wp-content\\\/uploads\\\/2023\\\/05\\\/Buggert-600.jpg\",\"width\":600,\"height\":600},\"datePublished\":\"2023-05-23T19:47:46-05:00\",\"dateModified\":\"2026-08-31T20:12:30-05:00\",\"inLanguage\":\"de-DE\",\"mainEntityOfPage\":{\"@id\":\"https:\\\/\\\/carmelites.net\\\/de\\\/obituary\\\/buggert-o-carm-donald\\\/#webpage\"},\"isPartOf\":{\"@id\":\"https:\\\/\\\/carmelites.net\\\/de\\\/obituary\\\/buggert-o-carm-donald\\\/#webpage\"},\"articleSection\":\"Obituary, B\"},{\"@type\":\"BreadcrumbList\",\"@id\":\"https:\\\/\\\/carmelites.net\\\/de\\\/obituary\\\/buggert-o-carm-donald\\\/#breadcrumblist\",\"itemListElement\":[{\"@type\":\"ListItem\",\"@id\":\"https:\\\/\\\/carmelites.net\\\/de#listItem\",\"position\":1,\"name\":\"Home\",\"item\":\"https:\\\/\\\/carmelites.net\\\/de\",\"nextItem\":{\"@type\":\"ListItem\",\"@id\":\"https:\\\/\\\/carmelites.net\\\/de\\\/category\\\/obituary\\\/#listItem\",\"name\":\"Obituary\"}},{\"@type\":\"ListItem\",\"@id\":\"https:\\\/\\\/carmelites.net\\\/de\\\/category\\\/obituary\\\/#listItem\",\"position\":2,\"name\":\"Obituary\",\"item\":\"https:\\\/\\\/carmelites.net\\\/de\\\/category\\\/obituary\\\/\",\"nextItem\":{\"@type\":\"ListItem\",\"@id\":\"https:\\\/\\\/carmelites.net\\\/de\\\/obituary\\\/buggert-o-carm-donald\\\/#listItem\",\"name\":\"BUGGERT, O.Carm. Donald\"},\"previousItem\":{\"@type\":\"ListItem\",\"@id\":\"https:\\\/\\\/carmelites.net\\\/de#listItem\",\"name\":\"Home\"}},{\"@type\":\"ListItem\",\"@id\":\"https:\\\/\\\/carmelites.net\\\/de\\\/obituary\\\/buggert-o-carm-donald\\\/#listItem\",\"position\":3,\"name\":\"BUGGERT, O.Carm. Donald\",\"previousItem\":{\"@type\":\"ListItem\",\"@id\":\"https:\\\/\\\/carmelites.net\\\/de\\\/category\\\/obituary\\\/#listItem\",\"name\":\"Obituary\"}}]},{\"@type\":\"Organization\",\"@id\":\"https:\\\/\\\/carmelites.net\\\/de\\\/#organization\",\"name\":\"Order of Carmelites\",\"description\":\"Province of the Most Pure Heart of Mary\",\"url\":\"https:\\\/\\\/carmelites.net\\\/de\\\/\",\"telephone\":\"+16309710050\",\"logo\":{\"@type\":\"ImageObject\",\"url\":\"https:\\\/\\\/carmelites.net\\\/wp-content\\\/uploads\\\/2021\\\/07\\\/logo100.png\",\"@id\":\"https:\\\/\\\/carmelites.net\\\/de\\\/obituary\\\/buggert-o-carm-donald\\\/#organizationLogo\",\"width\":345,\"height\":100},\"image\":{\"@id\":\"https:\\\/\\\/carmelites.net\\\/de\\\/obituary\\\/buggert-o-carm-donald\\\/#organizationLogo\"},\"sameAs\":[\"https:\\\/\\\/www.facebook.com\\\/Carmelites\\\/\",\"https:\\\/\\\/www.instagram.com\\\/carmelites\\\/\",\"https:\\\/\\\/www.youtube.com\\\/@CarmelitesPCM\"]},{\"@type\":\"Person\",\"@id\":\"https:\\\/\\\/carmelites.net\\\/de\\\/author\\\/admin\\\/#author\",\"url\":\"https:\\\/\\\/carmelites.net\\\/de\\\/author\\\/admin\\\/\",\"name\":\"admin\",\"image\":{\"@type\":\"ImageObject\",\"@id\":\"https:\\\/\\\/carmelites.net\\\/de\\\/obituary\\\/buggert-o-carm-donald\\\/#authorImage\",\"url\":\"https:\\\/\\\/secure.gravatar.com\\\/avatar\\\/a8fa05500bcb02ce406479cff4229916c15cb0289e690ce56eb0734dec206058?s=96&d=mm&r=g\",\"width\":96,\"height\":96,\"caption\":\"admin\"}},{\"@type\":\"WebPage\",\"@id\":\"https:\\\/\\\/carmelites.net\\\/de\\\/obituary\\\/buggert-o-carm-donald\\\/#webpage\",\"url\":\"https:\\\/\\\/carmelites.net\\\/de\\\/obituary\\\/buggert-o-carm-donald\\\/\",\"name\":\"BUGGERT, O.Carm. Donald - Order of Carmelites\",\"description\":\"OBITUARY Info:Carmelite Priest Donald Buggert Dies(May 23, 2023; Darien, IL) The Province of the Most Pure Heart of Mary (PCM), Order of Carmelites, mourns the death of the Reverend Donald Buggert, O.Carm., who died at the age of 82 on May 23, 2023 in Naperville, Illinois.Visitation for Reverend Donald Buggert, O.Carm., will be held at\",\"inLanguage\":\"de-DE\",\"isPartOf\":{\"@id\":\"https:\\\/\\\/carmelites.net\\\/de\\\/#website\"},\"breadcrumb\":{\"@id\":\"https:\\\/\\\/carmelites.net\\\/de\\\/obituary\\\/buggert-o-carm-donald\\\/#breadcrumblist\"},\"author\":{\"@id\":\"https:\\\/\\\/carmelites.net\\\/de\\\/author\\\/admin\\\/#author\"},\"creator\":{\"@id\":\"https:\\\/\\\/carmelites.net\\\/de\\\/author\\\/admin\\\/#author\"},\"image\":{\"@type\":\"ImageObject\",\"url\":\"https:\\\/\\\/carmelites.net\\\/wp-content\\\/uploads\\\/2023\\\/05\\\/Buggert-600.jpg\",\"@id\":\"https:\\\/\\\/carmelites.net\\\/de\\\/obituary\\\/buggert-o-carm-donald\\\/#mainImage\",\"width\":600,\"height\":600},\"primaryImageOfPage\":{\"@id\":\"https:\\\/\\\/carmelites.net\\\/de\\\/obituary\\\/buggert-o-carm-donald\\\/#mainImage\"},\"datePublished\":\"2023-05-23T19:47:46-05:00\",\"dateModified\":\"2026-08-31T20:12:30-05:00\"},{\"@type\":\"WebSite\",\"@id\":\"https:\\\/\\\/carmelites.net\\\/de\\\/#website\",\"url\":\"https:\\\/\\\/carmelites.net\\\/de\\\/\",\"name\":\"Order of Carmelites\",\"description\":\"Province of the Most Pure Heart of Mary\",\"inLanguage\":\"de-DE\",\"publisher\":{\"@id\":\"https:\\\/\\\/carmelites.net\\\/de\\\/#organization\"}}]}\n\t\t<\/script>\n\t\t<!-- All in One SEO Pro -->\r\n\t\t<title>BUGGERT, O.Carm. Donald - Order of Carmelites<\/title>\n\n","aioseo_head_json":{"title":"BUGGERT, O.Carm. Donald - Order of Carmelites","description":"OBITUARY Info:Carmelite Priest Donald Buggert Dies(May 23, 2023; Darien, IL) The Province of the Most Pure Heart of Mary (PCM), Order of Carmelites, mourns the death of the Reverend Donald Buggert, O.Carm., who died at the age of 82 on May 23, 2023 in Naperville, Illinois.Visitation for Reverend Donald Buggert, O.Carm., will be held at","canonical_url":"https:\/\/carmelites.net\/de\/obituary\/buggert-o-carm-donald\/","robots":"max-image-preview:large","keywords":"","webmasterTools":{"miscellaneous":""},"schema":{"@context":"https:\/\/schema.org","@graph":[{"@type":"BlogPosting","@id":"https:\/\/carmelites.net\/de\/obituary\/buggert-o-carm-donald\/#blogposting","name":"BUGGERT, O.Carm. Donald - Order of Carmelites","headline":"BUGGERT, O.Carm. Donald","author":{"@id":"https:\/\/carmelites.net\/de\/author\/admin\/#author"},"publisher":{"@id":"https:\/\/carmelites.net\/de\/#organization"},"image":{"@type":"ImageObject","url":"https:\/\/carmelites.net\/wp-content\/uploads\/2023\/05\/Buggert-600.jpg","width":600,"height":600},"datePublished":"2023-05-23T19:47:46-05:00","dateModified":"2026-08-31T20:12:30-05:00","inLanguage":"de-DE","mainEntityOfPage":{"@id":"https:\/\/carmelites.net\/de\/obituary\/buggert-o-carm-donald\/#webpage"},"isPartOf":{"@id":"https:\/\/carmelites.net\/de\/obituary\/buggert-o-carm-donald\/#webpage"},"articleSection":"Obituary, B"},{"@type":"BreadcrumbList","@id":"https:\/\/carmelites.net\/de\/obituary\/buggert-o-carm-donald\/#breadcrumblist","itemListElement":[{"@type":"ListItem","@id":"https:\/\/carmelites.net\/de#listItem","position":1,"name":"Home","item":"https:\/\/carmelites.net\/de","nextItem":{"@type":"ListItem","@id":"https:\/\/carmelites.net\/de\/category\/obituary\/#listItem","name":"Obituary"}},{"@type":"ListItem","@id":"https:\/\/carmelites.net\/de\/category\/obituary\/#listItem","position":2,"name":"Obituary","item":"https:\/\/carmelites.net\/de\/category\/obituary\/","nextItem":{"@type":"ListItem","@id":"https:\/\/carmelites.net\/de\/obituary\/buggert-o-carm-donald\/#listItem","name":"BUGGERT, O.Carm. Donald"},"previousItem":{"@type":"ListItem","@id":"https:\/\/carmelites.net\/de#listItem","name":"Home"}},{"@type":"ListItem","@id":"https:\/\/carmelites.net\/de\/obituary\/buggert-o-carm-donald\/#listItem","position":3,"name":"BUGGERT, O.Carm. Donald","previousItem":{"@type":"ListItem","@id":"https:\/\/carmelites.net\/de\/category\/obituary\/#listItem","name":"Obituary"}}]},{"@type":"Organization","@id":"https:\/\/carmelites.net\/de\/#organization","name":"Order of Carmelites","description":"Province of the Most Pure Heart of Mary","url":"https:\/\/carmelites.net\/de\/","telephone":"+16309710050","logo":{"@type":"ImageObject","url":"https:\/\/carmelites.net\/wp-content\/uploads\/2021\/07\/logo100.png","@id":"https:\/\/carmelites.net\/de\/obituary\/buggert-o-carm-donald\/#organizationLogo","width":345,"height":100},"image":{"@id":"https:\/\/carmelites.net\/de\/obituary\/buggert-o-carm-donald\/#organizationLogo"},"sameAs":["https:\/\/www.facebook.com\/Carmelites\/","https:\/\/www.instagram.com\/carmelites\/","https:\/\/www.youtube.com\/@CarmelitesPCM"]},{"@type":"Person","@id":"https:\/\/carmelites.net\/de\/author\/admin\/#author","url":"https:\/\/carmelites.net\/de\/author\/admin\/","name":"admin","image":{"@type":"ImageObject","@id":"https:\/\/carmelites.net\/de\/obituary\/buggert-o-carm-donald\/#authorImage","url":"https:\/\/secure.gravatar.com\/avatar\/a8fa05500bcb02ce406479cff4229916c15cb0289e690ce56eb0734dec206058?s=96&d=mm&r=g","width":96,"height":96,"caption":"admin"}},{"@type":"WebPage","@id":"https:\/\/carmelites.net\/de\/obituary\/buggert-o-carm-donald\/#webpage","url":"https:\/\/carmelites.net\/de\/obituary\/buggert-o-carm-donald\/","name":"BUGGERT, O.Carm. Donald - Order of Carmelites","description":"OBITUARY Info:Carmelite Priest Donald Buggert Dies(May 23, 2023; Darien, IL) The Province of the Most Pure Heart of Mary (PCM), Order of Carmelites, mourns the death of the Reverend Donald Buggert, O.Carm., who died at the age of 82 on May 23, 2023 in Naperville, Illinois.Visitation for Reverend Donald Buggert, O.Carm., will be held at","inLanguage":"de-DE","isPartOf":{"@id":"https:\/\/carmelites.net\/de\/#website"},"breadcrumb":{"@id":"https:\/\/carmelites.net\/de\/obituary\/buggert-o-carm-donald\/#breadcrumblist"},"author":{"@id":"https:\/\/carmelites.net\/de\/author\/admin\/#author"},"creator":{"@id":"https:\/\/carmelites.net\/de\/author\/admin\/#author"},"image":{"@type":"ImageObject","url":"https:\/\/carmelites.net\/wp-content\/uploads\/2023\/05\/Buggert-600.jpg","@id":"https:\/\/carmelites.net\/de\/obituary\/buggert-o-carm-donald\/#mainImage","width":600,"height":600},"primaryImageOfPage":{"@id":"https:\/\/carmelites.net\/de\/obituary\/buggert-o-carm-donald\/#mainImage"},"datePublished":"2023-05-23T19:47:46-05:00","dateModified":"2026-08-31T20:12:30-05:00"},{"@type":"WebSite","@id":"https:\/\/carmelites.net\/de\/#website","url":"https:\/\/carmelites.net\/de\/","name":"Order of Carmelites","description":"Province of the Most Pure Heart of Mary","inLanguage":"de-DE","publisher":{"@id":"https:\/\/carmelites.net\/de\/#organization"}}]},"og:locale":"de_DE","og:site_name":"Order of Carmelites - Province of the Most Pure Heart of Mary","og:type":"article","og:title":"BUGGERT, O.Carm. Donald - Order of Carmelites","og:description":"OBITUARY Info:Carmelite Priest Donald Buggert Dies(May 23, 2023; Darien, IL) The Province of the Most Pure Heart of Mary (PCM), Order of Carmelites, mourns the death of the Reverend Donald Buggert, O.Carm., who died at the age of 82 on May 23, 2023 in Naperville, Illinois.Visitation for Reverend Donald Buggert, O.Carm., will be held at","og:url":"https:\/\/carmelites.net\/de\/obituary\/buggert-o-carm-donald\/","og:image":"https:\/\/carmelites.net\/wp-content\/uploads\/2021\/07\/logo100.png","og:image:secure_url":"https:\/\/carmelites.net\/wp-content\/uploads\/2021\/07\/logo100.png","article:published_time":"2023-05-24T00:47:46+00:00","article:modified_time":"2026-09-01T01:12:30+00:00","article:publisher":"https:\/\/www.facebook.com\/Carmelites\/","twitter:card":"summary_large_image","twitter:title":"BUGGERT, O.Carm. Donald - Order of Carmelites","twitter:description":"OBITUARY Info:Carmelite Priest Donald Buggert Dies(May 23, 2023; Darien, IL) The Province of the Most Pure Heart of Mary (PCM), Order of Carmelites, mourns the death of the Reverend Donald Buggert, O.Carm., who died at the age of 82 on May 23, 2023 in Naperville, Illinois.Visitation for Reverend Donald Buggert, O.Carm., will be held at","twitter:image":"https:\/\/carmelites.net\/wp-content\/uploads\/2021\/07\/logo100.png"},"aioseo_meta_data":{"post_id":"27406","title":null,"description":null,"keywords":null,"keyphrases":{"focus":[],"additional":[]},"primary_term":null,"canonical_url":null,"og_title":null,"og_description":null,"og_object_type":"default","og_image_type":"default","og_image_url":null,"og_image_width":null,"og_image_height":null,"og_image_custom_url":null,"og_image_custom_fields":null,"og_video":null,"og_custom_url":null,"og_article_section":null,"og_article_tags":null,"twitter_use_og":false,"twitter_card":"default","twitter_image_type":"default","twitter_image_url":null,"twitter_image_custom_url":null,"twitter_image_custom_fields":null,"twitter_title":null,"twitter_description":null,"schema":{"blockGraphs":[],"customGraphs":[],"default":{"data":{"Article":[],"Course":[],"Dataset":[],"FAQPage":[],"Movie":[],"Person":[],"Product":[],"ProductReview":[],"Car":[],"Recipe":[],"Service":[],"SoftwareApplication":[],"WebPage":[]},"graphName":"","isEnabled":true},"graphs":[]},"schema_type":"default","schema_type_options":null,"pillar_content":false,"robots_default":true,"robots_noindex":false,"robots_noarchive":false,"robots_nosnippet":false,"robots_nofollow":false,"robots_noimageindex":false,"robots_noodp":false,"robots_notranslate":false,"robots_max_snippet":null,"robots_max_videopreview":null,"robots_max_imagepreview":"large","priority":null,"frequency":null,"local_seo":null,"seo_analyzer_scan_date":"2026-09-01 01:12:32","breadcrumb_settings":null,"limit_modified_date":false,"reviewed_by":null,"open_ai":null,"ai":null,"created":"2026-09-01 00:47:46","updated":"2026-09-01 03:04:47","focus_keyword":null,"additional_keywords":null,"truseo_locale":null},"aioseo_breadcrumb":"<div class=\"aioseo-breadcrumbs\"><span class=\"aioseo-breadcrumb\">\n\t<a href=\"https:\/\/carmelites.net\/de\" title=\"Home\">Home<\/a>\n<\/span><span class=\"aioseo-breadcrumb-separator\">&raquo;<\/span><span class=\"aioseo-breadcrumb\">\n\t<a href=\"https:\/\/carmelites.net\/de\/category\/obituary\/\" title=\"Obituary\">Obituary<\/a>\n<\/span><span class=\"aioseo-breadcrumb-separator\">&raquo;<\/span><span class=\"aioseo-breadcrumb\">\n\tBUGGERT, O.Carm. Donald\n<\/span><\/div>","aioseo_breadcrumb_json":[{"label":"Home","link":"https:\/\/carmelites.net\/de"},{"label":"Obituary","link":"https:\/\/carmelites.net\/de\/category\/obituary\/"},{"label":"BUGGERT, O.Carm. Donald","link":"https:\/\/carmelites.net\/de\/obituary\/buggert-o-carm-donald\/"}],"_links":{"self":[{"href":"https:\/\/carmelites.net\/de\/wp-json\/wp\/v2\/posts\/27406","targetHints":{"allow":["GET"]}}],"collection":[{"href":"https:\/\/carmelites.net\/de\/wp-json\/wp\/v2\/posts"}],"about":[{"href":"https:\/\/carmelites.net\/de\/wp-json\/wp\/v2\/types\/post"}],"author":[{"embeddable":true,"href":"https:\/\/carmelites.net\/de\/wp-json\/wp\/v2\/users\/1"}],"replies":[{"embeddable":true,"href":"https:\/\/carmelites.net\/de\/wp-json\/wp\/v2\/comments?post=27406"}],"version-history":[{"count":28,"href":"https:\/\/carmelites.net\/de\/wp-json\/wp\/v2\/posts\/27406\/revisions"}],"predecessor-version":[{"id":27437,"href":"https:\/\/carmelites.net\/de\/wp-json\/wp\/v2\/posts\/27406\/revisions\/27437"}],"wp:featuredmedia":[{"embeddable":true,"href":"https:\/\/carmelites.net\/de\/wp-json\/wp\/v2\/media\/27434"}],"wp:attachment":[{"href":"https:\/\/carmelites.net\/de\/wp-json\/wp\/v2\/media?parent=27406"}],"wp:term":[{"taxonomy":"category","embeddable":true,"href":"https:\/\/carmelites.net\/de\/wp-json\/wp\/v2\/categories?post=27406"},{"taxonomy":"post_tag","embeddable":true,"href":"https:\/\/carmelites.net\/de\/wp-json\/wp\/v2\/tags?post=27406"}],"curies":[{"name":"wp","href":"https:\/\/api.w.org\/{rel}","templated":true}]}}