{"id":27329,"date":"2026-08-30T12:01:24","date_gmt":"2026-08-30T17:01:24","guid":{"rendered":"https:\/\/carmelites.net\/uncategorized\/twenty-second-sunday-in-ordinary-time\/"},"modified":"2026-08-30T15:16:58","modified_gmt":"2026-08-30T20:16:58","slug":"twenty-second-sunday-in-ordinary-time","status":"publish","type":"post","link":"https:\/\/carmelites.net\/de\/fr-tracy\/twenty-second-sunday-in-ordinary-time\/","title":{"rendered":"22. SONNTAG IM JAHRESKREIS"},"content":{"rendered":"<div>\n<div class=\"separator\"><a href=\"https:\/\/blogger.googleusercontent.com\/img\/b\/R29vZ2xl\/AVvXsEgTSKQwVX0aeLRVrvSSxam8l_HjunNJX9YcEYYdTZrK4GMuquTgdU_qZtNgVenlF2nozvWEQ5rlNN0JaPWXpS2h-Blc_UVi8LhgOSyrzmNIOCmv06oCjEQzFrI5uVGtx4QlS-JuIRVDtAIAbUN5jlrzl_vSUuQx4z8WUZT5NTO8KjSTAH3_O6CcluHCoSJg\/s1408\/1000270782.png\"><\/a><\/div>\n<p><\/p>\n<div>Matth\u00e4us 16,21\u201327&nbsp;<\/div>\n<div>Liebe Freunde, am Anfang des Johannesevangeliums finden wir den Kern von Gottes Heilsplan. Die weltbewegende Verk\u00fcndigung: \u201cDas Wort ist Fleisch geworden.\u201d (Joh 1,14) ist Gottes Plan. So nahm Jesus den Ruf an, die Welt zu retten. Mensch zu werden war kein isoliertes Ereignis. Durch die Annahme seiner ganzen Menschlichkeit sollten wir gerettet werden. Das bedeutete, dass Jesus uns alle so annahm, wie wir sind. Er hat uns alle in unserem gebrochenen und s\u00fcndigen Zustand als Teil seiner Wirklichkeit angenommen. F\u00fcr Jesus bedeutete dies eine Begegnung mit dem B\u00f6sen, die zu seinem Leiden und Tod f\u00fchren w\u00fcrde.<\/div>\n<p> Als Jesus also Petrus als den Felsen bezeichnete, auf dem er seine Kirche errichten w\u00fcrde, nahm er Petrus \u2013 und uns alle, seine Nachfolger \u2013 so an, wie wir sind: unvollkommen und in der Notwendigkeit, geheilt zu werden.  Deshalb f\u00e4llt es uns so schwer, die Kirche zu verstehen. Sie ist ein Zuhause f\u00fcr S\u00fcnder, die Heilung brauchen, ein Zuhause f\u00fcr die Gebrochenen und Verlorenen, die Ganzheit und eine neue Orientierung brauchen.<\/p>\n<p> In der heutigen Passage aus dem Matth\u00e4usevangelium offenbart Jesus Petrus und uns allen seinen gew\u00e4hlten Weg zur Erl\u00f6sung. Er wollte die Welt wiederherstellen, indem er in den Schmerz und das Leid unserer wahrhaft unvollkommenen Menschheit eintrat, um sie von innen heraus zu heilen. Das Leiden und der Tod Jesu sind die ultimativen Konsequenzen davon, dass \u201cdas Wort Fleisch geworden ist\u201d. (Joh 1,14) <\/p>\n<p> Petrus konnte mit den Worten Jesu \u00fcber das Kreuz, die Ablehnung, die Verleugnung und den Tod nicht umgehen. H\u00f6chstwahrscheinlich fiel es ihm sehr schwer, den m\u00f6glichen Verlust pers\u00f6nlicher Macht und Ansehen sowie die undenkbare Aufforderung, sein Kreuz auf sich zu nehmen, zu verkraften. Petrus war schockiert von der neuen Richtung, die Jesus einschlug \u2013 einem Weg, den Petrus sicherlich weder erwartet noch gew\u00fcnscht hatte. Jesus ersetzte die weit verbreitete Erwartung milit\u00e4rischer Macht sowie privilegierten Wohlstands und Macht f\u00fcr das auserw\u00e4hlte Volk Gottes. Nun sah sich Petrus mit dem Kreuz und dem Verlust seines Komforts und seiner Annehmlichkeiten konfrontiert. Also tat er das, was wir im Laufe der gesamten Geschichte des Christentums getan haben: Wir haben Jesus nach unserem Bild umgestaltet, anstatt Gott bei seinem Wort zu nehmen, das Jesus im Fleisch ist. Nur in Jesus finden wir einen wahren Ausdruck von Gottes Heilsplan.<\/p>\n<p> Der Befehl Jesu ist sehr deutlich: \u201cWeiche von mir, Satan!\u201d (Mt 16,18) Petrus war gerade noch als \u201cFels\u201d bezeichnet worden, doch nun war er zu einem Stolperstein geworden. <\/p>\n<p>Einerseits weist Jesus die fehlgeleitete \u00c4u\u00dferung des Petrus zur\u00fcck. Andererseits ist es eine Botschaft der Vergebung. Jesus fordert ihn auf, hinter ihn zu treten und ein treuer J\u00fcnger zu sein, indem er ihm nachfolgt. Auch wenn Jesus seine Ablehnung sehr deutlich zum Ausdruck bringt, vertraut er dem Petrus dennoch und vergibt ihm.<\/p>\n<p>Jesus war sich bewusst, dass die Nachfolge ein Prozess ist, meist ein langer und beschwerlicher Prozess des Ausprobierens und Scheiterns. Diese Begebenheit mit Petrus ist eines von vielen Beispielen, in denen Jesus Petrus gegen\u00fcber geduldig, g\u00fctig und verst\u00e4ndnisvoll ist \u2013 so wie er es auch uns gegen\u00fcber ist, wenn wir auf dem Weg nach Jerusalem so oft ins Straucheln geraten.<\/p>\n<p> Die heutige Ank\u00fcndigung der Reise nach Jerusalem, die zu Ablehnung, Leid und Tod f\u00fchren wird, ist die erste von drei solchen Verk\u00fcndigungen in den n\u00e4chsten Kapiteln des Matth\u00e4usevangeliums. In jeder dieser Episoden verstehen die J\u00fcnger den Sinn \u00fcberhaupt nicht.<\/p>\n<p> Wir setzen die schwierige Aufgabe fort, Jesus zu seinen Bedingungen anzunehmen und nicht zu unseren. Die Kirche befindet sich stets in dem Ringen um die Wahrhaftigkeit der Botschaft des Evangeliums. Wir sind nie weit von der Versuchung entfernt, Jesus zu sagen, er solle es auf unsere Weise tun \u2013 genau wie Petrus es tat.  Wir leben weiterhin mit falschen Erwartungen, eine perfekte Gemeinschaft und ein problemloses Privatleben zu haben, um den Dienst am Evangelium fortzuf\u00fchren. Es f\u00e4llt uns schwer zu akzeptieren, dass Jesus uns in unserer Gebrochenheit und Verwirrung voll und ganz angenommen hat. Er hat uns als die irdenen Gef\u00e4\u00dfe erw\u00e4hlt, die wir sind, um die Botschaft des Evangeliums zu verk\u00fcnden und zu feiern.<\/p>\n<p> Wir k\u00f6nnen den Sexskandal, den Klerikalismus, die frauenfeindlichen \u00c4u\u00dferungen der Vatikanbeamten, den unverh\u00e4ltnism\u00e4\u00dfigen Reichtum und was es sonst noch alles gibt, nicht ertragen. Die Kirche kann wirklich qu\u00e4lend sein \u2013 bei so viel Klarheit in ihren Dokumenten und solcher Mittelm\u00e4\u00dfigkeit in der Realit\u00e4t.  Doch genau diese M\u00e4ngel vermischen sich stets mit der unglaublichen Treue so vieler Familien, die gegen alle Widrigkeiten k\u00e4mpfen, mit guten Priestern, die ihr Bestes geben, mit Ordensfrauen, die weiterhin stille und verborgene Heldinnen des Evangeliums sind, sowie mit dem stillen und liebevollen Leiden so vieler unsichtbarer Leben.   Das Unkraut und der Weizen werden bis zum Ende unter uns sein.<\/p>\n<p> Jesus m\u00f6chte, dass wir uns dem Geheimnis der Menschwerdung \u00f6ffnen. Wir m\u00fcssen einander in unserer Gebrochenheit annehmen, so wie Jesus es tat, als er Mensch wurde. Paulus bringt das Wunder dieses Ereignisses in seiner gro\u00dfartigen Hymne im Brief an die Philipper zum Ausdruck:<\/p>\n<p><\/p>\n<blockquote><p>Obwohl er in g\u00f6ttlicher Gestalt war,<\/p>\n<p>Jesus hielt die Gleichheit mit Gott nicht f\u00fcr<\/p>\n<p>etwas, woran man sich festhalten kann.<\/p>\n<p>Vielmehr ent\u00e4u\u00dferte Er sich selbst <\/p>\n<p>Und nahm die Gestalt eines Sklaven an, der in Menschengestalt geboren wurde<\/p>\n<p>Er galt als Mensch,<\/p>\n<p>Und so erniedrigte Er sich,<\/p>\n<p>Selbst den Tod gehorsam hinnehmend,<\/p>\n<p>Tod am Kreuz! (PHI 2,6\u20138)<\/p><\/blockquote>\n<p><\/div>","protected":false},"excerpt":{"rendered":"<p>Matthew 16: 21-27&nbsp; Dear Friends, In the beginning of the Gospel of John we have the heart of God&rsquo;s plan of salvation. The world-shattering proclamation, &ldquo;The Word became flesh.&rdquo; (Jn [&hellip;]<\/p>\n","protected":false},"author":234,"featured_media":27330,"comment_status":"closed","ping_status":"open","sticky":false,"template":"","format":"standard","meta":{"rs_blank_template":"","rs_page_bg_color":"","slide_template_v7":"","_analytify_skip_tracking":false,"footnotes":""},"categories":[358],"tags":[],"class_list":["post-27329","post","type-post","status-publish","format-standard","has-post-thumbnail","hentry","category-fr-tracy"],"aioseo_notices":[],"aioseo_head":"\n\t\t<!-- All in One SEO Pro 5.0.1.1 - aioseo.com -->\n\t<meta name=\"description\" content=\"Matthew 16: 21-27 Dear Friends, In the beginning of the Gospel of John we have the heart of God\u2019s plan of salvation. The world-shattering proclamation, \u201cThe Word became flesh.\u201d (Jn 1:14) is God\u2019s plan. This is how Jesus accepted the call to save the world. Becoming flesh was not an isolated event. It is in accepting\" \/>\n\t<meta name=\"robots\" content=\"max-image-preview:large\" \/>\n\t<meta name=\"author\" content=\"Tracy O&#039;Sullivan\"\/>\n\t<link rel=\"canonical\" href=\"https:\/\/carmelites.net\/de\/fr-tracy\/twenty-second-sunday-in-ordinary-time\/\" \/>\n\t<meta name=\"generator\" content=\"All in One SEO Pro (AIOSEO) 5.0.1.1\" \/>\n\t\t<meta property=\"og:locale\" content=\"de_DE\" \/>\n\t\t<meta property=\"og:site_name\" content=\"Order of Carmelites - Province of the Most Pure Heart of Mary\" \/>\n\t\t<meta property=\"og:type\" content=\"article\" \/>\n\t\t<meta property=\"og:title\" content=\"TWENTY-SECOND SUNDAY IN ORDINARY TIME - Order of Carmelites\" \/>\n\t\t<meta property=\"og:description\" content=\"Matthew 16: 21-27 Dear Friends, In the beginning of the Gospel of John we have the heart of God\u2019s plan of salvation. The world-shattering proclamation, \u201cThe Word became flesh.\u201d (Jn 1:14) is God\u2019s plan. This is how Jesus accepted the call to save the world. Becoming flesh was not an isolated event. It is in accepting\" \/>\n\t\t<meta property=\"og:url\" content=\"https:\/\/carmelites.net\/de\/fr-tracy\/twenty-second-sunday-in-ordinary-time\/\" \/>\n\t\t<meta property=\"og:image\" content=\"https:\/\/carmelites.net\/wp-content\/uploads\/2021\/07\/logo100.png\" \/>\n\t\t<meta property=\"og:image:secure_url\" content=\"https:\/\/carmelites.net\/wp-content\/uploads\/2021\/07\/logo100.png\" \/>\n\t\t<meta property=\"article:published_time\" content=\"2026-08-30T17:01:24+00:00\" \/>\n\t\t<meta property=\"article:modified_time\" content=\"2026-08-30T20:16:58+00:00\" \/>\n\t\t<meta property=\"article:publisher\" content=\"https:\/\/www.facebook.com\/Carmelites\/\" \/>\n\t\t<meta name=\"twitter:card\" content=\"summary_large_image\" \/>\n\t\t<meta name=\"twitter:title\" content=\"TWENTY-SECOND SUNDAY IN ORDINARY TIME - Order of Carmelites\" \/>\n\t\t<meta name=\"twitter:description\" content=\"Matthew 16: 21-27 Dear Friends, In the beginning of the Gospel of John we have the heart of God\u2019s plan of salvation. The world-shattering proclamation, \u201cThe Word became flesh.\u201d (Jn 1:14) is God\u2019s plan. This is how Jesus accepted the call to save the world. Becoming flesh was not an isolated event. It is in accepting\" \/>\n\t\t<meta name=\"twitter:image\" content=\"https:\/\/carmelites.net\/wp-content\/uploads\/2021\/07\/logo100.png\" \/>\n\t\t<script type=\"application\/ld+json\" class=\"aioseo-schema\">\n\t\t\t{\"@context\":\"https:\\\/\\\/schema.org\",\"@graph\":[{\"@type\":\"BlogPosting\",\"@id\":\"https:\\\/\\\/carmelites.net\\\/de\\\/fr-tracy\\\/twenty-second-sunday-in-ordinary-time\\\/#blogposting\",\"name\":\"TWENTY-SECOND SUNDAY IN ORDINARY TIME - Order of Carmelites\",\"headline\":\"TWENTY-SECOND SUNDAY IN ORDINARY TIME\",\"author\":{\"@id\":\"https:\\\/\\\/carmelites.net\\\/de\\\/author\\\/wpra-source-author-site-1\\\/#author\"},\"publisher\":{\"@id\":\"https:\\\/\\\/carmelites.net\\\/de\\\/#organization\"},\"image\":{\"@type\":\"ImageObject\",\"url\":\"https:\\\/\\\/carmelites.net\\\/wp-content\\\/uploads\\\/2026\\\/08\\\/1000270782.png\",\"width\":1408,\"height\":768},\"datePublished\":\"2026-08-30T12:01:24-05:00\",\"dateModified\":\"2026-08-30T15:16:58-05:00\",\"inLanguage\":\"de-DE\",\"mainEntityOfPage\":{\"@id\":\"https:\\\/\\\/carmelites.net\\\/de\\\/fr-tracy\\\/twenty-second-sunday-in-ordinary-time\\\/#webpage\"},\"isPartOf\":{\"@id\":\"https:\\\/\\\/carmelites.net\\\/de\\\/fr-tracy\\\/twenty-second-sunday-in-ordinary-time\\\/#webpage\"},\"articleSection\":\"Fr Tracy\"},{\"@type\":\"BreadcrumbList\",\"@id\":\"https:\\\/\\\/carmelites.net\\\/de\\\/fr-tracy\\\/twenty-second-sunday-in-ordinary-time\\\/#breadcrumblist\",\"itemListElement\":[{\"@type\":\"ListItem\",\"@id\":\"https:\\\/\\\/carmelites.net\\\/de#listItem\",\"position\":1,\"name\":\"Home\",\"item\":\"https:\\\/\\\/carmelites.net\\\/de\",\"nextItem\":{\"@type\":\"ListItem\",\"@id\":\"https:\\\/\\\/carmelites.net\\\/de\\\/category\\\/fr-tracy\\\/#listItem\",\"name\":\"Fr Tracy\"}},{\"@type\":\"ListItem\",\"@id\":\"https:\\\/\\\/carmelites.net\\\/de\\\/category\\\/fr-tracy\\\/#listItem\",\"position\":2,\"name\":\"Fr Tracy\",\"item\":\"https:\\\/\\\/carmelites.net\\\/de\\\/category\\\/fr-tracy\\\/\",\"nextItem\":{\"@type\":\"ListItem\",\"@id\":\"https:\\\/\\\/carmelites.net\\\/de\\\/fr-tracy\\\/twenty-second-sunday-in-ordinary-time\\\/#listItem\",\"name\":\"TWENTY-SECOND SUNDAY IN ORDINARY TIME\"},\"previousItem\":{\"@type\":\"ListItem\",\"@id\":\"https:\\\/\\\/carmelites.net\\\/de#listItem\",\"name\":\"Home\"}},{\"@type\":\"ListItem\",\"@id\":\"https:\\\/\\\/carmelites.net\\\/de\\\/fr-tracy\\\/twenty-second-sunday-in-ordinary-time\\\/#listItem\",\"position\":3,\"name\":\"TWENTY-SECOND SUNDAY IN ORDINARY TIME\",\"previousItem\":{\"@type\":\"ListItem\",\"@id\":\"https:\\\/\\\/carmelites.net\\\/de\\\/category\\\/fr-tracy\\\/#listItem\",\"name\":\"Fr Tracy\"}}]},{\"@type\":\"Organization\",\"@id\":\"https:\\\/\\\/carmelites.net\\\/de\\\/#organization\",\"name\":\"Order of Carmelites\",\"description\":\"Province of the Most Pure Heart of Mary\",\"url\":\"https:\\\/\\\/carmelites.net\\\/de\\\/\",\"telephone\":\"+16309710050\",\"logo\":{\"@type\":\"ImageObject\",\"url\":\"https:\\\/\\\/carmelites.net\\\/wp-content\\\/uploads\\\/2021\\\/07\\\/logo100.png\",\"@id\":\"https:\\\/\\\/carmelites.net\\\/de\\\/fr-tracy\\\/twenty-second-sunday-in-ordinary-time\\\/#organizationLogo\",\"width\":345,\"height\":100},\"image\":{\"@id\":\"https:\\\/\\\/carmelites.net\\\/de\\\/fr-tracy\\\/twenty-second-sunday-in-ordinary-time\\\/#organizationLogo\"},\"sameAs\":[\"https:\\\/\\\/www.facebook.com\\\/Carmelites\\\/\",\"https:\\\/\\\/www.instagram.com\\\/carmelites\\\/\",\"https:\\\/\\\/www.youtube.com\\\/@CarmelitesPCM\"]},{\"@type\":\"Person\",\"@id\":\"https:\\\/\\\/carmelites.net\\\/de\\\/author\\\/wpra-source-author-site-1\\\/#author\",\"url\":\"https:\\\/\\\/carmelites.net\\\/de\\\/author\\\/wpra-source-author-site-1\\\/\",\"name\":\"Tracy O'Sullivan\",\"image\":{\"@type\":\"ImageObject\",\"@id\":\"https:\\\/\\\/carmelites.net\\\/de\\\/fr-tracy\\\/twenty-second-sunday-in-ordinary-time\\\/#authorImage\",\"url\":\"https:\\\/\\\/secure.gravatar.com\\\/avatar\\\/2bf513fc466a5199a6e9830e1ef015e7551f69f05171d89e5d6639c69c350904?s=96&d=mm&r=g\",\"width\":96,\"height\":96,\"caption\":\"Tracy O'Sullivan\"}},{\"@type\":\"WebPage\",\"@id\":\"https:\\\/\\\/carmelites.net\\\/de\\\/fr-tracy\\\/twenty-second-sunday-in-ordinary-time\\\/#webpage\",\"url\":\"https:\\\/\\\/carmelites.net\\\/de\\\/fr-tracy\\\/twenty-second-sunday-in-ordinary-time\\\/\",\"name\":\"TWENTY-SECOND SUNDAY IN ORDINARY TIME - Order of Carmelites\",\"description\":\"Matthew 16: 21-27 Dear Friends, In the beginning of the Gospel of John we have the heart of God\\u2019s plan of salvation. The world-shattering proclamation, \\u201cThe Word became flesh.\\u201d (Jn 1:14) is God\\u2019s plan. This is how Jesus accepted the call to save the world. Becoming flesh was not an isolated event. It is in accepting\",\"inLanguage\":\"de-DE\",\"isPartOf\":{\"@id\":\"https:\\\/\\\/carmelites.net\\\/de\\\/#website\"},\"breadcrumb\":{\"@id\":\"https:\\\/\\\/carmelites.net\\\/de\\\/fr-tracy\\\/twenty-second-sunday-in-ordinary-time\\\/#breadcrumblist\"},\"author\":{\"@id\":\"https:\\\/\\\/carmelites.net\\\/de\\\/author\\\/wpra-source-author-site-1\\\/#author\"},\"creator\":{\"@id\":\"https:\\\/\\\/carmelites.net\\\/de\\\/author\\\/wpra-source-author-site-1\\\/#author\"},\"image\":{\"@type\":\"ImageObject\",\"url\":\"https:\\\/\\\/carmelites.net\\\/wp-content\\\/uploads\\\/2026\\\/08\\\/1000270782.png\",\"@id\":\"https:\\\/\\\/carmelites.net\\\/de\\\/fr-tracy\\\/twenty-second-sunday-in-ordinary-time\\\/#mainImage\",\"width\":1408,\"height\":768},\"primaryImageOfPage\":{\"@id\":\"https:\\\/\\\/carmelites.net\\\/de\\\/fr-tracy\\\/twenty-second-sunday-in-ordinary-time\\\/#mainImage\"},\"datePublished\":\"2026-08-30T12:01:24-05:00\",\"dateModified\":\"2026-08-30T15:16:58-05:00\"},{\"@type\":\"WebSite\",\"@id\":\"https:\\\/\\\/carmelites.net\\\/de\\\/#website\",\"url\":\"https:\\\/\\\/carmelites.net\\\/de\\\/\",\"name\":\"Order of Carmelites\",\"description\":\"Province of the Most Pure Heart of Mary\",\"inLanguage\":\"de-DE\",\"publisher\":{\"@id\":\"https:\\\/\\\/carmelites.net\\\/de\\\/#organization\"}}]}\n\t\t<\/script>\n\t\t<!-- All in One SEO Pro -->\r\n\t\t<title>TWENTY-SECOND SUNDAY IN ORDINARY TIME - Order of Carmelites<\/title>\n\n","aioseo_head_json":{"title":"TWENTY-SECOND SUNDAY IN ORDINARY TIME - Order of Carmelites","description":"Matthew 16: 21-27 Dear Friends, In the beginning of the Gospel of John we have the heart of God\u2019s plan of salvation. The world-shattering proclamation, \u201cThe Word became flesh.\u201d (Jn 1:14) is God\u2019s plan. This is how Jesus accepted the call to save the world. Becoming flesh was not an isolated event. It is in accepting","canonical_url":"https:\/\/carmelites.net\/de\/fr-tracy\/twenty-second-sunday-in-ordinary-time\/","robots":"max-image-preview:large","keywords":"","webmasterTools":{"miscellaneous":""},"schema":{"@context":"https:\/\/schema.org","@graph":[{"@type":"BlogPosting","@id":"https:\/\/carmelites.net\/de\/fr-tracy\/twenty-second-sunday-in-ordinary-time\/#blogposting","name":"TWENTY-SECOND SUNDAY IN ORDINARY TIME - Order of Carmelites","headline":"TWENTY-SECOND SUNDAY IN ORDINARY TIME","author":{"@id":"https:\/\/carmelites.net\/de\/author\/wpra-source-author-site-1\/#author"},"publisher":{"@id":"https:\/\/carmelites.net\/de\/#organization"},"image":{"@type":"ImageObject","url":"https:\/\/carmelites.net\/wp-content\/uploads\/2026\/08\/1000270782.png","width":1408,"height":768},"datePublished":"2026-08-30T12:01:24-05:00","dateModified":"2026-08-30T15:16:58-05:00","inLanguage":"de-DE","mainEntityOfPage":{"@id":"https:\/\/carmelites.net\/de\/fr-tracy\/twenty-second-sunday-in-ordinary-time\/#webpage"},"isPartOf":{"@id":"https:\/\/carmelites.net\/de\/fr-tracy\/twenty-second-sunday-in-ordinary-time\/#webpage"},"articleSection":"Fr Tracy"},{"@type":"BreadcrumbList","@id":"https:\/\/carmelites.net\/de\/fr-tracy\/twenty-second-sunday-in-ordinary-time\/#breadcrumblist","itemListElement":[{"@type":"ListItem","@id":"https:\/\/carmelites.net\/de#listItem","position":1,"name":"Home","item":"https:\/\/carmelites.net\/de","nextItem":{"@type":"ListItem","@id":"https:\/\/carmelites.net\/de\/category\/fr-tracy\/#listItem","name":"Fr Tracy"}},{"@type":"ListItem","@id":"https:\/\/carmelites.net\/de\/category\/fr-tracy\/#listItem","position":2,"name":"Fr Tracy","item":"https:\/\/carmelites.net\/de\/category\/fr-tracy\/","nextItem":{"@type":"ListItem","@id":"https:\/\/carmelites.net\/de\/fr-tracy\/twenty-second-sunday-in-ordinary-time\/#listItem","name":"TWENTY-SECOND SUNDAY IN ORDINARY TIME"},"previousItem":{"@type":"ListItem","@id":"https:\/\/carmelites.net\/de#listItem","name":"Home"}},{"@type":"ListItem","@id":"https:\/\/carmelites.net\/de\/fr-tracy\/twenty-second-sunday-in-ordinary-time\/#listItem","position":3,"name":"TWENTY-SECOND SUNDAY IN ORDINARY TIME","previousItem":{"@type":"ListItem","@id":"https:\/\/carmelites.net\/de\/category\/fr-tracy\/#listItem","name":"Fr Tracy"}}]},{"@type":"Organization","@id":"https:\/\/carmelites.net\/de\/#organization","name":"Order of Carmelites","description":"Province of the Most Pure Heart of Mary","url":"https:\/\/carmelites.net\/de\/","telephone":"+16309710050","logo":{"@type":"ImageObject","url":"https:\/\/carmelites.net\/wp-content\/uploads\/2021\/07\/logo100.png","@id":"https:\/\/carmelites.net\/de\/fr-tracy\/twenty-second-sunday-in-ordinary-time\/#organizationLogo","width":345,"height":100},"image":{"@id":"https:\/\/carmelites.net\/de\/fr-tracy\/twenty-second-sunday-in-ordinary-time\/#organizationLogo"},"sameAs":["https:\/\/www.facebook.com\/Carmelites\/","https:\/\/www.instagram.com\/carmelites\/","https:\/\/www.youtube.com\/@CarmelitesPCM"]},{"@type":"Person","@id":"https:\/\/carmelites.net\/de\/author\/wpra-source-author-site-1\/#author","url":"https:\/\/carmelites.net\/de\/author\/wpra-source-author-site-1\/","name":"Tracy O'Sullivan","image":{"@type":"ImageObject","@id":"https:\/\/carmelites.net\/de\/fr-tracy\/twenty-second-sunday-in-ordinary-time\/#authorImage","url":"https:\/\/secure.gravatar.com\/avatar\/2bf513fc466a5199a6e9830e1ef015e7551f69f05171d89e5d6639c69c350904?s=96&d=mm&r=g","width":96,"height":96,"caption":"Tracy O'Sullivan"}},{"@type":"WebPage","@id":"https:\/\/carmelites.net\/de\/fr-tracy\/twenty-second-sunday-in-ordinary-time\/#webpage","url":"https:\/\/carmelites.net\/de\/fr-tracy\/twenty-second-sunday-in-ordinary-time\/","name":"TWENTY-SECOND SUNDAY IN ORDINARY TIME - Order of Carmelites","description":"Matthew 16: 21-27 Dear Friends, In the beginning of the Gospel of John we have the heart of God\u2019s plan of salvation. The world-shattering proclamation, \u201cThe Word became flesh.\u201d (Jn 1:14) is God\u2019s plan. This is how Jesus accepted the call to save the world. Becoming flesh was not an isolated event. It is in accepting","inLanguage":"de-DE","isPartOf":{"@id":"https:\/\/carmelites.net\/de\/#website"},"breadcrumb":{"@id":"https:\/\/carmelites.net\/de\/fr-tracy\/twenty-second-sunday-in-ordinary-time\/#breadcrumblist"},"author":{"@id":"https:\/\/carmelites.net\/de\/author\/wpra-source-author-site-1\/#author"},"creator":{"@id":"https:\/\/carmelites.net\/de\/author\/wpra-source-author-site-1\/#author"},"image":{"@type":"ImageObject","url":"https:\/\/carmelites.net\/wp-content\/uploads\/2026\/08\/1000270782.png","@id":"https:\/\/carmelites.net\/de\/fr-tracy\/twenty-second-sunday-in-ordinary-time\/#mainImage","width":1408,"height":768},"primaryImageOfPage":{"@id":"https:\/\/carmelites.net\/de\/fr-tracy\/twenty-second-sunday-in-ordinary-time\/#mainImage"},"datePublished":"2026-08-30T12:01:24-05:00","dateModified":"2026-08-30T15:16:58-05:00"},{"@type":"WebSite","@id":"https:\/\/carmelites.net\/de\/#website","url":"https:\/\/carmelites.net\/de\/","name":"Order of Carmelites","description":"Province of the Most Pure Heart of Mary","inLanguage":"de-DE","publisher":{"@id":"https:\/\/carmelites.net\/de\/#organization"}}]},"og:locale":"de_DE","og:site_name":"Order of Carmelites - Province of the Most Pure Heart of Mary","og:type":"article","og:title":"TWENTY-SECOND SUNDAY IN ORDINARY TIME - Order of Carmelites","og:description":"Matthew 16: 21-27 Dear Friends, In the beginning of the Gospel of John we have the heart of God\u2019s plan of salvation. The world-shattering proclamation, \u201cThe Word became flesh.\u201d (Jn 1:14) is God\u2019s plan. This is how Jesus accepted the call to save the world. Becoming flesh was not an isolated event. It is in accepting","og:url":"https:\/\/carmelites.net\/de\/fr-tracy\/twenty-second-sunday-in-ordinary-time\/","og:image":"https:\/\/carmelites.net\/wp-content\/uploads\/2021\/07\/logo100.png","og:image:secure_url":"https:\/\/carmelites.net\/wp-content\/uploads\/2021\/07\/logo100.png","article:published_time":"2026-08-30T17:01:24+00:00","article:modified_time":"2026-08-30T20:16:58+00:00","article:publisher":"https:\/\/www.facebook.com\/Carmelites\/","twitter:card":"summary_large_image","twitter:title":"TWENTY-SECOND SUNDAY IN ORDINARY TIME - Order of Carmelites","twitter:description":"Matthew 16: 21-27 Dear Friends, In the beginning of the Gospel of John we have the heart of God\u2019s plan of salvation. The world-shattering proclamation, \u201cThe Word became flesh.\u201d (Jn 1:14) is God\u2019s plan. This is how Jesus accepted the call to save the world. Becoming flesh was not an isolated event. It is in accepting","twitter:image":"https:\/\/carmelites.net\/wp-content\/uploads\/2021\/07\/logo100.png"},"aioseo_meta_data":{"post_id":"27329","title":null,"description":null,"keywords":null,"keyphrases":{"focus":[],"additional":[]},"primary_term":null,"canonical_url":null,"og_title":null,"og_description":null,"og_object_type":"default","og_image_type":"default","og_image_url":null,"og_image_width":null,"og_image_height":null,"og_image_custom_url":null,"og_image_custom_fields":null,"og_video":null,"og_custom_url":null,"og_article_section":null,"og_article_tags":null,"twitter_use_og":false,"twitter_card":"default","twitter_image_type":"default","twitter_image_url":null,"twitter_image_custom_url":null,"twitter_image_custom_fields":null,"twitter_title":null,"twitter_description":null,"schema":{"blockGraphs":[],"customGraphs":[],"default":{"data":{"Article":[],"Course":[],"Dataset":[],"FAQPage":[],"Movie":[],"Person":[],"Product":[],"ProductReview":[],"Car":[],"Recipe":[],"Service":[],"SoftwareApplication":[],"WebPage":[]},"graphName":"","isEnabled":true},"graphs":[]},"schema_type":"default","schema_type_options":null,"pillar_content":false,"robots_default":true,"robots_noindex":false,"robots_noarchive":false,"robots_nosnippet":false,"robots_nofollow":false,"robots_noimageindex":false,"robots_noodp":false,"robots_notranslate":false,"robots_max_snippet":null,"robots_max_videopreview":null,"robots_max_imagepreview":"large","priority":null,"frequency":null,"local_seo":null,"seo_analyzer_scan_date":"2026-08-30 20:19:32","breadcrumb_settings":null,"limit_modified_date":false,"reviewed_by":null,"open_ai":null,"ai":null,"created":"2026-08-30 20:16:54","updated":"2026-08-30 23:23:18","focus_keyword":null,"additional_keywords":null,"truseo_locale":null},"aioseo_breadcrumb":"<div class=\"aioseo-breadcrumbs\"><span class=\"aioseo-breadcrumb\">\n\t<a href=\"https:\/\/carmelites.net\/de\" title=\"Home\">Home<\/a>\n<\/span><span class=\"aioseo-breadcrumb-separator\">&raquo;<\/span><span class=\"aioseo-breadcrumb\">\n\t<a href=\"https:\/\/carmelites.net\/de\/category\/fr-tracy\/\" title=\"Fr Tracy\">Fr Tracy<\/a>\n<\/span><span class=\"aioseo-breadcrumb-separator\">&raquo;<\/span><span class=\"aioseo-breadcrumb\">\n\tTWENTY-SECOND SUNDAY IN ORDINARY TIME\n<\/span><\/div>","aioseo_breadcrumb_json":[{"label":"Home","link":"https:\/\/carmelites.net\/de"},{"label":"Fr Tracy","link":"https:\/\/carmelites.net\/de\/category\/fr-tracy\/"},{"label":"TWENTY-SECOND SUNDAY IN ORDINARY TIME","link":"https:\/\/carmelites.net\/de\/fr-tracy\/twenty-second-sunday-in-ordinary-time\/"}],"_links":{"self":[{"href":"https:\/\/carmelites.net\/de\/wp-json\/wp\/v2\/posts\/27329","targetHints":{"allow":["GET"]}}],"collection":[{"href":"https:\/\/carmelites.net\/de\/wp-json\/wp\/v2\/posts"}],"about":[{"href":"https:\/\/carmelites.net\/de\/wp-json\/wp\/v2\/types\/post"}],"author":[{"embeddable":true,"href":"https:\/\/carmelites.net\/de\/wp-json\/wp\/v2\/users\/234"}],"replies":[{"embeddable":true,"href":"https:\/\/carmelites.net\/de\/wp-json\/wp\/v2\/comments?post=27329"}],"version-history":[{"count":1,"href":"https:\/\/carmelites.net\/de\/wp-json\/wp\/v2\/posts\/27329\/revisions"}],"predecessor-version":[{"id":27331,"href":"https:\/\/carmelites.net\/de\/wp-json\/wp\/v2\/posts\/27329\/revisions\/27331"}],"wp:featuredmedia":[{"embeddable":true,"href":"https:\/\/carmelites.net\/de\/wp-json\/wp\/v2\/media\/27330"}],"wp:attachment":[{"href":"https:\/\/carmelites.net\/de\/wp-json\/wp\/v2\/media?parent=27329"}],"wp:term":[{"taxonomy":"category","embeddable":true,"href":"https:\/\/carmelites.net\/de\/wp-json\/wp\/v2\/categories?post=27329"},{"taxonomy":"post_tag","embeddable":true,"href":"https:\/\/carmelites.net\/de\/wp-json\/wp\/v2\/tags?post=27329"}],"curies":[{"name":"wp","href":"https:\/\/api.w.org\/{rel}","templated":true}]}}