{"id":22862,"date":"2026-01-05T09:08:41","date_gmt":"2026-01-05T15:08:41","guid":{"rendered":"https:\/\/carmelites.net\/?p=22862"},"modified":"2026-01-05T14:40:31","modified_gmt":"2026-01-05T20:40:31","slug":"newsletter-for-january-2026-no-12","status":"publish","type":"post","link":"https:\/\/carmelites.net\/de\/laudato-si\/newsletter-for-january-2026-no-12\/","title":{"rendered":"Newsletter f\u00fcr Januar 2026, Nr. 12"},"content":{"rendered":"<div data-elementor-type=\"wp-post\" data-elementor-id=\"22862\" class=\"elementor elementor-22862\" data-elementor-post-type=\"post\">\n\t\t\t\t<div data-particle_enable=\"false\" data-particle-mobile-disabled=\"false\" class=\"elementor-element elementor-element-c1eb727 e-flex e-con-boxed e-con e-parent\" data-id=\"c1eb727\" data-element_type=\"container\" data-e-type=\"container\" data-settings=\"{&quot;background_background&quot;:&quot;classic&quot;}\">\n\t\t\t\t\t<div class=\"e-con-inner\">\n\t\t\t\t<div class=\"elementor-element elementor-element-f477680 elementor-widget elementor-widget-image\" data-id=\"f477680\" data-element_type=\"widget\" data-e-type=\"widget\" data-widget_type=\"image.default\">\n\t\t\t\t<div class=\"elementor-widget-container\">\n\t\t\t\t\t\t\t\t\t\t\t\t\t\t\t<img loading=\"lazy\" decoding=\"async\" width=\"800\" height=\"359\" src=\"https:\/\/carmelites.net\/wp-content\/uploads\/2025\/03\/English1200-1024x460.png\" class=\"attachment-large size-large wp-image-19783\" alt=\"\" srcset=\"https:\/\/carmelites.net\/wp-content\/uploads\/2025\/03\/English1200-1024x460.png 1024w, https:\/\/carmelites.net\/wp-content\/uploads\/2025\/03\/English1200-300x135.png 300w, https:\/\/carmelites.net\/wp-content\/uploads\/2025\/03\/English1200-768x345.png 768w, https:\/\/carmelites.net\/wp-content\/uploads\/2025\/03\/English1200-18x8.png 18w, https:\/\/carmelites.net\/wp-content\/uploads\/2025\/03\/English1200.png 1200w\" sizes=\"auto, (max-width: 800px) 100vw, 800px\" \/>\t\t\t\t\t\t\t\t\t\t\t\t\t\t\t<\/div>\n\t\t\t\t<\/div>\n\t\t\t\t<div class=\"elementor-element elementor-element-5861f7a elementor-widget elementor-widget-text-editor\" data-id=\"5861f7a\" data-element_type=\"widget\" data-e-type=\"widget\" data-widget_type=\"text-editor.default\">\n\t\t\t\t<div class=\"elementor-widget-container\">\n\t\t\t\t\t\t\t\t\t<h3 style=\"text-align: center;\"><strong>Laudato Si\u2019 Aktionsplan-Newsletter f\u00fcr Januar 2026, Nr. 12<\/strong><\/h3>\t\t\t\t\t\t\t\t<\/div>\n\t\t\t\t<\/div>\n\t\t\t\t<div class=\"elementor-element elementor-element-87ba131 elementor-widget elementor-widget-text-editor\" data-id=\"87ba131\" data-element_type=\"widget\" data-e-type=\"widget\" data-widget_type=\"text-editor.default\">\n\t\t\t\t<div class=\"elementor-widget-container\">\n\t\t\t\t\t\t\t\t\t<p><em>Willkommen zur zw\u00f6lften Ausgabe des Laudato Si\u2019-Aktionsplan-Newsletters der Karmeliterprovinz PCM. Dieser elektronische Newsletter soll die Mitglieder und Partner dieser Provinz \u00fcber unser gemeinsames Engagement informieren, die Werte von Laudato Si\u2019 zu leben \u2013 auf die Schreie der Erde und die Schreie der Armen zu h\u00f6ren und darauf zu reagieren. <\/em><\/p>\t\t\t\t\t\t\t\t<\/div>\n\t\t\t\t<\/div>\n\t\t\t\t<div class=\"elementor-element elementor-element-0d26939 elementor-widget elementor-widget-text-editor\" data-id=\"0d26939\" data-element_type=\"widget\" data-e-type=\"widget\" data-widget_type=\"text-editor.default\">\n\t\t\t\t<div class=\"elementor-widget-container\">\n\t\t\t\t\t\t\t\t\t<p><strong>Anmerkung des Koordinators des Laudato Si\u2019-Aktionsplans:<\/strong> <em>Laudato Si'<\/em> wird in der Regel als \u201cUmwelt-Enzyklika\u201d bezeichnet. Das ist verst\u00e4ndlich, da sie in der Geschichte der Kirche einzigartig ist aufgrund ihrer kraftvollen und umfassenden Botschaft, die zu Ma\u00dfnahmen gegen den Klimawandel und andere Umweltprobleme aufruft.\u00a0 Die Enzyklika befasst sich jedoch mit mehr als nur \u00f6kologischen Belangen. Es geht um die Bewahrung der Sch\u00f6pfung im Gro\u00dfen und Ganzen. Wir sollen f\u00fcreinander sorgen, ebenso wie f\u00fcr unser gemeinsames Zuhause. Wir sollen auf die Schreie der Erde und die Schreie der Armen h\u00f6ren. Aus diesem Grund befassen sich diese Newsletter mit einer Reihe von sozialen und \u00f6kologischen Themen. Diese Ausgabe des Newsletters bildet da keine Ausnahme.\u00a0 In diesem Monat finden Sie Informationen \u00fcber die j\u00fcngste internationale Klimakonferenz \u201cCOP 30\u201d, aber auch \u00fcber das Thema Migration, die harte politische Reaktion, die wir derzeit erleben, und den Aufruf unserer Kirche zu Mitgef\u00fchl und Begleitung. Ich lade Sie ein, diese Seiten zu lesen, nachzudenken und zu beten und dann auf jede erdenkliche Weise zu handeln, um die Sache der Gerechtigkeit, des Friedens und der Liebe voranzubringen. Vielen Dank. \u2013 Dennis Kalob<\/p>\t\t\t\t\t\t\t\t<\/div>\n\t\t\t\t<\/div>\n\t\t\t\t<div class=\"elementor-element elementor-element-6f236e8 elementor-widget-divider--view-line elementor-widget elementor-widget-divider\" data-id=\"6f236e8\" data-element_type=\"widget\" data-e-type=\"widget\" data-widget_type=\"divider.default\">\n\t\t\t\t<div class=\"elementor-widget-container\">\n\t\t\t\t\t\t\t<div class=\"elementor-divider\">\n\t\t\t<span class=\"elementor-divider-separator\">\n\t\t\t\t\t\t<\/span>\n\t\t<\/div>\n\t\t\t\t\t\t<\/div>\n\t\t\t\t<\/div>\n\t\t\t\t<div class=\"elementor-element elementor-element-cdf3903 elementor-widget elementor-widget-text-editor\" data-id=\"cdf3903\" data-element_type=\"widget\" data-e-type=\"widget\" data-widget_type=\"text-editor.default\">\n\t\t\t\t<div class=\"elementor-widget-container\">\n\t\t\t\t\t\t\t\t\t<h5><em><strong>\u201cIhr habt eine sehr gro\u00dfe Aufgabe zu erf\u00fcllen, n\u00e4mlich diejenigen zu begleiten, die ein Zeichen daf\u00fcr brauchen, dass Gott niemanden im Stich l\u00e4sst \u2013 weder die Kleinsten, noch die \u00c4rmsten, noch die Fremden, noch irgendjemanden sonst.\u201d \u2013 Papst Leo XIV.<\/strong><\/em><\/h5>\t\t\t\t\t\t\t\t<\/div>\n\t\t\t\t<\/div>\n\t\t\t\t\t<\/div>\n\t\t\t\t<\/div>\n\t\t<div data-particle_enable=\"false\" data-particle-mobile-disabled=\"false\" class=\"elementor-element elementor-element-68f7745 e-flex e-con-boxed e-con e-parent\" data-id=\"68f7745\" data-element_type=\"container\" data-e-type=\"container\">\n\t\t\t\t\t<div class=\"e-con-inner\">\n\t\t<div data-particle_enable=\"false\" data-particle-mobile-disabled=\"false\" class=\"elementor-element elementor-element-03314b4 e-con-full e-flex e-con e-child\" data-id=\"03314b4\" data-element_type=\"container\" data-e-type=\"container\">\n\t\t\t\t<div class=\"elementor-element elementor-element-d9e66c1 elementor-widget-divider--view-line elementor-widget elementor-widget-divider\" data-id=\"d9e66c1\" data-element_type=\"widget\" data-e-type=\"widget\" data-widget_type=\"divider.default\">\n\t\t\t\t<div class=\"elementor-widget-container\">\n\t\t\t\t\t\t\t<div class=\"elementor-divider\">\n\t\t\t<span class=\"elementor-divider-separator\">\n\t\t\t\t\t\t<\/span>\n\t\t<\/div>\n\t\t\t\t\t\t<\/div>\n\t\t\t\t<\/div>\n\t\t\t\t<div class=\"elementor-element elementor-element-61de980 elementor-widget elementor-widget-image\" data-id=\"61de980\" data-element_type=\"widget\" data-e-type=\"widget\" data-widget_type=\"image.default\">\n\t\t\t\t<div class=\"elementor-widget-container\">\n\t\t\t\t\t\t\t\t\t\t\t\t\t\t\t<img loading=\"lazy\" decoding=\"async\" width=\"300\" height=\"300\" src=\"https:\/\/carmelites.net\/wp-content\/uploads\/2026\/01\/7755593-300x300.jpg\" class=\"attachment-medium size-medium wp-image-22864\" alt=\"\" srcset=\"https:\/\/carmelites.net\/wp-content\/uploads\/2026\/01\/7755593-300x300.jpg 300w, https:\/\/carmelites.net\/wp-content\/uploads\/2026\/01\/7755593-1024x1024.jpg 1024w, https:\/\/carmelites.net\/wp-content\/uploads\/2026\/01\/7755593-150x150.jpg 150w, https:\/\/carmelites.net\/wp-content\/uploads\/2026\/01\/7755593-768x768.jpg 768w, https:\/\/carmelites.net\/wp-content\/uploads\/2026\/01\/7755593-1536x1536.jpg 1536w, https:\/\/carmelites.net\/wp-content\/uploads\/2026\/01\/7755593-12x12.jpg 12w, https:\/\/carmelites.net\/wp-content\/uploads\/2026\/01\/7755593.jpg 2000w\" sizes=\"auto, (max-width: 300px) 100vw, 300px\" \/>\t\t\t\t\t\t\t\t\t\t\t\t\t\t\t<\/div>\n\t\t\t\t<\/div>\n\t\t\t\t<div class=\"elementor-element elementor-element-2839f66 elementor-widget elementor-widget-text-editor\" data-id=\"2839f66\" data-element_type=\"widget\" data-e-type=\"widget\" data-widget_type=\"text-editor.default\">\n\t\t\t\t<div class=\"elementor-widget-container\">\n\t\t\t\t\t\t\t\t\t<h2><strong>Du bist nicht allein<\/strong><\/h2>\t\t\t\t\t\t\t\t<\/div>\n\t\t\t\t<\/div>\n\t\t\t\t<div class=\"elementor-element elementor-element-8ad1a9b elementor-widget elementor-widget-text-editor\" data-id=\"8ad1a9b\" data-element_type=\"widget\" data-e-type=\"widget\" data-widget_type=\"text-editor.default\">\n\t\t\t\t<div class=\"elementor-widget-container\">\n\t\t\t\t\t\t\t\t\t<p><strong>Im November ver\u00f6ffentlichte die US-amerikanische Bischofskonferenz (USCCB) eine \u201cSondermeldung\u201d zum Thema Einwanderung und startete die Initiative \u201cYou Are Not Alone\u201d (Du bist nicht allein). Diese Initiative, die sich gegen Masseninhaftierungen und Abschiebungen ausspricht und Solidarit\u00e4t mit Einwanderern und Fl\u00fcchtlingen bekundet, ist fest in der christlichen Theologie und der katholischen Soziallehre verankert. Wir sollen Fremde willkommen hei\u00dfen und allen Menschen, insbesondere denen am Rande der Gesellschaft, Mitgef\u00fchl und Liebe entgegenbringen.\u00a0<\/strong><\/p><p><strong>Nachfolgend finden Sie Ausz\u00fcge aus der Botschaft der Bisch\u00f6fe.<\/strong><\/p><p><em>Als Hirten sind wir, die Bisch\u00f6fe der Vereinigten Staaten, durch die Gemeinschaft und das Mitgef\u00fchl in unserem Herrn Jesus Christus mit unserem Volk verbunden. Wir sind beunruhigt, wenn wir unter unserem Volk ein Klima der Angst und Besorgnis in Bezug auf Fragen der Profilerstellung und der Durchsetzung der Einwanderungsgesetze beobachten.\u00a0<\/em><\/p><p><em>Wir sind betr\u00fcbt \u00fcber den Stand der aktuellen Debatte und die Verunglimpfung von Einwanderern. Wir sind besorgt \u00fcber die Bedingungen in Haftanstalten und den mangelnden Zugang zu Seelsorge. Wir bedauern, dass einige Einwanderer in den Vereinigten Staaten willk\u00fcrlich ihren Rechtsstatus verloren haben. Wir sind beunruhigt \u00fcber die Bedrohung der Unantastbarkeit von Gottesh\u00e4usern und der besonderen Natur von Krankenh\u00e4usern und Schulen. Wir sind betr\u00fcbt, wenn wir Eltern begegnen, die Angst haben, inhaftiert zu werden, wenn sie ihre Kinder zur Schule bringen, und wenn wir versuchen, Familienmitglieder zu tr\u00f6sten, die bereits von ihren Angeh\u00f6rigen getrennt wurden.\u00a0<\/em><\/p><p><em>Trotz Hindernissen und Vorurteilen haben Generationen von Einwanderern einen enormen Beitrag zum Wohlergehen unserer Nation geleistet. Als katholische Bisch\u00f6fe lieben wir unser Land und beten f\u00fcr seinen Frieden und Wohlstand. Aus diesem Grund f\u00fchlen wir uns in diesem Umfeld verpflichtet, unsere Stimme zur Verteidigung der von Gott gegebenen Menschenw\u00fcrde zu erheben.<\/em><\/p><p><em>Die katholische Lehre fordert die Nationen auf, die grundlegende W\u00fcrde aller Menschen, einschlie\u00dflich der Einwanderer, anzuerkennen. Wir Bisch\u00f6fe setzen uns f\u00fcr eine sinnvolle Reform der Einwanderungsgesetze und -verfahren unseres Landes ein. Menschenw\u00fcrde und nationale Sicherheit stehen nicht im Widerspruch zueinander. Beides ist m\u00f6glich, wenn Menschen guten Willens zusammenarbeiten.<\/em><\/p><p><em>Die Lehre der Kirche basiert auf der grundlegenden Sorge um den Menschen, der nach dem Bild und Gleichnis Gottes geschaffen wurde (Genesis 1,27). Als Seelsorger schauen wir auf die Heilige Schrift und das Beispiel des Herrn selbst, wo wir die Weisheit von Gottes Barmherzigkeit finden. Die Priorit\u00e4t des Herrn gilt, wie uns die Propheten erinnern, den Schw\u00e4chsten: den Witwen, den Waisen, den Armen und den Fremden (Sacharja 7,10).\u00a0<\/em><\/p><p><em>In Jesus Christus sehen wir den Einen, der um unseretwillen arm geworden ist (2 Korinther 8,9), wir sehen den barmherzigen Samariter, der uns aus dem Staub erhebt (Lukas 10,30\u201337), und wir sehen den Einen, der in den Geringsten unter uns zu finden ist (Matth\u00e4us 25). Die Sorge der Kirche um den N\u00e4chsten und unsere Sorge hier um Einwanderer ist eine Antwort auf das Gebot des Herrn, zu lieben, wie er uns geliebt hat (Johannes 13,34).<\/em><\/p><p><em>An unsere Br\u00fcder und Schwestern mit Migrationshintergrund: Wir stehen euch in eurem Leid bei, denn wenn ein Glied leidet, leiden alle mit (vgl. 1 Korinther 12,26). Ihr seid nicht allein!<\/em><\/p><p><em>Wir nehmen mit Dankbarkeit zur Kenntnis, dass so viele unserer Geistlichen, Ordensleute und gl\u00e4ubigen Laien bereits Migranten begleiten und ihnen dabei helfen, ihre grundlegenden menschlichen Bed\u00fcrfnisse zu befriedigen. Wir fordern alle Menschen guten Willens auf, diese Bem\u00fchungen fortzusetzen und auszuweiten.\u00a0<\/em><\/p><p><em>Wir lehnen die wahllose Massenabschiebung von Menschen ab. Wir beten f\u00fcr ein Ende der entmenschlichenden Rhetorik und Gewalt, sei es gegen\u00fcber Einwanderern oder gegen\u00fcber Strafverfolgungsbeh\u00f6rden. Wir beten darum, dass der Herr die F\u00fchrer unserer Nation leiten m\u00f6ge, und wir sind dankbar f\u00fcr vergangene und gegenw\u00e4rtige Gelegenheiten zum Dialog mit der \u00d6ffentlichkeit und gew\u00e4hlten Amtstr\u00e4gern. In diesem Dialog werden wir uns weiterhin f\u00fcr eine sinnvolle Einwanderungsreform einsetzen.\u00a0<\/em><\/p><p><em>Als J\u00fcnger des Herrn bleiben wir M\u00e4nner und Frauen der Hoffnung, und die Hoffnung entt\u00e4uscht nicht! (vgl. R\u00f6m 5,5). M\u00f6ge der Mantel Unserer Lieben Frau von Guadalupe uns alle in ihrer m\u00fctterlichen und liebevollen F\u00fcrsorge umh\u00fcllen und uns immer n\u00e4her an das Herz Christi heranf\u00fchren...<\/em><\/p><p><em>\u201cYou Are Not Alone\u201d (Du bist nicht allein) ist eine Initiative der US-amerikanischen Bischofskonferenz (USCCB), die Ideen, Ressourcen und Hilfsmittel f\u00fcr Pfarreien bereitstellt, um unsere Schwestern und Br\u00fcder zu begleiten. Diese Initiative der USCCB bietet Ideen und Modelle aus katholischen Pfarreien im ganzen Land zur Verf\u00fcgung, die als Anregung dienen k\u00f6nnen.<\/em><\/p><p>\u00a0<\/p><p><strong>Weitere Informationen dar\u00fcber, wie Sie, Ihre Gemeinde und Ihr Dienst an dieser Initiative teilnehmen k\u00f6nnen, finden Sie auf der Website von Justice for Immigrants, einer katholischen Koalition, die sich f\u00fcr die Sensibilisierung und F\u00f6rderung von Ma\u00dfnahmen zu Fragen der Migration einsetzt. Die Website bietet hervorragende Ressourcen f\u00fcr Katholiken, die sich f\u00fcr eine humane, wahrhaft christliche Antwort auf die Notlage von Einwanderern und Fl\u00fcchtlingen engagieren.\u00a0 <\/strong><a href=\"https:\/\/justiceforimmigrants.org\/you-are-not-alone\/\"><strong>Hier<\/strong><\/a><strong> ist ein guter Ausgangspunkt.\u00a0 <\/strong><\/p><p>Klicken Sie auch auf <a href=\"https:\/\/www.catholicnewsagency.com\/news\/267759\/you-are-not-alone-migrant-accompaniment-initiative-announced-by-us-bishops\">hier<\/a> f\u00fcr einen kurzen Artikel der Catholic News Agency \u00fcber die Initiative \u201eYou Are Not Alone\u201c (Du bist nicht allein).<\/p>\t\t\t\t\t\t\t\t<\/div>\n\t\t\t\t<\/div>\n\t\t\t\t<div class=\"elementor-element elementor-element-42b8022 elementor-widget elementor-widget-text-editor\" data-id=\"42b8022\" data-element_type=\"widget\" data-e-type=\"widget\" data-widget_type=\"text-editor.default\">\n\t\t\t\t<div class=\"elementor-widget-container\">\n\t\t\t\t\t\t\t\t\t<p><strong><em>Die Kirche begleitet wie eine Mutter diejenigen, die unterwegs sind. Wo die Welt Bedrohungen sieht, sieht sie Kinder; wo Mauern errichtet werden, baut sie Br\u00fccken. Sie wei\u00df, dass ihre Verk\u00fcndigung des Evangeliums nur dann glaubw\u00fcrdig ist, wenn sie sich in Gesten der N\u00e4he und der Aufnahme niederschl\u00e4gt. Und sie wei\u00df, dass in jedem abgelehnten Migranten Christus selbst an die T\u00fcr der Gemeinschaft klopft.<\/em><\/strong><\/p><p><strong><em>\u2014<\/em>Papst Leo XVI.<\/strong><\/p>\t\t\t\t\t\t\t\t<\/div>\n\t\t\t\t<\/div>\n\t\t\t\t<div class=\"elementor-element elementor-element-2bf62bc elementor-widget elementor-widget-text-editor\" data-id=\"2bf62bc\" data-element_type=\"widget\" data-e-type=\"widget\" data-widget_type=\"text-editor.default\">\n\t\t\t\t<div class=\"elementor-widget-container\">\n\t\t\t\t\t\t\t\t\t<p><strong>Nat\u00fcrlich hat auch unsere eigene Karmeliterprovinz im August letzten Jahres eine Erkl\u00e4rung zum Thema Migration abgegeben. Nachstehend finden Sie einen Auszug daraus.<\/strong><\/p><p><em>Diese auf unserem Glauben basierende Solidarit\u00e4t verpflichtet uns, uns gegen die j\u00fcngsten Ma\u00dfnahmen der US-Bundesregierung zu wehren, darunter Massenabschiebungen, die Abschaffung des Geburtsrechts und des DACA-Schutzes, die militarisierte Abschottung der Grenzen, die Abschaffung von DEI-Initiativen, die Versch\u00e4rfung der Beschr\u00e4nkungen f\u00fcr legale Migrationswege einschlie\u00dflich Asylverboten, die Abschaffung von Zufluchtsorten, die Streichung von Finanzmitteln f\u00fcr humanit\u00e4re Organisationen und illegale Abschiebungen (d. h. Abschiebungen ohne ordentliches Verfahren).<\/em><\/p><p><em>Am 24. M\u00e4rz 2025 endete in El Paso, Texas, ein Marsch zur Unterst\u00fctzung von Migranten in der Sacred Heart Church, einer Jesuitenpfarrei unweit von Ciudad Juarez, Mexiko. In der bis auf den letzten Platz gef\u00fcllten Kirche, mit regionalen Bisch\u00f6fen und Kardinal Fabio Baggio aus dem Vatikan am Altar, sagte Bischof Mark Seitz von El Paso: \u201cDies ist ein Krieg gegen die Armen. Wenn wir nicht unsere Stimme erheben, wenn wir nicht handeln, wird dieser Krieg kein Ende nehmen. Wir werden gewaltfrei unter dem Zeichen des Kreuzes handeln. Wir geh\u00f6ren zueinander, Br\u00fcder und Schwestern; ihr seid mein Volk: mit Papieren, ohne Papiere, Menschen des Glaubens, Menschen unterschiedlicher Glaubensrichtungen, Menschen, die Zuflucht und Gastfreundschaft suchen... An alle, die in Angst leben: Versteht das Engagement der Kirche in dieser Stunde der Dunkelheit.\u201d<\/em><\/p><p><strong>EMPFOHLEN:<\/strong> <a href=\"https:\/\/catholicsocialthought.georgetown.edu\/events\/making-life-unbearable\"><em>\u201cDas Leben unertr\u00e4glich machen\u201d: Die Auswirkungen der Einwanderungskontrolle auf Familien und Gemeinschaften<\/em><\/a><em>.\u00a0 <\/em>Dies ist ein Webinar der Initiative f\u00fcr katholische Soziallehre und \u00f6ffentliches Leben an der Georgetown University.<\/p>\t\t\t\t\t\t\t\t<\/div>\n\t\t\t\t<\/div>\n\t\t\t\t<div class=\"elementor-element elementor-element-1e777c0 elementor-widget-divider--view-line elementor-widget elementor-widget-divider\" data-id=\"1e777c0\" data-element_type=\"widget\" data-e-type=\"widget\" data-widget_type=\"divider.default\">\n\t\t\t\t<div class=\"elementor-widget-container\">\n\t\t\t\t\t\t\t<div class=\"elementor-divider\">\n\t\t\t<span class=\"elementor-divider-separator\">\n\t\t\t\t\t\t<\/span>\n\t\t<\/div>\n\t\t\t\t\t\t<\/div>\n\t\t\t\t<\/div>\n\t\t\t\t<div class=\"elementor-element elementor-element-833f543 elementor-widget elementor-widget-heading\" data-id=\"833f543\" data-element_type=\"widget\" data-e-type=\"widget\" data-widget_type=\"heading.default\">\n\t\t\t\t<div class=\"elementor-widget-container\">\n\t\t\t\t\t<h2 class=\"elementor-heading-title elementor-size-default\">Aus Matth\u00e4us, Kapitel 25<\/h2>\t\t\t\t<\/div>\n\t\t\t\t<\/div>\n\t\t\t\t<div class=\"elementor-element elementor-element-7e2175f elementor-widget elementor-widget-text-editor\" data-id=\"7e2175f\" data-element_type=\"widget\" data-e-type=\"widget\" data-widget_type=\"text-editor.default\">\n\t\t\t\t<div class=\"elementor-widget-container\">\n\t\t\t\t\t\t\t\t\t<h3><strong><em>\u2026Ich war fremd und ihr habt mich aufgenommen\u2026<\/em><\/strong><\/h3><p><strong>31<\/strong>\u201cWenn der Menschensohn in seiner Herrlichkeit kommt und alle Engel mit ihm, dann wird er auf dem Thron seiner Herrlichkeit sitzen.\u00a0<strong>32<\/strong>Alle V\u00f6lker werden vor ihm versammelt werden, und er wird die Menschen voneinander trennen, wie ein Hirte die Schafe von den B\u00f6cken trennt.,\u00a0<strong>33<\/strong>und er wird die Schafe zu seiner Rechten und die B\u00f6cke zu seiner Linken stellen.\u00a0<strong>34<\/strong>Dann wird der K\u00f6nig zu denen zu seiner Rechten sagen: Kommt her, ihr Gesegneten meines Vaters, ererbt das Reich, das euch seit der Erschaffung der Welt bestimmt ist!;\u00a0<strong>35<\/strong>Denn ich war hungrig, und ihr habt mir zu essen gegeben; ich war durstig, und ihr habt mir zu trinken gegeben; ich war fremd, und ihr habt mich aufgenommen;,\u00a0<strong>36<\/strong>Ich war nackt, und ihr habt mir Kleidung gegeben, ich war krank, und ihr habt mich gepflegt, ich war im Gef\u00e4ngnis, und ihr habt mich besucht.\u2019\u00a0<strong>37<\/strong>Dann werden die Gerechten ihm antworten: \u2018Herr, wann haben wir dich hungrig gesehen und dir zu essen gegeben oder durstig und dir zu trinken gegeben?\u00a0<strong>38<\/strong>Und wann haben wir dich als Fremden gesehen und aufgenommen oder nackt und dir Kleidung gegeben?\u00a0<strong>39<\/strong>Und wann haben wir dich krank oder im Gef\u00e4ngnis gesehen und dich besucht?\u2019\u00a0<strong>40<\/strong>Und der K\u00f6nig wird ihnen antworten: \u2018Wahrlich, ich sage euch: Was ihr f\u00fcr einen meiner geringsten Br\u00fcder getan habt, das habt ihr mir getan.\u2019\u00a0<strong>41<\/strong>Dann wird er zu denen zu seiner Linken sagen: \u2018Ihr Verfluchten, geht weg von mir in das ewige Feuer, das f\u00fcr den Teufel und seine Engel vorbereitet ist!;\u00a0<strong>42<\/strong>Denn ich war hungrig, und ihr habt mir nichts zu essen gegeben; ich war durstig, und ihr habt mir nichts zu trinken gegeben.,\u00a0<strong>43<\/strong>Ich war fremd und ihr habt mich nicht aufgenommen, nackt und ihr habt mir keine Kleidung gegeben, krank und im Gef\u00e4ngnis und ihr habt mich nicht besucht.\u2019\u00a0<strong>44<\/strong>Dann werden auch sie antworten: \u2018Herr, wann haben wir dich hungrig oder durstig oder als Fremden oder nackt oder krank oder im Gef\u00e4ngnis gesehen und haben dir nicht geholfen?\u2019\u00a0<strong>45<\/strong>Dann wird er ihnen antworten: \u2018Wahrlich, ich sage euch: Was ihr einem dieser Geringsten nicht getan habt, das habt ihr auch mir nicht getan.\u2019\u00a0<strong>46<\/strong>Und diese werden in die ewige Strafe gehen, die Gerechten aber in das ewige Leben.\u201d<\/p><p>Hinweis: Die Bibelzitate stammen aus der Neuen revidierten Standardausgabe der Bibel: Katholische Ausgabe.<\/p>\t\t\t\t\t\t\t\t<\/div>\n\t\t\t\t<\/div>\n\t\t\t\t<div class=\"elementor-element elementor-element-4e88015 elementor-widget-divider--view-line elementor-widget elementor-widget-divider\" data-id=\"4e88015\" data-element_type=\"widget\" data-e-type=\"widget\" data-widget_type=\"divider.default\">\n\t\t\t\t<div class=\"elementor-widget-container\">\n\t\t\t\t\t\t\t<div class=\"elementor-divider\">\n\t\t\t<span class=\"elementor-divider-separator\">\n\t\t\t\t\t\t<\/span>\n\t\t<\/div>\n\t\t\t\t\t\t<\/div>\n\t\t\t\t<\/div>\n\t\t\t\t<div class=\"elementor-element elementor-element-ea9a837 elementor-widget elementor-widget-heading\" data-id=\"ea9a837\" data-element_type=\"widget\" data-e-type=\"widget\" data-widget_type=\"heading.default\">\n\t\t\t\t<div class=\"elementor-widget-container\">\n\t\t\t\t\t<h2 class=\"elementor-heading-title elementor-size-default\">COP 30<\/h2>\t\t\t\t<\/div>\n\t\t\t\t<\/div>\n\t\t\t\t<div class=\"elementor-element elementor-element-dda050d elementor-widget elementor-widget-text-editor\" data-id=\"dda050d\" data-element_type=\"widget\" data-e-type=\"widget\" data-widget_type=\"text-editor.default\">\n\t\t\t\t<div class=\"elementor-widget-container\">\n\t\t\t\t\t\t\t\t\t<p><strong>Die globale Klimakonferenz COP 30 fand im vergangenen November in Brasilien statt. Wie so oft war das Ergebnis gemischt. Es gab positive Entwicklungen und verbale Unterst\u00fctzung f\u00fcr Ma\u00dfnahmen, aber bei weitem nicht genug echte Fortschritte. Die NGO Carmelite bietet uns eine gute Zusammenfassung mit Links zu weiterf\u00fchrender Literatur. Nachfolgend finden Sie einen Auszug aus ihrer Ausgabe vom 2. Dezember. <em>Eine Seite<\/em>.<\/strong><\/p><p>\u00a0<\/p><p><em>Zwei Mitglieder des Teams reisten nach Bel\u00e9m, Brasilien, um an der COP30, der UN-Klimakonferenz, teilzunehmen.<\/em><\/p><p><em>Control-Konferenz, abgehalten vom 10. bis 21. November 2025. Die Konferenz war die 30. Sitzung von<\/em><\/p><p><em>die Konferenz der Vertragsparteien (COP30), die 20. Tagung der Vertragsparteien des Kyoto-Protokolls<\/em><\/p><p><em>(CMP 20) und die 7. Tagung der Vertragsparteien des Pariser Abkommens (CMA 7). Das ist eine ganze Menge.<\/em><\/p><p><em>Meetings! Renato Rallo schrieb \u00fcber seine ersten Eindr\u00fccke \u2013 darunter auch seine \u00dcberzeugung, dass<\/em><\/p><p><em>Die Erwartungen vor der Versammlung waren gering. Interessanterweise waren die M\u00e4ngel, die die Delegierten<\/em><\/p><p><em>Die Erfahrungen vor Ort gaben ihnen die M\u00f6glichkeit, zu erleben, was Menschen, die in der<\/em><\/p><p><em>Erleben Sie die Region t\u00e4glich neu. Lesen Sie mehr von Renatos Gedanken dazu. <\/em><a href=\"https:\/\/ocarm.org\/en\/item\/6754-carmelite-ngo-has-active-presence-at-cop-30-in-brazil\"><em>hier<\/em><\/a><em>.<\/em><\/p><p><em>\u00a0<\/em><\/p><p><em>In einem Artikel, den er vor der Konferenz in Vida Nueva verfasste, schrieb der Vizepr\u00e4sident der NGO Carmelite NGO<\/em><\/p><p><em>Pr\u00e4sident Eduardo Agosto Scarel schlug eine integrale \u00d6kologie vor, wie sie von Papst Franziskus formuliert wurde.\u2019<\/em><\/p><p><em>Die Enzyklika Laudato Si\u2019 ersetzt das \u201ctechnologische Paradigma\u201d, das so oft dominiert.<\/em><\/p><p><em>Verhandlungen. Pater Eduardo schl\u00e4gt einen relationalen Ansatz vor, der soziale Gerechtigkeit mit<\/em><\/p><p><em>\u00f6kologische Nachhaltigkeit, internationale Solidarit\u00e4t mit historischer Verantwortung und<\/em><\/p><p><em>politische Dringlichkeit mit der Notwendigkeit einer tiefgreifenden pers\u00f6nlichen und gemeinschaftlichen Umkehr. Die vollst\u00e4ndige<\/em><\/p><p><em>Artikel ist verf\u00fcgbar <\/em><a href=\"https:\/\/ocarm.org\/en\/one-page\/2276-the-climate-summit-in-belem-brazil\/file\"><em>hier<\/em><\/a><em>.<\/em><\/p><p><em>\u00a0<\/em><\/p><p><em>Schlie\u00dflich fasst Eduardo die COP30-Konferenz zum Abschluss zusammen. Er beschreibt sie als hinterlassend<\/em><\/p><p><em>hinter einem \u201cbitters\u00fc\u00dfen Geschmack\u201d beschreibt er die positiven und die drohenden negativen Aspekte. Er gibt<\/em><\/p><p><em>Einige Ideen zu den Themen, die auf der Konferenz in Santa Marta in Kolumbien im kommenden April behandelt werden sollen \u2013<\/em><\/p><p><em>insbesondere die Blockade fossiler Brennstoffe. Der Artikel kann gelesen werden <\/em><a href=\"https:\/\/ocarm.org\/en\/item\/6765-belem-to-santa-marta-resetting-climate-multilateralism-on-cop30\"><em>hier<\/em><\/a><em>.<\/em><\/p><p>\u00a0<\/p><p><strong>HINWEIS:<\/strong> Wenn Sie nicht auf der E-Mail-Liste der NGO Carmelite stehen, dies aber gerne m\u00f6chten, senden Sie bitte eine entsprechende Nachricht an <a href=\"mailto:LSCoordinator@Carmelites.net\">LSCoordinator@Carmelites.net<\/a>.<\/p>\t\t\t\t\t\t\t\t<\/div>\n\t\t\t\t<\/div>\n\t\t\t\t<div class=\"elementor-element elementor-element-823c81a elementor-widget-divider--view-line elementor-widget elementor-widget-divider\" data-id=\"823c81a\" data-element_type=\"widget\" data-e-type=\"widget\" data-widget_type=\"divider.default\">\n\t\t\t\t<div class=\"elementor-widget-container\">\n\t\t\t\t\t\t\t<div class=\"elementor-divider\">\n\t\t\t<span class=\"elementor-divider-separator\">\n\t\t\t\t\t\t<\/span>\n\t\t<\/div>\n\t\t\t\t\t\t<\/div>\n\t\t\t\t<\/div>\n\t\t\t\t<div class=\"elementor-element elementor-element-e5f1827 elementor-widget elementor-widget-text-editor\" data-id=\"e5f1827\" data-element_type=\"widget\" data-e-type=\"widget\" data-widget_type=\"text-editor.default\">\n\t\t\t\t<div class=\"elementor-widget-container\">\n\t\t\t\t\t\t\t\t\t<p><strong>Antr\u00e4ge auf JPIC-Zusch\u00fcsse f\u00e4llig<\/strong><\/p><p>Zur Erinnerung: Die Antr\u00e4ge f\u00fcr Stipendien im Bereich Gerechtigkeit, Frieden und Bewahrung der Sch\u00f6pfung (JPIC) m\u00fcssen bis zum 31. Januar eingereicht werden.  Wenn Sie Mitglied der PCM O.Carm. sind und ein JPIC-Stipendium sponsern m\u00f6chten, suchen Sie in Ihrer E-Mail nach dem JPIC-Stipendienantrag, der den Link zum Online-Formular f\u00fcr den JPIC-Stipendienantrag enth\u00e4lt.\u00a0 \u00a0Beachten Sie, dass das Stipendienantragsformular die folgende Frage enth\u00e4lt: \u201cErl\u00e4utern Sie, inwiefern Ihr Projekt mit einem oder mehreren der Ziele von Laudato Si \u00fcbereinstimmt.\u201d  Eine Beschreibung der Ziele der Laudato Si-Aktionsplattform finden Sie unter\u00a0<a href=\"https:\/\/laudatosiactionplatform.org\/laudato-si-goals\/\">hier<\/a>.<\/p>\t\t\t\t\t\t\t\t<\/div>\n\t\t\t\t<\/div>\n\t\t<div data-particle_enable=\"false\" data-particle-mobile-disabled=\"false\" class=\"elementor-element elementor-element-01af610 e-con-full e-flex e-con e-child\" data-id=\"01af610\" data-element_type=\"container\" data-e-type=\"container\">\n\t\t\t\t<div class=\"elementor-element elementor-element-0026577 elementor-post-navigation-borders-yes elementor-widget elementor-widget-post-navigation\" data-id=\"0026577\" data-element_type=\"widget\" data-e-type=\"widget\" data-widget_type=\"post-navigation.default\">\n\t\t\t\t<div class=\"elementor-widget-container\">\n\t\t\t\t\t\t\t<div class=\"elementor-post-navigation\" role=\"navigation\" aria-label=\"Beitrag Navigation\">\n\t\t\t<div class=\"elementor-post-navigation__prev elementor-post-navigation__link\">\n\t\t\t\t<a href=\"https:\/\/carmelites.net\/de\/laudato-si\/newsletter-for-november-2025-no-11\/\" rel=\"prev\"><span class=\"post-navigation__arrow-wrapper post-navigation__arrow-prev\"><i aria-hidden=\"true\" class=\"fas fa-angle-left\"><\/i><span class=\"elementor-screen-only\">Zur\u00fcck<\/span><\/span><span class=\"elementor-post-navigation__link__prev\"><span class=\"post-navigation__prev--label\">Vorherige<\/span><span class=\"post-navigation__prev--title\">Newsletter f\u00fcr November 2025, Nr. 11<\/span><\/span><\/a>\t\t\t<\/div>\n\t\t\t\t\t\t\t<div class=\"elementor-post-navigation__separator-wrapper\">\n\t\t\t\t\t<div class=\"elementor-post-navigation__separator\"><\/div>\n\t\t\t\t<\/div>\n\t\t\t\t\t\t<div class=\"elementor-post-navigation__next elementor-post-navigation__link\">\n\t\t\t\t<a href=\"https:\/\/carmelites.net\/de\/laudato-si\/newsletter-for-february-2026-no-13\/\" rel=\"next\"><span class=\"elementor-post-navigation__link__next\"><span class=\"post-navigation__next--label\">Weiter<\/span><span class=\"post-navigation__next--title\">Newsletter f\u00fcr Februar 2026, Nr. 13<\/span><\/span><span class=\"post-navigation__arrow-wrapper post-navigation__arrow-next\"><i aria-hidden=\"true\" class=\"fas fa-angle-right\"><\/i><span class=\"elementor-screen-only\">N\u00e4chster<\/span><\/span><\/a>\t\t\t<\/div>\n\t\t<\/div>\n\t\t\t\t\t\t<\/div>\n\t\t\t\t<\/div>\n\t\t\t\t<\/div>\n\t\t\t\t<\/div>\n\t\t\t\t\t<\/div>\n\t\t\t\t<\/div>\n\t\t\t\t<\/div>","protected":false},"excerpt":{"rendered":"<p>Willkommen zur zw\u00f6lften Ausgabe des Laudato Si\u2019-Aktionsplan-Newsletters der Karmeliterprovinz PCM. Dieser elektronische Newsletter soll die Mitglieder und Partner dieser Provinz \u00fcber unser gemeinsames Engagement informieren, die Werte von Laudato Si\u2019 zu leben \u2013 auf die Schreie der Erde und die Schreie der Armen zu h\u00f6ren und darauf zu reagieren.<\/p>","protected":false},"author":14,"featured_media":22864,"comment_status":"closed","ping_status":"open","sticky":false,"template":"","format":"standard","meta":{"rs_blank_template":"","rs_page_bg_color":"","slide_template_v7":"","_analytify_skip_tracking":false,"footnotes":""},"categories":[82],"tags":[],"class_list":["post-22862","post","type-post","status-publish","format-standard","has-post-thumbnail","hentry","category-laudato-si"],"aioseo_notices":[],"_links":{"self":[{"href":"https:\/\/carmelites.net\/de\/wp-json\/wp\/v2\/posts\/22862","targetHints":{"allow":["GET"]}}],"collection":[{"href":"https:\/\/carmelites.net\/de\/wp-json\/wp\/v2\/posts"}],"about":[{"href":"https:\/\/carmelites.net\/de\/wp-json\/wp\/v2\/types\/post"}],"author":[{"embeddable":true,"href":"https:\/\/carmelites.net\/de\/wp-json\/wp\/v2\/users\/14"}],"replies":[{"embeddable":true,"href":"https:\/\/carmelites.net\/de\/wp-json\/wp\/v2\/comments?post=22862"}],"version-history":[{"count":10,"href":"https:\/\/carmelites.net\/de\/wp-json\/wp\/v2\/posts\/22862\/revisions"}],"predecessor-version":[{"id":22874,"href":"https:\/\/carmelites.net\/de\/wp-json\/wp\/v2\/posts\/22862\/revisions\/22874"}],"wp:featuredmedia":[{"embeddable":true,"href":"https:\/\/carmelites.net\/de\/wp-json\/wp\/v2\/media\/22864"}],"wp:attachment":[{"href":"https:\/\/carmelites.net\/de\/wp-json\/wp\/v2\/media?parent=22862"}],"wp:term":[{"taxonomy":"category","embeddable":true,"href":"https:\/\/carmelites.net\/de\/wp-json\/wp\/v2\/categories?post=22862"},{"taxonomy":"post_tag","embeddable":true,"href":"https:\/\/carmelites.net\/de\/wp-json\/wp\/v2\/tags?post=22862"}],"curies":[{"name":"wp","href":"https:\/\/api.w.org\/{rel}","templated":true}]}}