{"id":21455,"date":"2025-09-07T14:29:34","date_gmt":"2025-09-07T19:29:34","guid":{"rendered":"https:\/\/carmelites.net\/?p=21455"},"modified":"2025-09-12T11:15:57","modified_gmt":"2025-09-12T16:15:57","slug":"pilgrimage","status":"publish","type":"post","link":"https:\/\/carmelites.net\/de\/carmelite-review\/pilgrimage\/","title":{"rendered":"PILGRIMAGE"},"content":{"rendered":"<div data-elementor-type=\"wp-post\" data-elementor-id=\"21455\" class=\"elementor elementor-21455\" data-elementor-post-type=\"post\">\n\t\t\t\t<div data-particle_enable=\"false\" data-particle-mobile-disabled=\"false\" class=\"elementor-element elementor-element-e56aa22 e-flex e-con-boxed e-con e-parent\" data-id=\"e56aa22\" data-element_type=\"container\" data-e-type=\"container\">\n\t\t\t\t\t<div class=\"e-con-inner\">\n\t\t\t\t<div class=\"elementor-element elementor-element-bcefd57 elementor-widget__width-initial e-transform elementor-widget elementor-widget-video\" data-id=\"bcefd57\" data-element_type=\"widget\" data-e-type=\"widget\" data-settings=\"{&quot;video_type&quot;:&quot;hosted&quot;,&quot;_transform_scale_effect&quot;:{&quot;unit&quot;:&quot;px&quot;,&quot;size&quot;:0,&quot;sizes&quot;:[]},&quot;controls&quot;:&quot;yes&quot;,&quot;_transform_scale_effect_tablet&quot;:{&quot;unit&quot;:&quot;px&quot;,&quot;size&quot;:&quot;&quot;,&quot;sizes&quot;:[]},&quot;_transform_scale_effect_mobile&quot;:{&quot;unit&quot;:&quot;px&quot;,&quot;size&quot;:&quot;&quot;,&quot;sizes&quot;:[]}}\" data-widget_type=\"video.default\">\n\t\t\t\t<div class=\"elementor-widget-container\">\n\t\t\t\t\t\t\t<div class=\"e-hosted-video elementor-wrapper elementor-open-inline\">\n\t\t\t\t\t<video class=\"elementor-video\" src=\"https:\/\/carmelites.net\/wp-content\/uploads\/2025\/08\/2026-Pilgrimage-Vertical.mp4\" controls=\"\" preload=\"metadata\" controlslist=\"nodownload\"><\/video>\n\t\t\t\t<\/div>\n\t\t\t\t\t\t<\/div>\n\t\t\t\t<\/div>\n\t\t\t\t<div class=\"elementor-element elementor-element-4c1af97 elementor-widget elementor-widget-text-editor\" data-id=\"4c1af97\" data-element_type=\"widget\" data-e-type=\"widget\" data-widget_type=\"text-editor.default\">\n\t\t\t\t<div class=\"elementor-widget-container\">\n\t\t\t\t\t\t\t\t\t<h3><strong>Pilgerreise zum Karmel: Niederlande &amp; Deutschland, 18-28. Mai 2026<\/strong><\/h3><p>Das Karmelitische Institut von Nordamerika l\u00e4dt Sie herzlich zu einer ganz besonderen Pilgerreise durch die Niederlande und Deutschland vom 18. bis 28. Mai 2026 ein. Diese Reise wird von Pater Nepi Willemsen, O.Carm., einem deutsch-amerikanischen Karmeliterm\u00f6nch, der urspr\u00fcnglich aus dieser Region stammt, zusammen mit Lourdes Crabtree, Direktorin des Karmelitischen Instituts von Nordamerika, geleitet.<\/p><p><em><strong>Im Mittelpunkt dieser Pilgerreise stehen zwei au\u00dfergew\u00f6hnliche Glaubenszeugen:<br \/><\/strong><\/em>Die heilige Edith Stein (Teresa Benedicta vom Kreuz), Philosophin, Konvertitin, Karmeliterin und M\u00e4rtyrerin in Auschwitz.<br \/>Titus Brandsma, Journalist, Gelehrter und Karmeliterm\u00f6nch, der sich mutig der Unterdr\u00fcckung durch die Nazis widersetzte.<\/p><p><em><strong>Die Pilger werden die Orte besuchen, die ihr Leben gepr\u00e4gt haben:<br \/><\/strong><\/em>Amsterdam mit seinen Grachten und historischen Stra\u00dfen, um die Reise zu beginnen.<br \/>Friesland, dem Geburtsort von Titus Brandsma, einschlie\u00dflich einer Messe in einer seinem Andenken gewidmeten Gemeinde.<br \/>Echt, wo Edith Stein vor ihrer Verhaftung im Karmeliterkloster lebte.<br \/>Diese Besuche bieten eine lebendige Begegnung mit dem Mut, dem Leiden und dem Glauben zweier Heiliger, die den Geist des Karmel in der modernen Welt verk\u00f6rpern.<\/p><p><strong>Die Pilgerreise f\u00fchrt dann quer durch Deutschland durch heilige Landschaften und spirituelle Sch\u00f6nheit:<\/strong><br \/>Arnheim, K\u00f6ln, M\u00fcnchen und Dachau - Orte, die sowohl durch ihre Sch\u00f6nheit als auch durch den unverw\u00fcstlichen Glauben gepr\u00e4gt sind, der aus tiefem Leid erw\u00e4chst.<br \/>Die bayerischen Alpen mit ihren majest\u00e4tischen Gipfeln bieten nat\u00fcrliche Sch\u00f6nheit als Kulisse f\u00fcr Gebet und Besinnung.<br \/>Das m\u00e4rchenhafte Schloss Neuschwanstein und die Messe in der Wieskirchenkapelle.<br \/>Das Marienheiligtum in Alt\u00f6tting, Deutschlands beliebtester Wallfahrtsort, strahlt stille Anmut aus.<br \/>Auf dem Weg werden die Pilger die Messe feiern, gemeinsam beten und nachdenken, so dass der Rhythmus der karmelitanischen Spiritualit\u00e4t jeden Tag pr\u00e4gt.<\/p><p><em><strong>Diese Pilgerreise ist mehr als eine Reise... sie ist eine Einladung dazu:<br \/><\/strong><\/em>Vertiefen Sie Ihr Gebetsleben durch die karmelitische Tradition der Kontemplation.<br \/>Lassen Sie sich geistlich erneuern, w\u00e4hrend Sie das Erbe der Karmeliten-Heiligen begleiten.<br \/>Begegnen Sie der Sch\u00f6nheit und der Geschichte - von den Wasserwegen und dem Flachland der Niederlande bis zu den bayerischen Alpen.<br \/>Teilen Sie die Gemeinschaft mit anderen Pilgern unter der Leitung des Karmelitischen Instituts von Nordamerika.<\/p><p><strong>Mit den Worten von Pater Willemsen:<\/strong> <em>\"Dies wird eine Zeit der geistlichen Erneuerung, des Gebets und der tiefen Inspiration sein. Wir werden mit den Heiligen des Karmel gehen, die im Angesicht der Dunkelheit standhaft geblieben sind und jetzt mit uns im Glauben gehen.<\/em><\/p><p><em><strong>Kommen Sie 2026 zu uns und erleben Sie die Sch\u00f6nheit, Geschichte und Spiritualit\u00e4t des Karmel in Europa. Gehen Sie mit den Heiligen, lernen Sie die Tiefe des karmelitischen Gebets kennen und kehren Sie im Glauben und im Geist erneuert zur\u00fcck.<\/strong><\/em><\/p>\t\t\t\t\t\t\t\t<\/div>\n\t\t\t\t<\/div>\n\t\t\t\t<div class=\"elementor-element elementor-element-79d9d05 elementor-widget-divider--view-line elementor-widget elementor-widget-divider\" data-id=\"79d9d05\" data-element_type=\"widget\" data-e-type=\"widget\" data-widget_type=\"divider.default\">\n\t\t\t\t<div class=\"elementor-widget-container\">\n\t\t\t\t\t\t\t<div class=\"elementor-divider\">\n\t\t\t<span class=\"elementor-divider-separator\">\n\t\t\t\t\t\t<\/span>\n\t\t<\/div>\n\t\t\t\t\t\t<\/div>\n\t\t\t\t<\/div>\n\t\t\t\t<div class=\"elementor-element elementor-element-b810ccc elementor-widget elementor-widget-text-editor\" data-id=\"b810ccc\" data-element_type=\"widget\" data-e-type=\"widget\" data-widget_type=\"text-editor.default\">\n\t\t\t\t<div class=\"elementor-widget-container\">\n\t\t\t\t\t\t\t\t\t<p><strong>Weitere Informationen und die Anmeldung zur Pilgerreise finden Sie unter <a href=\"https:\/\/carmeliteinstitute.net\/pilgrimage-to-germany-netherlands\/\" target=\"_blank\" rel=\"noopener\">Das Karmelitische Institut von Nordamerika<\/a> Website, um das Informations- und Anmelde-PDF herunterzuladen.<\/strong><\/p>\t\t\t\t\t\t\t\t<\/div>\n\t\t\t\t<\/div>\n\t\t\t\t<div class=\"elementor-element elementor-element-ba1c26e elementor-widget-divider--view-line elementor-widget elementor-widget-divider\" data-id=\"ba1c26e\" data-element_type=\"widget\" data-e-type=\"widget\" data-widget_type=\"divider.default\">\n\t\t\t\t<div class=\"elementor-widget-container\">\n\t\t\t\t\t\t\t<div class=\"elementor-divider\">\n\t\t\t<span class=\"elementor-divider-separator\">\n\t\t\t\t\t\t<\/span>\n\t\t<\/div>\n\t\t\t\t\t\t<\/div>\n\t\t\t\t<\/div>\n\t\t\t\t<div class=\"elementor-element elementor-element-e62013b elementor-post-navigation-borders-yes elementor-widget elementor-widget-post-navigation\" data-id=\"e62013b\" data-element_type=\"widget\" data-e-type=\"widget\" data-widget_type=\"post-navigation.default\">\n\t\t\t\t<div class=\"elementor-widget-container\">\n\t\t\t\t\t\t\t<div class=\"elementor-post-navigation\" role=\"navigation\" aria-label=\"Beitrag Navigation\">\n\t\t\t<div class=\"elementor-post-navigation__prev elementor-post-navigation__link\">\n\t\t\t\t<a href=\"https:\/\/carmelites.net\/de\/carmelite-review\/book-review\/\" rel=\"prev\"><span class=\"post-navigation__arrow-wrapper post-navigation__arrow-prev\"><i aria-hidden=\"true\" class=\"fas fa-angle-left\"><\/i><span class=\"elementor-screen-only\">Zur\u00fcck<\/span><\/span><span class=\"elementor-post-navigation__link__prev\"><span class=\"post-navigation__prev--label\">Vorherige<\/span><span class=\"post-navigation__prev--title\">BUCHBEWERTUNG<\/span><\/span><\/a>\t\t\t<\/div>\n\t\t\t\t\t\t\t<div class=\"elementor-post-navigation__separator-wrapper\">\n\t\t\t\t\t<div class=\"elementor-post-navigation__separator\"><\/div>\n\t\t\t\t<\/div>\n\t\t\t\t\t\t<div class=\"elementor-post-navigation__next elementor-post-navigation__link\">\n\t\t\t\t<a href=\"https:\/\/carmelites.net\/de\/carmelite-review\/remembering-fr-john-jay-comerford-o-carm\/\" rel=\"next\"><span class=\"elementor-post-navigation__link__next\"><span class=\"post-navigation__next--label\">Weiter<\/span><span class=\"post-navigation__next--title\">In Erinnerung an Pater John \"Jay\" Comerford, O.Carm.<\/span><\/span><span class=\"post-navigation__arrow-wrapper post-navigation__arrow-next\"><i aria-hidden=\"true\" class=\"fas fa-angle-right\"><\/i><span class=\"elementor-screen-only\">N\u00e4chster<\/span><\/span><\/a>\t\t\t<\/div>\n\t\t<\/div>\n\t\t\t\t\t\t<\/div>\n\t\t\t\t<\/div>\n\t\t\t\t\t<\/div>\n\t\t\t\t<\/div>\n\t\t\t\t<\/div>","protected":false},"excerpt":{"rendered":"<p>Pilgerreise zum Karmel: Niederlande &amp; Deutschland, 18-28. Mai 2026<\/p>\n<p>Das Karmelitische Institut von Nordamerika l\u00e4dt Sie herzlich zu einer ganz besonderen Pilgerreise durch die Niederlande und Deutschland vom 18. bis 28. Mai 2026 ein. Diese Reise wird von Pater Nepi Willemsen, O.Carm., einem deutsch-amerikanischen Karmeliterm\u00f6nch, der urspr\u00fcnglich aus dieser Region stammt, zusammen mit Lourdes Crabtree, Direktorin des Karmelitischen Instituts von Nordamerika, geleitet.<\/p>","protected":false},"author":14,"featured_media":21460,"comment_status":"closed","ping_status":"open","sticky":false,"template":"","format":"standard","meta":{"rs_blank_template":"","rs_page_bg_color":"","slide_template_v7":"","_analytify_skip_tracking":false,"footnotes":""},"categories":[71],"tags":[],"class_list":["post-21455","post","type-post","status-publish","format-standard","has-post-thumbnail","hentry","category-carmelite-review"],"aioseo_notices":[],"_links":{"self":[{"href":"https:\/\/carmelites.net\/de\/wp-json\/wp\/v2\/posts\/21455","targetHints":{"allow":["GET"]}}],"collection":[{"href":"https:\/\/carmelites.net\/de\/wp-json\/wp\/v2\/posts"}],"about":[{"href":"https:\/\/carmelites.net\/de\/wp-json\/wp\/v2\/types\/post"}],"author":[{"embeddable":true,"href":"https:\/\/carmelites.net\/de\/wp-json\/wp\/v2\/users\/14"}],"replies":[{"embeddable":true,"href":"https:\/\/carmelites.net\/de\/wp-json\/wp\/v2\/comments?post=21455"}],"version-history":[{"count":10,"href":"https:\/\/carmelites.net\/de\/wp-json\/wp\/v2\/posts\/21455\/revisions"}],"predecessor-version":[{"id":21579,"href":"https:\/\/carmelites.net\/de\/wp-json\/wp\/v2\/posts\/21455\/revisions\/21579"}],"wp:featuredmedia":[{"embeddable":true,"href":"https:\/\/carmelites.net\/de\/wp-json\/wp\/v2\/media\/21460"}],"wp:attachment":[{"href":"https:\/\/carmelites.net\/de\/wp-json\/wp\/v2\/media?parent=21455"}],"wp:term":[{"taxonomy":"category","embeddable":true,"href":"https:\/\/carmelites.net\/de\/wp-json\/wp\/v2\/categories?post=21455"},{"taxonomy":"post_tag","embeddable":true,"href":"https:\/\/carmelites.net\/de\/wp-json\/wp\/v2\/tags?post=21455"}],"curies":[{"name":"wp","href":"https:\/\/api.w.org\/{rel}","templated":true}]}}