{"id":20317,"date":"2025-06-02T19:27:04","date_gmt":"2025-06-03T00:27:04","guid":{"rendered":"https:\/\/carmelites.net\/?p=20317"},"modified":"2025-06-03T10:37:55","modified_gmt":"2025-06-03T15:37:55","slug":"newsletter-for-july-2025-no-8","status":"publish","type":"post","link":"https:\/\/carmelites.net\/de\/laudato-si\/newsletter-for-july-2025-no-8\/","title":{"rendered":"Newsletter f\u00fcr Juli 2025, Nr. 8"},"content":{"rendered":"<div data-elementor-type=\"wp-post\" data-elementor-id=\"20317\" class=\"elementor elementor-20317\" data-elementor-post-type=\"post\">\n\t\t\t\t<div data-particle_enable=\"false\" data-particle-mobile-disabled=\"false\" class=\"elementor-element elementor-element-c1eb727 e-flex e-con-boxed e-con e-parent\" data-id=\"c1eb727\" data-element_type=\"container\" data-e-type=\"container\" data-settings=\"{&quot;background_background&quot;:&quot;classic&quot;}\">\n\t\t\t\t\t<div class=\"e-con-inner\">\n\t\t\t\t<div class=\"elementor-element elementor-element-f477680 elementor-widget elementor-widget-image\" data-id=\"f477680\" data-element_type=\"widget\" data-e-type=\"widget\" data-widget_type=\"image.default\">\n\t\t\t\t<div class=\"elementor-widget-container\">\n\t\t\t\t\t\t\t\t\t\t\t\t\t\t\t<img loading=\"lazy\" decoding=\"async\" width=\"800\" height=\"359\" src=\"https:\/\/carmelites.net\/wp-content\/uploads\/2025\/03\/English1200-1024x460.png\" class=\"attachment-large size-large wp-image-19783\" alt=\"\" srcset=\"https:\/\/carmelites.net\/wp-content\/uploads\/2025\/03\/English1200-1024x460.png 1024w, https:\/\/carmelites.net\/wp-content\/uploads\/2025\/03\/English1200-300x135.png 300w, https:\/\/carmelites.net\/wp-content\/uploads\/2025\/03\/English1200-768x345.png 768w, https:\/\/carmelites.net\/wp-content\/uploads\/2025\/03\/English1200-18x8.png 18w, https:\/\/carmelites.net\/wp-content\/uploads\/2025\/03\/English1200.png 1200w\" sizes=\"auto, (max-width: 800px) 100vw, 800px\" \/>\t\t\t\t\t\t\t\t\t\t\t\t\t\t\t<\/div>\n\t\t\t\t<\/div>\n\t\t\t\t<div class=\"elementor-element elementor-element-5861f7a elementor-widget elementor-widget-text-editor\" data-id=\"5861f7a\" data-element_type=\"widget\" data-e-type=\"widget\" data-widget_type=\"text-editor.default\">\n\t\t\t\t<div class=\"elementor-widget-container\">\n\t\t\t\t\t\t\t\t\t<h3 style=\"text-align: center;\"><strong>Laudato Si' Aktionsplan Newsletter f\u00fcr Juni 2025, Nr. 8<\/strong><\/h3>\t\t\t\t\t\t\t\t<\/div>\n\t\t\t\t<\/div>\n\t\t\t\t<div class=\"elementor-element elementor-element-6f236e8 elementor-widget-divider--view-line elementor-widget elementor-widget-divider\" data-id=\"6f236e8\" data-element_type=\"widget\" data-e-type=\"widget\" data-widget_type=\"divider.default\">\n\t\t\t\t<div class=\"elementor-widget-container\">\n\t\t\t\t\t\t\t<div class=\"elementor-divider\">\n\t\t\t<span class=\"elementor-divider-separator\">\n\t\t\t\t\t\t<\/span>\n\t\t<\/div>\n\t\t\t\t\t\t<\/div>\n\t\t\t\t<\/div>\n\t\t<div data-particle_enable=\"false\" data-particle-mobile-disabled=\"false\" class=\"elementor-element elementor-element-7c33243 e-grid e-con-full e-con e-child\" data-id=\"7c33243\" data-element_type=\"container\" data-e-type=\"container\">\n\t\t\t\t<div class=\"elementor-element elementor-element-58a1b4f elementor-widget elementor-widget-image\" data-id=\"58a1b4f\" data-element_type=\"widget\" data-e-type=\"widget\" data-widget_type=\"image.default\">\n\t\t\t\t<div class=\"elementor-widget-container\">\n\t\t\t\t\t\t\t\t\t\t\t\t\t\t\t<img loading=\"lazy\" decoding=\"async\" width=\"231\" height=\"300\" src=\"https:\/\/carmelites.net\/wp-content\/uploads\/2025\/06\/Picture1-231x300.png\" class=\"attachment-medium size-medium wp-image-20319\" alt=\"\" srcset=\"https:\/\/carmelites.net\/wp-content\/uploads\/2025\/06\/Picture1-231x300.png 231w, https:\/\/carmelites.net\/wp-content\/uploads\/2025\/06\/Picture1-9x12.png 9w, https:\/\/carmelites.net\/wp-content\/uploads\/2025\/06\/Picture1.png 323w\" sizes=\"auto, (max-width: 231px) 100vw, 231px\" \/>\t\t\t\t\t\t\t\t\t\t\t\t\t\t\t<\/div>\n\t\t\t\t<\/div>\n\t\t\t\t<div class=\"elementor-element elementor-element-c9143b8 elementor-widget elementor-widget-text-editor\" data-id=\"c9143b8\" data-element_type=\"widget\" data-e-type=\"widget\" data-widget_type=\"text-editor.default\">\n\t\t\t\t<div class=\"elementor-widget-container\">\n\t\t\t\t\t\t\t\t\t<h5><em><strong>Herzlich willkommen zur achten Ausgabe des Newsletters \"Laudato Si' Action Plan\" der Karmelitenprovinz PCM. Dieser elektronische Newsletter soll die Mitglieder und Partner dieser Provinz \u00fcber unsere gemeinsame Verpflichtung informieren, die Werte von Laudato Si' zu leben - den Schrei der Erde und den Schrei der Armen zu h\u00f6ren und darauf zu antworten.<\/strong> <\/em><\/h5>\t\t\t\t\t\t\t\t<\/div>\n\t\t\t\t<\/div>\n\t\t\t\t<\/div>\n\t\t\t\t<div class=\"elementor-element elementor-element-8b3feba elementor-widget-divider--view-line elementor-widget elementor-widget-divider\" data-id=\"8b3feba\" data-element_type=\"widget\" data-e-type=\"widget\" data-widget_type=\"divider.default\">\n\t\t\t\t<div class=\"elementor-widget-container\">\n\t\t\t\t\t\t\t<div class=\"elementor-divider\">\n\t\t\t<span class=\"elementor-divider-separator\">\n\t\t\t\t\t\t<\/span>\n\t\t<\/div>\n\t\t\t\t\t\t<\/div>\n\t\t\t\t<\/div>\n\t\t<div data-particle_enable=\"false\" data-particle-mobile-disabled=\"false\" class=\"elementor-element elementor-element-51ad449 e-grid e-con-boxed e-con e-child\" data-id=\"51ad449\" data-element_type=\"container\" data-e-type=\"container\">\n\t\t\t\t\t<div class=\"e-con-inner\">\n\t\t\t\t<div class=\"elementor-element elementor-element-48dded5 elementor-widget elementor-widget-text-editor\" data-id=\"48dded5\" data-element_type=\"widget\" data-e-type=\"widget\" data-widget_type=\"text-editor.default\">\n\t\t\t\t<div class=\"elementor-widget-container\">\n\t\t\t\t\t\t\t\t\t<p><strong><em>Ich bitte Sie, im Namen Gottes,<br \/>um Mutter Erde zu verteidigen.<br \/><\/em><\/strong><strong>- Papst Franziskus<\/strong><\/p>\t\t\t\t\t\t\t\t<\/div>\n\t\t\t\t<\/div>\n\t\t\t\t<div class=\"elementor-element elementor-element-8ef43b7 elementor-widget elementor-widget-text-editor\" data-id=\"8ef43b7\" data-element_type=\"widget\" data-e-type=\"widget\" data-widget_type=\"text-editor.default\">\n\t\t\t\t<div class=\"elementor-widget-container\">\n\t\t\t\t\t\t\t\t\t<p><strong>Wir trauern um unseren geliebten Papst Franziskus, den Verfasser der Enzyklika, <em>Laudato Si': \u00dcber die Sorge f\u00fcr unser gemeinsames Haus<\/em>.\u00a0 <\/strong><\/p>\t\t\t\t\t\t\t\t<\/div>\n\t\t\t\t<\/div>\n\t\t\t\t\t<\/div>\n\t\t\t\t<\/div>\n\t\t\t\t\t<\/div>\n\t\t\t\t<\/div>\n\t\t<div data-particle_enable=\"false\" data-particle-mobile-disabled=\"false\" class=\"elementor-element elementor-element-68f7745 e-flex e-con-boxed e-con e-parent\" data-id=\"68f7745\" data-element_type=\"container\" data-e-type=\"container\">\n\t\t\t\t\t<div class=\"e-con-inner\">\n\t\t<div data-particle_enable=\"false\" data-particle-mobile-disabled=\"false\" class=\"elementor-element elementor-element-03314b4 e-con-full e-flex e-con e-child\" data-id=\"03314b4\" data-element_type=\"container\" data-e-type=\"container\">\n\t\t\t\t<div class=\"elementor-element elementor-element-d9e66c1 elementor-widget-divider--view-line elementor-widget elementor-widget-divider\" data-id=\"d9e66c1\" data-element_type=\"widget\" data-e-type=\"widget\" data-widget_type=\"divider.default\">\n\t\t\t\t<div class=\"elementor-widget-container\">\n\t\t\t\t\t\t\t<div class=\"elementor-divider\">\n\t\t\t<span class=\"elementor-divider-separator\">\n\t\t\t\t\t\t<\/span>\n\t\t<\/div>\n\t\t\t\t\t\t<\/div>\n\t\t\t\t<\/div>\n\t\t\t\t<div class=\"elementor-element elementor-element-2839f66 elementor-widget elementor-widget-text-editor\" data-id=\"2839f66\" data-element_type=\"widget\" data-e-type=\"widget\" data-widget_type=\"text-editor.default\">\n\t\t\t\t<div class=\"elementor-widget-container\">\n\t\t\t\t\t\t\t\t\t<h5><strong>Unser neuer Aktionsplan Laudato Si'!<br \/><\/strong><strong>Eine Botschaft von Dennis Kalob, dem Koordinator des Aktionsplans Laudato Si'<\/strong><\/h5>\t\t\t\t\t\t\t\t<\/div>\n\t\t\t\t<\/div>\n\t\t\t\t<div class=\"elementor-element elementor-element-8ad1a9b elementor-widget elementor-widget-text-editor\" data-id=\"8ad1a9b\" data-element_type=\"widget\" data-e-type=\"widget\" data-widget_type=\"text-editor.default\">\n\t\t\t\t<div class=\"elementor-widget-container\">\n\t\t\t\t\t\t\t\t\t<p>Letzten Monat haben wir unseren neuen provinzweiten Aktionsplan Laudato Si' ver\u00f6ffentlicht (w\u00e4hrend der Laudato Si'-Woche und als die Welt den 10.<sup>th<\/sup> Jahrestag der Enzyklika).  Eine E-Mail wurde mit dieser Ank\u00fcndigung verschickt.  Falls Sie sie verpasst haben, lade ich Sie ein, unseren Plan zu lesen, der spezifische Berichte von 15 verschiedenen Diensten und Gemeinschaften der PCM-Provinz enth\u00e4lt.  Klicken Sie auf <a href=\"https:\/\/carmelites.net\/de\/uncategorized\/laudato-si-action-plan-may-2025\/\">hier<\/a> f\u00fcr den Bericht.  Das Dokument ist auf der Website unserer Provinz und auf der Aktionsplattform Laudato Si' (ein Projekt des vatikanischen Dikasteriums zur F\u00f6rderung der integralen menschlichen Entwicklung) hochgeladen.\u00a0<\/p><p>Das alles ist sehr beeindruckend - dieses Engagement, die Werte und die Vision von Laudato Si' zu leben.  Mein herzlicher Dank geht an alle, die ihre Pl\u00e4ne eingereicht haben!<\/p><p>Ich wei\u00df, dass es andere gibt, die die Frist nicht einhalten konnten, um in diesen Bericht aufgenommen zu werden.  Es gibt auch diejenigen, die ihre Pl\u00e4ne eingereicht haben, mir aber mitgeteilt haben, dass sie sie in den kommenden Wochen bearbeiten wollen.  Ich sage all diesen Leuten: Ja, Sie k\u00f6nnen Ihre Pl\u00e4ne immer noch einreichen oder sie jederzeit bearbeiten.  Dies ist ein lebendiges Dokument, und ich werde es regelm\u00e4\u00dfig aktualisieren, um neue Informationen aufzunehmen.  Derzeit plane ich, unseren Aktionsplan Mitte August zu aktualisieren, rechtzeitig zur Sch\u00f6pfungssaison (1. September bis 4. Oktober).<\/p><p>Bitte kontaktieren Sie mich, wenn Sie Fragen haben oder eine telefonische, virtuelle oder pers\u00f6nliche Beratung w\u00fcnschen.  Meine E-Mail lautet <a href=\"mailto:lscoordinator@carmelites.net\">lscoordinator@carmelites.net<\/a>.  Ich danke Ihnen!<\/p>\t\t\t\t\t\t\t\t<\/div>\n\t\t\t\t<\/div>\n\t\t\t\t<div class=\"elementor-element elementor-element-ffca333 elementor-widget-divider--view-line elementor-widget elementor-widget-divider\" data-id=\"ffca333\" data-element_type=\"widget\" data-e-type=\"widget\" data-widget_type=\"divider.default\">\n\t\t\t\t<div class=\"elementor-widget-container\">\n\t\t\t\t\t\t\t<div class=\"elementor-divider\">\n\t\t\t<span class=\"elementor-divider-separator\">\n\t\t\t\t\t\t<\/span>\n\t\t<\/div>\n\t\t\t\t\t\t<\/div>\n\t\t\t\t<\/div>\n\t\t\t\t<div class=\"elementor-element elementor-element-2aff1f4 elementor-widget elementor-widget-text-editor\" data-id=\"2aff1f4\" data-element_type=\"widget\" data-e-type=\"widget\" data-widget_type=\"text-editor.default\">\n\t\t\t\t<div class=\"elementor-widget-container\">\n\t\t\t\t\t\t\t\t\t<p><strong>Ich lade Sie ein, sich dieses sehr informative und inspirierende Webinar des Catholic Climate Covenant anzusehen:\u00a0<\/strong><\/p><p><strong><a href=\"https:\/\/catholicclimatecovenant.org\/resources\/laudato-si-at-10-a-time-to-celebrate-a-time-to-commit\/\">Laudato Si' um 10: Eine Zeit zum Feiern, eine Zeit zum Engagement<\/a>.<\/strong><\/p>\t\t\t\t\t\t\t\t<\/div>\n\t\t\t\t<\/div>\n\t\t\t\t<div class=\"elementor-element elementor-element-7ea28b2 elementor-widget-divider--view-line elementor-widget elementor-widget-divider\" data-id=\"7ea28b2\" data-element_type=\"widget\" data-e-type=\"widget\" data-widget_type=\"divider.default\">\n\t\t\t\t<div class=\"elementor-widget-container\">\n\t\t\t\t\t\t\t<div class=\"elementor-divider\">\n\t\t\t<span class=\"elementor-divider-separator\">\n\t\t\t\t\t\t<\/span>\n\t\t<\/div>\n\t\t\t\t\t\t<\/div>\n\t\t\t\t<\/div>\n\t\t\t\t<div class=\"elementor-element elementor-element-8b87ba6 elementor-widget elementor-widget-text-editor\" data-id=\"8b87ba6\" data-element_type=\"widget\" data-e-type=\"widget\" data-widget_type=\"text-editor.default\">\n\t\t\t\t<div class=\"elementor-widget-container\">\n\t\t\t\t\t\t\t\t\t<h3><strong>Erinnerung an Papst Franziskus<\/strong><strong>\u00a0<\/strong><\/h3>\t\t\t\t\t\t\t\t<\/div>\n\t\t\t\t<\/div>\n\t\t\t\t<div class=\"elementor-element elementor-element-7e2175f elementor-widget elementor-widget-text-editor\" data-id=\"7e2175f\" data-element_type=\"widget\" data-e-type=\"widget\" data-widget_type=\"text-editor.default\">\n\t\t\t\t<div class=\"elementor-widget-container\">\n\t\t\t\t\t\t\t\t\t<p>Das 12-j\u00e4hrige Pontifikat von Papst Franziskus war f\u00fcr die Kirche einschneidend und hat die Welt au\u00dfergew\u00f6hnlich beeinflusst.  Nat\u00fcrlich war da die tiefgr\u00fcndige und sch\u00f6ne Enzyklika, <em>Laudato Si': \u00dcber die Sorge f\u00fcr unser gemeinsames Haus<\/em>.  Au\u00dferdem gab es <em>Fratelli Tutti, Laudate Deum, <\/em>und <em>Evangelii Gaudium<\/em>neben anderen Dokumenten, die einen wichtigen Teil des Verm\u00e4chtnisses von Papst Franziskus bilden.  Er hatte viel \u00fcber den Zustand der Menschheit und der gesamten Sch\u00f6pfung zu sagen, sowie \u00fcber unsere Verantwortung zu handeln, um die Welt zu verbessern und dabei Gott zu dienen.<\/p><p>Franziskus hatte ein gro\u00dfes Herz, und das zeigte sich nicht nur in seinem leidenschaftlichen Einsatz f\u00fcr Gerechtigkeit und Frieden, sondern auch in der Art und Weise, wie er mit den Menschen im t\u00e4glichen Umgang umging.  Die Menschen bemerkten immer wieder seine Freundlichkeit, Sanftmut und sein Mitgef\u00fchl.  Er hatte immer ein offenes Ohr f\u00fcr die Bed\u00fcrfnisse der Menschen in seiner Umgebung und auch f\u00fcr die am anderen Ende der Welt.<\/p><p>W\u00e4hrend so viele die au\u00dfergew\u00f6hnlichen Gaben von Papst Franziskus zu sch\u00e4tzen wussten, ist es traurig, dass es diejenigen gab, die weder die Tiefe der G\u00fcte dieses Mannes noch die wahre Dringlichkeit seiner Botschaft erkennen konnten.<\/p><p>So bleibt es uns, die wir ihn auf dieser Erde zur\u00fcckgelassen haben, \u00fcberlassen, weiterzumachen und uns der Sache der sozialen und \u00f6kologischen Gerechtigkeit zu widmen.  Das ist die beste Art und Weise, wie wir Papst Franziskus ehren k\u00f6nnen.  Lasst diese Arbeit unser Gebet sein.<\/p><p><strong>Vom Prior General:<\/strong><\/p><p>Br\u00fcder und Schwestern in Carmel,<\/p><p>Die Welt trauert um Papst Franziskus, der am Morgen des Ostermontags von dieser Welt gegangen ist. Am Ostersonntag war er voll lebendig in Geist und Herz, in einem K\u00f6rper, der nicht mehr geben konnte. Es ist wie ein Todesfall in unserer Familie. Er war uns so nahe.<\/p><p>Seine Vision und seine Spiritualit\u00e4t waren sehr klar. Sie kamen aus dem Evangelium. Sie waren inspiriert von Maria und der Heiligkeit der Heiligen, der gro\u00dfen Heiligen und der Heiligen von nebenan. Das Heil, die Barmherzigkeit und der Friede sind in Jesus Christus und werden denen gegeben, die auf ihn schauen und in ihm die Wahrheit sehen, die uns frei machen kann. Wir alle sind Kinder des einen Vaters, wir sind uns gegenseitig Schwestern und Br\u00fcder. Das ist unsere gr\u00f6\u00dfte W\u00fcrde und alles, was wir \u00fcbereinander wissen m\u00fcssen, um eine Welt aufzubauen und in ihr zu leben, in der diese W\u00fcrde die Regel des Gesetzes ist und keine andere. Es gibt einen Schrei im menschlichen Herzen und in der geschaffenen Welt selbst, den die Nachfolger Christi, die Pastoren und die politischen F\u00fchrer h\u00f6ren m\u00fcssen. Es gibt einen Weg, andere Menschen zu behandeln, und das ist nicht der Weg der hinterh\u00e4ltigen Interessen oder der R\u00fcckgriff auf Waffen der Gewalt, sondern der Weg der Z\u00e4rtlichkeit und Barmherzigkeit f\u00fcr alle. Wenn wir erkennen, dass die Eucharistie nicht die Belohnung f\u00fcr die Heiligkeit ist, sondern die gr\u00f6\u00dfte Hilfe, die wir auf dem Weg zur Heiligkeit haben, erkennen wir das Herz des Dienstes von Papst Franziskus und die Art und Weise, wie er selbst jedes Mal feierte, wenn er am Altar stand.<\/p><p>Karmeliten in aller Welt, lasst uns Gott f\u00fcr das Leben, das Zeugnis und die Lehre von Papst Franziskus danken und f\u00fcr sein ewiges Gl\u00fcck beten, w\u00e4hrend wir unsere eigene Berufung sch\u00e4tzen, in die Fu\u00dfstapfen Jesu Christi zu treten und sein Evangelium zu verk\u00fcnden. Maria, Mutter des fleischgewordenen Wortes,\u00a0<em>salus populi,<\/em>\u00a0betet f\u00fcr uns in unserer Trauer und \u00f6ffnet unsere Herzen in Dankbarkeit f\u00fcr die Wunder der Barmherzigkeit Gottes, die sich uns im Leben von Papst Franziskus gezeigt hat. M\u00f6ge er in Frieden ruhen.<\/p><p>M\u00ed\u010be\u00e1l O'Neill<br \/>Prior Allgemein<br \/>24<sup>th<\/sup>\u00a0vom April 2025<\/p>\t\t\t\t\t\t\t\t<\/div>\n\t\t\t\t<\/div>\n\t\t\t\t<div class=\"elementor-element elementor-element-02251df elementor-widget-divider--view-line elementor-widget elementor-widget-divider\" data-id=\"02251df\" data-element_type=\"widget\" data-e-type=\"widget\" data-widget_type=\"divider.default\">\n\t\t\t\t<div class=\"elementor-widget-container\">\n\t\t\t\t\t\t\t<div class=\"elementor-divider\">\n\t\t\t<span class=\"elementor-divider-separator\">\n\t\t\t\t\t\t<\/span>\n\t\t<\/div>\n\t\t\t\t\t\t<\/div>\n\t\t\t\t<\/div>\n\t\t\t\t<div class=\"elementor-element elementor-element-2d6c593 elementor-widget elementor-widget-text-editor\" data-id=\"2d6c593\" data-element_type=\"widget\" data-e-type=\"widget\" data-widget_type=\"text-editor.default\">\n\t\t\t\t<div class=\"elementor-widget-container\">\n\t\t\t\t\t\t\t\t\t<p><strong>Hommage der Vereinten Nationen an Papst Franziskus:<\/strong> <br \/><a href=\"https:\/\/webtv.un.org\/en\/asset\/k1w\/k1w70mg947\">https:\/\/webtv.un.org\/en\/asset\/k1w\/k1w70mg947<\/a><\/p><p>Zu Ihrer Information: Die Pr\u00e4sentation des Generalsekret\u00e4rs beginnt etwa bei der F\u00fcnf-Minuten-Marke. Die Pr\u00e4sentation des Vertreters des Heiligen Stuhls beginnt um 29:25 Uhr. Das gesamte Programm dauert etwa eine Stunde.<\/p>\t\t\t\t\t\t\t\t<\/div>\n\t\t\t\t<\/div>\n\t\t\t\t<div class=\"elementor-element elementor-element-31076e9 elementor-widget-divider--view-line elementor-widget elementor-widget-divider\" data-id=\"31076e9\" data-element_type=\"widget\" data-e-type=\"widget\" data-widget_type=\"divider.default\">\n\t\t\t\t<div class=\"elementor-widget-container\">\n\t\t\t\t\t\t\t<div class=\"elementor-divider\">\n\t\t\t<span class=\"elementor-divider-separator\">\n\t\t\t\t\t\t<\/span>\n\t\t<\/div>\n\t\t\t\t\t\t<\/div>\n\t\t\t\t<\/div>\n\t\t\t\t<div class=\"elementor-element elementor-element-1db3618 elementor-widget elementor-widget-text-editor\" data-id=\"1db3618\" data-element_type=\"widget\" data-e-type=\"widget\" data-widget_type=\"text-editor.default\">\n\t\t\t\t<div class=\"elementor-widget-container\">\n\t\t\t\t\t\t\t\t\t<p><em>\"<\/em>Als geistliches Oberhaupt, das unsere Kirche 12 Jahre lang gef\u00fchrt hat, hat Papst Franziskus Jahrhunderte der katholischen Lehre mit neuem Leben erf\u00fcllt. Als der Mann, der mich und unsere Bewegung inspiriert hat, hat er uns mit seiner Herzlichkeit, Bescheidenheit und seinem Engagement f\u00fcr das Gemeinwohl einen neuen Weg gezeigt. Er weckte bei vielen ein Gef\u00fchl neuer Hoffnung und neuer Anf\u00e4nge, und so ist es passend, dass Papst Franziskus in der Osterzeit, in der wir die Erneuerung allen Lebens feiern, in die ewige Ruhe eingegangen ist. Wir beten um Dank f\u00fcr das Geschenk von Papst Franziskus und daf\u00fcr, dass wir an seinen kostbaren wenigen Augenblicken auf Erden teilhaben durften.\"<\/p><p><strong>Lorna Gold, Exekutivdirektorin der Laudato Si'-Bewegung<\/strong><\/p><p><strong>\"<\/strong>Als erster Papst aus dem globalen S\u00fcden brachte Papst Franziskus ein tiefes Gef\u00fchl der globalen Solidarit\u00e4t nach Rom. Als erster Papst, der nach dem heiligen Franz von Assisi benannt ist, unterstrich er, dass \"der Schrei der Erde und der Schrei der Armen\" ein gemeinsamer Schrei sind.  Wir trauern um den Papst der Peripherie, der die Laudato Si'-Bewegung inspiriert und geistig geleitet hat, und wir wollen uns darauf besinnen, 'Laudato Si' zu singen und unseren Sch\u00f6pfer noch inniger zu preisen.\"<\/p><p>\u2014<strong>Tom\u00e1s Insua, Gr\u00fcndungsgesch\u00e4ftsf\u00fchrer der Bewegung Laudato Si'<\/strong><\/p><p>\"Papst Franziskus hat uns daran erinnert, dass die Klimakrise nicht nur eine \u00f6kologische Notlage ist, sondern auch eine moralische Herausforderung. Er hat sich mehrfach zur Klima- und Naturkrise ge\u00e4u\u00dfert und seine Stimme f\u00fcr diejenigen erhoben, die am wenigsten verantwortlich und doch am meisten betroffen sind: die Armen, die Ausgegrenzten und die zuk\u00fcnftigen Generationen. Mit dem Mut seiner \u00dcberzeugung rief er uns auf, uns um unser gemeinsames Haus zu k\u00fcmmern und zu erkennen, dass das Schicksal der Erde und das Schicksal der Menschheit ein und dasselbe sind. Seine F\u00fchrung dr\u00e4ngte auf eine neue Art der Solidarit\u00e4t, die auf Mitgef\u00fchl, Gerechtigkeit und dem tiefen Verst\u00e4ndnis beruht, dass wir alle miteinander verbunden sind.\"<\/p><p>\u2014<strong>Mary Robinson, ehemalige Pr\u00e4sidentin von Irland (1990-1997) und Hochkommissarin der Vereinten Nationen f\u00fcr Menschenrechte (1997-2002)<br \/><br \/><\/strong><\/p><p><strong>Papst Franziskus zur Migration<\/strong><\/p><p><strong>Am 17. Februar 2016 besuchte Papst Franziskus die Grenze zwischen Mexiko und den USA und hielt eine Messe.  Hier sind Ausz\u00fcge aus seiner Predigt:<\/strong><\/p><p>\"Wir k\u00f6nnen die humanit\u00e4re Krise nicht leugnen, die in den letzten Jahren f\u00fcr Tausende von Menschen Migration bedeutet hat, sei es mit dem Zug, auf der Autobahn oder zu Fu\u00df, wobei sie Hunderte von Kilometern durch Berge, W\u00fcsten und unwirtliche Gebiete zur\u00fccklegen. Die menschliche Trag\u00f6die der erzwungenen Migration ist heute ein globales Ph\u00e4nomen. Diese Krise, die sich in Zahlen und Statistiken messen l\u00e4sst, wollen wir stattdessen mit Namen, Geschichten und Familien messen. Es sind die Br\u00fcder und Schwestern derjenigen, die durch Armut und Gewalt, durch Drogenhandel und kriminelle Organisationen vertrieben wurden. Angesichts der vielen Rechtsl\u00fccken verstricken sie sich in einem Netz, das die \u00c4rmsten einf\u00e4ngt und immer wieder zerst\u00f6rt. Sie leiden nicht nur unter Armut, sondern m\u00fcssen auch all diese Formen von Gewalt ertragen...<\/p><p>\"Bitten wir gemeinsam unseren Gott um die Gabe der Bekehrung, die Gabe der Tr\u00e4nen, bitten wir ihn, uns offene Herzen zu schenken wie den Niniviten, offen f\u00fcr seinen Ruf, der in den leidenden Gesichtern unz\u00e4hliger M\u00e4nner und Frauen zu h\u00f6ren ist. Nie wieder Tod! Schluss mit der Ausbeutung! Es ist immer Zeit, sich zu \u00e4ndern, es gibt immer einen Ausweg und immer eine Gelegenheit, es ist immer Zeit, die Barmherzigkeit Gottes zu erflehen...<\/p><p>\"Und nun m\u00f6chte ich von hier aus auch alle unsere geliebten Br\u00fcder und Schwestern gr\u00fc\u00dfen, die sich gleichzeitig von der anderen Seite der Grenze zu uns gesellen, vor allem diejenigen, die sich im Stadion der Universit\u00e4t von El Paso, bekannt als The Sun Bowl, unter der Leitung Ihres Bischofs, Monsignore Mark Seitz, versammelt haben. Dank der Technik k\u00f6nnen wir gemeinsam beten, singen und die barmherzige Liebe feiern, die Gott uns schenkt und an der uns keine Grenze hindern kann. Ich danke euch, Br\u00fcder und Schwestern von El Paso, dass ihr uns das Gef\u00fchl gebt, eine einzige Familie und eine einzige christliche Gemeinschaft zu sein.<\/p><p><em>Den vollst\u00e4ndigen Text der Predigt von Papst Franziskus finden Sie unter <\/em><a href=\"https:\/\/www.vatican.va\/content\/francesco\/en\/homilies\/2016\/documents\/papa-francesco_20160217_omelia-messico-ciudad-jaurez.html\"><em>hier<\/em><\/a><em>. <\/em><\/p><p><strong>Papst Franziskus \u00fcber Gaza<\/strong><\/p><p>Papst Franziskus sprach auch die ernste Lage in Gaza an.  Jeden Abend sprach er mit einer christlichen Gemeinde dort und dr\u00fcckte seine tiefe Besorgnis um ihr Wohlergehen und das Wohlergehen aller Bewohner aus. Er forderte auch eine Untersuchung der Vorw\u00fcrfe, dass Israel einen V\u00f6lkermord begehe.<\/p><p>Am 22. Dezember 2024 sagte Papst Franziskus: \"...mit Trauer denke ich an Gaza, an so viel Grausamkeit; an die Kinder, die mit Maschinengewehren beschossen werden, die Bombardierung von Schulen und Krankenh\u00e4usern... So viel Grausamkeit!\"<\/p><p>Es wurde berichtet, dass eine der letzten Handlungen von Papst Franziskus darin bestand, der Caritas Jerusalem das Papamobil von seinem Besuch im Heiligen Land 2014 zu spenden. Er bat darum, es in eine mobile Klinik umzuwandeln, um Kindern in Gaza medizinische Versorgung zu bieten.<\/p>\t\t\t\t\t\t\t\t<\/div>\n\t\t\t\t<\/div>\n\t\t\t\t<div class=\"elementor-element elementor-element-7cddd45 elementor-widget-divider--view-line elementor-widget elementor-widget-divider\" data-id=\"7cddd45\" data-element_type=\"widget\" data-e-type=\"widget\" data-widget_type=\"divider.default\">\n\t\t\t\t<div class=\"elementor-widget-container\">\n\t\t\t\t\t\t\t<div class=\"elementor-divider\">\n\t\t\t<span class=\"elementor-divider-separator\">\n\t\t\t\t\t\t<\/span>\n\t\t<\/div>\n\t\t\t\t\t\t<\/div>\n\t\t\t\t<\/div>\n\t\t\t\t<div class=\"elementor-element elementor-element-9047d8e elementor-widget elementor-widget-text-editor\" data-id=\"9047d8e\" data-element_type=\"widget\" data-e-type=\"widget\" data-widget_type=\"text-editor.default\">\n\t\t\t\t<div class=\"elementor-widget-container\">\n\t\t\t\t\t\t\t\t\t<p><em>Sie sind aufgerufen, nicht nur als verantwortungsbewusste B\u00fcrger, sondern auch als Nachfolger Christi f\u00fcr die Sch\u00f6pfung zu sorgen! Respekt f\u00fcr die Umwelt bedeutet mehr als nur die Verwendung sauberer Produkte oder die Wiederverwertung der von uns verwendeten Materialien. Das sind wichtige Aspekte, aber sie reichen nicht aus. Wir m\u00fcssen mit den Augen des Glaubens die Sch\u00f6nheit von Gottes Heilsplan sehen, die Verbindung zwischen der nat\u00fcrlichen Umwelt und der W\u00fcrde der menschlichen Person.<\/em><\/p><p><strong>-Papst Franziskus bei einem Treffen mit jungen Menschen an der Universit\u00e4t Santo Tom\u00e1s, Manila, 18. Januar 2015<\/strong><\/p>\t\t\t\t\t\t\t\t<\/div>\n\t\t\t\t<\/div>\n\t\t\t\t<div class=\"elementor-element elementor-element-a7efb92 elementor-widget-divider--view-line elementor-widget elementor-widget-divider\" data-id=\"a7efb92\" data-element_type=\"widget\" data-e-type=\"widget\" data-widget_type=\"divider.default\">\n\t\t\t\t<div class=\"elementor-widget-container\">\n\t\t\t\t\t\t\t<div class=\"elementor-divider\">\n\t\t\t<span class=\"elementor-divider-separator\">\n\t\t\t\t\t\t<\/span>\n\t\t<\/div>\n\t\t\t\t\t\t<\/div>\n\t\t\t\t<\/div>\n\t\t\t\t<div class=\"elementor-element elementor-element-36bfabf elementor-widget elementor-widget-text-editor\" data-id=\"36bfabf\" data-element_type=\"widget\" data-e-type=\"widget\" data-widget_type=\"text-editor.default\">\n\t\t\t\t<div class=\"elementor-widget-container\">\n\t\t\t\t\t\t\t\t\t<p><strong>Das letzte Wort hat unser neuer Papst, Leo XIV. (25. Mai 2025):<\/strong><\/p><p><em>\"Vor zehn Jahren,\u00a0<\/em><a href=\"https:\/\/app.getresponse.com\/click.html?x=a62b&amp;co=QtzQEO&amp;lc=zEP0tO&amp;mc=It&amp;s=BWm5etj&amp;u=Qsqav&amp;z=EF89FGl&amp;\"><em>Papst Franziskus<\/em><\/a><em>\u00a0unterzeichnete die Enzyklika\u00a0<\/em><em><a href=\"https:\/\/app.getresponse.com\/click.html?x=a62b&amp;co=QtzQEO&amp;lc=zEP0C4&amp;mc=It&amp;s=BWm5etj&amp;u=Qsqav&amp;z=E9KRIFj&amp;\">Laudato Si'<\/a>die der Sorge um unser gemeinsames Haus gewidmet ist. Es hat eine au\u00dferordentliche Wirkung gehabt, indem es zahllose Initiativen inspiriert und alle gelehrt hat, auf den doppelten Schrei der Erde und der Armen zu h\u00f6ren. Ich gr\u00fc\u00dfe und ermutige die Laudato Si'-Bewegung und alle, die dieses Engagement fortsetzen\".<\/em><\/p>\t\t\t\t\t\t\t\t<\/div>\n\t\t\t\t<\/div>\n\t\t\t\t<div class=\"elementor-element elementor-element-51489e8 elementor-widget elementor-widget-image\" data-id=\"51489e8\" data-element_type=\"widget\" data-e-type=\"widget\" data-widget_type=\"image.default\">\n\t\t\t\t<div class=\"elementor-widget-container\">\n\t\t\t\t\t\t\t\t\t\t\t\t\t\t\t<img loading=\"lazy\" decoding=\"async\" width=\"300\" height=\"199\" src=\"https:\/\/carmelites.net\/wp-content\/uploads\/2025\/06\/image-300x199.png\" class=\"attachment-medium size-medium wp-image-20320\" alt=\"\" srcset=\"https:\/\/carmelites.net\/wp-content\/uploads\/2025\/06\/image-300x199.png 300w, https:\/\/carmelites.net\/wp-content\/uploads\/2025\/06\/image-1024x681.png 1024w, https:\/\/carmelites.net\/wp-content\/uploads\/2025\/06\/image-768x510.png 768w, https:\/\/carmelites.net\/wp-content\/uploads\/2025\/06\/image-1536x1021.png 1536w, https:\/\/carmelites.net\/wp-content\/uploads\/2025\/06\/image-18x12.png 18w, https:\/\/carmelites.net\/wp-content\/uploads\/2025\/06\/image.png 1923w\" sizes=\"auto, (max-width: 300px) 100vw, 300px\" \/>\t\t\t\t\t\t\t\t\t\t\t\t\t\t\t<\/div>\n\t\t\t\t<\/div>\n\t\t<div data-particle_enable=\"false\" data-particle-mobile-disabled=\"false\" class=\"elementor-element elementor-element-01af610 e-con-full e-flex e-con e-child\" data-id=\"01af610\" data-element_type=\"container\" data-e-type=\"container\">\n\t\t\t\t<div class=\"elementor-element elementor-element-0026577 elementor-post-navigation-borders-yes elementor-widget elementor-widget-post-navigation\" data-id=\"0026577\" data-element_type=\"widget\" data-e-type=\"widget\" data-widget_type=\"post-navigation.default\">\n\t\t\t\t<div class=\"elementor-widget-container\">\n\t\t\t\t\t\t\t<div class=\"elementor-post-navigation\" role=\"navigation\" aria-label=\"Beitrag Navigation\">\n\t\t\t<div class=\"elementor-post-navigation__prev elementor-post-navigation__link\">\n\t\t\t\t<a href=\"https:\/\/carmelites.net\/de\/laudato-si\/newsletter-for-april-2025-no-7\/\" rel=\"prev\"><span class=\"post-navigation__arrow-wrapper post-navigation__arrow-prev\"><i aria-hidden=\"true\" class=\"fas fa-angle-left\"><\/i><span class=\"elementor-screen-only\">Zur\u00fcck<\/span><\/span><span class=\"elementor-post-navigation__link__prev\"><span class=\"post-navigation__prev--label\">Vorherige<\/span><span class=\"post-navigation__prev--title\">Newsletter f\u00fcr April 2025, Nr. 7<\/span><\/span><\/a>\t\t\t<\/div>\n\t\t\t\t\t\t\t<div class=\"elementor-post-navigation__separator-wrapper\">\n\t\t\t\t\t<div class=\"elementor-post-navigation__separator\"><\/div>\n\t\t\t\t<\/div>\n\t\t\t\t\t\t<div class=\"elementor-post-navigation__next elementor-post-navigation__link\">\n\t\t\t\t<a href=\"https:\/\/carmelites.net\/de\/laudato-si\/newsletter-for-august-2025-no-9\/\" rel=\"next\"><span class=\"elementor-post-navigation__link__next\"><span class=\"post-navigation__next--label\">Weiter<\/span><span class=\"post-navigation__next--title\">Newsletter f\u00fcr August 2025, Nr. 9<\/span><\/span><span class=\"post-navigation__arrow-wrapper post-navigation__arrow-next\"><i aria-hidden=\"true\" class=\"fas fa-angle-right\"><\/i><span class=\"elementor-screen-only\">N\u00e4chster<\/span><\/span><\/a>\t\t\t<\/div>\n\t\t<\/div>\n\t\t\t\t\t\t<\/div>\n\t\t\t\t<\/div>\n\t\t\t\t<\/div>\n\t\t\t\t<\/div>\n\t\t\t\t\t<\/div>\n\t\t\t\t<\/div>\n\t\t\t\t<\/div>","protected":false},"excerpt":{"rendered":"<p>Herzlich willkommen zur achten Ausgabe des Newsletters \"Laudato Si' Action Plan\" der Karmelitenprovinz PCM. Dieser elektronische Newsletter soll die Mitglieder und Partner dieser Provinz \u00fcber unsere gemeinsame Verpflichtung informieren, die Werte von Laudato Si' zu leben - den Schrei der Erde und den Schrei der Armen zu h\u00f6ren und darauf zu antworten.<\/p>","protected":false},"author":14,"featured_media":20319,"comment_status":"closed","ping_status":"open","sticky":false,"template":"","format":"standard","meta":{"rs_blank_template":"","rs_page_bg_color":"","slide_template_v7":"","_analytify_skip_tracking":false,"footnotes":""},"categories":[82],"tags":[],"class_list":["post-20317","post","type-post","status-publish","format-standard","has-post-thumbnail","hentry","category-laudato-si"],"aioseo_notices":[],"_links":{"self":[{"href":"https:\/\/carmelites.net\/de\/wp-json\/wp\/v2\/posts\/20317","targetHints":{"allow":["GET"]}}],"collection":[{"href":"https:\/\/carmelites.net\/de\/wp-json\/wp\/v2\/posts"}],"about":[{"href":"https:\/\/carmelites.net\/de\/wp-json\/wp\/v2\/types\/post"}],"author":[{"embeddable":true,"href":"https:\/\/carmelites.net\/de\/wp-json\/wp\/v2\/users\/14"}],"replies":[{"embeddable":true,"href":"https:\/\/carmelites.net\/de\/wp-json\/wp\/v2\/comments?post=20317"}],"version-history":[{"count":7,"href":"https:\/\/carmelites.net\/de\/wp-json\/wp\/v2\/posts\/20317\/revisions"}],"predecessor-version":[{"id":20326,"href":"https:\/\/carmelites.net\/de\/wp-json\/wp\/v2\/posts\/20317\/revisions\/20326"}],"wp:featuredmedia":[{"embeddable":true,"href":"https:\/\/carmelites.net\/de\/wp-json\/wp\/v2\/media\/20319"}],"wp:attachment":[{"href":"https:\/\/carmelites.net\/de\/wp-json\/wp\/v2\/media?parent=20317"}],"wp:term":[{"taxonomy":"category","embeddable":true,"href":"https:\/\/carmelites.net\/de\/wp-json\/wp\/v2\/categories?post=20317"},{"taxonomy":"post_tag","embeddable":true,"href":"https:\/\/carmelites.net\/de\/wp-json\/wp\/v2\/tags?post=20317"}],"curies":[{"name":"wp","href":"https:\/\/api.w.org\/{rel}","templated":true}]}}